{"id":136770,"date":"2022-11-28T07:18:25","date_gmt":"2022-11-28T12:18:25","guid":{"rendered":"https:\/\/news.canadamotorjobs.com\/est-ce-que-les-voitures-electriques-vont-mettre-fin-a-la-bande-am\/"},"modified":"2022-11-28T07:29:12","modified_gmt":"2022-11-28T12:29:12","slug":"est-ce-que-les-voitures-electriques-vont-mettre-fin-a-la-bande-am","status":"publish","type":"post","link":"https:\/\/news.canadamotorjobs.com\/fr\/est-ce-que-les-voitures-electriques-vont-mettre-fin-a-la-bande-am\/","title":{"rendered":"Est-ce que les voitures \u00e9lectriques vont mettre fin \u00e0 la bande AM ?"},"content":{"rendered":"<\/p>\n<p>Vous l\u2019avez sans doute remarquez, certains constructeurs automobiles avec les plus r\u00e9cents syst\u00e8mes d\u2019infodivertisssement ont fait main basse sur la bande AM. La bande AM en particulier est sujette \u00e0 des interf\u00e9rences \u00e9lectriques, ce qui est l&#8217;une des raisons pour lesquelles la voiture \u00e9lectrique BMW i3 a refus\u00e9 de l&#8217;inclure en 2014. Tesla a manifestement abandonn\u00e9 la bande AM terrestre dans la Model S vers 2018, et elle n&#8217;est pas disponible sur les Tesla. Le Mercedes-Benz EQS EV ne dispose pas de la diffusion AM r\u00e9guli\u00e8re, et Volvo et Audi ont produit des V\u00c9 sans AM. Le probl\u00e8me des interf\u00e9rences pourrait s&#8217;aggraver \u00e0 mesure que les V\u00c9 sont \u00e9quip\u00e9s de moteurs \u00e9lectriques plus puissants.<br \/> D\u2019autres songent \u00e0 l\u2019abandonner aussi<br \/> Des mod\u00e8les comme le Ford F-150 Lightning, l&#8217;ont incluse, mais ne l&#8217;incluront bient\u00f4t plus. J\u2019ai commenc\u00e9 ma carri\u00e8re \u00e0 la radio \u00e0 la bande AM en 1986 chez CFLV \u00e0 Valleyfield. J\u2019ai eu ma premi\u00e8re \u00e9mission radio \u00e0 Montr\u00e9al \u00e0 CKAC 730, la radio la plus \u00e9cout\u00e9e au Canada. La radio AM diffusait les matchs de hockey du Canadien du Montr\u00e9al, des expos, des alouettes. C\u2019\u00e9tait la radio du divertissement des 100 derni\u00e8res ann\u00e9es. La radio AM a aussi une plus longue port\u00e9e que la radio FM, mais une moins bonne qualit\u00e9 sonore.<br \/> Les constructeurs envisagent de se d\u00e9barrasser de la radio<br \/> Avec la venue des plateformes d\u2019\u00e9coute en tout genre et des balados, bien des gens avaient annonc\u00e9 la disparition de la radio. Pourtant, aujourd\u2019hui, 86\u00a0% des personnes interrog\u00e9es dans<\/p>\n","protected":false},"excerpt":{"rendered":"<p>Vous l\u2019avez sans doute remarquez, certains constructeurs automobiles avec les plus r\u00e9cents syst\u00e8mes d\u2019infodivertisssement ont fait main basse sur la bande AM. La bande AM en particulier est sujette \u00e0 des interf\u00e9rences \u00e9lectriques, ce qui est l&#8217;une des raisons pour lesquelles la voiture \u00e9lectrique BMW i3 a refus\u00e9 de l&#8217;inclure en 2014. Tesla a manifestement [&hellip;]<\/p>\n","protected":false},"author":8,"featured_media":136774,"comment_status":"close","ping_status":"closed","sticky":false,"template":"","format":"standard","meta":{"_monsterinsights_skip_tracking":false,"_monsterinsights_sitenote_active":false,"_monsterinsights_sitenote_note":"","_monsterinsights_sitenote_category":0,"footnotes":""},"categories":[101],"tags":[],"yoast_head":"<!-- This site is optimized with the Yoast SEO plugin v23.2 - https:\/\/yoast.com\/wordpress\/plugins\/seo\/ -->\n<title>Est-ce que les voitures \u00e9lectriques vont mettre fin \u00e0 la bande AM ? - CanadaMotorJobs.com<\/title>\n<meta name=\"description\" content=\"Est-ce que les voitures \u00e9lectriques vont mettre fin \u00e0 la bande AM ? - Benoit Charette - Annuel automobile - CanadaMotorJobs.com.\" \/>\n<meta name=\"robots\" content=\"index, follow, max-snippet:-1, max-image-preview:large, max-video-preview:-1\" \/>\n<meta property=\"og:locale\" content=\"fr_CA\" \/>\n<meta property=\"og:type\" content=\"article\" \/>\n<meta property=\"og:title\" content=\"Est-ce que les voitures \u00e9lectriques vont mettre fin \u00e0 la bande AM ? - CanadaMotorJobs.com\" \/>\n<meta property=\"og:description\" content=\"Est-ce que les voitures \u00e9lectriques vont mettre fin \u00e0 la bande AM ? - Benoit Charette - Annuel automobile - CanadaMotorJobs.com.\" \/>\n<meta property=\"og:url\" content=\"https:\/\/news.canadamotorjobs.com\/fr\/est-ce-que-les-voitures-electriques-vont-mettre-fin-a-la-bande-am\/\" \/>\n<meta property=\"og:site_name\" content=\"CanadaMotorJobs.com\" \/>\n<meta property=\"article:publisher\" content=\"https:\/\/www.facebook.com\/canadamotorjobs\/\" \/>\n<meta property=\"article:published_time\" content=\"2022-11-28T12:18:25+00:00\" \/>\n<meta property=\"article:modified_time\" content=\"2022-11-28T12:29:12+00:00\" \/>\n<meta property=\"og:image\" content=\"https:\/\/news.canadamotorjobs.com\/wp-content\/uploads\/2022\/11\/iStock-1141421301-1.jpg\" \/>\n\t<meta property=\"og:image:width\" content=\"1254\" \/>\n\t<meta property=\"og:image:height\" content=\"836\" \/>\n\t<meta property=\"og:image:type\" content=\"image\/jpeg\" \/>\n<meta name=\"author\" content=\"Benoit Charette\" \/>\n<meta name=\"twitter:card\" content=\"summary_large_image\" \/>\n<meta name=\"twitter:creator\" content=\"@canadamotorjobs\" \/>\n<meta name=\"twitter:site\" content=\"@canadamotorjobs\" \/>\n<meta name=\"twitter:label1\" content=\"\u00c9crit par\" \/>\n\t<meta name=\"twitter:data1\" content=\"Benoit Charette\" \/>\n\t<meta name=\"twitter:label2\" content=\"Estimation du temps de lecture\" \/>\n\t<meta name=\"twitter:data2\" content=\"1 minute\" \/>\n<!-- \/ Yoast SEO plugin. -->","yoast_head_json":{"title":"Est-ce que les voitures \u00e9lectriques vont mettre fin \u00e0 la bande AM ? - CanadaMotorJobs.com","description":"Est-ce que les voitures \u00e9lectriques vont mettre fin \u00e0 la bande AM ? - Benoit Charette - Annuel automobile - CanadaMotorJobs.com.","robots":{"index":"index","follow":"follow","max-snippet":"max-snippet:-1","max-image-preview":"max-image-preview:large","max-video-preview":"max-video-preview:-1"},"og_locale":"fr_CA","og_type":"article","og_title":"Est-ce que les voitures \u00e9lectriques vont mettre fin \u00e0 la bande AM ? - CanadaMotorJobs.com","og_description":"Est-ce que les voitures \u00e9lectriques vont mettre fin \u00e0 la bande AM ? - Benoit Charette - Annuel automobile - CanadaMotorJobs.com.","og_url":"https:\/\/news.canadamotorjobs.com\/fr\/est-ce-que-les-voitures-electriques-vont-mettre-fin-a-la-bande-am\/","og_site_name":"CanadaMotorJobs.com","article_publisher":"https:\/\/www.facebook.com\/canadamotorjobs\/","article_published_time":"2022-11-28T12:18:25+00:00","article_modified_time":"2022-11-28T12:29:12+00:00","og_image":[{"width":1254,"height":836,"url":"https:\/\/news.canadamotorjobs.com\/wp-content\/uploads\/2022\/11\/iStock-1141421301-1.jpg","type":"image\/jpeg"}],"author":"Benoit Charette","twitter_card":"summary_large_image","twitter_creator":"@canadamotorjobs","twitter_site":"@canadamotorjobs","twitter_misc":{"\u00c9crit par":"Benoit Charette","Estimation du temps de lecture":"1 minute"},"schema":{"@context":"https:\/\/schema.org","@graph":[{"@type":"Article","@id":"https:\/\/news.canadamotorjobs.com\/fr\/est-ce-que-les-voitures-electriques-vont-mettre-fin-a-la-bande-am\/#article","isPartOf":{"@id":"https:\/\/news.canadamotorjobs.com\/fr\/est-ce-que-les-voitures-electriques-vont-mettre-fin-a-la-bande-am\/"},"author":{"name":"Benoit Charette","@id":"https:\/\/news.canadamotorjobs.com\/#\/schema\/person\/51793d1f87d44011d7bcc2ed99269a90"},"headline":"Est-ce que les voitures \u00e9lectriques vont mettre fin \u00e0 la bande AM ?","datePublished":"2022-11-28T12:18:25+00:00","dateModified":"2022-11-28T12:29:12+00:00","mainEntityOfPage":{"@id":"https:\/\/news.canadamotorjobs.com\/fr\/est-ce-que-les-voitures-electriques-vont-mettre-fin-a-la-bande-am\/"},"wordCount":282,"publisher":{"@id":"https:\/\/news.canadamotorjobs.com\/#organization"},"image":{"@id":"https:\/\/news.canadamotorjobs.com\/fr\/est-ce-que-les-voitures-electriques-vont-mettre-fin-a-la-bande-am\/#primaryimage"},"thumbnailUrl":"https:\/\/news.canadamotorjobs.com\/wp-content\/uploads\/2022\/11\/iStock-1141421301-1.jpg","articleSection":["Annuel automobile"],"inLanguage":"fr-CA"},{"@type":"WebPage","@id":"https:\/\/news.canadamotorjobs.com\/fr\/est-ce-que-les-voitures-electriques-vont-mettre-fin-a-la-bande-am\/","url":"https:\/\/news.canadamotorjobs.com\/fr\/est-ce-que-les-voitures-electriques-vont-mettre-fin-a-la-bande-am\/","name":"Est-ce que les voitures \u00e9lectriques vont mettre fin \u00e0 la bande AM ? - CanadaMotorJobs.com","isPartOf":{"@id":"https:\/\/news.canadamotorjobs.com\/#website"},"primaryImageOfPage":{"@id":"https:\/\/news.canadamotorjobs.com\/fr\/est-ce-que-les-voitures-electriques-vont-mettre-fin-a-la-bande-am\/#primaryimage"},"image":{"@id":"https:\/\/news.canadamotorjobs.com\/fr\/est-ce-que-les-voitures-electriques-vont-mettre-fin-a-la-bande-am\/#primaryimage"},"thumbnailUrl":"https:\/\/news.canadamotorjobs.com\/wp-content\/uploads\/2022\/11\/iStock-1141421301-1.jpg","datePublished":"2022-11-28T12:18:25+00:00","dateModified":"2022-11-28T12:29:12+00:00","description":"Est-ce que les voitures \u00e9lectriques vont mettre fin \u00e0 la bande AM ? - Benoit Charette - Annuel automobile - CanadaMotorJobs.com.","breadcrumb":{"@id":"https:\/\/news.canadamotorjobs.com\/fr\/est-ce-que-les-voitures-electriques-vont-mettre-fin-a-la-bande-am\/#breadcrumb"},"inLanguage":"fr-CA","potentialAction":[{"@type":"ReadAction","target":["https:\/\/news.canadamotorjobs.com\/fr\/est-ce-que-les-voitures-electriques-vont-mettre-fin-a-la-bande-am\/"]}]},{"@type":"ImageObject","inLanguage":"fr-CA","@id":"https:\/\/news.canadamotorjobs.com\/fr\/est-ce-que-les-voitures-electriques-vont-mettre-fin-a-la-bande-am\/#primaryimage","url":"https:\/\/news.canadamotorjobs.com\/wp-content\/uploads\/2022\/11\/iStock-1141421301-1.jpg","contentUrl":"https:\/\/news.canadamotorjobs.com\/wp-content\/uploads\/2022\/11\/iStock-1141421301-1.jpg","width":1254,"height":836},{"@type":"BreadcrumbList","@id":"https:\/\/news.canadamotorjobs.com\/fr\/est-ce-que-les-voitures-electriques-vont-mettre-fin-a-la-bande-am\/#breadcrumb","itemListElement":[{"@type":"ListItem","position":1,"name":"Home","item":"https:\/\/news.canadamotorjobs.com\/fr\/blog\/"},{"@type":"ListItem","position":2,"name":"Est-ce que les voitures \u00e9lectriques vont mettre fin \u00e0 la bande AM ?"}]},{"@type":"WebSite","@id":"https:\/\/news.canadamotorjobs.com\/#website","url":"https:\/\/news.canadamotorjobs.com\/","name":"CanadaMotorJobs.com","description":"Automotive Jobs","publisher":{"@id":"https:\/\/news.canadamotorjobs.com\/#organization"},"potentialAction":[{"@type":"SearchAction","target":{"@type":"EntryPoint","urlTemplate":"https:\/\/news.canadamotorjobs.com\/?s={search_term_string}"},"query-input":"required name=search_term_string"}],"inLanguage":"fr-CA"},{"@type":"Organization","@id":"https:\/\/news.canadamotorjobs.com\/#organization","name":"Canada Motor Jobs","url":"https:\/\/news.canadamotorjobs.com\/","logo":{"@type":"ImageObject","inLanguage":"fr-CA","@id":"https:\/\/news.canadamotorjobs.com\/#\/schema\/logo\/image\/","url":"https:\/\/news.canadamotorjobs.com\/wp-content\/uploads\/2022\/10\/logo-canada-motor-jobs-1.png","contentUrl":"https:\/\/news.canadamotorjobs.com\/wp-content\/uploads\/2022\/10\/logo-canada-motor-jobs-1.png","width":800,"height":400,"caption":"Canada Motor Jobs"},"image":{"@id":"https:\/\/news.canadamotorjobs.com\/#\/schema\/logo\/image\/"},"sameAs":["https:\/\/www.facebook.com\/canadamotorjobs\/","https:\/\/x.com\/canadamotorjobs","https:\/\/www.instagram.com\/canadamotorjobs\/","https:\/\/www.linkedin.com\/company\/canadamotorjobs"]},{"@type":"Person","@id":"https:\/\/news.canadamotorjobs.com\/#\/schema\/person\/51793d1f87d44011d7bcc2ed99269a90","name":"Benoit Charette","image":{"@type":"ImageObject","inLanguage":"fr-CA","@id":"https:\/\/news.canadamotorjobs.com\/#\/schema\/person\/image\/","url":"https:\/\/secure.gravatar.com\/avatar\/45f3d2eebcccd909668d7ce7ea7267b6?s=96&d=mm&r=g","contentUrl":"https:\/\/secure.gravatar.com\/avatar\/45f3d2eebcccd909668d7ce7ea7267b6?s=96&d=mm&r=g","caption":"Benoit Charette"},"description":"Benoit Charette \/ Propri\u00e9taire et r\u00e9dacteur en chef Benoit Charette pratique le journalisme automobile depuis bient\u00f4t 30 ans. Il a fait ses classes au c\u00f4t\u00e9 de Daniel H\u00e9raud et au Carnet de route de 1992 \u00e0 2001. Il est fondateur, copropri\u00e9taire et r\u00e9dacteur en chef de L\u2019Annuel de l\u2019automobile, qu\u2019il publie depuis 2001. Il a anim\u00e9 les \u00e9missions RPM et RPM+ sur V et les L\u00e9gendes de la route sur Historia. \u00c0 la radio depuis 1986, il reprend l\u2019antenne cette ann\u00e9e sur les ondes de Cogeco et participe pour la deuxi\u00e8me ann\u00e9e \u00e0 l\u2019\u00e9mission Passion Auto sur RDS en plus de mettre en ligne le site Web officiel de L\u2019Annuel de l\u2019automobile sur annuelauto.ca.","sameAs":["https:\/\/annuelauto.ca\/"],"url":"https:\/\/news.canadamotorjobs.com\/fr\/author\/benoit-charette\/"}]}},"_links":{"self":[{"href":"https:\/\/news.canadamotorjobs.com\/fr\/wp-json\/wp\/v2\/posts\/136770"}],"collection":[{"href":"https:\/\/news.canadamotorjobs.com\/fr\/wp-json\/wp\/v2\/posts"}],"about":[{"href":"https:\/\/news.canadamotorjobs.com\/fr\/wp-json\/wp\/v2\/types\/post"}],"author":[{"embeddable":true,"href":"https:\/\/news.canadamotorjobs.com\/fr\/wp-json\/wp\/v2\/users\/8"}],"replies":[{"embeddable":true,"href":"https:\/\/news.canadamotorjobs.com\/fr\/wp-json\/wp\/v2\/comments?post=136770"}],"version-history":[{"count":0,"href":"https:\/\/news.canadamotorjobs.com\/fr\/wp-json\/wp\/v2\/posts\/136770\/revisions"}],"wp:featuredmedia":[{"embeddable":true,"href":"https:\/\/news.canadamotorjobs.com\/fr\/wp-json\/wp\/v2\/media\/136774"}],"wp:attachment":[{"href":"https:\/\/news.canadamotorjobs.com\/fr\/wp-json\/wp\/v2\/media?parent=136770"}],"wp:term":[{"taxonomy":"category","embeddable":true,"href":"https:\/\/news.canadamotorjobs.com\/fr\/wp-json\/wp\/v2\/categories?post=136770"},{"taxonomy":"post_tag","embeddable":true,"href":"https:\/\/news.canadamotorjobs.com\/fr\/wp-json\/wp\/v2\/tags?post=136770"}],"curies":[{"name":"wp","href":"https:\/\/api.w.org\/{rel}","templated":true}]}}