{"id":136752,"date":"2022-11-27T09:07:10","date_gmt":"2022-11-27T14:07:10","guid":{"rendered":"https:\/\/news.canadamotorjobs.com\/volkswagen-promet-des-correctifs-pour-son-systeme-dinfodivertissement\/"},"modified":"2022-11-27T09:14:07","modified_gmt":"2022-11-27T14:14:07","slug":"volkswagen-promet-des-correctifs-pour-son-systeme-dinfodivertissement","status":"publish","type":"post","link":"https:\/\/news.canadamotorjobs.com\/fr\/volkswagen-promet-des-correctifs-pour-son-systeme-dinfodivertissement\/","title":{"rendered":"Volkswagen promet des correctifs pour son syst\u00e8me d\u2019infodivertissement"},"content":{"rendered":"<\/p>\n<p>La critique est assez unanime \u00e0 condamner le plus r\u00e9cent syst\u00e8me d\u2019infodivertissement que Volkswagen a install\u00e9 dans les mod\u00e8les les plus r\u00e9cents comme la huiti\u00e8me g\u00e9n\u00e9ration de sa Golf.<br \/> Des probl\u00e8mes de logiques et de lenteur<br \/> Pour la seule VW Golf Mk8, le constructeur a \u00e9mis plusieurs rappels pour r\u00e9soudre le probl\u00e8me, allant jusqu&#8217;\u00e0 reporter les livraisons en Europe. Le probl\u00e8me se situe au niveau du syst\u00e8me MIB3 que l&#8217;on retrouve dans la plupart des nouvelles voitures de la marque, y compris les mod\u00e8les ID, et le PDG de VW, Thomas Sch\u00e4fer, a admis que des erreurs avaient \u00e9t\u00e9 commises lors du processus de conception.<br \/> Des correctifs \u00e0 venir<br \/> Le nouveau PDG, qui a pris ses fonctions cette ann\u00e9e, a ajout\u00e9 que la version 3.0 du logiciel sera d\u00e9ploy\u00e9e d\u00e8s l&#8217;hiver 2022 par le biais de mises \u00e0 jour over-the-air. Il a \u00e9galement d\u00e9clar\u00e9 \u00e0 Car Magazine que les nouveaux syst\u00e8mes seraient &#8220;beaucoup plus rapides, avec plus de fonctionnalit\u00e9s&#8221;.<br \/> Des changements physiques au syst\u00e8me l\u2019an prochain<br \/> Les correctifs mat\u00e9riels, notamment les curseurs capacitifs non \u00e9clair\u00e9s pour le volume ou le chauffage, seront d\u00e9ploy\u00e9s l&#8217;ann\u00e9e prochaine jusqu&#8217;en 2024. Ils seront, bien s\u00fbr, \u00e9clair\u00e9s dans leurs remplacements. Les volants dot\u00e9s de fonctions tactiles seront \u00e9galement retir\u00e9s, \u00e0 commencer par le nouveau VW Tiguan, dont la sortie est pr\u00e9vue l&#8217;ann\u00e9e prochaine. VW travaille \u00e0 l&#8217;am\u00e9lioration du design de son interface utilisateur qui est assez pourri dans sa plus r\u00e9cente refonte. M. Sch\u00e4fer promet que les prochaines Volkswagen b\u00e9n\u00e9ficieront de cette strat\u00e9gie et qu&#8217;une<\/p>\n","protected":false},"excerpt":{"rendered":"<p>La critique est assez unanime \u00e0 condamner le plus r\u00e9cent syst\u00e8me d\u2019infodivertissement que Volkswagen a install\u00e9 dans les mod\u00e8les les plus r\u00e9cents comme la huiti\u00e8me g\u00e9n\u00e9ration de sa Golf. Des probl\u00e8mes de logiques et de lenteur Pour la seule VW Golf Mk8, le constructeur a \u00e9mis plusieurs rappels pour r\u00e9soudre le probl\u00e8me, allant jusqu&#8217;\u00e0 reporter [&hellip;]<\/p>\n","protected":false},"author":8,"featured_media":136756,"comment_status":"close","ping_status":"closed","sticky":false,"template":"","format":"standard","meta":{"_monsterinsights_skip_tracking":false,"_monsterinsights_sitenote_active":false,"_monsterinsights_sitenote_note":"","_monsterinsights_sitenote_category":0,"footnotes":""},"categories":[101],"tags":[],"yoast_head":"<!-- This site is optimized with the Yoast SEO plugin v23.2 - https:\/\/yoast.com\/wordpress\/plugins\/seo\/ -->\n<title>Volkswagen promet des correctifs pour son syst\u00e8me d\u2019infodivertissement - CanadaMotorJobs.com<\/title>\n<meta name=\"description\" content=\"Volkswagen promet des correctifs pour son syst\u00e8me d\u2019infodivertissement - Benoit Charette - Annuel automobile - CanadaMotorJobs.com.\" \/>\n<meta name=\"robots\" content=\"index, follow, max-snippet:-1, max-image-preview:large, max-video-preview:-1\" \/>\n<meta property=\"og:locale\" content=\"fr_CA\" \/>\n<meta property=\"og:type\" content=\"article\" \/>\n<meta property=\"og:title\" content=\"Volkswagen promet des correctifs pour son syst\u00e8me d\u2019infodivertissement - CanadaMotorJobs.com\" \/>\n<meta property=\"og:description\" content=\"Volkswagen promet des correctifs pour son syst\u00e8me d\u2019infodivertissement - Benoit Charette - Annuel automobile - CanadaMotorJobs.com.\" \/>\n<meta property=\"og:url\" content=\"https:\/\/news.canadamotorjobs.com\/fr\/volkswagen-promet-des-correctifs-pour-son-systeme-dinfodivertissement\/\" \/>\n<meta property=\"og:site_name\" content=\"CanadaMotorJobs.com\" \/>\n<meta property=\"article:publisher\" content=\"https:\/\/www.facebook.com\/canadamotorjobs\/\" \/>\n<meta property=\"article:published_time\" content=\"2022-11-27T14:07:10+00:00\" \/>\n<meta property=\"article:modified_time\" content=\"2022-11-27T14:14:07+00:00\" \/>\n<meta property=\"og:image\" content=\"https:\/\/news.canadamotorjobs.com\/wp-content\/uploads\/2022\/11\/new-vw-digital-cockpit-pro-spices-up-the-already-hot-mk-8-golf-gti-and-golf-r_1-1.jpg\" \/>\n\t<meta property=\"og:image:width\" content=\"1600\" \/>\n\t<meta property=\"og:image:height\" content=\"1150\" \/>\n\t<meta property=\"og:image:type\" content=\"image\/jpeg\" \/>\n<meta name=\"author\" content=\"Benoit Charette\" \/>\n<meta name=\"twitter:card\" content=\"summary_large_image\" \/>\n<meta name=\"twitter:creator\" content=\"@canadamotorjobs\" \/>\n<meta name=\"twitter:site\" content=\"@canadamotorjobs\" \/>\n<meta name=\"twitter:label1\" content=\"\u00c9crit par\" \/>\n\t<meta name=\"twitter:data1\" content=\"Benoit Charette\" \/>\n\t<meta name=\"twitter:label2\" content=\"Estimation du temps de lecture\" \/>\n\t<meta name=\"twitter:data2\" content=\"1 minute\" \/>\n<!-- \/ Yoast SEO plugin. -->","yoast_head_json":{"title":"Volkswagen promet des correctifs pour son syst\u00e8me d\u2019infodivertissement - CanadaMotorJobs.com","description":"Volkswagen promet des correctifs pour son syst\u00e8me d\u2019infodivertissement - Benoit Charette - Annuel automobile - CanadaMotorJobs.com.","robots":{"index":"index","follow":"follow","max-snippet":"max-snippet:-1","max-image-preview":"max-image-preview:large","max-video-preview":"max-video-preview:-1"},"og_locale":"fr_CA","og_type":"article","og_title":"Volkswagen promet des correctifs pour son syst\u00e8me d\u2019infodivertissement - CanadaMotorJobs.com","og_description":"Volkswagen promet des correctifs pour son syst\u00e8me d\u2019infodivertissement - Benoit Charette - Annuel automobile - CanadaMotorJobs.com.","og_url":"https:\/\/news.canadamotorjobs.com\/fr\/volkswagen-promet-des-correctifs-pour-son-systeme-dinfodivertissement\/","og_site_name":"CanadaMotorJobs.com","article_publisher":"https:\/\/www.facebook.com\/canadamotorjobs\/","article_published_time":"2022-11-27T14:07:10+00:00","article_modified_time":"2022-11-27T14:14:07+00:00","og_image":[{"width":1600,"height":1150,"url":"https:\/\/news.canadamotorjobs.com\/wp-content\/uploads\/2022\/11\/new-vw-digital-cockpit-pro-spices-up-the-already-hot-mk-8-golf-gti-and-golf-r_1-1.jpg","type":"image\/jpeg"}],"author":"Benoit Charette","twitter_card":"summary_large_image","twitter_creator":"@canadamotorjobs","twitter_site":"@canadamotorjobs","twitter_misc":{"\u00c9crit par":"Benoit Charette","Estimation du temps de lecture":"1 minute"},"schema":{"@context":"https:\/\/schema.org","@graph":[{"@type":"Article","@id":"https:\/\/news.canadamotorjobs.com\/fr\/volkswagen-promet-des-correctifs-pour-son-systeme-dinfodivertissement\/#article","isPartOf":{"@id":"https:\/\/news.canadamotorjobs.com\/fr\/volkswagen-promet-des-correctifs-pour-son-systeme-dinfodivertissement\/"},"author":{"name":"Benoit Charette","@id":"https:\/\/news.canadamotorjobs.com\/#\/schema\/person\/51793d1f87d44011d7bcc2ed99269a90"},"headline":"Volkswagen promet des correctifs pour son syst\u00e8me d\u2019infodivertissement","datePublished":"2022-11-27T14:07:10+00:00","dateModified":"2022-11-27T14:14:07+00:00","mainEntityOfPage":{"@id":"https:\/\/news.canadamotorjobs.com\/fr\/volkswagen-promet-des-correctifs-pour-son-systeme-dinfodivertissement\/"},"wordCount":299,"publisher":{"@id":"https:\/\/news.canadamotorjobs.com\/#organization"},"image":{"@id":"https:\/\/news.canadamotorjobs.com\/fr\/volkswagen-promet-des-correctifs-pour-son-systeme-dinfodivertissement\/#primaryimage"},"thumbnailUrl":"https:\/\/news.canadamotorjobs.com\/wp-content\/uploads\/2022\/11\/new-vw-digital-cockpit-pro-spices-up-the-already-hot-mk-8-golf-gti-and-golf-r_1-1.jpg","articleSection":["Annuel automobile"],"inLanguage":"fr-CA"},{"@type":"WebPage","@id":"https:\/\/news.canadamotorjobs.com\/fr\/volkswagen-promet-des-correctifs-pour-son-systeme-dinfodivertissement\/","url":"https:\/\/news.canadamotorjobs.com\/fr\/volkswagen-promet-des-correctifs-pour-son-systeme-dinfodivertissement\/","name":"Volkswagen promet des correctifs pour son syst\u00e8me d\u2019infodivertissement - CanadaMotorJobs.com","isPartOf":{"@id":"https:\/\/news.canadamotorjobs.com\/#website"},"primaryImageOfPage":{"@id":"https:\/\/news.canadamotorjobs.com\/fr\/volkswagen-promet-des-correctifs-pour-son-systeme-dinfodivertissement\/#primaryimage"},"image":{"@id":"https:\/\/news.canadamotorjobs.com\/fr\/volkswagen-promet-des-correctifs-pour-son-systeme-dinfodivertissement\/#primaryimage"},"thumbnailUrl":"https:\/\/news.canadamotorjobs.com\/wp-content\/uploads\/2022\/11\/new-vw-digital-cockpit-pro-spices-up-the-already-hot-mk-8-golf-gti-and-golf-r_1-1.jpg","datePublished":"2022-11-27T14:07:10+00:00","dateModified":"2022-11-27T14:14:07+00:00","description":"Volkswagen promet des correctifs pour son syst\u00e8me d\u2019infodivertissement - Benoit Charette - Annuel automobile - CanadaMotorJobs.com.","breadcrumb":{"@id":"https:\/\/news.canadamotorjobs.com\/fr\/volkswagen-promet-des-correctifs-pour-son-systeme-dinfodivertissement\/#breadcrumb"},"inLanguage":"fr-CA","potentialAction":[{"@type":"ReadAction","target":["https:\/\/news.canadamotorjobs.com\/fr\/volkswagen-promet-des-correctifs-pour-son-systeme-dinfodivertissement\/"]}]},{"@type":"ImageObject","inLanguage":"fr-CA","@id":"https:\/\/news.canadamotorjobs.com\/fr\/volkswagen-promet-des-correctifs-pour-son-systeme-dinfodivertissement\/#primaryimage","url":"https:\/\/news.canadamotorjobs.com\/wp-content\/uploads\/2022\/11\/new-vw-digital-cockpit-pro-spices-up-the-already-hot-mk-8-golf-gti-and-golf-r_1-1.jpg","contentUrl":"https:\/\/news.canadamotorjobs.com\/wp-content\/uploads\/2022\/11\/new-vw-digital-cockpit-pro-spices-up-the-already-hot-mk-8-golf-gti-and-golf-r_1-1.jpg","width":1600,"height":1150},{"@type":"BreadcrumbList","@id":"https:\/\/news.canadamotorjobs.com\/fr\/volkswagen-promet-des-correctifs-pour-son-systeme-dinfodivertissement\/#breadcrumb","itemListElement":[{"@type":"ListItem","position":1,"name":"Home","item":"https:\/\/news.canadamotorjobs.com\/fr\/blog\/"},{"@type":"ListItem","position":2,"name":"Volkswagen promet des correctifs pour son syst\u00e8me d\u2019infodivertissement"}]},{"@type":"WebSite","@id":"https:\/\/news.canadamotorjobs.com\/#website","url":"https:\/\/news.canadamotorjobs.com\/","name":"CanadaMotorJobs.com","description":"Automotive Jobs","publisher":{"@id":"https:\/\/news.canadamotorjobs.com\/#organization"},"potentialAction":[{"@type":"SearchAction","target":{"@type":"EntryPoint","urlTemplate":"https:\/\/news.canadamotorjobs.com\/?s={search_term_string}"},"query-input":"required name=search_term_string"}],"inLanguage":"fr-CA"},{"@type":"Organization","@id":"https:\/\/news.canadamotorjobs.com\/#organization","name":"Canada Motor Jobs","url":"https:\/\/news.canadamotorjobs.com\/","logo":{"@type":"ImageObject","inLanguage":"fr-CA","@id":"https:\/\/news.canadamotorjobs.com\/#\/schema\/logo\/image\/","url":"https:\/\/news.canadamotorjobs.com\/wp-content\/uploads\/2022\/10\/logo-canada-motor-jobs-1.png","contentUrl":"https:\/\/news.canadamotorjobs.com\/wp-content\/uploads\/2022\/10\/logo-canada-motor-jobs-1.png","width":800,"height":400,"caption":"Canada Motor Jobs"},"image":{"@id":"https:\/\/news.canadamotorjobs.com\/#\/schema\/logo\/image\/"},"sameAs":["https:\/\/www.facebook.com\/canadamotorjobs\/","https:\/\/x.com\/canadamotorjobs","https:\/\/www.instagram.com\/canadamotorjobs\/","https:\/\/www.linkedin.com\/company\/canadamotorjobs"]},{"@type":"Person","@id":"https:\/\/news.canadamotorjobs.com\/#\/schema\/person\/51793d1f87d44011d7bcc2ed99269a90","name":"Benoit Charette","image":{"@type":"ImageObject","inLanguage":"fr-CA","@id":"https:\/\/news.canadamotorjobs.com\/#\/schema\/person\/image\/","url":"https:\/\/secure.gravatar.com\/avatar\/45f3d2eebcccd909668d7ce7ea7267b6?s=96&d=mm&r=g","contentUrl":"https:\/\/secure.gravatar.com\/avatar\/45f3d2eebcccd909668d7ce7ea7267b6?s=96&d=mm&r=g","caption":"Benoit Charette"},"description":"Benoit Charette \/ Propri\u00e9taire et r\u00e9dacteur en chef Benoit Charette pratique le journalisme automobile depuis bient\u00f4t 30 ans. Il a fait ses classes au c\u00f4t\u00e9 de Daniel H\u00e9raud et au Carnet de route de 1992 \u00e0 2001. Il est fondateur, copropri\u00e9taire et r\u00e9dacteur en chef de L\u2019Annuel de l\u2019automobile, qu\u2019il publie depuis 2001. Il a anim\u00e9 les \u00e9missions RPM et RPM+ sur V et les L\u00e9gendes de la route sur Historia. \u00c0 la radio depuis 1986, il reprend l\u2019antenne cette ann\u00e9e sur les ondes de Cogeco et participe pour la deuxi\u00e8me ann\u00e9e \u00e0 l\u2019\u00e9mission Passion Auto sur RDS en plus de mettre en ligne le site Web officiel de L\u2019Annuel de l\u2019automobile sur annuelauto.ca.","sameAs":["https:\/\/annuelauto.ca\/"],"url":"https:\/\/news.canadamotorjobs.com\/fr\/author\/benoit-charette\/"}]}},"_links":{"self":[{"href":"https:\/\/news.canadamotorjobs.com\/fr\/wp-json\/wp\/v2\/posts\/136752"}],"collection":[{"href":"https:\/\/news.canadamotorjobs.com\/fr\/wp-json\/wp\/v2\/posts"}],"about":[{"href":"https:\/\/news.canadamotorjobs.com\/fr\/wp-json\/wp\/v2\/types\/post"}],"author":[{"embeddable":true,"href":"https:\/\/news.canadamotorjobs.com\/fr\/wp-json\/wp\/v2\/users\/8"}],"replies":[{"embeddable":true,"href":"https:\/\/news.canadamotorjobs.com\/fr\/wp-json\/wp\/v2\/comments?post=136752"}],"version-history":[{"count":0,"href":"https:\/\/news.canadamotorjobs.com\/fr\/wp-json\/wp\/v2\/posts\/136752\/revisions"}],"wp:featuredmedia":[{"embeddable":true,"href":"https:\/\/news.canadamotorjobs.com\/fr\/wp-json\/wp\/v2\/media\/136756"}],"wp:attachment":[{"href":"https:\/\/news.canadamotorjobs.com\/fr\/wp-json\/wp\/v2\/media?parent=136752"}],"wp:term":[{"taxonomy":"category","embeddable":true,"href":"https:\/\/news.canadamotorjobs.com\/fr\/wp-json\/wp\/v2\/categories?post=136752"},{"taxonomy":"post_tag","embeddable":true,"href":"https:\/\/news.canadamotorjobs.com\/fr\/wp-json\/wp\/v2\/tags?post=136752"}],"curies":[{"name":"wp","href":"https:\/\/api.w.org\/{rel}","templated":true}]}}