{"id":136736,"date":"2022-11-27T08:26:11","date_gmt":"2022-11-27T13:26:11","guid":{"rendered":"https:\/\/news.canadamotorjobs.com\/le-chant-du-cygne-de-laudi-r8\/"},"modified":"2022-11-27T08:29:24","modified_gmt":"2022-11-27T13:29:24","slug":"le-chant-du-cygne-de-laudi-r8","status":"publish","type":"post","link":"https:\/\/news.canadamotorjobs.com\/fr\/le-chant-du-cygne-de-laudi-r8\/","title":{"rendered":"Le chant du cygne de l\u2019Audi R8"},"content":{"rendered":"<\/p>\n<p>Cela fait d\u00e9j\u00e0 17 ans que la R8 sillonne nos routes. Le mois dernier, la firme allemande a pr\u00e9sent\u00e9 la derni\u00e8re version de son vaisseau amiral. Ce mod\u00e8le nous quittes en beaut\u00e9 avec son unique moteur V-10 qui va cracher 602 dans sa version \u00e0 roues motrices arri\u00e8re seulement. Cette version deux roues motrice sera produite \u00e0 333 exemplaires dans le monde et seulement en version coup\u00e9, pas de d\u00e9capotable.<br \/> 2000 unit\u00e9s en tout pour la derni\u00e8re ann\u00e9e<br \/> Le constructeur d&#8217;Ingolstadt pr\u00e9voit de construire environ 2 000 R8 pour l&#8217;ann\u00e9e mod\u00e8le 2023, apr\u00e8s quoi la R8 sera morte apr\u00e8s deux g\u00e9n\u00e9rations et 17 ans sur le march\u00e9. En l&#8217;\u00e9tat actuel des choses, aucun successeur n&#8217;est pr\u00eat \u00e0 \u00eatre lanc\u00e9. Des rumeurs parlent d\u2019une version \u00e9lectrifi\u00e9e. Audi a produit une R8 E-Tron \u00e9lectrique de tr\u00e8s courte dur\u00e9e avec la deuxi\u00e8me g\u00e9n\u00e9ration de la R8, ne vendant que 100 exemplaires en un an avant de la retirer.<br \/> Conserver le mod\u00e8le comme ic\u00f4ne haut de gamme<br \/> Certains dirigeants de la marque ont d\u00e9clar\u00e9 aux m\u00e9dias en 2021 qu&#8217;une R8 EV &#8220;ne sera pas simplement une R8 avec un moteur \u00e9lectrique&#8221;, ce serait plut\u00f4t &#8220;une R8 mais diff\u00e9rente.&#8221; Et parfois, les chuchotements des &#8220;initi\u00e9s d&#8217;Audi&#8221; ont relanc\u00e9 les rumeurs. M\u00eame si rien n\u2019est confirm\u00e9, bien des membres de la presse automobile souhaitent un retour de la R8 sous une forme ou une autre<br \/> Conserver une partie \u00e0 essence<br \/> Un chef de projet d&#8217;Audi a d\u00e9j\u00e0 d\u00e9clar\u00e9 qu&#8217;il pensait que le moteur \u00e0 combustion interne<\/p>\n","protected":false},"excerpt":{"rendered":"<p>Cela fait d\u00e9j\u00e0 17 ans que la R8 sillonne nos routes. Le mois dernier, la firme allemande a pr\u00e9sent\u00e9 la derni\u00e8re version de son vaisseau amiral. Ce mod\u00e8le nous quittes en beaut\u00e9 avec son unique moteur V-10 qui va cracher 602 dans sa version \u00e0 roues motrices arri\u00e8re seulement. Cette version deux roues motrice sera [&hellip;]<\/p>\n","protected":false},"author":8,"featured_media":136740,"comment_status":"close","ping_status":"closed","sticky":false,"template":"","format":"standard","meta":{"_monsterinsights_skip_tracking":false,"_monsterinsights_sitenote_active":false,"_monsterinsights_sitenote_note":"","_monsterinsights_sitenote_category":0,"footnotes":""},"categories":[101],"tags":[],"yoast_head":"<!-- This site is optimized with the Yoast SEO plugin v23.2 - https:\/\/yoast.com\/wordpress\/plugins\/seo\/ -->\n<title>Le chant du cygne de l\u2019Audi R8 - CanadaMotorJobs.com<\/title>\n<meta name=\"description\" content=\"Le chant du cygne de l\u2019Audi R8 - Benoit Charette - Annuel automobile - CanadaMotorJobs.com.\" \/>\n<meta name=\"robots\" content=\"index, follow, max-snippet:-1, max-image-preview:large, max-video-preview:-1\" \/>\n<meta property=\"og:locale\" content=\"fr_CA\" \/>\n<meta property=\"og:type\" content=\"article\" \/>\n<meta property=\"og:title\" content=\"Le chant du cygne de l\u2019Audi R8 - CanadaMotorJobs.com\" \/>\n<meta property=\"og:description\" content=\"Le chant du cygne de l\u2019Audi R8 - Benoit Charette - Annuel automobile - CanadaMotorJobs.com.\" \/>\n<meta property=\"og:url\" content=\"https:\/\/news.canadamotorjobs.com\/fr\/le-chant-du-cygne-de-laudi-r8\/\" \/>\n<meta property=\"og:site_name\" content=\"CanadaMotorJobs.com\" \/>\n<meta property=\"article:publisher\" content=\"https:\/\/www.facebook.com\/canadamotorjobs\/\" \/>\n<meta property=\"article:published_time\" content=\"2022-11-27T13:26:11+00:00\" \/>\n<meta property=\"article:modified_time\" content=\"2022-11-27T13:29:24+00:00\" \/>\n<meta property=\"og:image\" content=\"https:\/\/news.canadamotorjobs.com\/wp-content\/uploads\/2022\/11\/10254-A225172large-1.jpg\" \/>\n\t<meta property=\"og:image:width\" content=\"1500\" \/>\n\t<meta property=\"og:image:height\" content=\"1000\" \/>\n\t<meta property=\"og:image:type\" content=\"image\/jpeg\" \/>\n<meta name=\"author\" content=\"Benoit Charette\" \/>\n<meta name=\"twitter:card\" content=\"summary_large_image\" \/>\n<meta name=\"twitter:creator\" content=\"@canadamotorjobs\" \/>\n<meta name=\"twitter:site\" content=\"@canadamotorjobs\" \/>\n<meta name=\"twitter:label1\" content=\"\u00c9crit par\" \/>\n\t<meta name=\"twitter:data1\" content=\"Benoit Charette\" \/>\n\t<meta name=\"twitter:label2\" content=\"Estimation du temps de lecture\" \/>\n\t<meta name=\"twitter:data2\" content=\"1 minute\" \/>\n<!-- \/ Yoast SEO plugin. -->","yoast_head_json":{"title":"Le chant du cygne de l\u2019Audi R8 - CanadaMotorJobs.com","description":"Le chant du cygne de l\u2019Audi R8 - Benoit Charette - Annuel automobile - CanadaMotorJobs.com.","robots":{"index":"index","follow":"follow","max-snippet":"max-snippet:-1","max-image-preview":"max-image-preview:large","max-video-preview":"max-video-preview:-1"},"og_locale":"fr_CA","og_type":"article","og_title":"Le chant du cygne de l\u2019Audi R8 - CanadaMotorJobs.com","og_description":"Le chant du cygne de l\u2019Audi R8 - Benoit Charette - Annuel automobile - CanadaMotorJobs.com.","og_url":"https:\/\/news.canadamotorjobs.com\/fr\/le-chant-du-cygne-de-laudi-r8\/","og_site_name":"CanadaMotorJobs.com","article_publisher":"https:\/\/www.facebook.com\/canadamotorjobs\/","article_published_time":"2022-11-27T13:26:11+00:00","article_modified_time":"2022-11-27T13:29:24+00:00","og_image":[{"width":1500,"height":1000,"url":"https:\/\/news.canadamotorjobs.com\/wp-content\/uploads\/2022\/11\/10254-A225172large-1.jpg","type":"image\/jpeg"}],"author":"Benoit Charette","twitter_card":"summary_large_image","twitter_creator":"@canadamotorjobs","twitter_site":"@canadamotorjobs","twitter_misc":{"\u00c9crit par":"Benoit Charette","Estimation du temps de lecture":"1 minute"},"schema":{"@context":"https:\/\/schema.org","@graph":[{"@type":"Article","@id":"https:\/\/news.canadamotorjobs.com\/fr\/le-chant-du-cygne-de-laudi-r8\/#article","isPartOf":{"@id":"https:\/\/news.canadamotorjobs.com\/fr\/le-chant-du-cygne-de-laudi-r8\/"},"author":{"name":"Benoit Charette","@id":"https:\/\/news.canadamotorjobs.com\/#\/schema\/person\/51793d1f87d44011d7bcc2ed99269a90"},"headline":"Le chant du cygne de l\u2019Audi R8","datePublished":"2022-11-27T13:26:11+00:00","dateModified":"2022-11-27T13:29:24+00:00","mainEntityOfPage":{"@id":"https:\/\/news.canadamotorjobs.com\/fr\/le-chant-du-cygne-de-laudi-r8\/"},"wordCount":286,"publisher":{"@id":"https:\/\/news.canadamotorjobs.com\/#organization"},"image":{"@id":"https:\/\/news.canadamotorjobs.com\/fr\/le-chant-du-cygne-de-laudi-r8\/#primaryimage"},"thumbnailUrl":"https:\/\/news.canadamotorjobs.com\/wp-content\/uploads\/2022\/11\/10254-A225172large-1.jpg","articleSection":["Annuel automobile"],"inLanguage":"fr-CA"},{"@type":"WebPage","@id":"https:\/\/news.canadamotorjobs.com\/fr\/le-chant-du-cygne-de-laudi-r8\/","url":"https:\/\/news.canadamotorjobs.com\/fr\/le-chant-du-cygne-de-laudi-r8\/","name":"Le chant du cygne de l\u2019Audi R8 - CanadaMotorJobs.com","isPartOf":{"@id":"https:\/\/news.canadamotorjobs.com\/#website"},"primaryImageOfPage":{"@id":"https:\/\/news.canadamotorjobs.com\/fr\/le-chant-du-cygne-de-laudi-r8\/#primaryimage"},"image":{"@id":"https:\/\/news.canadamotorjobs.com\/fr\/le-chant-du-cygne-de-laudi-r8\/#primaryimage"},"thumbnailUrl":"https:\/\/news.canadamotorjobs.com\/wp-content\/uploads\/2022\/11\/10254-A225172large-1.jpg","datePublished":"2022-11-27T13:26:11+00:00","dateModified":"2022-11-27T13:29:24+00:00","description":"Le chant du cygne de l\u2019Audi R8 - Benoit Charette - Annuel automobile - CanadaMotorJobs.com.","breadcrumb":{"@id":"https:\/\/news.canadamotorjobs.com\/fr\/le-chant-du-cygne-de-laudi-r8\/#breadcrumb"},"inLanguage":"fr-CA","potentialAction":[{"@type":"ReadAction","target":["https:\/\/news.canadamotorjobs.com\/fr\/le-chant-du-cygne-de-laudi-r8\/"]}]},{"@type":"ImageObject","inLanguage":"fr-CA","@id":"https:\/\/news.canadamotorjobs.com\/fr\/le-chant-du-cygne-de-laudi-r8\/#primaryimage","url":"https:\/\/news.canadamotorjobs.com\/wp-content\/uploads\/2022\/11\/10254-A225172large-1.jpg","contentUrl":"https:\/\/news.canadamotorjobs.com\/wp-content\/uploads\/2022\/11\/10254-A225172large-1.jpg","width":1500,"height":1000},{"@type":"BreadcrumbList","@id":"https:\/\/news.canadamotorjobs.com\/fr\/le-chant-du-cygne-de-laudi-r8\/#breadcrumb","itemListElement":[{"@type":"ListItem","position":1,"name":"Home","item":"https:\/\/news.canadamotorjobs.com\/fr\/blog\/"},{"@type":"ListItem","position":2,"name":"Le chant du cygne de l\u2019Audi R8"}]},{"@type":"WebSite","@id":"https:\/\/news.canadamotorjobs.com\/#website","url":"https:\/\/news.canadamotorjobs.com\/","name":"CanadaMotorJobs.com","description":"Automotive Jobs","publisher":{"@id":"https:\/\/news.canadamotorjobs.com\/#organization"},"potentialAction":[{"@type":"SearchAction","target":{"@type":"EntryPoint","urlTemplate":"https:\/\/news.canadamotorjobs.com\/?s={search_term_string}"},"query-input":"required name=search_term_string"}],"inLanguage":"fr-CA"},{"@type":"Organization","@id":"https:\/\/news.canadamotorjobs.com\/#organization","name":"Canada Motor Jobs","url":"https:\/\/news.canadamotorjobs.com\/","logo":{"@type":"ImageObject","inLanguage":"fr-CA","@id":"https:\/\/news.canadamotorjobs.com\/#\/schema\/logo\/image\/","url":"https:\/\/news.canadamotorjobs.com\/wp-content\/uploads\/2022\/10\/logo-canada-motor-jobs-1.png","contentUrl":"https:\/\/news.canadamotorjobs.com\/wp-content\/uploads\/2022\/10\/logo-canada-motor-jobs-1.png","width":800,"height":400,"caption":"Canada Motor Jobs"},"image":{"@id":"https:\/\/news.canadamotorjobs.com\/#\/schema\/logo\/image\/"},"sameAs":["https:\/\/www.facebook.com\/canadamotorjobs\/","https:\/\/x.com\/canadamotorjobs","https:\/\/www.instagram.com\/canadamotorjobs\/","https:\/\/www.linkedin.com\/company\/canadamotorjobs"]},{"@type":"Person","@id":"https:\/\/news.canadamotorjobs.com\/#\/schema\/person\/51793d1f87d44011d7bcc2ed99269a90","name":"Benoit Charette","image":{"@type":"ImageObject","inLanguage":"fr-CA","@id":"https:\/\/news.canadamotorjobs.com\/#\/schema\/person\/image\/","url":"https:\/\/secure.gravatar.com\/avatar\/45f3d2eebcccd909668d7ce7ea7267b6?s=96&d=mm&r=g","contentUrl":"https:\/\/secure.gravatar.com\/avatar\/45f3d2eebcccd909668d7ce7ea7267b6?s=96&d=mm&r=g","caption":"Benoit Charette"},"description":"Benoit Charette \/ Propri\u00e9taire et r\u00e9dacteur en chef Benoit Charette pratique le journalisme automobile depuis bient\u00f4t 30 ans. Il a fait ses classes au c\u00f4t\u00e9 de Daniel H\u00e9raud et au Carnet de route de 1992 \u00e0 2001. Il est fondateur, copropri\u00e9taire et r\u00e9dacteur en chef de L\u2019Annuel de l\u2019automobile, qu\u2019il publie depuis 2001. Il a anim\u00e9 les \u00e9missions RPM et RPM+ sur V et les L\u00e9gendes de la route sur Historia. \u00c0 la radio depuis 1986, il reprend l\u2019antenne cette ann\u00e9e sur les ondes de Cogeco et participe pour la deuxi\u00e8me ann\u00e9e \u00e0 l\u2019\u00e9mission Passion Auto sur RDS en plus de mettre en ligne le site Web officiel de L\u2019Annuel de l\u2019automobile sur annuelauto.ca.","sameAs":["https:\/\/annuelauto.ca\/"],"url":"https:\/\/news.canadamotorjobs.com\/fr\/author\/benoit-charette\/"}]}},"_links":{"self":[{"href":"https:\/\/news.canadamotorjobs.com\/fr\/wp-json\/wp\/v2\/posts\/136736"}],"collection":[{"href":"https:\/\/news.canadamotorjobs.com\/fr\/wp-json\/wp\/v2\/posts"}],"about":[{"href":"https:\/\/news.canadamotorjobs.com\/fr\/wp-json\/wp\/v2\/types\/post"}],"author":[{"embeddable":true,"href":"https:\/\/news.canadamotorjobs.com\/fr\/wp-json\/wp\/v2\/users\/8"}],"replies":[{"embeddable":true,"href":"https:\/\/news.canadamotorjobs.com\/fr\/wp-json\/wp\/v2\/comments?post=136736"}],"version-history":[{"count":0,"href":"https:\/\/news.canadamotorjobs.com\/fr\/wp-json\/wp\/v2\/posts\/136736\/revisions"}],"wp:featuredmedia":[{"embeddable":true,"href":"https:\/\/news.canadamotorjobs.com\/fr\/wp-json\/wp\/v2\/media\/136740"}],"wp:attachment":[{"href":"https:\/\/news.canadamotorjobs.com\/fr\/wp-json\/wp\/v2\/media?parent=136736"}],"wp:term":[{"taxonomy":"category","embeddable":true,"href":"https:\/\/news.canadamotorjobs.com\/fr\/wp-json\/wp\/v2\/categories?post=136736"},{"taxonomy":"post_tag","embeddable":true,"href":"https:\/\/news.canadamotorjobs.com\/fr\/wp-json\/wp\/v2\/tags?post=136736"}],"curies":[{"name":"wp","href":"https:\/\/api.w.org\/{rel}","templated":true}]}}