{"id":136724,"date":"2022-11-26T08:58:19","date_gmt":"2022-11-26T13:58:19","guid":{"rendered":"https:\/\/news.canadamotorjobs.com\/tesla-reduit-les-prix-des-recharges-sur-son-reseau\/"},"modified":"2022-11-26T16:57:54","modified_gmt":"2022-11-26T21:57:54","slug":"tesla-reduit-les-prix-des-recharges-sur-son-reseau","status":"publish","type":"post","link":"https:\/\/news.canadamotorjobs.com\/fr\/tesla-reduit-les-prix-des-recharges-sur-son-reseau\/","title":{"rendered":"Tesla r\u00e9duit les prix des recharges sur son r\u00e9seau"},"content":{"rendered":"<p>Malgr\u00e9 les hausses des co\u00fbts de l\u2019\u00e9nergie, Tesla a r\u00e9duit le prix des recharges sur son r\u00e9seau de supercharger tant en Europe qu\u2019en Am\u00e9rique du Nord. La nouvelle provient des rapports des clients. Depuis plusieurs mois, le co\u00fbt des recharges avait grimp\u00e9 et plusieurs bornes facturaient 0,50\u00a0$ par kWh selon les clients qui utilisaient le r\u00e9seau. Une plaine charge pouvait co\u00fbter jusqu\u2019\u00e0 30\u00a0$ selon le mod\u00e8le de Tesla. L\u2019Europe a r\u00e9cemment connu une augmentation de 30\u00a0% pour la recharge.<\/p>\n<h3>Baisser les tarifs<\/h3>\n<p>Pour att\u00e9nuer la douleur, Tesla a encourag\u00e9 les propri\u00e9taires \u00e0 recharger leur v\u00e9hicule en dehors des heures de pointe afin de r\u00e9duire les co\u00fbts, mais il est difficile de savoir si cet effort a \u00e9t\u00e9 couronn\u00e9 de succ\u00e8s, car l&#8217;entreprise ne publie pas ce type de donn\u00e9es internes. Cependant, les clients continuent de partager ces informations sur les m\u00e9dias sociaux. Un propri\u00e9taire californien a d\u00e9clar\u00e9 que les prix avaient baiss\u00e9 de pas moins de 5 cents par kWh. Dans certaines parties de l&#8217;Europe, les prix ont baiss\u00e9 de pr\u00e8s du double de ce montant. Les prix des bornes de recharge Tesla sont, plus ou moins, fix\u00e9s par les tarifs des services publics locaux, mais la bonne nouvelle est que le secteur de la recharge \u00e9volue au fur et \u00e0 mesure que les gens adoptent les V\u00c9.<\/p>\n<h3>40\u00a0000 bornes Tesla dans le monde<\/h3>\n<p>Le nombre de stations de recharge Tesla, qui s&#8217;\u00e9l\u00e8ve aujourd&#8217;hui \u00e0 40 000 dans le monde, va continuer \u00e0 augmenter. Les propri\u00e9taires de Tesla n&#8217;appr\u00e9cient peut-\u00eatre<\/p>\n","protected":false},"excerpt":{"rendered":"<p>Malgr\u00e9 les hausses des co\u00fbts de l\u2019\u00e9nergie, Tesla a r\u00e9duit le prix des recharges sur son r\u00e9seau de supercharger tant en Europe qu\u2019en Am\u00e9rique du Nord. La nouvelle provient des rapports des clients. Depuis plusieurs mois, le co\u00fbt des recharges avait grimp\u00e9 et plusieurs bornes facturaient 0,50\u00a0$ par kWh selon les clients qui utilisaient le [&hellip;]<\/p>\n","protected":false},"author":8,"featured_media":136728,"comment_status":"close","ping_status":"closed","sticky":false,"template":"","format":"standard","meta":{"_monsterinsights_skip_tracking":false,"_monsterinsights_sitenote_active":false,"_monsterinsights_sitenote_note":"","_monsterinsights_sitenote_category":0,"footnotes":""},"categories":[101],"tags":[],"yoast_head":"<!-- This site is optimized with the Yoast SEO plugin v23.2 - https:\/\/yoast.com\/wordpress\/plugins\/seo\/ -->\n<title>Tesla r\u00e9duit les prix des recharges sur son r\u00e9seau - CanadaMotorJobs.com<\/title>\n<meta name=\"description\" content=\"Tesla r\u00e9duit les prix des recharges sur son r\u00e9seau - Benoit Charette - Annuel automobile - CanadaMotorJobs.com.\" \/>\n<meta name=\"robots\" content=\"index, follow, max-snippet:-1, max-image-preview:large, max-video-preview:-1\" \/>\n<meta property=\"og:locale\" content=\"fr_CA\" \/>\n<meta property=\"og:type\" content=\"article\" \/>\n<meta property=\"og:title\" content=\"Tesla r\u00e9duit les prix des recharges sur son r\u00e9seau - CanadaMotorJobs.com\" \/>\n<meta property=\"og:description\" content=\"Tesla r\u00e9duit les prix des recharges sur son r\u00e9seau - Benoit Charette - Annuel automobile - CanadaMotorJobs.com.\" \/>\n<meta property=\"og:url\" content=\"https:\/\/news.canadamotorjobs.com\/fr\/tesla-reduit-les-prix-des-recharges-sur-son-reseau\/\" \/>\n<meta property=\"og:site_name\" content=\"CanadaMotorJobs.com\" \/>\n<meta property=\"article:publisher\" content=\"https:\/\/www.facebook.com\/canadamotorjobs\/\" \/>\n<meta property=\"article:published_time\" content=\"2022-11-26T13:58:19+00:00\" \/>\n<meta property=\"article:modified_time\" content=\"2022-11-26T21:57:54+00:00\" \/>\n<meta property=\"og:image\" content=\"https:\/\/news.canadamotorjobs.com\/wp-content\/uploads\/2022\/11\/Model-Y-Main-Hero-Desktop-EMEA-LHD-scaled-1-1.jpg\" \/>\n\t<meta property=\"og:image:width\" content=\"2560\" \/>\n\t<meta property=\"og:image:height\" content=\"1600\" \/>\n\t<meta property=\"og:image:type\" content=\"image\/jpeg\" \/>\n<meta name=\"author\" content=\"Benoit Charette\" \/>\n<meta name=\"twitter:card\" content=\"summary_large_image\" \/>\n<meta name=\"twitter:creator\" content=\"@canadamotorjobs\" \/>\n<meta name=\"twitter:site\" content=\"@canadamotorjobs\" \/>\n<meta name=\"twitter:label1\" content=\"\u00c9crit par\" \/>\n\t<meta name=\"twitter:data1\" content=\"Benoit Charette\" \/>\n\t<meta name=\"twitter:label2\" content=\"Estimation du temps de lecture\" \/>\n\t<meta name=\"twitter:data2\" content=\"2 minutes\" \/>\n<!-- \/ Yoast SEO plugin. -->","yoast_head_json":{"title":"Tesla r\u00e9duit les prix des recharges sur son r\u00e9seau - CanadaMotorJobs.com","description":"Tesla r\u00e9duit les prix des recharges sur son r\u00e9seau - Benoit Charette - Annuel automobile - CanadaMotorJobs.com.","robots":{"index":"index","follow":"follow","max-snippet":"max-snippet:-1","max-image-preview":"max-image-preview:large","max-video-preview":"max-video-preview:-1"},"og_locale":"fr_CA","og_type":"article","og_title":"Tesla r\u00e9duit les prix des recharges sur son r\u00e9seau - CanadaMotorJobs.com","og_description":"Tesla r\u00e9duit les prix des recharges sur son r\u00e9seau - Benoit Charette - Annuel automobile - CanadaMotorJobs.com.","og_url":"https:\/\/news.canadamotorjobs.com\/fr\/tesla-reduit-les-prix-des-recharges-sur-son-reseau\/","og_site_name":"CanadaMotorJobs.com","article_publisher":"https:\/\/www.facebook.com\/canadamotorjobs\/","article_published_time":"2022-11-26T13:58:19+00:00","article_modified_time":"2022-11-26T21:57:54+00:00","og_image":[{"width":2560,"height":1600,"url":"https:\/\/news.canadamotorjobs.com\/wp-content\/uploads\/2022\/11\/Model-Y-Main-Hero-Desktop-EMEA-LHD-scaled-1-1.jpg","type":"image\/jpeg"}],"author":"Benoit Charette","twitter_card":"summary_large_image","twitter_creator":"@canadamotorjobs","twitter_site":"@canadamotorjobs","twitter_misc":{"\u00c9crit par":"Benoit Charette","Estimation du temps de lecture":"2 minutes"},"schema":{"@context":"https:\/\/schema.org","@graph":[{"@type":"Article","@id":"https:\/\/news.canadamotorjobs.com\/fr\/tesla-reduit-les-prix-des-recharges-sur-son-reseau\/#article","isPartOf":{"@id":"https:\/\/news.canadamotorjobs.com\/fr\/tesla-reduit-les-prix-des-recharges-sur-son-reseau\/"},"author":{"name":"Benoit Charette","@id":"https:\/\/news.canadamotorjobs.com\/#\/schema\/person\/51793d1f87d44011d7bcc2ed99269a90"},"headline":"Tesla r\u00e9duit les prix des recharges sur son r\u00e9seau","datePublished":"2022-11-26T13:58:19+00:00","dateModified":"2022-11-26T21:57:54+00:00","mainEntityOfPage":{"@id":"https:\/\/news.canadamotorjobs.com\/fr\/tesla-reduit-les-prix-des-recharges-sur-son-reseau\/"},"wordCount":283,"publisher":{"@id":"https:\/\/news.canadamotorjobs.com\/#organization"},"image":{"@id":"https:\/\/news.canadamotorjobs.com\/fr\/tesla-reduit-les-prix-des-recharges-sur-son-reseau\/#primaryimage"},"thumbnailUrl":"https:\/\/news.canadamotorjobs.com\/wp-content\/uploads\/2022\/11\/Model-Y-Main-Hero-Desktop-EMEA-LHD-scaled-1-1.jpg","articleSection":["Annuel automobile"],"inLanguage":"fr-CA"},{"@type":"WebPage","@id":"https:\/\/news.canadamotorjobs.com\/fr\/tesla-reduit-les-prix-des-recharges-sur-son-reseau\/","url":"https:\/\/news.canadamotorjobs.com\/fr\/tesla-reduit-les-prix-des-recharges-sur-son-reseau\/","name":"Tesla r\u00e9duit les prix des recharges sur son r\u00e9seau - CanadaMotorJobs.com","isPartOf":{"@id":"https:\/\/news.canadamotorjobs.com\/#website"},"primaryImageOfPage":{"@id":"https:\/\/news.canadamotorjobs.com\/fr\/tesla-reduit-les-prix-des-recharges-sur-son-reseau\/#primaryimage"},"image":{"@id":"https:\/\/news.canadamotorjobs.com\/fr\/tesla-reduit-les-prix-des-recharges-sur-son-reseau\/#primaryimage"},"thumbnailUrl":"https:\/\/news.canadamotorjobs.com\/wp-content\/uploads\/2022\/11\/Model-Y-Main-Hero-Desktop-EMEA-LHD-scaled-1-1.jpg","datePublished":"2022-11-26T13:58:19+00:00","dateModified":"2022-11-26T21:57:54+00:00","description":"Tesla r\u00e9duit les prix des recharges sur son r\u00e9seau - Benoit Charette - Annuel automobile - CanadaMotorJobs.com.","breadcrumb":{"@id":"https:\/\/news.canadamotorjobs.com\/fr\/tesla-reduit-les-prix-des-recharges-sur-son-reseau\/#breadcrumb"},"inLanguage":"fr-CA","potentialAction":[{"@type":"ReadAction","target":["https:\/\/news.canadamotorjobs.com\/fr\/tesla-reduit-les-prix-des-recharges-sur-son-reseau\/"]}]},{"@type":"ImageObject","inLanguage":"fr-CA","@id":"https:\/\/news.canadamotorjobs.com\/fr\/tesla-reduit-les-prix-des-recharges-sur-son-reseau\/#primaryimage","url":"https:\/\/news.canadamotorjobs.com\/wp-content\/uploads\/2022\/11\/Model-Y-Main-Hero-Desktop-EMEA-LHD-scaled-1-1.jpg","contentUrl":"https:\/\/news.canadamotorjobs.com\/wp-content\/uploads\/2022\/11\/Model-Y-Main-Hero-Desktop-EMEA-LHD-scaled-1-1.jpg","width":2560,"height":1600},{"@type":"BreadcrumbList","@id":"https:\/\/news.canadamotorjobs.com\/fr\/tesla-reduit-les-prix-des-recharges-sur-son-reseau\/#breadcrumb","itemListElement":[{"@type":"ListItem","position":1,"name":"Home","item":"https:\/\/news.canadamotorjobs.com\/fr\/blog\/"},{"@type":"ListItem","position":2,"name":"Tesla r\u00e9duit les prix des recharges sur son r\u00e9seau"}]},{"@type":"WebSite","@id":"https:\/\/news.canadamotorjobs.com\/#website","url":"https:\/\/news.canadamotorjobs.com\/","name":"CanadaMotorJobs.com","description":"Automotive Jobs","publisher":{"@id":"https:\/\/news.canadamotorjobs.com\/#organization"},"potentialAction":[{"@type":"SearchAction","target":{"@type":"EntryPoint","urlTemplate":"https:\/\/news.canadamotorjobs.com\/?s={search_term_string}"},"query-input":"required name=search_term_string"}],"inLanguage":"fr-CA"},{"@type":"Organization","@id":"https:\/\/news.canadamotorjobs.com\/#organization","name":"Canada Motor Jobs","url":"https:\/\/news.canadamotorjobs.com\/","logo":{"@type":"ImageObject","inLanguage":"fr-CA","@id":"https:\/\/news.canadamotorjobs.com\/#\/schema\/logo\/image\/","url":"https:\/\/news.canadamotorjobs.com\/wp-content\/uploads\/2022\/10\/logo-canada-motor-jobs-1.png","contentUrl":"https:\/\/news.canadamotorjobs.com\/wp-content\/uploads\/2022\/10\/logo-canada-motor-jobs-1.png","width":800,"height":400,"caption":"Canada Motor Jobs"},"image":{"@id":"https:\/\/news.canadamotorjobs.com\/#\/schema\/logo\/image\/"},"sameAs":["https:\/\/www.facebook.com\/canadamotorjobs\/","https:\/\/x.com\/canadamotorjobs","https:\/\/www.instagram.com\/canadamotorjobs\/","https:\/\/www.linkedin.com\/company\/canadamotorjobs"]},{"@type":"Person","@id":"https:\/\/news.canadamotorjobs.com\/#\/schema\/person\/51793d1f87d44011d7bcc2ed99269a90","name":"Benoit Charette","image":{"@type":"ImageObject","inLanguage":"fr-CA","@id":"https:\/\/news.canadamotorjobs.com\/#\/schema\/person\/image\/","url":"https:\/\/secure.gravatar.com\/avatar\/45f3d2eebcccd909668d7ce7ea7267b6?s=96&d=mm&r=g","contentUrl":"https:\/\/secure.gravatar.com\/avatar\/45f3d2eebcccd909668d7ce7ea7267b6?s=96&d=mm&r=g","caption":"Benoit Charette"},"description":"Benoit Charette \/ Propri\u00e9taire et r\u00e9dacteur en chef Benoit Charette pratique le journalisme automobile depuis bient\u00f4t 30 ans. Il a fait ses classes au c\u00f4t\u00e9 de Daniel H\u00e9raud et au Carnet de route de 1992 \u00e0 2001. Il est fondateur, copropri\u00e9taire et r\u00e9dacteur en chef de L\u2019Annuel de l\u2019automobile, qu\u2019il publie depuis 2001. Il a anim\u00e9 les \u00e9missions RPM et RPM+ sur V et les L\u00e9gendes de la route sur Historia. \u00c0 la radio depuis 1986, il reprend l\u2019antenne cette ann\u00e9e sur les ondes de Cogeco et participe pour la deuxi\u00e8me ann\u00e9e \u00e0 l\u2019\u00e9mission Passion Auto sur RDS en plus de mettre en ligne le site Web officiel de L\u2019Annuel de l\u2019automobile sur annuelauto.ca.","sameAs":["https:\/\/annuelauto.ca\/"],"url":"https:\/\/news.canadamotorjobs.com\/fr\/author\/benoit-charette\/"}]}},"_links":{"self":[{"href":"https:\/\/news.canadamotorjobs.com\/fr\/wp-json\/wp\/v2\/posts\/136724"}],"collection":[{"href":"https:\/\/news.canadamotorjobs.com\/fr\/wp-json\/wp\/v2\/posts"}],"about":[{"href":"https:\/\/news.canadamotorjobs.com\/fr\/wp-json\/wp\/v2\/types\/post"}],"author":[{"embeddable":true,"href":"https:\/\/news.canadamotorjobs.com\/fr\/wp-json\/wp\/v2\/users\/8"}],"replies":[{"embeddable":true,"href":"https:\/\/news.canadamotorjobs.com\/fr\/wp-json\/wp\/v2\/comments?post=136724"}],"version-history":[{"count":0,"href":"https:\/\/news.canadamotorjobs.com\/fr\/wp-json\/wp\/v2\/posts\/136724\/revisions"}],"wp:featuredmedia":[{"embeddable":true,"href":"https:\/\/news.canadamotorjobs.com\/fr\/wp-json\/wp\/v2\/media\/136728"}],"wp:attachment":[{"href":"https:\/\/news.canadamotorjobs.com\/fr\/wp-json\/wp\/v2\/media?parent=136724"}],"wp:term":[{"taxonomy":"category","embeddable":true,"href":"https:\/\/news.canadamotorjobs.com\/fr\/wp-json\/wp\/v2\/categories?post=136724"},{"taxonomy":"post_tag","embeddable":true,"href":"https:\/\/news.canadamotorjobs.com\/fr\/wp-json\/wp\/v2\/tags?post=136724"}],"curies":[{"name":"wp","href":"https:\/\/api.w.org\/{rel}","templated":true}]}}