{"id":136716,"date":"2022-11-26T08:30:21","date_gmt":"2022-11-26T13:30:21","guid":{"rendered":"https:\/\/news.canadamotorjobs.com\/consumer-reports-ne-recommande-plus-lachat-dun-ford-mustang-mach-e\/"},"modified":"2022-11-26T16:58:44","modified_gmt":"2022-11-26T21:58:44","slug":"consumer-reports-ne-recommande-plus-lachat-dun-ford-mustang-mach-e","status":"publish","type":"post","link":"https:\/\/news.canadamotorjobs.com\/fr\/consumer-reports-ne-recommande-plus-lachat-dun-ford-mustang-mach-e\/","title":{"rendered":"Consumer Reports ne recommande plus l\u2019achat d\u2019un Ford Mustang Mach-E"},"content":{"rendered":"<p>L&#8217;enqu\u00eate de fiabilit\u00e9 2022 de Consumer Reports a co\u00fbt\u00e9 \u00e0 la Ford Mustang Mach-E sa tr\u00e8s convoit\u00e9e mention &#8220;recommand\u00e9&#8221;. De plus, Ford se classe 18e sur 24 marques, soit un recul de quatre places par rapport \u00e0 l&#8217;ann\u00e9e derni\u00e8re.<\/p>\n<h3>Sept voitures qui perdent la mention recommand\u00e9e<\/h3>\n<p>La Mach-E est l&#8217;un des sept v\u00e9hicules \u00e0 avoir perdu sa cote &#8220;recommand\u00e9&#8221;. D&#8217;autres exemples tr\u00e8s m\u00e9diatis\u00e9s sont la Hyundai Elantra et la Volvo XC60. Chaque ann\u00e9e, Consumer reports envoi un sondage aux propri\u00e9taires et ces derniers soulignent tous les probl\u00e8mes qu&#8217;ils ont pu rencontrer dans 17 cat\u00e9gories diff\u00e9rentes, allant des freins \u00e0 la qualit\u00e9 de la peinture. L&#8217;enqu\u00eate ne se limite pas \u00e0 une note, mais les membres sont encourag\u00e9s \u00e0 expliquer les probl\u00e8mes qu&#8217;ils ont rencontr\u00e9s. Une fois que tout est lu et calcul\u00e9, Consumer reports se retrouve avec des donn\u00e9es sur plus de 300\u00a0000 v\u00e9hicules.<\/p>\n<h3>Les bons et les mauvais achats<\/h3>\n<p>Consumer reports tient aussi compte des r\u00e9sultats des tests de collision obtenus par l\u2019organisme IIHS. \u00c0 ce chapitre le Mach-E a bien fait. C\u2019est au chapitre de la fiabilit\u00e9 que les choses se g\u00e2tent. Selon Ford Authority, les probl\u00e8mes signal\u00e9s vont de mineurs \u00e0 majeurs. Les propri\u00e9taires ont signal\u00e9 que l&#8217;\u00e9cran d&#8217;affichage se figeait, ce qui est ennuyeux mais ne constitue pas un probl\u00e8me majeur. D&#8217;autres propri\u00e9taires ont signal\u00e9 des probl\u00e8mes avec le syst\u00e8me de charge, des probl\u00e8mes \u00e9lectriques et une d\u00e9faillance des cellules de la batterie, des probl\u00e8mes plus graves.<\/p>\n","protected":false},"excerpt":{"rendered":"<p>L&#8217;enqu\u00eate de fiabilit\u00e9 2022 de Consumer Reports a co\u00fbt\u00e9 \u00e0 la Ford Mustang Mach-E sa tr\u00e8s convoit\u00e9e mention &#8220;recommand\u00e9&#8221;. De plus, Ford se classe 18e sur 24 marques, soit un recul de quatre places par rapport \u00e0 l&#8217;ann\u00e9e derni\u00e8re. Sept voitures qui perdent la mention recommand\u00e9e La Mach-E est l&#8217;un des sept v\u00e9hicules \u00e0 avoir [&hellip;]<\/p>\n","protected":false},"author":8,"featured_media":136720,"comment_status":"close","ping_status":"closed","sticky":false,"template":"","format":"standard","meta":{"_monsterinsights_skip_tracking":false,"_monsterinsights_sitenote_active":false,"_monsterinsights_sitenote_note":"","_monsterinsights_sitenote_category":0,"footnotes":""},"categories":[101],"tags":[131],"yoast_head":"<!-- This site is optimized with the Yoast SEO plugin v23.2 - https:\/\/yoast.com\/wordpress\/plugins\/seo\/ -->\n<title>Consumer Reports ne recommande plus l\u2019achat d\u2019un Ford Mustang Mach-E - CanadaMotorJobs.com<\/title>\n<meta name=\"description\" content=\"Consumer Reports ne recommande plus l\u2019achat d\u2019un Ford Mustang Mach-E - Benoit Charette - Annuel automobile - CanadaMotorJobs.com.\" \/>\n<meta name=\"robots\" content=\"index, follow, max-snippet:-1, max-image-preview:large, max-video-preview:-1\" \/>\n<meta property=\"og:locale\" content=\"fr_CA\" \/>\n<meta property=\"og:type\" content=\"article\" \/>\n<meta property=\"og:title\" content=\"Consumer Reports ne recommande plus l\u2019achat d\u2019un Ford Mustang Mach-E - CanadaMotorJobs.com\" \/>\n<meta property=\"og:description\" content=\"Consumer Reports ne recommande plus l\u2019achat d\u2019un Ford Mustang Mach-E - Benoit Charette - Annuel automobile - CanadaMotorJobs.com.\" \/>\n<meta property=\"og:url\" content=\"https:\/\/news.canadamotorjobs.com\/fr\/consumer-reports-ne-recommande-plus-lachat-dun-ford-mustang-mach-e\/\" \/>\n<meta property=\"og:site_name\" content=\"CanadaMotorJobs.com\" \/>\n<meta property=\"article:publisher\" content=\"https:\/\/www.facebook.com\/canadamotorjobs\/\" \/>\n<meta property=\"article:published_time\" content=\"2022-11-26T13:30:21+00:00\" \/>\n<meta property=\"article:modified_time\" content=\"2022-11-26T21:58:44+00:00\" \/>\n<meta property=\"og:image\" content=\"https:\/\/news.canadamotorjobs.com\/wp-content\/uploads\/2022\/11\/IMG_3800-1.jpg\" \/>\n\t<meta property=\"og:image:width\" content=\"1333\" \/>\n\t<meta property=\"og:image:height\" content=\"1000\" \/>\n\t<meta property=\"og:image:type\" content=\"image\/jpeg\" \/>\n<meta name=\"author\" content=\"Benoit Charette\" \/>\n<meta name=\"twitter:card\" content=\"summary_large_image\" \/>\n<meta name=\"twitter:creator\" content=\"@canadamotorjobs\" \/>\n<meta name=\"twitter:site\" content=\"@canadamotorjobs\" \/>\n<meta name=\"twitter:label1\" content=\"\u00c9crit par\" \/>\n\t<meta name=\"twitter:data1\" content=\"Benoit Charette\" \/>\n\t<meta name=\"twitter:label2\" content=\"Estimation du temps de lecture\" \/>\n\t<meta name=\"twitter:data2\" content=\"2 minutes\" \/>\n<!-- \/ Yoast SEO plugin. -->","yoast_head_json":{"title":"Consumer Reports ne recommande plus l\u2019achat d\u2019un Ford Mustang Mach-E - CanadaMotorJobs.com","description":"Consumer Reports ne recommande plus l\u2019achat d\u2019un Ford Mustang Mach-E - Benoit Charette - Annuel automobile - CanadaMotorJobs.com.","robots":{"index":"index","follow":"follow","max-snippet":"max-snippet:-1","max-image-preview":"max-image-preview:large","max-video-preview":"max-video-preview:-1"},"og_locale":"fr_CA","og_type":"article","og_title":"Consumer Reports ne recommande plus l\u2019achat d\u2019un Ford Mustang Mach-E - CanadaMotorJobs.com","og_description":"Consumer Reports ne recommande plus l\u2019achat d\u2019un Ford Mustang Mach-E - Benoit Charette - Annuel automobile - CanadaMotorJobs.com.","og_url":"https:\/\/news.canadamotorjobs.com\/fr\/consumer-reports-ne-recommande-plus-lachat-dun-ford-mustang-mach-e\/","og_site_name":"CanadaMotorJobs.com","article_publisher":"https:\/\/www.facebook.com\/canadamotorjobs\/","article_published_time":"2022-11-26T13:30:21+00:00","article_modified_time":"2022-11-26T21:58:44+00:00","og_image":[{"width":1333,"height":1000,"url":"https:\/\/news.canadamotorjobs.com\/wp-content\/uploads\/2022\/11\/IMG_3800-1.jpg","type":"image\/jpeg"}],"author":"Benoit Charette","twitter_card":"summary_large_image","twitter_creator":"@canadamotorjobs","twitter_site":"@canadamotorjobs","twitter_misc":{"\u00c9crit par":"Benoit Charette","Estimation du temps de lecture":"2 minutes"},"schema":{"@context":"https:\/\/schema.org","@graph":[{"@type":"Article","@id":"https:\/\/news.canadamotorjobs.com\/fr\/consumer-reports-ne-recommande-plus-lachat-dun-ford-mustang-mach-e\/#article","isPartOf":{"@id":"https:\/\/news.canadamotorjobs.com\/fr\/consumer-reports-ne-recommande-plus-lachat-dun-ford-mustang-mach-e\/"},"author":{"name":"Benoit Charette","@id":"https:\/\/news.canadamotorjobs.com\/#\/schema\/person\/51793d1f87d44011d7bcc2ed99269a90"},"headline":"Consumer Reports ne recommande plus l\u2019achat d\u2019un Ford Mustang Mach-E","datePublished":"2022-11-26T13:30:21+00:00","dateModified":"2022-11-26T21:58:44+00:00","mainEntityOfPage":{"@id":"https:\/\/news.canadamotorjobs.com\/fr\/consumer-reports-ne-recommande-plus-lachat-dun-ford-mustang-mach-e\/"},"wordCount":287,"publisher":{"@id":"https:\/\/news.canadamotorjobs.com\/#organization"},"image":{"@id":"https:\/\/news.canadamotorjobs.com\/fr\/consumer-reports-ne-recommande-plus-lachat-dun-ford-mustang-mach-e\/#primaryimage"},"thumbnailUrl":"https:\/\/news.canadamotorjobs.com\/wp-content\/uploads\/2022\/11\/IMG_3800-1.jpg","keywords":["Newsletter"],"articleSection":["Annuel automobile"],"inLanguage":"fr-CA"},{"@type":"WebPage","@id":"https:\/\/news.canadamotorjobs.com\/fr\/consumer-reports-ne-recommande-plus-lachat-dun-ford-mustang-mach-e\/","url":"https:\/\/news.canadamotorjobs.com\/fr\/consumer-reports-ne-recommande-plus-lachat-dun-ford-mustang-mach-e\/","name":"Consumer Reports ne recommande plus l\u2019achat d\u2019un Ford Mustang Mach-E - CanadaMotorJobs.com","isPartOf":{"@id":"https:\/\/news.canadamotorjobs.com\/#website"},"primaryImageOfPage":{"@id":"https:\/\/news.canadamotorjobs.com\/fr\/consumer-reports-ne-recommande-plus-lachat-dun-ford-mustang-mach-e\/#primaryimage"},"image":{"@id":"https:\/\/news.canadamotorjobs.com\/fr\/consumer-reports-ne-recommande-plus-lachat-dun-ford-mustang-mach-e\/#primaryimage"},"thumbnailUrl":"https:\/\/news.canadamotorjobs.com\/wp-content\/uploads\/2022\/11\/IMG_3800-1.jpg","datePublished":"2022-11-26T13:30:21+00:00","dateModified":"2022-11-26T21:58:44+00:00","description":"Consumer Reports ne recommande plus l\u2019achat d\u2019un Ford Mustang Mach-E - Benoit Charette - Annuel automobile - CanadaMotorJobs.com.","breadcrumb":{"@id":"https:\/\/news.canadamotorjobs.com\/fr\/consumer-reports-ne-recommande-plus-lachat-dun-ford-mustang-mach-e\/#breadcrumb"},"inLanguage":"fr-CA","potentialAction":[{"@type":"ReadAction","target":["https:\/\/news.canadamotorjobs.com\/fr\/consumer-reports-ne-recommande-plus-lachat-dun-ford-mustang-mach-e\/"]}]},{"@type":"ImageObject","inLanguage":"fr-CA","@id":"https:\/\/news.canadamotorjobs.com\/fr\/consumer-reports-ne-recommande-plus-lachat-dun-ford-mustang-mach-e\/#primaryimage","url":"https:\/\/news.canadamotorjobs.com\/wp-content\/uploads\/2022\/11\/IMG_3800-1.jpg","contentUrl":"https:\/\/news.canadamotorjobs.com\/wp-content\/uploads\/2022\/11\/IMG_3800-1.jpg","width":1333,"height":1000},{"@type":"BreadcrumbList","@id":"https:\/\/news.canadamotorjobs.com\/fr\/consumer-reports-ne-recommande-plus-lachat-dun-ford-mustang-mach-e\/#breadcrumb","itemListElement":[{"@type":"ListItem","position":1,"name":"Home","item":"https:\/\/news.canadamotorjobs.com\/fr\/blog\/"},{"@type":"ListItem","position":2,"name":"Consumer Reports ne recommande plus l\u2019achat d\u2019un Ford Mustang Mach-E"}]},{"@type":"WebSite","@id":"https:\/\/news.canadamotorjobs.com\/#website","url":"https:\/\/news.canadamotorjobs.com\/","name":"CanadaMotorJobs.com","description":"Automotive Jobs","publisher":{"@id":"https:\/\/news.canadamotorjobs.com\/#organization"},"potentialAction":[{"@type":"SearchAction","target":{"@type":"EntryPoint","urlTemplate":"https:\/\/news.canadamotorjobs.com\/?s={search_term_string}"},"query-input":"required name=search_term_string"}],"inLanguage":"fr-CA"},{"@type":"Organization","@id":"https:\/\/news.canadamotorjobs.com\/#organization","name":"Canada Motor Jobs","url":"https:\/\/news.canadamotorjobs.com\/","logo":{"@type":"ImageObject","inLanguage":"fr-CA","@id":"https:\/\/news.canadamotorjobs.com\/#\/schema\/logo\/image\/","url":"https:\/\/news.canadamotorjobs.com\/wp-content\/uploads\/2022\/10\/logo-canada-motor-jobs-1.png","contentUrl":"https:\/\/news.canadamotorjobs.com\/wp-content\/uploads\/2022\/10\/logo-canada-motor-jobs-1.png","width":800,"height":400,"caption":"Canada Motor Jobs"},"image":{"@id":"https:\/\/news.canadamotorjobs.com\/#\/schema\/logo\/image\/"},"sameAs":["https:\/\/www.facebook.com\/canadamotorjobs\/","https:\/\/x.com\/canadamotorjobs","https:\/\/www.instagram.com\/canadamotorjobs\/","https:\/\/www.linkedin.com\/company\/canadamotorjobs"]},{"@type":"Person","@id":"https:\/\/news.canadamotorjobs.com\/#\/schema\/person\/51793d1f87d44011d7bcc2ed99269a90","name":"Benoit Charette","image":{"@type":"ImageObject","inLanguage":"fr-CA","@id":"https:\/\/news.canadamotorjobs.com\/#\/schema\/person\/image\/","url":"https:\/\/secure.gravatar.com\/avatar\/45f3d2eebcccd909668d7ce7ea7267b6?s=96&d=mm&r=g","contentUrl":"https:\/\/secure.gravatar.com\/avatar\/45f3d2eebcccd909668d7ce7ea7267b6?s=96&d=mm&r=g","caption":"Benoit Charette"},"description":"Benoit Charette \/ Propri\u00e9taire et r\u00e9dacteur en chef Benoit Charette pratique le journalisme automobile depuis bient\u00f4t 30 ans. Il a fait ses classes au c\u00f4t\u00e9 de Daniel H\u00e9raud et au Carnet de route de 1992 \u00e0 2001. Il est fondateur, copropri\u00e9taire et r\u00e9dacteur en chef de L\u2019Annuel de l\u2019automobile, qu\u2019il publie depuis 2001. Il a anim\u00e9 les \u00e9missions RPM et RPM+ sur V et les L\u00e9gendes de la route sur Historia. \u00c0 la radio depuis 1986, il reprend l\u2019antenne cette ann\u00e9e sur les ondes de Cogeco et participe pour la deuxi\u00e8me ann\u00e9e \u00e0 l\u2019\u00e9mission Passion Auto sur RDS en plus de mettre en ligne le site Web officiel de L\u2019Annuel de l\u2019automobile sur annuelauto.ca.","sameAs":["https:\/\/annuelauto.ca\/"],"url":"https:\/\/news.canadamotorjobs.com\/fr\/author\/benoit-charette\/"}]}},"_links":{"self":[{"href":"https:\/\/news.canadamotorjobs.com\/fr\/wp-json\/wp\/v2\/posts\/136716"}],"collection":[{"href":"https:\/\/news.canadamotorjobs.com\/fr\/wp-json\/wp\/v2\/posts"}],"about":[{"href":"https:\/\/news.canadamotorjobs.com\/fr\/wp-json\/wp\/v2\/types\/post"}],"author":[{"embeddable":true,"href":"https:\/\/news.canadamotorjobs.com\/fr\/wp-json\/wp\/v2\/users\/8"}],"replies":[{"embeddable":true,"href":"https:\/\/news.canadamotorjobs.com\/fr\/wp-json\/wp\/v2\/comments?post=136716"}],"version-history":[{"count":0,"href":"https:\/\/news.canadamotorjobs.com\/fr\/wp-json\/wp\/v2\/posts\/136716\/revisions"}],"wp:featuredmedia":[{"embeddable":true,"href":"https:\/\/news.canadamotorjobs.com\/fr\/wp-json\/wp\/v2\/media\/136720"}],"wp:attachment":[{"href":"https:\/\/news.canadamotorjobs.com\/fr\/wp-json\/wp\/v2\/media?parent=136716"}],"wp:term":[{"taxonomy":"category","embeddable":true,"href":"https:\/\/news.canadamotorjobs.com\/fr\/wp-json\/wp\/v2\/categories?post=136716"},{"taxonomy":"post_tag","embeddable":true,"href":"https:\/\/news.canadamotorjobs.com\/fr\/wp-json\/wp\/v2\/tags?post=136716"}],"curies":[{"name":"wp","href":"https:\/\/api.w.org\/{rel}","templated":true}]}}