{"id":136671,"date":"2022-11-24T06:51:36","date_gmt":"2022-11-24T11:51:36","guid":{"rendered":"https:\/\/news.canadamotorjobs.com\/aceman-lavenir-electrique-de-mini\/"},"modified":"2022-11-24T06:58:54","modified_gmt":"2022-11-24T11:58:54","slug":"aceman-lavenir-electrique-de-mini","status":"publish","type":"post","link":"https:\/\/news.canadamotorjobs.com\/fr\/aceman-lavenir-electrique-de-mini\/","title":{"rendered":"Aceman\u00a0: L\u2019avenir \u00e9lectrique de MINI"},"content":{"rendered":"<\/p>\n<p>On a vu le prototype Aceman l\u2019\u00e9t\u00e9 dernier, et voil\u00e0 qu\u2019il est un peu plus pr\u00e8s de devenir r\u00e9alit\u00e9. \u00c0 moins que la direction de BMW pr\u00e9f\u00e8re ressusciter le nom du Paceman, l\u2019esp\u00e8ce de petite familiale \u00e0 hayon lat\u00e9ral qu\u2019on a bien connu au cours de la derni\u00e8re d\u00e9cennie chez Mini\u2009?<br \/> Allez savoir.<br \/> Ce qu\u2019on sait, c\u2019est que le futur Aceman est d\u00e9j\u00e0 \u00e0 l\u2019essai sur la route en Europe. Il s\u2019agit d\u2019un petit utilitaire plus urbain et sportif que r\u00e9ellement utile, et qu\u2019il sera exclusivement \u00e9lectrique. Il pourrait \u00eatre mis en march\u00e9 en 2024 ou en 2025, ce qui laisserait le temps \u00e0 Mini de lancer une nouvelle version du Countryman qui serait un peu plus spacieux, et ce qui cr\u00e9erait un peu plus de place dans son catalogue pour un deuxi\u00e8me v\u00e9hicule utilitaire.<\/p>\n<p> C\u00f4t\u00e9 m\u00e9canique, l\u2019Aceman partagera probablement la m\u00e9canique que la Mini Cooper \u00e9lectrique qui est attendue l\u2019an prochain. On s\u2019attend \u00e0 un moteur d\u2019au moins 135 kilowatts, soit environ 180 chevaux, et \u00e0 une autonomie de 300 ou 400 kilom\u00e8tres par charge. Une version plus dynamique de 215 chevaux serait aussi dans les plans.<\/p>\n<p> La bonne nouvelle\u00a0: c\u2019est beaucoup mieux que l\u2019autonomie tr\u00e8s d\u00e9cevante de la MINI \u00e9lectrique qui est le seul mod\u00e8le 100\u00a0% \u00e9lectrique actuellement vendu par Mini. La moins bonne\u00a0: sous les 400 km par charge, l\u2019Aceman risque lui aussi d\u2019\u00eatre \u00e0 la tra\u00eene dans un march\u00e9 o\u00f9 les petits VUS \u00e9lectriques comparables ont d\u00e9j\u00e0 une autonomie bien sup\u00e9rieure \u00e0 cela. <\/p>\n","protected":false},"excerpt":{"rendered":"<p>On a vu le prototype Aceman l\u2019\u00e9t\u00e9 dernier, et voil\u00e0 qu\u2019il est un peu plus pr\u00e8s de devenir r\u00e9alit\u00e9. \u00c0 moins que la direction de BMW pr\u00e9f\u00e8re ressusciter le nom du Paceman, l\u2019esp\u00e8ce de petite familiale \u00e0 hayon lat\u00e9ral qu\u2019on a bien connu au cours de la derni\u00e8re d\u00e9cennie chez Mini\u2009? Allez savoir. Ce qu\u2019on [&hellip;]<\/p>\n","protected":false},"author":8,"featured_media":136675,"comment_status":"close","ping_status":"closed","sticky":false,"template":"","format":"standard","meta":{"_monsterinsights_skip_tracking":false,"_monsterinsights_sitenote_active":false,"_monsterinsights_sitenote_note":"","_monsterinsights_sitenote_category":0,"footnotes":""},"categories":[101],"tags":[],"yoast_head":"<!-- This site is optimized with the Yoast SEO plugin v23.2 - https:\/\/yoast.com\/wordpress\/plugins\/seo\/ -->\n<title>Aceman\u00a0: L\u2019avenir \u00e9lectrique de MINI - CanadaMotorJobs.com<\/title>\n<meta name=\"description\" content=\"Aceman\u00a0: L\u2019avenir \u00e9lectrique de MINI - Benoit Charette - Annuel automobile - CanadaMotorJobs.com.\" \/>\n<meta name=\"robots\" content=\"index, follow, max-snippet:-1, max-image-preview:large, max-video-preview:-1\" \/>\n<meta property=\"og:locale\" content=\"fr_CA\" \/>\n<meta property=\"og:type\" content=\"article\" \/>\n<meta property=\"og:title\" content=\"Aceman\u00a0: L\u2019avenir \u00e9lectrique de MINI - CanadaMotorJobs.com\" \/>\n<meta property=\"og:description\" content=\"Aceman\u00a0: L\u2019avenir \u00e9lectrique de MINI - Benoit Charette - Annuel automobile - CanadaMotorJobs.com.\" \/>\n<meta property=\"og:url\" content=\"https:\/\/news.canadamotorjobs.com\/fr\/aceman-lavenir-electrique-de-mini\/\" \/>\n<meta property=\"og:site_name\" content=\"CanadaMotorJobs.com\" \/>\n<meta property=\"article:publisher\" content=\"https:\/\/www.facebook.com\/canadamotorjobs\/\" \/>\n<meta property=\"article:published_time\" content=\"2022-11-24T11:51:36+00:00\" \/>\n<meta property=\"article:modified_time\" content=\"2022-11-24T11:58:54+00:00\" \/>\n<meta property=\"og:image\" content=\"https:\/\/news.canadamotorjobs.com\/wp-content\/uploads\/2022\/11\/535910-mini-aceman-un-concept-de-vus-electrique-haut-en-couleur-1.jpeg\" \/>\n\t<meta property=\"og:image:width\" content=\"1920\" \/>\n\t<meta property=\"og:image:height\" content=\"1200\" \/>\n\t<meta property=\"og:image:type\" content=\"image\/jpeg\" \/>\n<meta name=\"author\" content=\"Benoit Charette\" \/>\n<meta name=\"twitter:card\" content=\"summary_large_image\" \/>\n<meta name=\"twitter:creator\" content=\"@canadamotorjobs\" \/>\n<meta name=\"twitter:site\" content=\"@canadamotorjobs\" \/>\n<meta name=\"twitter:label1\" content=\"\u00c9crit par\" \/>\n\t<meta name=\"twitter:data1\" content=\"Benoit Charette\" \/>\n\t<meta name=\"twitter:label2\" content=\"Estimation du temps de lecture\" \/>\n\t<meta name=\"twitter:data2\" content=\"1 minute\" \/>\n<!-- \/ Yoast SEO plugin. -->","yoast_head_json":{"title":"Aceman\u00a0: L\u2019avenir \u00e9lectrique de MINI - CanadaMotorJobs.com","description":"Aceman\u00a0: L\u2019avenir \u00e9lectrique de MINI - Benoit Charette - Annuel automobile - CanadaMotorJobs.com.","robots":{"index":"index","follow":"follow","max-snippet":"max-snippet:-1","max-image-preview":"max-image-preview:large","max-video-preview":"max-video-preview:-1"},"og_locale":"fr_CA","og_type":"article","og_title":"Aceman\u00a0: L\u2019avenir \u00e9lectrique de MINI - CanadaMotorJobs.com","og_description":"Aceman\u00a0: L\u2019avenir \u00e9lectrique de MINI - Benoit Charette - Annuel automobile - CanadaMotorJobs.com.","og_url":"https:\/\/news.canadamotorjobs.com\/fr\/aceman-lavenir-electrique-de-mini\/","og_site_name":"CanadaMotorJobs.com","article_publisher":"https:\/\/www.facebook.com\/canadamotorjobs\/","article_published_time":"2022-11-24T11:51:36+00:00","article_modified_time":"2022-11-24T11:58:54+00:00","og_image":[{"width":1920,"height":1200,"url":"https:\/\/news.canadamotorjobs.com\/wp-content\/uploads\/2022\/11\/535910-mini-aceman-un-concept-de-vus-electrique-haut-en-couleur-1.jpeg","type":"image\/jpeg"}],"author":"Benoit Charette","twitter_card":"summary_large_image","twitter_creator":"@canadamotorjobs","twitter_site":"@canadamotorjobs","twitter_misc":{"\u00c9crit par":"Benoit Charette","Estimation du temps de lecture":"1 minute"},"schema":{"@context":"https:\/\/schema.org","@graph":[{"@type":"Article","@id":"https:\/\/news.canadamotorjobs.com\/fr\/aceman-lavenir-electrique-de-mini\/#article","isPartOf":{"@id":"https:\/\/news.canadamotorjobs.com\/fr\/aceman-lavenir-electrique-de-mini\/"},"author":{"name":"Benoit Charette","@id":"https:\/\/news.canadamotorjobs.com\/#\/schema\/person\/51793d1f87d44011d7bcc2ed99269a90"},"headline":"Aceman\u00a0: L\u2019avenir \u00e9lectrique de MINI","datePublished":"2022-11-24T11:51:36+00:00","dateModified":"2022-11-24T11:58:54+00:00","mainEntityOfPage":{"@id":"https:\/\/news.canadamotorjobs.com\/fr\/aceman-lavenir-electrique-de-mini\/"},"wordCount":277,"publisher":{"@id":"https:\/\/news.canadamotorjobs.com\/#organization"},"image":{"@id":"https:\/\/news.canadamotorjobs.com\/fr\/aceman-lavenir-electrique-de-mini\/#primaryimage"},"thumbnailUrl":"https:\/\/news.canadamotorjobs.com\/wp-content\/uploads\/2022\/11\/535910-mini-aceman-un-concept-de-vus-electrique-haut-en-couleur-1.jpeg","articleSection":["Annuel automobile"],"inLanguage":"fr-CA"},{"@type":"WebPage","@id":"https:\/\/news.canadamotorjobs.com\/fr\/aceman-lavenir-electrique-de-mini\/","url":"https:\/\/news.canadamotorjobs.com\/fr\/aceman-lavenir-electrique-de-mini\/","name":"Aceman\u00a0: L\u2019avenir \u00e9lectrique de MINI - CanadaMotorJobs.com","isPartOf":{"@id":"https:\/\/news.canadamotorjobs.com\/#website"},"primaryImageOfPage":{"@id":"https:\/\/news.canadamotorjobs.com\/fr\/aceman-lavenir-electrique-de-mini\/#primaryimage"},"image":{"@id":"https:\/\/news.canadamotorjobs.com\/fr\/aceman-lavenir-electrique-de-mini\/#primaryimage"},"thumbnailUrl":"https:\/\/news.canadamotorjobs.com\/wp-content\/uploads\/2022\/11\/535910-mini-aceman-un-concept-de-vus-electrique-haut-en-couleur-1.jpeg","datePublished":"2022-11-24T11:51:36+00:00","dateModified":"2022-11-24T11:58:54+00:00","description":"Aceman\u00a0: L\u2019avenir \u00e9lectrique de MINI - Benoit Charette - Annuel automobile - CanadaMotorJobs.com.","breadcrumb":{"@id":"https:\/\/news.canadamotorjobs.com\/fr\/aceman-lavenir-electrique-de-mini\/#breadcrumb"},"inLanguage":"fr-CA","potentialAction":[{"@type":"ReadAction","target":["https:\/\/news.canadamotorjobs.com\/fr\/aceman-lavenir-electrique-de-mini\/"]}]},{"@type":"ImageObject","inLanguage":"fr-CA","@id":"https:\/\/news.canadamotorjobs.com\/fr\/aceman-lavenir-electrique-de-mini\/#primaryimage","url":"https:\/\/news.canadamotorjobs.com\/wp-content\/uploads\/2022\/11\/535910-mini-aceman-un-concept-de-vus-electrique-haut-en-couleur-1.jpeg","contentUrl":"https:\/\/news.canadamotorjobs.com\/wp-content\/uploads\/2022\/11\/535910-mini-aceman-un-concept-de-vus-electrique-haut-en-couleur-1.jpeg","width":1920,"height":1200},{"@type":"BreadcrumbList","@id":"https:\/\/news.canadamotorjobs.com\/fr\/aceman-lavenir-electrique-de-mini\/#breadcrumb","itemListElement":[{"@type":"ListItem","position":1,"name":"Home","item":"https:\/\/news.canadamotorjobs.com\/fr\/blog\/"},{"@type":"ListItem","position":2,"name":"Aceman\u00a0: L\u2019avenir \u00e9lectrique de MINI"}]},{"@type":"WebSite","@id":"https:\/\/news.canadamotorjobs.com\/#website","url":"https:\/\/news.canadamotorjobs.com\/","name":"CanadaMotorJobs.com","description":"Automotive Jobs","publisher":{"@id":"https:\/\/news.canadamotorjobs.com\/#organization"},"potentialAction":[{"@type":"SearchAction","target":{"@type":"EntryPoint","urlTemplate":"https:\/\/news.canadamotorjobs.com\/?s={search_term_string}"},"query-input":"required name=search_term_string"}],"inLanguage":"fr-CA"},{"@type":"Organization","@id":"https:\/\/news.canadamotorjobs.com\/#organization","name":"Canada Motor Jobs","url":"https:\/\/news.canadamotorjobs.com\/","logo":{"@type":"ImageObject","inLanguage":"fr-CA","@id":"https:\/\/news.canadamotorjobs.com\/#\/schema\/logo\/image\/","url":"https:\/\/news.canadamotorjobs.com\/wp-content\/uploads\/2022\/10\/logo-canada-motor-jobs-1.png","contentUrl":"https:\/\/news.canadamotorjobs.com\/wp-content\/uploads\/2022\/10\/logo-canada-motor-jobs-1.png","width":800,"height":400,"caption":"Canada Motor Jobs"},"image":{"@id":"https:\/\/news.canadamotorjobs.com\/#\/schema\/logo\/image\/"},"sameAs":["https:\/\/www.facebook.com\/canadamotorjobs\/","https:\/\/x.com\/canadamotorjobs","https:\/\/www.instagram.com\/canadamotorjobs\/","https:\/\/www.linkedin.com\/company\/canadamotorjobs"]},{"@type":"Person","@id":"https:\/\/news.canadamotorjobs.com\/#\/schema\/person\/51793d1f87d44011d7bcc2ed99269a90","name":"Benoit Charette","image":{"@type":"ImageObject","inLanguage":"fr-CA","@id":"https:\/\/news.canadamotorjobs.com\/#\/schema\/person\/image\/","url":"https:\/\/secure.gravatar.com\/avatar\/45f3d2eebcccd909668d7ce7ea7267b6?s=96&d=mm&r=g","contentUrl":"https:\/\/secure.gravatar.com\/avatar\/45f3d2eebcccd909668d7ce7ea7267b6?s=96&d=mm&r=g","caption":"Benoit Charette"},"description":"Benoit Charette \/ Propri\u00e9taire et r\u00e9dacteur en chef Benoit Charette pratique le journalisme automobile depuis bient\u00f4t 30 ans. Il a fait ses classes au c\u00f4t\u00e9 de Daniel H\u00e9raud et au Carnet de route de 1992 \u00e0 2001. Il est fondateur, copropri\u00e9taire et r\u00e9dacteur en chef de L\u2019Annuel de l\u2019automobile, qu\u2019il publie depuis 2001. Il a anim\u00e9 les \u00e9missions RPM et RPM+ sur V et les L\u00e9gendes de la route sur Historia. \u00c0 la radio depuis 1986, il reprend l\u2019antenne cette ann\u00e9e sur les ondes de Cogeco et participe pour la deuxi\u00e8me ann\u00e9e \u00e0 l\u2019\u00e9mission Passion Auto sur RDS en plus de mettre en ligne le site Web officiel de L\u2019Annuel de l\u2019automobile sur annuelauto.ca.","sameAs":["https:\/\/annuelauto.ca\/"],"url":"https:\/\/news.canadamotorjobs.com\/fr\/author\/benoit-charette\/"}]}},"_links":{"self":[{"href":"https:\/\/news.canadamotorjobs.com\/fr\/wp-json\/wp\/v2\/posts\/136671"}],"collection":[{"href":"https:\/\/news.canadamotorjobs.com\/fr\/wp-json\/wp\/v2\/posts"}],"about":[{"href":"https:\/\/news.canadamotorjobs.com\/fr\/wp-json\/wp\/v2\/types\/post"}],"author":[{"embeddable":true,"href":"https:\/\/news.canadamotorjobs.com\/fr\/wp-json\/wp\/v2\/users\/8"}],"replies":[{"embeddable":true,"href":"https:\/\/news.canadamotorjobs.com\/fr\/wp-json\/wp\/v2\/comments?post=136671"}],"version-history":[{"count":0,"href":"https:\/\/news.canadamotorjobs.com\/fr\/wp-json\/wp\/v2\/posts\/136671\/revisions"}],"wp:featuredmedia":[{"embeddable":true,"href":"https:\/\/news.canadamotorjobs.com\/fr\/wp-json\/wp\/v2\/media\/136675"}],"wp:attachment":[{"href":"https:\/\/news.canadamotorjobs.com\/fr\/wp-json\/wp\/v2\/media?parent=136671"}],"wp:term":[{"taxonomy":"category","embeddable":true,"href":"https:\/\/news.canadamotorjobs.com\/fr\/wp-json\/wp\/v2\/categories?post=136671"},{"taxonomy":"post_tag","embeddable":true,"href":"https:\/\/news.canadamotorjobs.com\/fr\/wp-json\/wp\/v2\/tags?post=136671"}],"curies":[{"name":"wp","href":"https:\/\/api.w.org\/{rel}","templated":true}]}}