{"id":136647,"date":"2022-11-23T16:53:21","date_gmt":"2022-11-23T21:53:21","guid":{"rendered":"https:\/\/news.canadamotorjobs.com\/plus-de-15-million-de-personnes-attendent-le-cybertruck\/"},"modified":"2022-11-23T16:58:54","modified_gmt":"2022-11-23T21:58:54","slug":"plus-de-15-million-de-personnes-attendent-le-cybertruck","status":"publish","type":"post","link":"https:\/\/news.canadamotorjobs.com\/fr\/plus-de-15-million-de-personnes-attendent-le-cybertruck\/","title":{"rendered":"Plus de 1,5 million de personnes attendent le Cybertruck"},"content":{"rendered":"<\/p>\n<p>Il y a d\u2019un c\u00f4t\u00e9 ceux qui sont convaincus que ce camion qui semble avoir \u00e9t\u00e9 dessin\u00e9 par un enfant de sept ans n\u2019est qu\u2019une blague et de l\u2019autre ceux qui ne tiennent plus en place tellement ils ont h\u00e2te de pouvoir mettre la main sur leur camion.<br \/> 250\u00a0000 commandes dans la premi\u00e8re semaine<br \/> Une semaine seulement apr\u00e8s sa pr\u00e9sentation en novembre 2019, tesla avait re\u00e7u 250\u00a0000 d\u00e9p\u00f4ts de 100 $. Depuis, on attend toujours le d\u00e9but de la production qui a \u00e9t\u00e9 repouss\u00e9 en 2023. Plus de 1,5 million de personnes ont vers\u00e9 un acompte pour faire la queue pour le prochain Tesla Cybertruck. On ne conna\u00eet pas encore les versions d\u00e9finitives et le prix.<br \/> Plus difficile \u00e0 fabriquer que pr\u00e9vu<br \/> Tesla a sans doute mal \u00e9valu\u00e9 la complexit\u00e9 de construction du camion et c\u2019est ce qui explique (partiellement) selon des gens proches du dossier les nombreux retards. Des d\u00e9tails sur le camion ont \u00e9t\u00e9 modifi\u00e9s et retir\u00e9s du site Web du constructeur automobile depuis leur annonce en 2019, ce qui laisse encore un certain doute sur le r\u00e9sultat final. Cela n&#8217;a en rien refroidi l&#8217;enthousiasme pour ce camion au style controvers\u00e9, que Tesla et Elon Musk ont souvent pr\u00e9sent\u00e9 comme le meilleur produit jamais fabriqu\u00e9 par l&#8217;entreprise.<br \/> Quel sera le temps d\u2019attente<br \/> La question sur toutes les l\u00e8vres : Quel sera le temps d\u2019attente si les 1,5 million de demandes se transforment en achat ferme ? Il n\u2019y a non plus de r\u00e9ponse \u00e0 cette question. En juin<\/p>\n","protected":false},"excerpt":{"rendered":"<p>Il y a d\u2019un c\u00f4t\u00e9 ceux qui sont convaincus que ce camion qui semble avoir \u00e9t\u00e9 dessin\u00e9 par un enfant de sept ans n\u2019est qu\u2019une blague et de l\u2019autre ceux qui ne tiennent plus en place tellement ils ont h\u00e2te de pouvoir mettre la main sur leur camion. 250\u00a0000 commandes dans la premi\u00e8re semaine Une [&hellip;]<\/p>\n","protected":false},"author":8,"featured_media":136651,"comment_status":"close","ping_status":"closed","sticky":false,"template":"","format":"standard","meta":{"_monsterinsights_skip_tracking":false,"_monsterinsights_sitenote_active":false,"_monsterinsights_sitenote_note":"","_monsterinsights_sitenote_category":0,"footnotes":""},"categories":[101],"tags":[],"yoast_head":"<!-- This site is optimized with the Yoast SEO plugin v23.2 - https:\/\/yoast.com\/wordpress\/plugins\/seo\/ -->\n<title>Plus de 1,5 million de personnes attendent le Cybertruck - CanadaMotorJobs.com<\/title>\n<meta name=\"description\" content=\"Plus de 1,5 million de personnes attendent le Cybertruck - Benoit Charette - Annuel automobile - CanadaMotorJobs.com.\" \/>\n<meta name=\"robots\" content=\"index, follow, max-snippet:-1, max-image-preview:large, max-video-preview:-1\" \/>\n<meta property=\"og:locale\" content=\"fr_CA\" \/>\n<meta property=\"og:type\" content=\"article\" \/>\n<meta property=\"og:title\" content=\"Plus de 1,5 million de personnes attendent le Cybertruck - CanadaMotorJobs.com\" \/>\n<meta property=\"og:description\" content=\"Plus de 1,5 million de personnes attendent le Cybertruck - Benoit Charette - Annuel automobile - CanadaMotorJobs.com.\" \/>\n<meta property=\"og:url\" content=\"https:\/\/news.canadamotorjobs.com\/fr\/plus-de-15-million-de-personnes-attendent-le-cybertruck\/\" \/>\n<meta property=\"og:site_name\" content=\"CanadaMotorJobs.com\" \/>\n<meta property=\"article:publisher\" content=\"https:\/\/www.facebook.com\/canadamotorjobs\/\" \/>\n<meta property=\"article:published_time\" content=\"2022-11-23T21:53:21+00:00\" \/>\n<meta property=\"article:modified_time\" content=\"2022-11-23T21:58:54+00:00\" \/>\n<meta property=\"og:image\" content=\"https:\/\/news.canadamotorjobs.com\/wp-content\/uploads\/2022\/11\/cybertruck-2-1.jpg\" \/>\n\t<meta property=\"og:image:width\" content=\"1280\" \/>\n\t<meta property=\"og:image:height\" content=\"720\" \/>\n\t<meta property=\"og:image:type\" content=\"image\/jpeg\" \/>\n<meta name=\"author\" content=\"Benoit Charette\" \/>\n<meta name=\"twitter:card\" content=\"summary_large_image\" \/>\n<meta name=\"twitter:creator\" content=\"@canadamotorjobs\" \/>\n<meta name=\"twitter:site\" content=\"@canadamotorjobs\" \/>\n<meta name=\"twitter:label1\" content=\"\u00c9crit par\" \/>\n\t<meta name=\"twitter:data1\" content=\"Benoit Charette\" \/>\n\t<meta name=\"twitter:label2\" content=\"Estimation du temps de lecture\" \/>\n\t<meta name=\"twitter:data2\" content=\"1 minute\" \/>\n<!-- \/ Yoast SEO plugin. -->","yoast_head_json":{"title":"Plus de 1,5 million de personnes attendent le Cybertruck - CanadaMotorJobs.com","description":"Plus de 1,5 million de personnes attendent le Cybertruck - Benoit Charette - Annuel automobile - CanadaMotorJobs.com.","robots":{"index":"index","follow":"follow","max-snippet":"max-snippet:-1","max-image-preview":"max-image-preview:large","max-video-preview":"max-video-preview:-1"},"og_locale":"fr_CA","og_type":"article","og_title":"Plus de 1,5 million de personnes attendent le Cybertruck - CanadaMotorJobs.com","og_description":"Plus de 1,5 million de personnes attendent le Cybertruck - Benoit Charette - Annuel automobile - CanadaMotorJobs.com.","og_url":"https:\/\/news.canadamotorjobs.com\/fr\/plus-de-15-million-de-personnes-attendent-le-cybertruck\/","og_site_name":"CanadaMotorJobs.com","article_publisher":"https:\/\/www.facebook.com\/canadamotorjobs\/","article_published_time":"2022-11-23T21:53:21+00:00","article_modified_time":"2022-11-23T21:58:54+00:00","og_image":[{"width":1280,"height":720,"url":"https:\/\/news.canadamotorjobs.com\/wp-content\/uploads\/2022\/11\/cybertruck-2-1.jpg","type":"image\/jpeg"}],"author":"Benoit Charette","twitter_card":"summary_large_image","twitter_creator":"@canadamotorjobs","twitter_site":"@canadamotorjobs","twitter_misc":{"\u00c9crit par":"Benoit Charette","Estimation du temps de lecture":"1 minute"},"schema":{"@context":"https:\/\/schema.org","@graph":[{"@type":"Article","@id":"https:\/\/news.canadamotorjobs.com\/fr\/plus-de-15-million-de-personnes-attendent-le-cybertruck\/#article","isPartOf":{"@id":"https:\/\/news.canadamotorjobs.com\/fr\/plus-de-15-million-de-personnes-attendent-le-cybertruck\/"},"author":{"name":"Benoit Charette","@id":"https:\/\/news.canadamotorjobs.com\/#\/schema\/person\/51793d1f87d44011d7bcc2ed99269a90"},"headline":"Plus de 1,5 million de personnes attendent le Cybertruck","datePublished":"2022-11-23T21:53:21+00:00","dateModified":"2022-11-23T21:58:54+00:00","mainEntityOfPage":{"@id":"https:\/\/news.canadamotorjobs.com\/fr\/plus-de-15-million-de-personnes-attendent-le-cybertruck\/"},"wordCount":275,"publisher":{"@id":"https:\/\/news.canadamotorjobs.com\/#organization"},"image":{"@id":"https:\/\/news.canadamotorjobs.com\/fr\/plus-de-15-million-de-personnes-attendent-le-cybertruck\/#primaryimage"},"thumbnailUrl":"https:\/\/news.canadamotorjobs.com\/wp-content\/uploads\/2022\/11\/cybertruck-2-1.jpg","articleSection":["Annuel automobile"],"inLanguage":"fr-CA"},{"@type":"WebPage","@id":"https:\/\/news.canadamotorjobs.com\/fr\/plus-de-15-million-de-personnes-attendent-le-cybertruck\/","url":"https:\/\/news.canadamotorjobs.com\/fr\/plus-de-15-million-de-personnes-attendent-le-cybertruck\/","name":"Plus de 1,5 million de personnes attendent le Cybertruck - CanadaMotorJobs.com","isPartOf":{"@id":"https:\/\/news.canadamotorjobs.com\/#website"},"primaryImageOfPage":{"@id":"https:\/\/news.canadamotorjobs.com\/fr\/plus-de-15-million-de-personnes-attendent-le-cybertruck\/#primaryimage"},"image":{"@id":"https:\/\/news.canadamotorjobs.com\/fr\/plus-de-15-million-de-personnes-attendent-le-cybertruck\/#primaryimage"},"thumbnailUrl":"https:\/\/news.canadamotorjobs.com\/wp-content\/uploads\/2022\/11\/cybertruck-2-1.jpg","datePublished":"2022-11-23T21:53:21+00:00","dateModified":"2022-11-23T21:58:54+00:00","description":"Plus de 1,5 million de personnes attendent le Cybertruck - Benoit Charette - Annuel automobile - CanadaMotorJobs.com.","breadcrumb":{"@id":"https:\/\/news.canadamotorjobs.com\/fr\/plus-de-15-million-de-personnes-attendent-le-cybertruck\/#breadcrumb"},"inLanguage":"fr-CA","potentialAction":[{"@type":"ReadAction","target":["https:\/\/news.canadamotorjobs.com\/fr\/plus-de-15-million-de-personnes-attendent-le-cybertruck\/"]}]},{"@type":"ImageObject","inLanguage":"fr-CA","@id":"https:\/\/news.canadamotorjobs.com\/fr\/plus-de-15-million-de-personnes-attendent-le-cybertruck\/#primaryimage","url":"https:\/\/news.canadamotorjobs.com\/wp-content\/uploads\/2022\/11\/cybertruck-2-1.jpg","contentUrl":"https:\/\/news.canadamotorjobs.com\/wp-content\/uploads\/2022\/11\/cybertruck-2-1.jpg","width":1280,"height":720},{"@type":"BreadcrumbList","@id":"https:\/\/news.canadamotorjobs.com\/fr\/plus-de-15-million-de-personnes-attendent-le-cybertruck\/#breadcrumb","itemListElement":[{"@type":"ListItem","position":1,"name":"Home","item":"https:\/\/news.canadamotorjobs.com\/fr\/blog\/"},{"@type":"ListItem","position":2,"name":"Plus de 1,5 million de personnes attendent le Cybertruck"}]},{"@type":"WebSite","@id":"https:\/\/news.canadamotorjobs.com\/#website","url":"https:\/\/news.canadamotorjobs.com\/","name":"CanadaMotorJobs.com","description":"Automotive Jobs","publisher":{"@id":"https:\/\/news.canadamotorjobs.com\/#organization"},"potentialAction":[{"@type":"SearchAction","target":{"@type":"EntryPoint","urlTemplate":"https:\/\/news.canadamotorjobs.com\/?s={search_term_string}"},"query-input":"required name=search_term_string"}],"inLanguage":"fr-CA"},{"@type":"Organization","@id":"https:\/\/news.canadamotorjobs.com\/#organization","name":"Canada Motor Jobs","url":"https:\/\/news.canadamotorjobs.com\/","logo":{"@type":"ImageObject","inLanguage":"fr-CA","@id":"https:\/\/news.canadamotorjobs.com\/#\/schema\/logo\/image\/","url":"https:\/\/news.canadamotorjobs.com\/wp-content\/uploads\/2022\/10\/logo-canada-motor-jobs-1.png","contentUrl":"https:\/\/news.canadamotorjobs.com\/wp-content\/uploads\/2022\/10\/logo-canada-motor-jobs-1.png","width":800,"height":400,"caption":"Canada Motor Jobs"},"image":{"@id":"https:\/\/news.canadamotorjobs.com\/#\/schema\/logo\/image\/"},"sameAs":["https:\/\/www.facebook.com\/canadamotorjobs\/","https:\/\/x.com\/canadamotorjobs","https:\/\/www.instagram.com\/canadamotorjobs\/","https:\/\/www.linkedin.com\/company\/canadamotorjobs"]},{"@type":"Person","@id":"https:\/\/news.canadamotorjobs.com\/#\/schema\/person\/51793d1f87d44011d7bcc2ed99269a90","name":"Benoit Charette","image":{"@type":"ImageObject","inLanguage":"fr-CA","@id":"https:\/\/news.canadamotorjobs.com\/#\/schema\/person\/image\/","url":"https:\/\/secure.gravatar.com\/avatar\/45f3d2eebcccd909668d7ce7ea7267b6?s=96&d=mm&r=g","contentUrl":"https:\/\/secure.gravatar.com\/avatar\/45f3d2eebcccd909668d7ce7ea7267b6?s=96&d=mm&r=g","caption":"Benoit Charette"},"description":"Benoit Charette \/ Propri\u00e9taire et r\u00e9dacteur en chef Benoit Charette pratique le journalisme automobile depuis bient\u00f4t 30 ans. Il a fait ses classes au c\u00f4t\u00e9 de Daniel H\u00e9raud et au Carnet de route de 1992 \u00e0 2001. Il est fondateur, copropri\u00e9taire et r\u00e9dacteur en chef de L\u2019Annuel de l\u2019automobile, qu\u2019il publie depuis 2001. Il a anim\u00e9 les \u00e9missions RPM et RPM+ sur V et les L\u00e9gendes de la route sur Historia. \u00c0 la radio depuis 1986, il reprend l\u2019antenne cette ann\u00e9e sur les ondes de Cogeco et participe pour la deuxi\u00e8me ann\u00e9e \u00e0 l\u2019\u00e9mission Passion Auto sur RDS en plus de mettre en ligne le site Web officiel de L\u2019Annuel de l\u2019automobile sur annuelauto.ca.","sameAs":["https:\/\/annuelauto.ca\/"],"url":"https:\/\/news.canadamotorjobs.com\/fr\/author\/benoit-charette\/"}]}},"_links":{"self":[{"href":"https:\/\/news.canadamotorjobs.com\/fr\/wp-json\/wp\/v2\/posts\/136647"}],"collection":[{"href":"https:\/\/news.canadamotorjobs.com\/fr\/wp-json\/wp\/v2\/posts"}],"about":[{"href":"https:\/\/news.canadamotorjobs.com\/fr\/wp-json\/wp\/v2\/types\/post"}],"author":[{"embeddable":true,"href":"https:\/\/news.canadamotorjobs.com\/fr\/wp-json\/wp\/v2\/users\/8"}],"replies":[{"embeddable":true,"href":"https:\/\/news.canadamotorjobs.com\/fr\/wp-json\/wp\/v2\/comments?post=136647"}],"version-history":[{"count":0,"href":"https:\/\/news.canadamotorjobs.com\/fr\/wp-json\/wp\/v2\/posts\/136647\/revisions"}],"wp:featuredmedia":[{"embeddable":true,"href":"https:\/\/news.canadamotorjobs.com\/fr\/wp-json\/wp\/v2\/media\/136651"}],"wp:attachment":[{"href":"https:\/\/news.canadamotorjobs.com\/fr\/wp-json\/wp\/v2\/media?parent=136647"}],"wp:term":[{"taxonomy":"category","embeddable":true,"href":"https:\/\/news.canadamotorjobs.com\/fr\/wp-json\/wp\/v2\/categories?post=136647"},{"taxonomy":"post_tag","embeddable":true,"href":"https:\/\/news.canadamotorjobs.com\/fr\/wp-json\/wp\/v2\/tags?post=136647"}],"curies":[{"name":"wp","href":"https:\/\/api.w.org\/{rel}","templated":true}]}}