{"id":136631,"date":"2022-11-22T14:35:41","date_gmt":"2022-11-22T19:35:41","guid":{"rendered":"https:\/\/news.canadamotorjobs.com\/ford-rappelle-un-demi-million-de-camions-f-150-pour-des-essuie-glaces-defectueux\/"},"modified":"2022-11-22T14:43:50","modified_gmt":"2022-11-22T19:43:50","slug":"ford-rappelle-un-demi-million-de-camions-f-150-pour-des-essuie-glaces-defectueux","status":"publish","type":"post","link":"https:\/\/news.canadamotorjobs.com\/fr\/ford-rappelle-un-demi-million-de-camions-f-150-pour-des-essuie-glaces-defectueux\/","title":{"rendered":"Ford rappelle un demi-million de camions F-150 pour des essuie-glaces d\u00e9fectueux"},"content":{"rendered":"<\/p>\n<p>Un d\u00e9faut au moteur d&#8217;essuie-glace peut potentiellement causer un s\u00e9rieux probl\u00e8me de visibilit\u00e9. Ford a inform\u00e9 la National Highway Transportation Safety Administration (NHTSA) qu&#8217;elle rappelait environ 550 000 exemplaires de sa camionnette F-150 en raison du non-fonctionnement potentiel des essuie-glaces de pare-brise d\u00fb \u00e0 un moteur d&#8217;essuie-glace d\u00e9fectueux.<\/p>\n<p> Plus de 100\u00a0000 v\u00e9hicules au Canada<br \/> Un probl\u00e8me qui devient potentiellement dangereux en cas d\u2019averses augmentant le risque de collision. Au total, l&#8217;ovale bleu rappelle 453\u00a0650 camions aux \u00c9tats-Unis et 103\u00a0076 au Canada. Selon Ford, le probl\u00e8me peut se produire parce que des pointes de tension transitoires \u00e9lev\u00e9es et des bornes \u00e9lectriques de mauvaise qualit\u00e9 endommagent les cartes de circuits int\u00e9gr\u00e9s des moteurs d&#8217;essuie-glace.<\/p>\n<p> Mod\u00e8les 2020 et 2021<br \/> Le rappel concerne sp\u00e9cifiquement les camions construits entre le 8 janvier 2020 et le 22 mars 2021. Heureusement, Ford affirme ne pas avoir connaissance d&#8217;accidents ou de blessures li\u00e9s \u00e0 ce probl\u00e8me. Il est important de noter que les F-150 construits \u00e0 l&#8217;usine de camions Ford de Dearborn entre le 3 mai 2021 et le 10 septembre 2021 ne sont pas inclus dans ce rappel pour une raison simple : ils ont \u00e9t\u00e9 construits avec un moteur d&#8217;essuie-glace de conception diff\u00e9rente en raison de la p\u00e9nurie de puces \u00e0 semi-conducteurs \u00e0 l&#8217;\u00e9poque.<br \/> Huit rappels pour le F-150 cette ann\u00e9e<br \/> Avant ce rappel, plusieurs propri\u00e9taires de F-150 de 2022 se sont plaints de probl\u00e8mes d&#8217;essuie-glace. Les plaintes les plus r\u00e9centes ont eu lieu en octobre et novembre, les propri\u00e9taires se plaignant \u00e0 juste<\/p>\n","protected":false},"excerpt":{"rendered":"<p>Un d\u00e9faut au moteur d&#8217;essuie-glace peut potentiellement causer un s\u00e9rieux probl\u00e8me de visibilit\u00e9. Ford a inform\u00e9 la National Highway Transportation Safety Administration (NHTSA) qu&#8217;elle rappelait environ 550 000 exemplaires de sa camionnette F-150 en raison du non-fonctionnement potentiel des essuie-glaces de pare-brise d\u00fb \u00e0 un moteur d&#8217;essuie-glace d\u00e9fectueux. Plus de 100\u00a0000 v\u00e9hicules au Canada Un [&hellip;]<\/p>\n","protected":false},"author":8,"featured_media":136635,"comment_status":"close","ping_status":"closed","sticky":false,"template":"","format":"standard","meta":{"_monsterinsights_skip_tracking":false,"_monsterinsights_sitenote_active":false,"_monsterinsights_sitenote_note":"","_monsterinsights_sitenote_category":0,"footnotes":""},"categories":[101],"tags":[],"yoast_head":"<!-- This site is optimized with the Yoast SEO plugin v23.2 - https:\/\/yoast.com\/wordpress\/plugins\/seo\/ -->\n<title>Ford rappelle un demi-million de camions F-150 pour des essuie-glaces d\u00e9fectueux - CanadaMotorJobs.com<\/title>\n<meta name=\"description\" content=\"Ford rappelle un demi-million de camions F-150 pour des essuie-glaces d\u00e9fectueux - Benoit Charette - Annuel automobile - CanadaMotorJobs.com.\" \/>\n<meta name=\"robots\" content=\"index, follow, max-snippet:-1, max-image-preview:large, max-video-preview:-1\" \/>\n<meta property=\"og:locale\" content=\"fr_CA\" \/>\n<meta property=\"og:type\" content=\"article\" \/>\n<meta property=\"og:title\" content=\"Ford rappelle un demi-million de camions F-150 pour des essuie-glaces d\u00e9fectueux - CanadaMotorJobs.com\" \/>\n<meta property=\"og:description\" content=\"Ford rappelle un demi-million de camions F-150 pour des essuie-glaces d\u00e9fectueux - Benoit Charette - Annuel automobile - CanadaMotorJobs.com.\" \/>\n<meta property=\"og:url\" content=\"https:\/\/news.canadamotorjobs.com\/fr\/ford-rappelle-un-demi-million-de-camions-f-150-pour-des-essuie-glaces-defectueux\/\" \/>\n<meta property=\"og:site_name\" content=\"CanadaMotorJobs.com\" \/>\n<meta property=\"article:publisher\" content=\"https:\/\/www.facebook.com\/canadamotorjobs\/\" \/>\n<meta property=\"article:published_time\" content=\"2022-11-22T19:35:41+00:00\" \/>\n<meta property=\"article:modified_time\" content=\"2022-11-22T19:43:50+00:00\" \/>\n<meta property=\"og:image\" content=\"https:\/\/news.canadamotorjobs.com\/wp-content\/uploads\/2022\/11\/2021-Ford-F-150-Space-White_o-1.jpg\" \/>\n\t<meta property=\"og:image:width\" content=\"2160\" \/>\n\t<meta property=\"og:image:height\" content=\"1215\" \/>\n\t<meta property=\"og:image:type\" content=\"image\/jpeg\" \/>\n<meta name=\"author\" content=\"Benoit Charette\" \/>\n<meta name=\"twitter:card\" content=\"summary_large_image\" \/>\n<meta name=\"twitter:creator\" content=\"@canadamotorjobs\" \/>\n<meta name=\"twitter:site\" content=\"@canadamotorjobs\" \/>\n<meta name=\"twitter:label1\" content=\"\u00c9crit par\" \/>\n\t<meta name=\"twitter:data1\" content=\"Benoit Charette\" \/>\n\t<meta name=\"twitter:label2\" content=\"Estimation du temps de lecture\" \/>\n\t<meta name=\"twitter:data2\" content=\"1 minute\" \/>\n<!-- \/ Yoast SEO plugin. -->","yoast_head_json":{"title":"Ford rappelle un demi-million de camions F-150 pour des essuie-glaces d\u00e9fectueux - CanadaMotorJobs.com","description":"Ford rappelle un demi-million de camions F-150 pour des essuie-glaces d\u00e9fectueux - Benoit Charette - Annuel automobile - CanadaMotorJobs.com.","robots":{"index":"index","follow":"follow","max-snippet":"max-snippet:-1","max-image-preview":"max-image-preview:large","max-video-preview":"max-video-preview:-1"},"og_locale":"fr_CA","og_type":"article","og_title":"Ford rappelle un demi-million de camions F-150 pour des essuie-glaces d\u00e9fectueux - CanadaMotorJobs.com","og_description":"Ford rappelle un demi-million de camions F-150 pour des essuie-glaces d\u00e9fectueux - Benoit Charette - Annuel automobile - CanadaMotorJobs.com.","og_url":"https:\/\/news.canadamotorjobs.com\/fr\/ford-rappelle-un-demi-million-de-camions-f-150-pour-des-essuie-glaces-defectueux\/","og_site_name":"CanadaMotorJobs.com","article_publisher":"https:\/\/www.facebook.com\/canadamotorjobs\/","article_published_time":"2022-11-22T19:35:41+00:00","article_modified_time":"2022-11-22T19:43:50+00:00","og_image":[{"width":2160,"height":1215,"url":"https:\/\/news.canadamotorjobs.com\/wp-content\/uploads\/2022\/11\/2021-Ford-F-150-Space-White_o-1.jpg","type":"image\/jpeg"}],"author":"Benoit Charette","twitter_card":"summary_large_image","twitter_creator":"@canadamotorjobs","twitter_site":"@canadamotorjobs","twitter_misc":{"\u00c9crit par":"Benoit Charette","Estimation du temps de lecture":"1 minute"},"schema":{"@context":"https:\/\/schema.org","@graph":[{"@type":"Article","@id":"https:\/\/news.canadamotorjobs.com\/fr\/ford-rappelle-un-demi-million-de-camions-f-150-pour-des-essuie-glaces-defectueux\/#article","isPartOf":{"@id":"https:\/\/news.canadamotorjobs.com\/fr\/ford-rappelle-un-demi-million-de-camions-f-150-pour-des-essuie-glaces-defectueux\/"},"author":{"name":"Benoit Charette","@id":"https:\/\/news.canadamotorjobs.com\/#\/schema\/person\/51793d1f87d44011d7bcc2ed99269a90"},"headline":"Ford rappelle un demi-million de camions F-150 pour des essuie-glaces d\u00e9fectueux","datePublished":"2022-11-22T19:35:41+00:00","dateModified":"2022-11-22T19:43:50+00:00","mainEntityOfPage":{"@id":"https:\/\/news.canadamotorjobs.com\/fr\/ford-rappelle-un-demi-million-de-camions-f-150-pour-des-essuie-glaces-defectueux\/"},"wordCount":269,"publisher":{"@id":"https:\/\/news.canadamotorjobs.com\/#organization"},"image":{"@id":"https:\/\/news.canadamotorjobs.com\/fr\/ford-rappelle-un-demi-million-de-camions-f-150-pour-des-essuie-glaces-defectueux\/#primaryimage"},"thumbnailUrl":"https:\/\/news.canadamotorjobs.com\/wp-content\/uploads\/2022\/11\/2021-Ford-F-150-Space-White_o-1.jpg","articleSection":["Annuel automobile"],"inLanguage":"fr-CA"},{"@type":"WebPage","@id":"https:\/\/news.canadamotorjobs.com\/fr\/ford-rappelle-un-demi-million-de-camions-f-150-pour-des-essuie-glaces-defectueux\/","url":"https:\/\/news.canadamotorjobs.com\/fr\/ford-rappelle-un-demi-million-de-camions-f-150-pour-des-essuie-glaces-defectueux\/","name":"Ford rappelle un demi-million de camions F-150 pour des essuie-glaces d\u00e9fectueux - CanadaMotorJobs.com","isPartOf":{"@id":"https:\/\/news.canadamotorjobs.com\/#website"},"primaryImageOfPage":{"@id":"https:\/\/news.canadamotorjobs.com\/fr\/ford-rappelle-un-demi-million-de-camions-f-150-pour-des-essuie-glaces-defectueux\/#primaryimage"},"image":{"@id":"https:\/\/news.canadamotorjobs.com\/fr\/ford-rappelle-un-demi-million-de-camions-f-150-pour-des-essuie-glaces-defectueux\/#primaryimage"},"thumbnailUrl":"https:\/\/news.canadamotorjobs.com\/wp-content\/uploads\/2022\/11\/2021-Ford-F-150-Space-White_o-1.jpg","datePublished":"2022-11-22T19:35:41+00:00","dateModified":"2022-11-22T19:43:50+00:00","description":"Ford rappelle un demi-million de camions F-150 pour des essuie-glaces d\u00e9fectueux - Benoit Charette - Annuel automobile - CanadaMotorJobs.com.","breadcrumb":{"@id":"https:\/\/news.canadamotorjobs.com\/fr\/ford-rappelle-un-demi-million-de-camions-f-150-pour-des-essuie-glaces-defectueux\/#breadcrumb"},"inLanguage":"fr-CA","potentialAction":[{"@type":"ReadAction","target":["https:\/\/news.canadamotorjobs.com\/fr\/ford-rappelle-un-demi-million-de-camions-f-150-pour-des-essuie-glaces-defectueux\/"]}]},{"@type":"ImageObject","inLanguage":"fr-CA","@id":"https:\/\/news.canadamotorjobs.com\/fr\/ford-rappelle-un-demi-million-de-camions-f-150-pour-des-essuie-glaces-defectueux\/#primaryimage","url":"https:\/\/news.canadamotorjobs.com\/wp-content\/uploads\/2022\/11\/2021-Ford-F-150-Space-White_o-1.jpg","contentUrl":"https:\/\/news.canadamotorjobs.com\/wp-content\/uploads\/2022\/11\/2021-Ford-F-150-Space-White_o-1.jpg","width":2160,"height":1215},{"@type":"BreadcrumbList","@id":"https:\/\/news.canadamotorjobs.com\/fr\/ford-rappelle-un-demi-million-de-camions-f-150-pour-des-essuie-glaces-defectueux\/#breadcrumb","itemListElement":[{"@type":"ListItem","position":1,"name":"Home","item":"https:\/\/news.canadamotorjobs.com\/fr\/blog\/"},{"@type":"ListItem","position":2,"name":"Ford rappelle un demi-million de camions F-150 pour des essuie-glaces d\u00e9fectueux"}]},{"@type":"WebSite","@id":"https:\/\/news.canadamotorjobs.com\/#website","url":"https:\/\/news.canadamotorjobs.com\/","name":"CanadaMotorJobs.com","description":"Automotive Jobs","publisher":{"@id":"https:\/\/news.canadamotorjobs.com\/#organization"},"potentialAction":[{"@type":"SearchAction","target":{"@type":"EntryPoint","urlTemplate":"https:\/\/news.canadamotorjobs.com\/?s={search_term_string}"},"query-input":"required name=search_term_string"}],"inLanguage":"fr-CA"},{"@type":"Organization","@id":"https:\/\/news.canadamotorjobs.com\/#organization","name":"Canada Motor Jobs","url":"https:\/\/news.canadamotorjobs.com\/","logo":{"@type":"ImageObject","inLanguage":"fr-CA","@id":"https:\/\/news.canadamotorjobs.com\/#\/schema\/logo\/image\/","url":"https:\/\/news.canadamotorjobs.com\/wp-content\/uploads\/2022\/10\/logo-canada-motor-jobs-1.png","contentUrl":"https:\/\/news.canadamotorjobs.com\/wp-content\/uploads\/2022\/10\/logo-canada-motor-jobs-1.png","width":800,"height":400,"caption":"Canada Motor Jobs"},"image":{"@id":"https:\/\/news.canadamotorjobs.com\/#\/schema\/logo\/image\/"},"sameAs":["https:\/\/www.facebook.com\/canadamotorjobs\/","https:\/\/x.com\/canadamotorjobs","https:\/\/www.instagram.com\/canadamotorjobs\/","https:\/\/www.linkedin.com\/company\/canadamotorjobs"]},{"@type":"Person","@id":"https:\/\/news.canadamotorjobs.com\/#\/schema\/person\/51793d1f87d44011d7bcc2ed99269a90","name":"Benoit Charette","image":{"@type":"ImageObject","inLanguage":"fr-CA","@id":"https:\/\/news.canadamotorjobs.com\/#\/schema\/person\/image\/","url":"https:\/\/secure.gravatar.com\/avatar\/45f3d2eebcccd909668d7ce7ea7267b6?s=96&d=mm&r=g","contentUrl":"https:\/\/secure.gravatar.com\/avatar\/45f3d2eebcccd909668d7ce7ea7267b6?s=96&d=mm&r=g","caption":"Benoit Charette"},"description":"Benoit Charette \/ Propri\u00e9taire et r\u00e9dacteur en chef Benoit Charette pratique le journalisme automobile depuis bient\u00f4t 30 ans. Il a fait ses classes au c\u00f4t\u00e9 de Daniel H\u00e9raud et au Carnet de route de 1992 \u00e0 2001. Il est fondateur, copropri\u00e9taire et r\u00e9dacteur en chef de L\u2019Annuel de l\u2019automobile, qu\u2019il publie depuis 2001. Il a anim\u00e9 les \u00e9missions RPM et RPM+ sur V et les L\u00e9gendes de la route sur Historia. \u00c0 la radio depuis 1986, il reprend l\u2019antenne cette ann\u00e9e sur les ondes de Cogeco et participe pour la deuxi\u00e8me ann\u00e9e \u00e0 l\u2019\u00e9mission Passion Auto sur RDS en plus de mettre en ligne le site Web officiel de L\u2019Annuel de l\u2019automobile sur annuelauto.ca.","sameAs":["https:\/\/annuelauto.ca\/"],"url":"https:\/\/news.canadamotorjobs.com\/fr\/author\/benoit-charette\/"}]}},"_links":{"self":[{"href":"https:\/\/news.canadamotorjobs.com\/fr\/wp-json\/wp\/v2\/posts\/136631"}],"collection":[{"href":"https:\/\/news.canadamotorjobs.com\/fr\/wp-json\/wp\/v2\/posts"}],"about":[{"href":"https:\/\/news.canadamotorjobs.com\/fr\/wp-json\/wp\/v2\/types\/post"}],"author":[{"embeddable":true,"href":"https:\/\/news.canadamotorjobs.com\/fr\/wp-json\/wp\/v2\/users\/8"}],"replies":[{"embeddable":true,"href":"https:\/\/news.canadamotorjobs.com\/fr\/wp-json\/wp\/v2\/comments?post=136631"}],"version-history":[{"count":0,"href":"https:\/\/news.canadamotorjobs.com\/fr\/wp-json\/wp\/v2\/posts\/136631\/revisions"}],"wp:featuredmedia":[{"embeddable":true,"href":"https:\/\/news.canadamotorjobs.com\/fr\/wp-json\/wp\/v2\/media\/136635"}],"wp:attachment":[{"href":"https:\/\/news.canadamotorjobs.com\/fr\/wp-json\/wp\/v2\/media?parent=136631"}],"wp:term":[{"taxonomy":"category","embeddable":true,"href":"https:\/\/news.canadamotorjobs.com\/fr\/wp-json\/wp\/v2\/categories?post=136631"},{"taxonomy":"post_tag","embeddable":true,"href":"https:\/\/news.canadamotorjobs.com\/fr\/wp-json\/wp\/v2\/tags?post=136631"}],"curies":[{"name":"wp","href":"https:\/\/api.w.org\/{rel}","templated":true}]}}