{"id":136623,"date":"2022-11-22T11:28:40","date_gmt":"2022-11-22T16:28:40","guid":{"rendered":"https:\/\/news.canadamotorjobs.com\/rivian-livre-finalement-son-premier-vehicule-au-canada\/"},"modified":"2022-11-22T11:30:30","modified_gmt":"2022-11-22T16:30:30","slug":"rivian-livre-finalement-son-premier-vehicule-au-canada","status":"publish","type":"post","link":"https:\/\/news.canadamotorjobs.com\/fr\/rivian-livre-finalement-son-premier-vehicule-au-canada\/","title":{"rendered":"Rivian livre finalement son premier v\u00e9hicule au Canada"},"content":{"rendered":"<\/p>\n<p>Apr\u00e8s une longue attente, les premiers v\u00e9hicules Rivian ont pris la route de la Colombie-Britannique. Une camionnette R1T et un v\u00e9hicule utilitaire sport R1S ont \u00e9t\u00e9 remis \u00e0 deux employ\u00e9s de Rivian \u00e0 Vancouver.<br \/> Des mois de retard<br \/> Plus t\u00f4t cette ann\u00e9e, Rivian a d\u00e9clar\u00e9 \u00e0 Automotive News Canada que les premi\u00e8res livraisons canadiennes de ses R1T et R1S \u00e9taient pr\u00e9vues pour le mois de juillet. La jeune entreprise a organis\u00e9 un week-end portes ouvertes \u00e0 Vancouver qui a attir\u00e9 environ 1 500 invit\u00e9s, certains sur la liste d&#8217;attente pour leur Rivian, et d\u2019autres simplement curieux.\u00a0 Rivian a plus de 160 employ\u00e9s au Canada, a d\u00e9clar\u00e9 la responsable des communications Miranda Jimenez, principalement \u00e0 Vancouver et comprenant un large segment de son \u00e9quipe mondiale de d\u00e9veloppement de logiciels travaillant sur les applications mobiles et les syst\u00e8mes d&#8217;infodivertissement des v\u00e9hicules.<br \/> Pas de boutiques ou de salles d\u2019exposition<br \/> Contrairement \u00e0 Vinfast qui vient d\u2019ouvrir une boutique \u00e0 Toronto et s\u2019en vient \u00e0 Laval ou encore Lucid, Rivian n\u2019a pas pr\u00e9vu une salle d&#8217;exposition au public. Rivian qui poss\u00e8de un centre de service interne dans la banlieue de Richmond et d&#8217;autres encore sont situ\u00e9s dans d&#8217;autres r\u00e9gions du Canada. La soci\u00e9t\u00e9 a d\u00e9clar\u00e9 qu&#8217;elle avait l&#8217;intention d&#8217;augmenter son effectif canadien d&#8217;environ 100 personnes au cours de l&#8217;ann\u00e9e prochaine, notamment dans le domaine du d\u00e9veloppement de logiciels et du service et de la livraison de v\u00e9hicules dans d&#8217;autres march\u00e9s cibles en Alberta, en Ontario et au Qu\u00e9bec.<br \/> Plus de 100 000\u00a0$<br \/> Le R1T d\u00e9bute<\/p>\n","protected":false},"excerpt":{"rendered":"<p>Apr\u00e8s une longue attente, les premiers v\u00e9hicules Rivian ont pris la route de la Colombie-Britannique. Une camionnette R1T et un v\u00e9hicule utilitaire sport R1S ont \u00e9t\u00e9 remis \u00e0 deux employ\u00e9s de Rivian \u00e0 Vancouver. Des mois de retard Plus t\u00f4t cette ann\u00e9e, Rivian a d\u00e9clar\u00e9 \u00e0 Automotive News Canada que les premi\u00e8res livraisons canadiennes de [&hellip;]<\/p>\n","protected":false},"author":8,"featured_media":136627,"comment_status":"close","ping_status":"closed","sticky":false,"template":"","format":"standard","meta":{"_monsterinsights_skip_tracking":false,"_monsterinsights_sitenote_active":false,"_monsterinsights_sitenote_note":"","_monsterinsights_sitenote_category":0,"footnotes":""},"categories":[101],"tags":[],"yoast_head":"<!-- This site is optimized with the Yoast SEO plugin v23.2 - https:\/\/yoast.com\/wordpress\/plugins\/seo\/ -->\n<title>Rivian livre finalement son premier v\u00e9hicule au Canada - CanadaMotorJobs.com<\/title>\n<meta name=\"description\" content=\"Rivian livre finalement son premier v\u00e9hicule au Canada - Benoit Charette - Annuel automobile - CanadaMotorJobs.com.\" \/>\n<meta name=\"robots\" content=\"index, follow, max-snippet:-1, max-image-preview:large, max-video-preview:-1\" \/>\n<meta property=\"og:locale\" content=\"fr_CA\" \/>\n<meta property=\"og:type\" content=\"article\" \/>\n<meta property=\"og:title\" content=\"Rivian livre finalement son premier v\u00e9hicule au Canada - CanadaMotorJobs.com\" \/>\n<meta property=\"og:description\" content=\"Rivian livre finalement son premier v\u00e9hicule au Canada - Benoit Charette - Annuel automobile - CanadaMotorJobs.com.\" \/>\n<meta property=\"og:url\" content=\"https:\/\/news.canadamotorjobs.com\/fr\/rivian-livre-finalement-son-premier-vehicule-au-canada\/\" \/>\n<meta property=\"og:site_name\" content=\"CanadaMotorJobs.com\" \/>\n<meta property=\"article:publisher\" content=\"https:\/\/www.facebook.com\/canadamotorjobs\/\" \/>\n<meta property=\"article:published_time\" content=\"2022-11-22T16:28:40+00:00\" \/>\n<meta property=\"article:modified_time\" content=\"2022-11-22T16:30:30+00:00\" \/>\n<meta property=\"og:image\" content=\"https:\/\/news.canadamotorjobs.com\/wp-content\/uploads\/2022\/11\/Rivian-Open-House-1.jpg\" \/>\n\t<meta property=\"og:image:width\" content=\"1200\" \/>\n\t<meta property=\"og:image:height\" content=\"740\" \/>\n\t<meta property=\"og:image:type\" content=\"image\/jpeg\" \/>\n<meta name=\"author\" content=\"Benoit Charette\" \/>\n<meta name=\"twitter:card\" content=\"summary_large_image\" \/>\n<meta name=\"twitter:creator\" content=\"@canadamotorjobs\" \/>\n<meta name=\"twitter:site\" content=\"@canadamotorjobs\" \/>\n<meta name=\"twitter:label1\" content=\"\u00c9crit par\" \/>\n\t<meta name=\"twitter:data1\" content=\"Benoit Charette\" \/>\n\t<meta name=\"twitter:label2\" content=\"Estimation du temps de lecture\" \/>\n\t<meta name=\"twitter:data2\" content=\"1 minute\" \/>\n<!-- \/ Yoast SEO plugin. -->","yoast_head_json":{"title":"Rivian livre finalement son premier v\u00e9hicule au Canada - CanadaMotorJobs.com","description":"Rivian livre finalement son premier v\u00e9hicule au Canada - Benoit Charette - Annuel automobile - CanadaMotorJobs.com.","robots":{"index":"index","follow":"follow","max-snippet":"max-snippet:-1","max-image-preview":"max-image-preview:large","max-video-preview":"max-video-preview:-1"},"og_locale":"fr_CA","og_type":"article","og_title":"Rivian livre finalement son premier v\u00e9hicule au Canada - CanadaMotorJobs.com","og_description":"Rivian livre finalement son premier v\u00e9hicule au Canada - Benoit Charette - Annuel automobile - CanadaMotorJobs.com.","og_url":"https:\/\/news.canadamotorjobs.com\/fr\/rivian-livre-finalement-son-premier-vehicule-au-canada\/","og_site_name":"CanadaMotorJobs.com","article_publisher":"https:\/\/www.facebook.com\/canadamotorjobs\/","article_published_time":"2022-11-22T16:28:40+00:00","article_modified_time":"2022-11-22T16:30:30+00:00","og_image":[{"width":1200,"height":740,"url":"https:\/\/news.canadamotorjobs.com\/wp-content\/uploads\/2022\/11\/Rivian-Open-House-1.jpg","type":"image\/jpeg"}],"author":"Benoit Charette","twitter_card":"summary_large_image","twitter_creator":"@canadamotorjobs","twitter_site":"@canadamotorjobs","twitter_misc":{"\u00c9crit par":"Benoit Charette","Estimation du temps de lecture":"1 minute"},"schema":{"@context":"https:\/\/schema.org","@graph":[{"@type":"Article","@id":"https:\/\/news.canadamotorjobs.com\/fr\/rivian-livre-finalement-son-premier-vehicule-au-canada\/#article","isPartOf":{"@id":"https:\/\/news.canadamotorjobs.com\/fr\/rivian-livre-finalement-son-premier-vehicule-au-canada\/"},"author":{"name":"Benoit Charette","@id":"https:\/\/news.canadamotorjobs.com\/#\/schema\/person\/51793d1f87d44011d7bcc2ed99269a90"},"headline":"Rivian livre finalement son premier v\u00e9hicule au Canada","datePublished":"2022-11-22T16:28:40+00:00","dateModified":"2022-11-22T16:30:30+00:00","mainEntityOfPage":{"@id":"https:\/\/news.canadamotorjobs.com\/fr\/rivian-livre-finalement-son-premier-vehicule-au-canada\/"},"wordCount":293,"publisher":{"@id":"https:\/\/news.canadamotorjobs.com\/#organization"},"image":{"@id":"https:\/\/news.canadamotorjobs.com\/fr\/rivian-livre-finalement-son-premier-vehicule-au-canada\/#primaryimage"},"thumbnailUrl":"https:\/\/news.canadamotorjobs.com\/wp-content\/uploads\/2022\/11\/Rivian-Open-House-1.jpg","articleSection":["Annuel automobile"],"inLanguage":"fr-CA"},{"@type":"WebPage","@id":"https:\/\/news.canadamotorjobs.com\/fr\/rivian-livre-finalement-son-premier-vehicule-au-canada\/","url":"https:\/\/news.canadamotorjobs.com\/fr\/rivian-livre-finalement-son-premier-vehicule-au-canada\/","name":"Rivian livre finalement son premier v\u00e9hicule au Canada - CanadaMotorJobs.com","isPartOf":{"@id":"https:\/\/news.canadamotorjobs.com\/#website"},"primaryImageOfPage":{"@id":"https:\/\/news.canadamotorjobs.com\/fr\/rivian-livre-finalement-son-premier-vehicule-au-canada\/#primaryimage"},"image":{"@id":"https:\/\/news.canadamotorjobs.com\/fr\/rivian-livre-finalement-son-premier-vehicule-au-canada\/#primaryimage"},"thumbnailUrl":"https:\/\/news.canadamotorjobs.com\/wp-content\/uploads\/2022\/11\/Rivian-Open-House-1.jpg","datePublished":"2022-11-22T16:28:40+00:00","dateModified":"2022-11-22T16:30:30+00:00","description":"Rivian livre finalement son premier v\u00e9hicule au Canada - Benoit Charette - Annuel automobile - CanadaMotorJobs.com.","breadcrumb":{"@id":"https:\/\/news.canadamotorjobs.com\/fr\/rivian-livre-finalement-son-premier-vehicule-au-canada\/#breadcrumb"},"inLanguage":"fr-CA","potentialAction":[{"@type":"ReadAction","target":["https:\/\/news.canadamotorjobs.com\/fr\/rivian-livre-finalement-son-premier-vehicule-au-canada\/"]}]},{"@type":"ImageObject","inLanguage":"fr-CA","@id":"https:\/\/news.canadamotorjobs.com\/fr\/rivian-livre-finalement-son-premier-vehicule-au-canada\/#primaryimage","url":"https:\/\/news.canadamotorjobs.com\/wp-content\/uploads\/2022\/11\/Rivian-Open-House-1.jpg","contentUrl":"https:\/\/news.canadamotorjobs.com\/wp-content\/uploads\/2022\/11\/Rivian-Open-House-1.jpg","width":1200,"height":740},{"@type":"BreadcrumbList","@id":"https:\/\/news.canadamotorjobs.com\/fr\/rivian-livre-finalement-son-premier-vehicule-au-canada\/#breadcrumb","itemListElement":[{"@type":"ListItem","position":1,"name":"Home","item":"https:\/\/news.canadamotorjobs.com\/fr\/blog\/"},{"@type":"ListItem","position":2,"name":"Rivian livre finalement son premier v\u00e9hicule au Canada"}]},{"@type":"WebSite","@id":"https:\/\/news.canadamotorjobs.com\/#website","url":"https:\/\/news.canadamotorjobs.com\/","name":"CanadaMotorJobs.com","description":"Automotive Jobs","publisher":{"@id":"https:\/\/news.canadamotorjobs.com\/#organization"},"potentialAction":[{"@type":"SearchAction","target":{"@type":"EntryPoint","urlTemplate":"https:\/\/news.canadamotorjobs.com\/?s={search_term_string}"},"query-input":"required name=search_term_string"}],"inLanguage":"fr-CA"},{"@type":"Organization","@id":"https:\/\/news.canadamotorjobs.com\/#organization","name":"Canada Motor Jobs","url":"https:\/\/news.canadamotorjobs.com\/","logo":{"@type":"ImageObject","inLanguage":"fr-CA","@id":"https:\/\/news.canadamotorjobs.com\/#\/schema\/logo\/image\/","url":"https:\/\/news.canadamotorjobs.com\/wp-content\/uploads\/2022\/10\/logo-canada-motor-jobs-1.png","contentUrl":"https:\/\/news.canadamotorjobs.com\/wp-content\/uploads\/2022\/10\/logo-canada-motor-jobs-1.png","width":800,"height":400,"caption":"Canada Motor Jobs"},"image":{"@id":"https:\/\/news.canadamotorjobs.com\/#\/schema\/logo\/image\/"},"sameAs":["https:\/\/www.facebook.com\/canadamotorjobs\/","https:\/\/x.com\/canadamotorjobs","https:\/\/www.instagram.com\/canadamotorjobs\/","https:\/\/www.linkedin.com\/company\/canadamotorjobs"]},{"@type":"Person","@id":"https:\/\/news.canadamotorjobs.com\/#\/schema\/person\/51793d1f87d44011d7bcc2ed99269a90","name":"Benoit Charette","image":{"@type":"ImageObject","inLanguage":"fr-CA","@id":"https:\/\/news.canadamotorjobs.com\/#\/schema\/person\/image\/","url":"https:\/\/secure.gravatar.com\/avatar\/45f3d2eebcccd909668d7ce7ea7267b6?s=96&d=mm&r=g","contentUrl":"https:\/\/secure.gravatar.com\/avatar\/45f3d2eebcccd909668d7ce7ea7267b6?s=96&d=mm&r=g","caption":"Benoit Charette"},"description":"Benoit Charette \/ Propri\u00e9taire et r\u00e9dacteur en chef Benoit Charette pratique le journalisme automobile depuis bient\u00f4t 30 ans. Il a fait ses classes au c\u00f4t\u00e9 de Daniel H\u00e9raud et au Carnet de route de 1992 \u00e0 2001. Il est fondateur, copropri\u00e9taire et r\u00e9dacteur en chef de L\u2019Annuel de l\u2019automobile, qu\u2019il publie depuis 2001. Il a anim\u00e9 les \u00e9missions RPM et RPM+ sur V et les L\u00e9gendes de la route sur Historia. \u00c0 la radio depuis 1986, il reprend l\u2019antenne cette ann\u00e9e sur les ondes de Cogeco et participe pour la deuxi\u00e8me ann\u00e9e \u00e0 l\u2019\u00e9mission Passion Auto sur RDS en plus de mettre en ligne le site Web officiel de L\u2019Annuel de l\u2019automobile sur annuelauto.ca.","sameAs":["https:\/\/annuelauto.ca\/"],"url":"https:\/\/news.canadamotorjobs.com\/fr\/author\/benoit-charette\/"}]}},"_links":{"self":[{"href":"https:\/\/news.canadamotorjobs.com\/fr\/wp-json\/wp\/v2\/posts\/136623"}],"collection":[{"href":"https:\/\/news.canadamotorjobs.com\/fr\/wp-json\/wp\/v2\/posts"}],"about":[{"href":"https:\/\/news.canadamotorjobs.com\/fr\/wp-json\/wp\/v2\/types\/post"}],"author":[{"embeddable":true,"href":"https:\/\/news.canadamotorjobs.com\/fr\/wp-json\/wp\/v2\/users\/8"}],"replies":[{"embeddable":true,"href":"https:\/\/news.canadamotorjobs.com\/fr\/wp-json\/wp\/v2\/comments?post=136623"}],"version-history":[{"count":0,"href":"https:\/\/news.canadamotorjobs.com\/fr\/wp-json\/wp\/v2\/posts\/136623\/revisions"}],"wp:featuredmedia":[{"embeddable":true,"href":"https:\/\/news.canadamotorjobs.com\/fr\/wp-json\/wp\/v2\/media\/136627"}],"wp:attachment":[{"href":"https:\/\/news.canadamotorjobs.com\/fr\/wp-json\/wp\/v2\/media?parent=136623"}],"wp:term":[{"taxonomy":"category","embeddable":true,"href":"https:\/\/news.canadamotorjobs.com\/fr\/wp-json\/wp\/v2\/categories?post=136623"},{"taxonomy":"post_tag","embeddable":true,"href":"https:\/\/news.canadamotorjobs.com\/fr\/wp-json\/wp\/v2\/tags?post=136623"}],"curies":[{"name":"wp","href":"https:\/\/api.w.org\/{rel}","templated":true}]}}