{"id":136620,"date":"2022-11-22T09:55:42","date_gmt":"2022-11-22T14:55:42","guid":{"rendered":"https:\/\/news.canadamotorjobs.com\/mazda-revise-et-accelere-son-plan-delectrification-au-canada\/"},"modified":"2022-11-22T09:59:10","modified_gmt":"2022-11-22T14:59:10","slug":"mazda-revise-et-accelere-son-plan-delectrification-au-canada","status":"publish","type":"post","link":"https:\/\/news.canadamotorjobs.com\/fr\/mazda-revise-et-accelere-son-plan-delectrification-au-canada\/","title":{"rendered":"Mazda r\u00e9vise et acc\u00e9l\u00e8re son plan d\u2019\u00e9lectrification au Canada"},"content":{"rendered":"<p>D&rsquo;ici 2025, Mazda lancera un total de huit nouveaux mod\u00e8les hybrides, hybrides, hybrides enfichables et \u00e9lectriques \u00e0 batterie (V\u00c9B) au Canada. Ces nouveaux mod\u00e8les comprendront le CX-50 hybride, les hjybrides branchables CX-70 et CX-90, quatre nouveaux mod\u00e8les hybrides et un nouveau VUS \u00e9lectrique \u00e0 batterie qui sera lanc\u00e9 en 2025. De plus, le MX-30 sera vendu au niveaupartout au Canada l&rsquo;an prochain et deux multisegments principaux offriront aussi des groupes motopropulseurs hybrides l\u00e9gers (V\u00c9HL) pour une efficacit\u00e9 accrue et une r\u00e9duction des \u00e9missions am\u00e9lior\u00e9e.<\/p>\n<p> Suivre la parade <\/p>\n<p>Mazda qui met du temps \u00e0 embarquer dans la mouvance \u00e9lectrique s\u2019est fix\u00e9 comme objectif de suivre les recommandations canadienne et de mettre fin aux ventes de v\u00e9hicules \u00e0 moteur \u00e0 combustion interne d&rsquo;ici 2035, en respectant les cibles croissantes d&rsquo;ici-l\u00e0. Au Canada, de r\u00e9centes pr\u00e9visions de Desrosiers indiquent\u00a0que les V\u00c9 formeront 15 pour cent du march\u00e9 en 2025, tandis que les mod\u00e8les hybrides et hybrides rechargeables en formeront dix pour cent, ce qui signifie que 75 pour cent des v\u00e9hicules neufs seront toujours \u00e0 combustion interne. Au cours de la prochaine d\u00e9cennie et encore par la suite, les moteurs \u00e0 combustion interne se trouveront toujours dans un grand nombre de v\u00e9hicules que les consommateurs ach\u00e8teront et conduiront. Il est possible de continuer \u00e0 am\u00e9liorer cette technologie pour poursuivre la diminution des \u00e9missions des v\u00e9hicules \u00e0 combustion interne en m\u00eame temps que nous passons aux v\u00e9hicules \u00e9lectriques.<\/p>\n<p> Une approche multisolution <\/p>\n<p>Mazda veut donc offrir le bon produit au bon moment en offrant diff\u00e9rentes<\/p>\n","protected":false},"excerpt":{"rendered":"<p>D&rsquo;ici 2025, Mazda lancera un total de huit nouveaux mod\u00e8les hybrides, hybrides, hybrides enfichables et \u00e9lectriques \u00e0 batterie (V\u00c9B) au Canada. Ces nouveaux mod\u00e8les comprendront le CX-50 hybride, les hjybrides branchables CX-70 et CX-90, quatre nouveaux mod\u00e8les hybrides et un nouveau VUS \u00e9lectrique \u00e0 batterie qui sera lanc\u00e9 en 2025. De plus, le MX-30 sera [&hellip;]<\/p>\n","protected":false},"author":8,"featured_media":0,"comment_status":"close","ping_status":"closed","sticky":false,"template":"","format":"standard","meta":{"_monsterinsights_skip_tracking":false,"_monsterinsights_sitenote_active":false,"_monsterinsights_sitenote_note":"","_monsterinsights_sitenote_category":0,"footnotes":""},"categories":[101],"tags":[],"yoast_head":"<!-- This site is optimized with the Yoast SEO plugin v23.2 - https:\/\/yoast.com\/wordpress\/plugins\/seo\/ -->\n<title>Mazda r\u00e9vise et acc\u00e9l\u00e8re son plan d\u2019\u00e9lectrification au Canada - CanadaMotorJobs.com<\/title>\n<meta name=\"description\" content=\"Mazda r\u00e9vise et acc\u00e9l\u00e8re son plan d\u2019\u00e9lectrification au Canada - Benoit Charette - Annuel automobile - CanadaMotorJobs.com.\" \/>\n<meta name=\"robots\" content=\"index, follow, max-snippet:-1, max-image-preview:large, max-video-preview:-1\" \/>\n<meta property=\"og:locale\" content=\"fr_CA\" \/>\n<meta property=\"og:type\" content=\"article\" \/>\n<meta property=\"og:title\" content=\"Mazda r\u00e9vise et acc\u00e9l\u00e8re son plan d\u2019\u00e9lectrification au Canada - CanadaMotorJobs.com\" \/>\n<meta property=\"og:description\" content=\"Mazda r\u00e9vise et acc\u00e9l\u00e8re son plan d\u2019\u00e9lectrification au Canada - Benoit Charette - Annuel automobile - CanadaMotorJobs.com.\" \/>\n<meta property=\"og:url\" content=\"https:\/\/news.canadamotorjobs.com\/fr\/mazda-revise-et-accelere-son-plan-delectrification-au-canada\/\" \/>\n<meta property=\"og:site_name\" content=\"CanadaMotorJobs.com\" \/>\n<meta property=\"article:publisher\" content=\"https:\/\/www.facebook.com\/canadamotorjobs\/\" \/>\n<meta property=\"article:published_time\" content=\"2022-11-22T14:55:42+00:00\" \/>\n<meta property=\"article:modified_time\" content=\"2022-11-22T14:59:10+00:00\" \/>\n<meta name=\"author\" content=\"Benoit Charette\" \/>\n<meta name=\"twitter:card\" content=\"summary_large_image\" \/>\n<meta name=\"twitter:creator\" content=\"@canadamotorjobs\" \/>\n<meta name=\"twitter:site\" content=\"@canadamotorjobs\" \/>\n<meta name=\"twitter:label1\" content=\"\u00c9crit par\" \/>\n\t<meta name=\"twitter:data1\" content=\"Benoit Charette\" \/>\n\t<meta name=\"twitter:label2\" content=\"Estimation du temps de lecture\" \/>\n\t<meta name=\"twitter:data2\" content=\"1 minute\" \/>\n<!-- \/ Yoast SEO plugin. -->","yoast_head_json":{"title":"Mazda r\u00e9vise et acc\u00e9l\u00e8re son plan d\u2019\u00e9lectrification au Canada - CanadaMotorJobs.com","description":"Mazda r\u00e9vise et acc\u00e9l\u00e8re son plan d\u2019\u00e9lectrification au Canada - Benoit Charette - Annuel automobile - CanadaMotorJobs.com.","robots":{"index":"index","follow":"follow","max-snippet":"max-snippet:-1","max-image-preview":"max-image-preview:large","max-video-preview":"max-video-preview:-1"},"og_locale":"fr_CA","og_type":"article","og_title":"Mazda r\u00e9vise et acc\u00e9l\u00e8re son plan d\u2019\u00e9lectrification au Canada - CanadaMotorJobs.com","og_description":"Mazda r\u00e9vise et acc\u00e9l\u00e8re son plan d\u2019\u00e9lectrification au Canada - Benoit Charette - Annuel automobile - CanadaMotorJobs.com.","og_url":"https:\/\/news.canadamotorjobs.com\/fr\/mazda-revise-et-accelere-son-plan-delectrification-au-canada\/","og_site_name":"CanadaMotorJobs.com","article_publisher":"https:\/\/www.facebook.com\/canadamotorjobs\/","article_published_time":"2022-11-22T14:55:42+00:00","article_modified_time":"2022-11-22T14:59:10+00:00","author":"Benoit Charette","twitter_card":"summary_large_image","twitter_creator":"@canadamotorjobs","twitter_site":"@canadamotorjobs","twitter_misc":{"\u00c9crit par":"Benoit Charette","Estimation du temps de lecture":"1 minute"},"schema":{"@context":"https:\/\/schema.org","@graph":[{"@type":"Article","@id":"https:\/\/news.canadamotorjobs.com\/fr\/mazda-revise-et-accelere-son-plan-delectrification-au-canada\/#article","isPartOf":{"@id":"https:\/\/news.canadamotorjobs.com\/fr\/mazda-revise-et-accelere-son-plan-delectrification-au-canada\/"},"author":{"name":"Benoit Charette","@id":"https:\/\/news.canadamotorjobs.com\/#\/schema\/person\/51793d1f87d44011d7bcc2ed99269a90"},"headline":"Mazda r\u00e9vise et acc\u00e9l\u00e8re son plan d\u2019\u00e9lectrification au Canada","datePublished":"2022-11-22T14:55:42+00:00","dateModified":"2022-11-22T14:59:10+00:00","mainEntityOfPage":{"@id":"https:\/\/news.canadamotorjobs.com\/fr\/mazda-revise-et-accelere-son-plan-delectrification-au-canada\/"},"wordCount":280,"publisher":{"@id":"https:\/\/news.canadamotorjobs.com\/#organization"},"articleSection":["Annuel automobile"],"inLanguage":"fr-CA"},{"@type":"WebPage","@id":"https:\/\/news.canadamotorjobs.com\/fr\/mazda-revise-et-accelere-son-plan-delectrification-au-canada\/","url":"https:\/\/news.canadamotorjobs.com\/fr\/mazda-revise-et-accelere-son-plan-delectrification-au-canada\/","name":"Mazda r\u00e9vise et acc\u00e9l\u00e8re son plan d\u2019\u00e9lectrification au Canada - CanadaMotorJobs.com","isPartOf":{"@id":"https:\/\/news.canadamotorjobs.com\/#website"},"datePublished":"2022-11-22T14:55:42+00:00","dateModified":"2022-11-22T14:59:10+00:00","description":"Mazda r\u00e9vise et acc\u00e9l\u00e8re son plan d\u2019\u00e9lectrification au Canada - Benoit Charette - Annuel automobile - CanadaMotorJobs.com.","breadcrumb":{"@id":"https:\/\/news.canadamotorjobs.com\/fr\/mazda-revise-et-accelere-son-plan-delectrification-au-canada\/#breadcrumb"},"inLanguage":"fr-CA","potentialAction":[{"@type":"ReadAction","target":["https:\/\/news.canadamotorjobs.com\/fr\/mazda-revise-et-accelere-son-plan-delectrification-au-canada\/"]}]},{"@type":"BreadcrumbList","@id":"https:\/\/news.canadamotorjobs.com\/fr\/mazda-revise-et-accelere-son-plan-delectrification-au-canada\/#breadcrumb","itemListElement":[{"@type":"ListItem","position":1,"name":"Home","item":"https:\/\/news.canadamotorjobs.com\/fr\/blog\/"},{"@type":"ListItem","position":2,"name":"Mazda r\u00e9vise et acc\u00e9l\u00e8re son plan d\u2019\u00e9lectrification au Canada"}]},{"@type":"WebSite","@id":"https:\/\/news.canadamotorjobs.com\/#website","url":"https:\/\/news.canadamotorjobs.com\/","name":"CanadaMotorJobs.com","description":"Automotive Jobs","publisher":{"@id":"https:\/\/news.canadamotorjobs.com\/#organization"},"potentialAction":[{"@type":"SearchAction","target":{"@type":"EntryPoint","urlTemplate":"https:\/\/news.canadamotorjobs.com\/?s={search_term_string}"},"query-input":"required name=search_term_string"}],"inLanguage":"fr-CA"},{"@type":"Organization","@id":"https:\/\/news.canadamotorjobs.com\/#organization","name":"Canada Motor Jobs","url":"https:\/\/news.canadamotorjobs.com\/","logo":{"@type":"ImageObject","inLanguage":"fr-CA","@id":"https:\/\/news.canadamotorjobs.com\/#\/schema\/logo\/image\/","url":"https:\/\/news.canadamotorjobs.com\/wp-content\/uploads\/2022\/10\/logo-canada-motor-jobs-1.png","contentUrl":"https:\/\/news.canadamotorjobs.com\/wp-content\/uploads\/2022\/10\/logo-canada-motor-jobs-1.png","width":800,"height":400,"caption":"Canada Motor Jobs"},"image":{"@id":"https:\/\/news.canadamotorjobs.com\/#\/schema\/logo\/image\/"},"sameAs":["https:\/\/www.facebook.com\/canadamotorjobs\/","https:\/\/x.com\/canadamotorjobs","https:\/\/www.instagram.com\/canadamotorjobs\/","https:\/\/www.linkedin.com\/company\/canadamotorjobs"]},{"@type":"Person","@id":"https:\/\/news.canadamotorjobs.com\/#\/schema\/person\/51793d1f87d44011d7bcc2ed99269a90","name":"Benoit Charette","image":{"@type":"ImageObject","inLanguage":"fr-CA","@id":"https:\/\/news.canadamotorjobs.com\/#\/schema\/person\/image\/","url":"https:\/\/secure.gravatar.com\/avatar\/45f3d2eebcccd909668d7ce7ea7267b6?s=96&d=mm&r=g","contentUrl":"https:\/\/secure.gravatar.com\/avatar\/45f3d2eebcccd909668d7ce7ea7267b6?s=96&d=mm&r=g","caption":"Benoit Charette"},"description":"Benoit Charette \/ Propri\u00e9taire et r\u00e9dacteur en chef Benoit Charette pratique le journalisme automobile depuis bient\u00f4t 30 ans. Il a fait ses classes au c\u00f4t\u00e9 de Daniel H\u00e9raud et au Carnet de route de 1992 \u00e0 2001. Il est fondateur, copropri\u00e9taire et r\u00e9dacteur en chef de L\u2019Annuel de l\u2019automobile, qu\u2019il publie depuis 2001. Il a anim\u00e9 les \u00e9missions RPM et RPM+ sur V et les L\u00e9gendes de la route sur Historia. \u00c0 la radio depuis 1986, il reprend l\u2019antenne cette ann\u00e9e sur les ondes de Cogeco et participe pour la deuxi\u00e8me ann\u00e9e \u00e0 l\u2019\u00e9mission Passion Auto sur RDS en plus de mettre en ligne le site Web officiel de L\u2019Annuel de l\u2019automobile sur annuelauto.ca.","sameAs":["https:\/\/annuelauto.ca\/"],"url":"https:\/\/news.canadamotorjobs.com\/fr\/author\/benoit-charette\/"}]}},"_links":{"self":[{"href":"https:\/\/news.canadamotorjobs.com\/fr\/wp-json\/wp\/v2\/posts\/136620"}],"collection":[{"href":"https:\/\/news.canadamotorjobs.com\/fr\/wp-json\/wp\/v2\/posts"}],"about":[{"href":"https:\/\/news.canadamotorjobs.com\/fr\/wp-json\/wp\/v2\/types\/post"}],"author":[{"embeddable":true,"href":"https:\/\/news.canadamotorjobs.com\/fr\/wp-json\/wp\/v2\/users\/8"}],"replies":[{"embeddable":true,"href":"https:\/\/news.canadamotorjobs.com\/fr\/wp-json\/wp\/v2\/comments?post=136620"}],"version-history":[{"count":0,"href":"https:\/\/news.canadamotorjobs.com\/fr\/wp-json\/wp\/v2\/posts\/136620\/revisions"}],"wp:attachment":[{"href":"https:\/\/news.canadamotorjobs.com\/fr\/wp-json\/wp\/v2\/media?parent=136620"}],"wp:term":[{"taxonomy":"category","embeddable":true,"href":"https:\/\/news.canadamotorjobs.com\/fr\/wp-json\/wp\/v2\/categories?post=136620"},{"taxonomy":"post_tag","embeddable":true,"href":"https:\/\/news.canadamotorjobs.com\/fr\/wp-json\/wp\/v2\/tags?post=136620"}],"curies":[{"name":"wp","href":"https:\/\/api.w.org\/{rel}","templated":true}]}}