{"id":136582,"date":"2022-11-20T11:35:19","date_gmt":"2022-11-20T16:35:19","guid":{"rendered":"https:\/\/news.canadamotorjobs.com\/des-premiers-tests-decevants-pour-le-toyota-bz4x-en-norvege\/"},"modified":"2022-11-20T11:45:10","modified_gmt":"2022-11-20T16:45:10","slug":"des-premiers-tests-decevants-pour-le-toyota-bz4x-en-norvege","status":"publish","type":"post","link":"https:\/\/news.canadamotorjobs.com\/fr\/des-premiers-tests-decevants-pour-le-toyota-bz4x-en-norvege\/","title":{"rendered":"Des premiers tests d\u00e9cevants pour le Toyota bZ4X en Norv\u00e8ge"},"content":{"rendered":"<\/p>\n<p>Le lancement du Toyota bZ4x \u00e9tait un \u00e9v\u00e9nement attendu dans le monde automobile qui s\u2019est transform\u00e9 en p\u00e9tard mouill\u00e9. Avant m\u00eame de pouvoir mettre ses premiers v\u00e9hicules sur la route au Canada, un rappel pour une roue qui peut se d\u00e9tacher a mis un frein \u00e0 la production et aux ventes. Les quelques mod\u00e8les vendus aux \u00c9tats-Unis ont rapidement fait l\u2019objet d\u2019un rappel.<br \/> La Norv\u00e8ge est la premi\u00e8re \u00e0 faire de v\u00e9ritables tests<br \/> Un fois ce lancement rat\u00e9 mis derri\u00e8re eux, Toyota a repris la production et envoy\u00e9 les premiers mod\u00e8les au royaume des v\u00e9hicules \u00e9lectriques en Norv\u00e8ge. Une \u00e9quipe de journaliste du site web Elbil24 a \u00e9t\u00e9 parmi les premi\u00e8res \u00e0 faire des tests plus en profondeur sur le bZ4X.<br \/> Des r\u00e9sultats qui laissent perplexe<br \/> Les journalistes ont d\u00e9couvert que non seulement la bZ4X consume la batterie plus rapidement que pr\u00e9vu, mais que la batterie elle-m\u00eame a une capacit\u00e9 inf\u00e9rieure \u00e0 celle annonc\u00e9e. Ces r\u00e9sultats intrigants les ont incit\u00e9s \u00e0 refaire tous les tests pour s&#8217;assurer qu&#8217;il n&#8217;y avait pas d&#8217;erreurs, et Toyota les a \u00e9galement contact\u00e9s pour leur offrir un point de vue.<br \/> Une puissance utilisable plus modeste qu&#8217;annonc\u00e9e<br \/> Toyota a annonc\u00e9 la bZ4X avec une batterie de 71,4\u00a0kWh, mais, selon Elbil24, ils n&#8217;ont pas voulu pr\u00e9ciser s&#8217;il s&#8217;agissait de la capacit\u00e9 brute ou utilisable. Apr\u00e8s de nombreuses tentatives pour soutirer des d\u00e9tails juteux aux ing\u00e9nieurs de Toyota, les journalistes ont d\u00e9couvert que les 71,4\u00a0kWh correspondent en fait \u00e0 la capacit\u00e9 brute. Cela veut dire qu\u2019il y a<\/p>\n","protected":false},"excerpt":{"rendered":"<p>Le lancement du Toyota bZ4x \u00e9tait un \u00e9v\u00e9nement attendu dans le monde automobile qui s\u2019est transform\u00e9 en p\u00e9tard mouill\u00e9. Avant m\u00eame de pouvoir mettre ses premiers v\u00e9hicules sur la route au Canada, un rappel pour une roue qui peut se d\u00e9tacher a mis un frein \u00e0 la production et aux ventes. Les quelques mod\u00e8les vendus [&hellip;]<\/p>\n","protected":false},"author":8,"featured_media":136586,"comment_status":"close","ping_status":"closed","sticky":false,"template":"","format":"standard","meta":{"_monsterinsights_skip_tracking":false,"_monsterinsights_sitenote_active":false,"_monsterinsights_sitenote_note":"","_monsterinsights_sitenote_category":0,"footnotes":""},"categories":[101],"tags":[],"yoast_head":"<!-- This site is optimized with the Yoast SEO plugin v23.2 - https:\/\/yoast.com\/wordpress\/plugins\/seo\/ -->\n<title>Des premiers tests d\u00e9cevants pour le Toyota bZ4X en Norv\u00e8ge - CanadaMotorJobs.com<\/title>\n<meta name=\"description\" content=\"Des premiers tests d\u00e9cevants pour le Toyota bZ4X en Norv\u00e8ge - Benoit Charette - Annuel automobile - CanadaMotorJobs.com.\" \/>\n<meta name=\"robots\" content=\"index, follow, max-snippet:-1, max-image-preview:large, max-video-preview:-1\" \/>\n<meta property=\"og:locale\" content=\"fr_CA\" \/>\n<meta property=\"og:type\" content=\"article\" \/>\n<meta property=\"og:title\" content=\"Des premiers tests d\u00e9cevants pour le Toyota bZ4X en Norv\u00e8ge - CanadaMotorJobs.com\" \/>\n<meta property=\"og:description\" content=\"Des premiers tests d\u00e9cevants pour le Toyota bZ4X en Norv\u00e8ge - Benoit Charette - Annuel automobile - CanadaMotorJobs.com.\" \/>\n<meta property=\"og:url\" content=\"https:\/\/news.canadamotorjobs.com\/fr\/des-premiers-tests-decevants-pour-le-toyota-bz4x-en-norvege\/\" \/>\n<meta property=\"og:site_name\" content=\"CanadaMotorJobs.com\" \/>\n<meta property=\"article:publisher\" content=\"https:\/\/www.facebook.com\/canadamotorjobs\/\" \/>\n<meta property=\"article:published_time\" content=\"2022-11-20T16:35:19+00:00\" \/>\n<meta property=\"article:modified_time\" content=\"2022-11-20T16:45:10+00:00\" \/>\n<meta property=\"og:image\" content=\"https:\/\/news.canadamotorjobs.com\/wp-content\/uploads\/2022\/11\/2023_bZ4X_XLE_FWD_WindChillPearl_002-1-1030x687.jpg\" \/>\n\t<meta property=\"og:image:width\" content=\"1030\" \/>\n\t<meta property=\"og:image:height\" content=\"687\" \/>\n\t<meta property=\"og:image:type\" content=\"image\/jpeg\" \/>\n<meta name=\"author\" content=\"Benoit Charette\" \/>\n<meta name=\"twitter:card\" content=\"summary_large_image\" \/>\n<meta name=\"twitter:creator\" content=\"@canadamotorjobs\" \/>\n<meta name=\"twitter:site\" content=\"@canadamotorjobs\" \/>\n<meta name=\"twitter:label1\" content=\"\u00c9crit par\" \/>\n\t<meta name=\"twitter:data1\" content=\"Benoit Charette\" \/>\n\t<meta name=\"twitter:label2\" content=\"Estimation du temps de lecture\" \/>\n\t<meta name=\"twitter:data2\" content=\"1 minute\" \/>\n<!-- \/ Yoast SEO plugin. -->","yoast_head_json":{"title":"Des premiers tests d\u00e9cevants pour le Toyota bZ4X en Norv\u00e8ge - CanadaMotorJobs.com","description":"Des premiers tests d\u00e9cevants pour le Toyota bZ4X en Norv\u00e8ge - Benoit Charette - Annuel automobile - CanadaMotorJobs.com.","robots":{"index":"index","follow":"follow","max-snippet":"max-snippet:-1","max-image-preview":"max-image-preview:large","max-video-preview":"max-video-preview:-1"},"og_locale":"fr_CA","og_type":"article","og_title":"Des premiers tests d\u00e9cevants pour le Toyota bZ4X en Norv\u00e8ge - CanadaMotorJobs.com","og_description":"Des premiers tests d\u00e9cevants pour le Toyota bZ4X en Norv\u00e8ge - Benoit Charette - Annuel automobile - CanadaMotorJobs.com.","og_url":"https:\/\/news.canadamotorjobs.com\/fr\/des-premiers-tests-decevants-pour-le-toyota-bz4x-en-norvege\/","og_site_name":"CanadaMotorJobs.com","article_publisher":"https:\/\/www.facebook.com\/canadamotorjobs\/","article_published_time":"2022-11-20T16:35:19+00:00","article_modified_time":"2022-11-20T16:45:10+00:00","og_image":[{"width":1030,"height":687,"url":"https:\/\/news.canadamotorjobs.com\/wp-content\/uploads\/2022\/11\/2023_bZ4X_XLE_FWD_WindChillPearl_002-1-1030x687.jpg","type":"image\/jpeg"}],"author":"Benoit Charette","twitter_card":"summary_large_image","twitter_creator":"@canadamotorjobs","twitter_site":"@canadamotorjobs","twitter_misc":{"\u00c9crit par":"Benoit Charette","Estimation du temps de lecture":"1 minute"},"schema":{"@context":"https:\/\/schema.org","@graph":[{"@type":"Article","@id":"https:\/\/news.canadamotorjobs.com\/fr\/des-premiers-tests-decevants-pour-le-toyota-bz4x-en-norvege\/#article","isPartOf":{"@id":"https:\/\/news.canadamotorjobs.com\/fr\/des-premiers-tests-decevants-pour-le-toyota-bz4x-en-norvege\/"},"author":{"name":"Benoit Charette","@id":"https:\/\/news.canadamotorjobs.com\/#\/schema\/person\/51793d1f87d44011d7bcc2ed99269a90"},"headline":"Des premiers tests d\u00e9cevants pour le Toyota bZ4X en Norv\u00e8ge","datePublished":"2022-11-20T16:35:19+00:00","dateModified":"2022-11-20T16:45:10+00:00","mainEntityOfPage":{"@id":"https:\/\/news.canadamotorjobs.com\/fr\/des-premiers-tests-decevants-pour-le-toyota-bz4x-en-norvege\/"},"wordCount":302,"publisher":{"@id":"https:\/\/news.canadamotorjobs.com\/#organization"},"image":{"@id":"https:\/\/news.canadamotorjobs.com\/fr\/des-premiers-tests-decevants-pour-le-toyota-bz4x-en-norvege\/#primaryimage"},"thumbnailUrl":"https:\/\/news.canadamotorjobs.com\/wp-content\/uploads\/2022\/11\/2023_bZ4X_XLE_FWD_WindChillPearl_002-1.jpg","articleSection":["Annuel automobile"],"inLanguage":"fr-CA"},{"@type":"WebPage","@id":"https:\/\/news.canadamotorjobs.com\/fr\/des-premiers-tests-decevants-pour-le-toyota-bz4x-en-norvege\/","url":"https:\/\/news.canadamotorjobs.com\/fr\/des-premiers-tests-decevants-pour-le-toyota-bz4x-en-norvege\/","name":"Des premiers tests d\u00e9cevants pour le Toyota bZ4X en Norv\u00e8ge - CanadaMotorJobs.com","isPartOf":{"@id":"https:\/\/news.canadamotorjobs.com\/#website"},"primaryImageOfPage":{"@id":"https:\/\/news.canadamotorjobs.com\/fr\/des-premiers-tests-decevants-pour-le-toyota-bz4x-en-norvege\/#primaryimage"},"image":{"@id":"https:\/\/news.canadamotorjobs.com\/fr\/des-premiers-tests-decevants-pour-le-toyota-bz4x-en-norvege\/#primaryimage"},"thumbnailUrl":"https:\/\/news.canadamotorjobs.com\/wp-content\/uploads\/2022\/11\/2023_bZ4X_XLE_FWD_WindChillPearl_002-1.jpg","datePublished":"2022-11-20T16:35:19+00:00","dateModified":"2022-11-20T16:45:10+00:00","description":"Des premiers tests d\u00e9cevants pour le Toyota bZ4X en Norv\u00e8ge - Benoit Charette - Annuel automobile - CanadaMotorJobs.com.","breadcrumb":{"@id":"https:\/\/news.canadamotorjobs.com\/fr\/des-premiers-tests-decevants-pour-le-toyota-bz4x-en-norvege\/#breadcrumb"},"inLanguage":"fr-CA","potentialAction":[{"@type":"ReadAction","target":["https:\/\/news.canadamotorjobs.com\/fr\/des-premiers-tests-decevants-pour-le-toyota-bz4x-en-norvege\/"]}]},{"@type":"ImageObject","inLanguage":"fr-CA","@id":"https:\/\/news.canadamotorjobs.com\/fr\/des-premiers-tests-decevants-pour-le-toyota-bz4x-en-norvege\/#primaryimage","url":"https:\/\/news.canadamotorjobs.com\/wp-content\/uploads\/2022\/11\/2023_bZ4X_XLE_FWD_WindChillPearl_002-1.jpg","contentUrl":"https:\/\/news.canadamotorjobs.com\/wp-content\/uploads\/2022\/11\/2023_bZ4X_XLE_FWD_WindChillPearl_002-1.jpg","width":2483,"height":1655},{"@type":"BreadcrumbList","@id":"https:\/\/news.canadamotorjobs.com\/fr\/des-premiers-tests-decevants-pour-le-toyota-bz4x-en-norvege\/#breadcrumb","itemListElement":[{"@type":"ListItem","position":1,"name":"Home","item":"https:\/\/news.canadamotorjobs.com\/fr\/blog\/"},{"@type":"ListItem","position":2,"name":"Des premiers tests d\u00e9cevants pour le Toyota bZ4X en Norv\u00e8ge"}]},{"@type":"WebSite","@id":"https:\/\/news.canadamotorjobs.com\/#website","url":"https:\/\/news.canadamotorjobs.com\/","name":"CanadaMotorJobs.com","description":"Automotive Jobs","publisher":{"@id":"https:\/\/news.canadamotorjobs.com\/#organization"},"potentialAction":[{"@type":"SearchAction","target":{"@type":"EntryPoint","urlTemplate":"https:\/\/news.canadamotorjobs.com\/?s={search_term_string}"},"query-input":"required name=search_term_string"}],"inLanguage":"fr-CA"},{"@type":"Organization","@id":"https:\/\/news.canadamotorjobs.com\/#organization","name":"Canada Motor Jobs","url":"https:\/\/news.canadamotorjobs.com\/","logo":{"@type":"ImageObject","inLanguage":"fr-CA","@id":"https:\/\/news.canadamotorjobs.com\/#\/schema\/logo\/image\/","url":"https:\/\/news.canadamotorjobs.com\/wp-content\/uploads\/2022\/10\/logo-canada-motor-jobs-1.png","contentUrl":"https:\/\/news.canadamotorjobs.com\/wp-content\/uploads\/2022\/10\/logo-canada-motor-jobs-1.png","width":800,"height":400,"caption":"Canada Motor Jobs"},"image":{"@id":"https:\/\/news.canadamotorjobs.com\/#\/schema\/logo\/image\/"},"sameAs":["https:\/\/www.facebook.com\/canadamotorjobs\/","https:\/\/x.com\/canadamotorjobs","https:\/\/www.instagram.com\/canadamotorjobs\/","https:\/\/www.linkedin.com\/company\/canadamotorjobs"]},{"@type":"Person","@id":"https:\/\/news.canadamotorjobs.com\/#\/schema\/person\/51793d1f87d44011d7bcc2ed99269a90","name":"Benoit Charette","image":{"@type":"ImageObject","inLanguage":"fr-CA","@id":"https:\/\/news.canadamotorjobs.com\/#\/schema\/person\/image\/","url":"https:\/\/secure.gravatar.com\/avatar\/45f3d2eebcccd909668d7ce7ea7267b6?s=96&d=mm&r=g","contentUrl":"https:\/\/secure.gravatar.com\/avatar\/45f3d2eebcccd909668d7ce7ea7267b6?s=96&d=mm&r=g","caption":"Benoit Charette"},"description":"Benoit Charette \/ Propri\u00e9taire et r\u00e9dacteur en chef Benoit Charette pratique le journalisme automobile depuis bient\u00f4t 30 ans. Il a fait ses classes au c\u00f4t\u00e9 de Daniel H\u00e9raud et au Carnet de route de 1992 \u00e0 2001. Il est fondateur, copropri\u00e9taire et r\u00e9dacteur en chef de L\u2019Annuel de l\u2019automobile, qu\u2019il publie depuis 2001. Il a anim\u00e9 les \u00e9missions RPM et RPM+ sur V et les L\u00e9gendes de la route sur Historia. \u00c0 la radio depuis 1986, il reprend l\u2019antenne cette ann\u00e9e sur les ondes de Cogeco et participe pour la deuxi\u00e8me ann\u00e9e \u00e0 l\u2019\u00e9mission Passion Auto sur RDS en plus de mettre en ligne le site Web officiel de L\u2019Annuel de l\u2019automobile sur annuelauto.ca.","sameAs":["https:\/\/annuelauto.ca\/"],"url":"https:\/\/news.canadamotorjobs.com\/fr\/author\/benoit-charette\/"}]}},"_links":{"self":[{"href":"https:\/\/news.canadamotorjobs.com\/fr\/wp-json\/wp\/v2\/posts\/136582"}],"collection":[{"href":"https:\/\/news.canadamotorjobs.com\/fr\/wp-json\/wp\/v2\/posts"}],"about":[{"href":"https:\/\/news.canadamotorjobs.com\/fr\/wp-json\/wp\/v2\/types\/post"}],"author":[{"embeddable":true,"href":"https:\/\/news.canadamotorjobs.com\/fr\/wp-json\/wp\/v2\/users\/8"}],"replies":[{"embeddable":true,"href":"https:\/\/news.canadamotorjobs.com\/fr\/wp-json\/wp\/v2\/comments?post=136582"}],"version-history":[{"count":0,"href":"https:\/\/news.canadamotorjobs.com\/fr\/wp-json\/wp\/v2\/posts\/136582\/revisions"}],"wp:featuredmedia":[{"embeddable":true,"href":"https:\/\/news.canadamotorjobs.com\/fr\/wp-json\/wp\/v2\/media\/136586"}],"wp:attachment":[{"href":"https:\/\/news.canadamotorjobs.com\/fr\/wp-json\/wp\/v2\/media?parent=136582"}],"wp:term":[{"taxonomy":"category","embeddable":true,"href":"https:\/\/news.canadamotorjobs.com\/fr\/wp-json\/wp\/v2\/categories?post=136582"},{"taxonomy":"post_tag","embeddable":true,"href":"https:\/\/news.canadamotorjobs.com\/fr\/wp-json\/wp\/v2\/tags?post=136582"}],"curies":[{"name":"wp","href":"https:\/\/api.w.org\/{rel}","templated":true}]}}