{"id":136574,"date":"2022-11-19T19:17:17","date_gmt":"2022-11-20T00:17:17","guid":{"rendered":"https:\/\/news.canadamotorjobs.com\/izera-les-ve-polonais-qui-auront-un-coeur-chinois\/"},"modified":"2022-11-19T19:43:53","modified_gmt":"2022-11-20T00:43:53","slug":"izera-les-ve-polonais-qui-auront-un-coeur-chinois","status":"publish","type":"post","link":"https:\/\/news.canadamotorjobs.com\/fr\/izera-les-ve-polonais-qui-auront-un-coeur-chinois\/","title":{"rendered":"Izera, les V\u00c9 polonais qui auront un coeur chinois"},"content":{"rendered":"<\/p>\n<p>ElectroMobility Poland (EMP) a annonc\u00e9 cette semaine sa d\u00e9cision de s\u2019associer au groupe Zhejiang <a href=\"https:\/\/annuelauto.ca\/renault-et-geely-creent-une-nouvelle-entreprise-pour-produire-des-moteurs-a-combustion-interne-et-hybrides\/\" target=\"_blank\" rel=\"noopener noreferrer\">Geely<\/a> pour \u00e9quiper ses v\u00e9hicules de marque Izera d\u2019une motorisation <a href=\"https:\/\/annuelauto.ca\/subaru-canada-annonce-le-prix-de-la-solterra-a-54-295\/\" target=\"_blank\" rel=\"noopener noreferrer\">\u00e9lectrique<\/a>. Une d\u00e9cision qui n\u2019a pas fait l\u2019unanimit\u00e9 en Europe.<\/p>\n<p> EMP a vu le jour en 2016. Par l\u2019interm\u00e9diaire de ce consortium r\u00e9unissant quatre fournisseurs d\u2019\u00e9nergie polonais (Tauron, Enea, Energa et PGE), le gouvernement polonais, qui lui apporte un soutien, souhaite se r\u00e9approprier une part du secteur automobile national, la seconde source d\u2019emplois en importance du pays.\u00a0<\/p>\n<p> En 2020, selon EMP, l\u2019automobile procurait plus de 200\u00a0000 emplois directs dans le domaine manufacturier et 270\u00a0000 autres dans le secteur commercial et les services li\u00e9s \u00e0 l&#8217;industrie. Ce secteur d\u2019activit\u00e9 g\u00e9n\u00e8re 7\u00a0% du PIB national. Avec Izera, la <a href=\"https:\/\/annuelauto.ca\/fca-investi-250-millions-pologne\/\" target=\"_blank\" rel=\"noopener noreferrer\">Pologne<\/a> disposerait de nouveau d\u2019une marque d\u2019importance, la premi\u00e8re depuis la disparition de FSO, en 2011.\u00a0<br \/> Deux Izera de taille compacte<br \/> Les premiers v\u00e9hicules d\u2019Izera ont \u00e9t\u00e9 d\u00e9voil\u00e9s en juillet 2020. Cette marque doit d\u2019ailleurs son nom \u00e0 la cha\u00eene de montagnes servant de fronti\u00e8re \u00e0 la Pologne et la Tch\u00e9quie.\u00a0<\/p>\n<p> Ces deux prototypes sont de v\u00e9hicules \u00e9lectriques compacts\u00a0: une berline \u00e0 hayon et un utilitaire. Des batteries de 51 et 69\u00a0kWh leur procureraient une autonomie de 340 \u00e0 450\u00a0km, selon la m\u00e9thode de calcul europ\u00e9enne WLTP.\u00a0<\/p>\n<p> Con\u00e7us avec l\u2019aide de l\u2019\u00e9quipementier allemand EDAG, ces v\u00e9hicules affichent des traits esquiss\u00e9s par le studio italien Torino Design. Il leur aurait d\u2019ailleurs donn\u00e9 une touche locale, dit-on, gr\u00e2ce \u00e0 une collaboration du designer automobile polonais Tadeusz Jelec, qui<\/p>\n","protected":false},"excerpt":{"rendered":"<p>ElectroMobility Poland (EMP) a annonc\u00e9 cette semaine sa d\u00e9cision de s\u2019associer au groupe Zhejiang Geely pour \u00e9quiper ses v\u00e9hicules de marque Izera d\u2019une motorisation \u00e9lectrique. Une d\u00e9cision qui n\u2019a pas fait l\u2019unanimit\u00e9 en Europe. EMP a vu le jour en 2016. Par l\u2019interm\u00e9diaire de ce consortium r\u00e9unissant quatre fournisseurs d\u2019\u00e9nergie polonais (Tauron, Enea, Energa et [&hellip;]<\/p>\n","protected":false},"author":8,"featured_media":136578,"comment_status":"close","ping_status":"closed","sticky":false,"template":"","format":"standard","meta":{"_monsterinsights_skip_tracking":false,"_monsterinsights_sitenote_active":false,"_monsterinsights_sitenote_note":"","_monsterinsights_sitenote_category":0,"footnotes":""},"categories":[101],"tags":[],"yoast_head":"<!-- This site is optimized with the Yoast SEO plugin v23.2 - https:\/\/yoast.com\/wordpress\/plugins\/seo\/ -->\n<title>Izera, les V\u00c9 polonais qui auront un coeur chinois - CanadaMotorJobs.com<\/title>\n<meta name=\"description\" content=\"Izera, les V\u00c9 polonais qui auront un coeur chinois - Benoit Charette - Annuel automobile - CanadaMotorJobs.com.\" \/>\n<meta name=\"robots\" content=\"index, follow, max-snippet:-1, max-image-preview:large, max-video-preview:-1\" \/>\n<meta property=\"og:locale\" content=\"fr_CA\" \/>\n<meta property=\"og:type\" content=\"article\" \/>\n<meta property=\"og:title\" content=\"Izera, les V\u00c9 polonais qui auront un coeur chinois - CanadaMotorJobs.com\" \/>\n<meta property=\"og:description\" content=\"Izera, les V\u00c9 polonais qui auront un coeur chinois - Benoit Charette - Annuel automobile - CanadaMotorJobs.com.\" \/>\n<meta property=\"og:url\" content=\"https:\/\/news.canadamotorjobs.com\/fr\/izera-les-ve-polonais-qui-auront-un-coeur-chinois\/\" \/>\n<meta property=\"og:site_name\" content=\"CanadaMotorJobs.com\" \/>\n<meta property=\"article:publisher\" content=\"https:\/\/www.facebook.com\/canadamotorjobs\/\" \/>\n<meta property=\"article:published_time\" content=\"2022-11-20T00:17:17+00:00\" \/>\n<meta property=\"article:modified_time\" content=\"2022-11-20T00:43:53+00:00\" \/>\n<meta property=\"og:image\" content=\"https:\/\/news.canadamotorjobs.com\/wp-content\/uploads\/2022\/11\/Izera-prototypes-2022-1-1.jpg\" \/>\n\t<meta property=\"og:image:width\" content=\"1500\" \/>\n\t<meta property=\"og:image:height\" content=\"1000\" \/>\n\t<meta property=\"og:image:type\" content=\"image\/jpeg\" \/>\n<meta name=\"author\" content=\"Benoit Charette\" \/>\n<meta name=\"twitter:card\" content=\"summary_large_image\" \/>\n<meta name=\"twitter:creator\" content=\"@canadamotorjobs\" \/>\n<meta name=\"twitter:site\" content=\"@canadamotorjobs\" \/>\n<meta name=\"twitter:label1\" content=\"\u00c9crit par\" \/>\n\t<meta name=\"twitter:data1\" content=\"Benoit Charette\" \/>\n\t<meta name=\"twitter:label2\" content=\"Estimation du temps de lecture\" \/>\n\t<meta name=\"twitter:data2\" content=\"1 minute\" \/>\n<!-- \/ Yoast SEO plugin. -->","yoast_head_json":{"title":"Izera, les V\u00c9 polonais qui auront un coeur chinois - CanadaMotorJobs.com","description":"Izera, les V\u00c9 polonais qui auront un coeur chinois - Benoit Charette - Annuel automobile - CanadaMotorJobs.com.","robots":{"index":"index","follow":"follow","max-snippet":"max-snippet:-1","max-image-preview":"max-image-preview:large","max-video-preview":"max-video-preview:-1"},"og_locale":"fr_CA","og_type":"article","og_title":"Izera, les V\u00c9 polonais qui auront un coeur chinois - CanadaMotorJobs.com","og_description":"Izera, les V\u00c9 polonais qui auront un coeur chinois - Benoit Charette - Annuel automobile - CanadaMotorJobs.com.","og_url":"https:\/\/news.canadamotorjobs.com\/fr\/izera-les-ve-polonais-qui-auront-un-coeur-chinois\/","og_site_name":"CanadaMotorJobs.com","article_publisher":"https:\/\/www.facebook.com\/canadamotorjobs\/","article_published_time":"2022-11-20T00:17:17+00:00","article_modified_time":"2022-11-20T00:43:53+00:00","og_image":[{"width":1500,"height":1000,"url":"https:\/\/news.canadamotorjobs.com\/wp-content\/uploads\/2022\/11\/Izera-prototypes-2022-1-1.jpg","type":"image\/jpeg"}],"author":"Benoit Charette","twitter_card":"summary_large_image","twitter_creator":"@canadamotorjobs","twitter_site":"@canadamotorjobs","twitter_misc":{"\u00c9crit par":"Benoit Charette","Estimation du temps de lecture":"1 minute"},"schema":{"@context":"https:\/\/schema.org","@graph":[{"@type":"Article","@id":"https:\/\/news.canadamotorjobs.com\/fr\/izera-les-ve-polonais-qui-auront-un-coeur-chinois\/#article","isPartOf":{"@id":"https:\/\/news.canadamotorjobs.com\/fr\/izera-les-ve-polonais-qui-auront-un-coeur-chinois\/"},"author":{"name":"Benoit Charette","@id":"https:\/\/news.canadamotorjobs.com\/#\/schema\/person\/51793d1f87d44011d7bcc2ed99269a90"},"headline":"Izera, les V\u00c9 polonais qui auront un coeur chinois","datePublished":"2022-11-20T00:17:17+00:00","dateModified":"2022-11-20T00:43:53+00:00","mainEntityOfPage":{"@id":"https:\/\/news.canadamotorjobs.com\/fr\/izera-les-ve-polonais-qui-auront-un-coeur-chinois\/"},"wordCount":280,"publisher":{"@id":"https:\/\/news.canadamotorjobs.com\/#organization"},"image":{"@id":"https:\/\/news.canadamotorjobs.com\/fr\/izera-les-ve-polonais-qui-auront-un-coeur-chinois\/#primaryimage"},"thumbnailUrl":"https:\/\/news.canadamotorjobs.com\/wp-content\/uploads\/2022\/11\/Izera-prototypes-2022-1-1.jpg","articleSection":["Annuel automobile"],"inLanguage":"fr-CA"},{"@type":"WebPage","@id":"https:\/\/news.canadamotorjobs.com\/fr\/izera-les-ve-polonais-qui-auront-un-coeur-chinois\/","url":"https:\/\/news.canadamotorjobs.com\/fr\/izera-les-ve-polonais-qui-auront-un-coeur-chinois\/","name":"Izera, les V\u00c9 polonais qui auront un coeur chinois - CanadaMotorJobs.com","isPartOf":{"@id":"https:\/\/news.canadamotorjobs.com\/#website"},"primaryImageOfPage":{"@id":"https:\/\/news.canadamotorjobs.com\/fr\/izera-les-ve-polonais-qui-auront-un-coeur-chinois\/#primaryimage"},"image":{"@id":"https:\/\/news.canadamotorjobs.com\/fr\/izera-les-ve-polonais-qui-auront-un-coeur-chinois\/#primaryimage"},"thumbnailUrl":"https:\/\/news.canadamotorjobs.com\/wp-content\/uploads\/2022\/11\/Izera-prototypes-2022-1-1.jpg","datePublished":"2022-11-20T00:17:17+00:00","dateModified":"2022-11-20T00:43:53+00:00","description":"Izera, les V\u00c9 polonais qui auront un coeur chinois - Benoit Charette - Annuel automobile - CanadaMotorJobs.com.","breadcrumb":{"@id":"https:\/\/news.canadamotorjobs.com\/fr\/izera-les-ve-polonais-qui-auront-un-coeur-chinois\/#breadcrumb"},"inLanguage":"fr-CA","potentialAction":[{"@type":"ReadAction","target":["https:\/\/news.canadamotorjobs.com\/fr\/izera-les-ve-polonais-qui-auront-un-coeur-chinois\/"]}]},{"@type":"ImageObject","inLanguage":"fr-CA","@id":"https:\/\/news.canadamotorjobs.com\/fr\/izera-les-ve-polonais-qui-auront-un-coeur-chinois\/#primaryimage","url":"https:\/\/news.canadamotorjobs.com\/wp-content\/uploads\/2022\/11\/Izera-prototypes-2022-1-1.jpg","contentUrl":"https:\/\/news.canadamotorjobs.com\/wp-content\/uploads\/2022\/11\/Izera-prototypes-2022-1-1.jpg","width":1500,"height":1000},{"@type":"BreadcrumbList","@id":"https:\/\/news.canadamotorjobs.com\/fr\/izera-les-ve-polonais-qui-auront-un-coeur-chinois\/#breadcrumb","itemListElement":[{"@type":"ListItem","position":1,"name":"Home","item":"https:\/\/news.canadamotorjobs.com\/fr\/blog\/"},{"@type":"ListItem","position":2,"name":"Izera, les V\u00c9 polonais qui auront un coeur chinois"}]},{"@type":"WebSite","@id":"https:\/\/news.canadamotorjobs.com\/#website","url":"https:\/\/news.canadamotorjobs.com\/","name":"CanadaMotorJobs.com","description":"Automotive Jobs","publisher":{"@id":"https:\/\/news.canadamotorjobs.com\/#organization"},"potentialAction":[{"@type":"SearchAction","target":{"@type":"EntryPoint","urlTemplate":"https:\/\/news.canadamotorjobs.com\/?s={search_term_string}"},"query-input":"required name=search_term_string"}],"inLanguage":"fr-CA"},{"@type":"Organization","@id":"https:\/\/news.canadamotorjobs.com\/#organization","name":"Canada Motor Jobs","url":"https:\/\/news.canadamotorjobs.com\/","logo":{"@type":"ImageObject","inLanguage":"fr-CA","@id":"https:\/\/news.canadamotorjobs.com\/#\/schema\/logo\/image\/","url":"https:\/\/news.canadamotorjobs.com\/wp-content\/uploads\/2022\/10\/logo-canada-motor-jobs-1.png","contentUrl":"https:\/\/news.canadamotorjobs.com\/wp-content\/uploads\/2022\/10\/logo-canada-motor-jobs-1.png","width":800,"height":400,"caption":"Canada Motor Jobs"},"image":{"@id":"https:\/\/news.canadamotorjobs.com\/#\/schema\/logo\/image\/"},"sameAs":["https:\/\/www.facebook.com\/canadamotorjobs\/","https:\/\/x.com\/canadamotorjobs","https:\/\/www.instagram.com\/canadamotorjobs\/","https:\/\/www.linkedin.com\/company\/canadamotorjobs"]},{"@type":"Person","@id":"https:\/\/news.canadamotorjobs.com\/#\/schema\/person\/51793d1f87d44011d7bcc2ed99269a90","name":"Benoit Charette","image":{"@type":"ImageObject","inLanguage":"fr-CA","@id":"https:\/\/news.canadamotorjobs.com\/#\/schema\/person\/image\/","url":"https:\/\/secure.gravatar.com\/avatar\/45f3d2eebcccd909668d7ce7ea7267b6?s=96&d=mm&r=g","contentUrl":"https:\/\/secure.gravatar.com\/avatar\/45f3d2eebcccd909668d7ce7ea7267b6?s=96&d=mm&r=g","caption":"Benoit Charette"},"description":"Benoit Charette \/ Propri\u00e9taire et r\u00e9dacteur en chef Benoit Charette pratique le journalisme automobile depuis bient\u00f4t 30 ans. Il a fait ses classes au c\u00f4t\u00e9 de Daniel H\u00e9raud et au Carnet de route de 1992 \u00e0 2001. Il est fondateur, copropri\u00e9taire et r\u00e9dacteur en chef de L\u2019Annuel de l\u2019automobile, qu\u2019il publie depuis 2001. Il a anim\u00e9 les \u00e9missions RPM et RPM+ sur V et les L\u00e9gendes de la route sur Historia. \u00c0 la radio depuis 1986, il reprend l\u2019antenne cette ann\u00e9e sur les ondes de Cogeco et participe pour la deuxi\u00e8me ann\u00e9e \u00e0 l\u2019\u00e9mission Passion Auto sur RDS en plus de mettre en ligne le site Web officiel de L\u2019Annuel de l\u2019automobile sur annuelauto.ca.","sameAs":["https:\/\/annuelauto.ca\/"],"url":"https:\/\/news.canadamotorjobs.com\/fr\/author\/benoit-charette\/"}]}},"_links":{"self":[{"href":"https:\/\/news.canadamotorjobs.com\/fr\/wp-json\/wp\/v2\/posts\/136574"}],"collection":[{"href":"https:\/\/news.canadamotorjobs.com\/fr\/wp-json\/wp\/v2\/posts"}],"about":[{"href":"https:\/\/news.canadamotorjobs.com\/fr\/wp-json\/wp\/v2\/types\/post"}],"author":[{"embeddable":true,"href":"https:\/\/news.canadamotorjobs.com\/fr\/wp-json\/wp\/v2\/users\/8"}],"replies":[{"embeddable":true,"href":"https:\/\/news.canadamotorjobs.com\/fr\/wp-json\/wp\/v2\/comments?post=136574"}],"version-history":[{"count":0,"href":"https:\/\/news.canadamotorjobs.com\/fr\/wp-json\/wp\/v2\/posts\/136574\/revisions"}],"wp:featuredmedia":[{"embeddable":true,"href":"https:\/\/news.canadamotorjobs.com\/fr\/wp-json\/wp\/v2\/media\/136578"}],"wp:attachment":[{"href":"https:\/\/news.canadamotorjobs.com\/fr\/wp-json\/wp\/v2\/media?parent=136574"}],"wp:term":[{"taxonomy":"category","embeddable":true,"href":"https:\/\/news.canadamotorjobs.com\/fr\/wp-json\/wp\/v2\/categories?post=136574"},{"taxonomy":"post_tag","embeddable":true,"href":"https:\/\/news.canadamotorjobs.com\/fr\/wp-json\/wp\/v2\/tags?post=136574"}],"curies":[{"name":"wp","href":"https:\/\/api.w.org\/{rel}","templated":true}]}}