{"id":136566,"date":"2022-11-19T10:15:19","date_gmt":"2022-11-19T15:15:19","guid":{"rendered":"https:\/\/news.canadamotorjobs.com\/subaru-canada-annonce-le-prix-de-la-solterra-a-54-295\/"},"modified":"2022-11-19T10:29:00","modified_gmt":"2022-11-19T15:29:00","slug":"subaru-canada-annonce-le-prix-de-la-solterra-a-54-295","status":"publish","type":"post","link":"https:\/\/news.canadamotorjobs.com\/fr\/subaru-canada-annonce-le-prix-de-la-solterra-a-54-295\/","title":{"rendered":"Subaru Canada annonce le prix de la Solterra \u00e0 54 295\u00a0$"},"content":{"rendered":"<\/p>\n<p>Il semble que les probl\u00e8mes de roues sont r\u00e9gl\u00e9s chez Toyota et Subaru car Subaru a annonc\u00e9 la mise en march\u00e9 du Solterra avec un prix de d\u00e9part de 54 295\u00a0$.<br \/> Le premier v\u00e9hicule \u00e9lectrique de Subaru<br \/> Le Solterra arrivera dans quelques mois en concession et Subaru annonce une autonomie de 360 km. Comme pour toutes les Subaru (\u00e0 l&#8217;exception de la BRZ), la transmission int\u00e9grale est de s\u00e9rie gr\u00e2ce \u00e0 un groupe motopropulseur \u00e0 deux moteurs qui d\u00e9veloppe 215 chevaux et une batterie de 72,8 kWh. La version d&#8217;entr\u00e9e de gamme du Solterra b\u00e9n\u00e9ficiera d&#8217;un abonnement gratuit de trois ans \u00e0 Safety Connect, une technologie qui permet de d\u00e9tecter les accidents et d&#8217;appeler automatiquement les services d&#8217;urgence. \u00c9galement gratuit pendant trois ans, l&#8217;abonnement \u00e0 Remote-Connect, qui permet de verrouiller et d\u00e9verrouiller le v\u00e9hicule ainsi que de pr\u00e9-conditionner l&#8217;habitacle via une application t\u00e9l\u00e9phonique.<br \/> Un bon \u00e9quipement de base<br \/> L&#8217;\u00e9quipement de s\u00e9rie comprend \u00e9galement des \u00e9l\u00e9ments tels que le syst\u00e8me X-Mode AWD qui inclut le contr\u00f4le de la mont\u00e9e et de la descente des pentes, un s\u00e9lecteur de mode de conduite, la possibilit\u00e9 de conduire sur une seule p\u00e9dale et des roues de 18 pouces. \u00c0 l&#8217;int\u00e9rieur, le Solterra de s\u00e9rie propose des si\u00e8ges avant chauffants, un r\u00e9troviseur \u00e0 att\u00e9nuation automatique, un combin\u00e9 d&#8217;instruments num\u00e9riques de 7,0 pouces, un \u00e9cran d&#8217;infodivertissement de 8,0 pouces, Apple CarPlay et Android Auto. En termes d&#8217;\u00e9quipements de s\u00e9curit\u00e9, la suite de syst\u00e8mes d&#8217;aide \u00e0 la conduite EyeSight de Subaru est \u00e9galement de s\u00e9rie, avec des<\/p>\n","protected":false},"excerpt":{"rendered":"<p>Il semble que les probl\u00e8mes de roues sont r\u00e9gl\u00e9s chez Toyota et Subaru car Subaru a annonc\u00e9 la mise en march\u00e9 du Solterra avec un prix de d\u00e9part de 54 295\u00a0$. Le premier v\u00e9hicule \u00e9lectrique de Subaru Le Solterra arrivera dans quelques mois en concession et Subaru annonce une autonomie de 360 km. Comme pour [&hellip;]<\/p>\n","protected":false},"author":8,"featured_media":136570,"comment_status":"close","ping_status":"closed","sticky":false,"template":"","format":"standard","meta":{"_monsterinsights_skip_tracking":false,"_monsterinsights_sitenote_active":false,"_monsterinsights_sitenote_note":"","_monsterinsights_sitenote_category":0,"footnotes":""},"categories":[101],"tags":[],"yoast_head":"<!-- This site is optimized with the Yoast SEO plugin v23.2 - https:\/\/yoast.com\/wordpress\/plugins\/seo\/ -->\n<title>Subaru Canada annonce le prix de la Solterra \u00e0 54 295\u00a0$ - CanadaMotorJobs.com<\/title>\n<meta name=\"description\" content=\"Subaru Canada annonce le prix de la Solterra \u00e0 54 295\u00a0$ - Benoit Charette - Annuel automobile - CanadaMotorJobs.com.\" \/>\n<meta name=\"robots\" content=\"index, follow, max-snippet:-1, max-image-preview:large, max-video-preview:-1\" \/>\n<meta property=\"og:locale\" content=\"fr_CA\" \/>\n<meta property=\"og:type\" content=\"article\" \/>\n<meta property=\"og:title\" content=\"Subaru Canada annonce le prix de la Solterra \u00e0 54 295\u00a0$ - CanadaMotorJobs.com\" \/>\n<meta property=\"og:description\" content=\"Subaru Canada annonce le prix de la Solterra \u00e0 54 295\u00a0$ - Benoit Charette - Annuel automobile - CanadaMotorJobs.com.\" \/>\n<meta property=\"og:url\" content=\"https:\/\/news.canadamotorjobs.com\/fr\/subaru-canada-annonce-le-prix-de-la-solterra-a-54-295\/\" \/>\n<meta property=\"og:site_name\" content=\"CanadaMotorJobs.com\" \/>\n<meta property=\"article:publisher\" content=\"https:\/\/www.facebook.com\/canadamotorjobs\/\" \/>\n<meta property=\"article:published_time\" content=\"2022-11-19T15:15:19+00:00\" \/>\n<meta property=\"article:modified_time\" content=\"2022-11-19T15:29:00+00:00\" \/>\n<meta property=\"og:image\" content=\"https:\/\/news.canadamotorjobs.com\/wp-content\/uploads\/2022\/11\/gallery_img4-1.jpg\" \/>\n\t<meta property=\"og:image:width\" content=\"860\" \/>\n\t<meta property=\"og:image:height\" content=\"430\" \/>\n\t<meta property=\"og:image:type\" content=\"image\/jpeg\" \/>\n<meta name=\"author\" content=\"Benoit Charette\" \/>\n<meta name=\"twitter:card\" content=\"summary_large_image\" \/>\n<meta name=\"twitter:creator\" content=\"@canadamotorjobs\" \/>\n<meta name=\"twitter:site\" content=\"@canadamotorjobs\" \/>\n<meta name=\"twitter:label1\" content=\"\u00c9crit par\" \/>\n\t<meta name=\"twitter:data1\" content=\"Benoit Charette\" \/>\n\t<meta name=\"twitter:label2\" content=\"Estimation du temps de lecture\" \/>\n\t<meta name=\"twitter:data2\" content=\"1 minute\" \/>\n<!-- \/ Yoast SEO plugin. -->","yoast_head_json":{"title":"Subaru Canada annonce le prix de la Solterra \u00e0 54 295\u00a0$ - CanadaMotorJobs.com","description":"Subaru Canada annonce le prix de la Solterra \u00e0 54 295\u00a0$ - Benoit Charette - Annuel automobile - CanadaMotorJobs.com.","robots":{"index":"index","follow":"follow","max-snippet":"max-snippet:-1","max-image-preview":"max-image-preview:large","max-video-preview":"max-video-preview:-1"},"og_locale":"fr_CA","og_type":"article","og_title":"Subaru Canada annonce le prix de la Solterra \u00e0 54 295\u00a0$ - CanadaMotorJobs.com","og_description":"Subaru Canada annonce le prix de la Solterra \u00e0 54 295\u00a0$ - Benoit Charette - Annuel automobile - CanadaMotorJobs.com.","og_url":"https:\/\/news.canadamotorjobs.com\/fr\/subaru-canada-annonce-le-prix-de-la-solterra-a-54-295\/","og_site_name":"CanadaMotorJobs.com","article_publisher":"https:\/\/www.facebook.com\/canadamotorjobs\/","article_published_time":"2022-11-19T15:15:19+00:00","article_modified_time":"2022-11-19T15:29:00+00:00","og_image":[{"width":860,"height":430,"url":"https:\/\/news.canadamotorjobs.com\/wp-content\/uploads\/2022\/11\/gallery_img4-1.jpg","type":"image\/jpeg"}],"author":"Benoit Charette","twitter_card":"summary_large_image","twitter_creator":"@canadamotorjobs","twitter_site":"@canadamotorjobs","twitter_misc":{"\u00c9crit par":"Benoit Charette","Estimation du temps de lecture":"1 minute"},"schema":{"@context":"https:\/\/schema.org","@graph":[{"@type":"Article","@id":"https:\/\/news.canadamotorjobs.com\/fr\/subaru-canada-annonce-le-prix-de-la-solterra-a-54-295\/#article","isPartOf":{"@id":"https:\/\/news.canadamotorjobs.com\/fr\/subaru-canada-annonce-le-prix-de-la-solterra-a-54-295\/"},"author":{"name":"Benoit Charette","@id":"https:\/\/news.canadamotorjobs.com\/#\/schema\/person\/51793d1f87d44011d7bcc2ed99269a90"},"headline":"Subaru Canada annonce le prix de la Solterra \u00e0 54 295\u00a0$","datePublished":"2022-11-19T15:15:19+00:00","dateModified":"2022-11-19T15:29:00+00:00","mainEntityOfPage":{"@id":"https:\/\/news.canadamotorjobs.com\/fr\/subaru-canada-annonce-le-prix-de-la-solterra-a-54-295\/"},"wordCount":289,"publisher":{"@id":"https:\/\/news.canadamotorjobs.com\/#organization"},"image":{"@id":"https:\/\/news.canadamotorjobs.com\/fr\/subaru-canada-annonce-le-prix-de-la-solterra-a-54-295\/#primaryimage"},"thumbnailUrl":"https:\/\/news.canadamotorjobs.com\/wp-content\/uploads\/2022\/11\/gallery_img4-1.jpg","articleSection":["Annuel automobile"],"inLanguage":"fr-CA"},{"@type":"WebPage","@id":"https:\/\/news.canadamotorjobs.com\/fr\/subaru-canada-annonce-le-prix-de-la-solterra-a-54-295\/","url":"https:\/\/news.canadamotorjobs.com\/fr\/subaru-canada-annonce-le-prix-de-la-solterra-a-54-295\/","name":"Subaru Canada annonce le prix de la Solterra \u00e0 54 295\u00a0$ - CanadaMotorJobs.com","isPartOf":{"@id":"https:\/\/news.canadamotorjobs.com\/#website"},"primaryImageOfPage":{"@id":"https:\/\/news.canadamotorjobs.com\/fr\/subaru-canada-annonce-le-prix-de-la-solterra-a-54-295\/#primaryimage"},"image":{"@id":"https:\/\/news.canadamotorjobs.com\/fr\/subaru-canada-annonce-le-prix-de-la-solterra-a-54-295\/#primaryimage"},"thumbnailUrl":"https:\/\/news.canadamotorjobs.com\/wp-content\/uploads\/2022\/11\/gallery_img4-1.jpg","datePublished":"2022-11-19T15:15:19+00:00","dateModified":"2022-11-19T15:29:00+00:00","description":"Subaru Canada annonce le prix de la Solterra \u00e0 54 295\u00a0$ - Benoit Charette - Annuel automobile - CanadaMotorJobs.com.","breadcrumb":{"@id":"https:\/\/news.canadamotorjobs.com\/fr\/subaru-canada-annonce-le-prix-de-la-solterra-a-54-295\/#breadcrumb"},"inLanguage":"fr-CA","potentialAction":[{"@type":"ReadAction","target":["https:\/\/news.canadamotorjobs.com\/fr\/subaru-canada-annonce-le-prix-de-la-solterra-a-54-295\/"]}]},{"@type":"ImageObject","inLanguage":"fr-CA","@id":"https:\/\/news.canadamotorjobs.com\/fr\/subaru-canada-annonce-le-prix-de-la-solterra-a-54-295\/#primaryimage","url":"https:\/\/news.canadamotorjobs.com\/wp-content\/uploads\/2022\/11\/gallery_img4-1.jpg","contentUrl":"https:\/\/news.canadamotorjobs.com\/wp-content\/uploads\/2022\/11\/gallery_img4-1.jpg","width":860,"height":430},{"@type":"BreadcrumbList","@id":"https:\/\/news.canadamotorjobs.com\/fr\/subaru-canada-annonce-le-prix-de-la-solterra-a-54-295\/#breadcrumb","itemListElement":[{"@type":"ListItem","position":1,"name":"Home","item":"https:\/\/news.canadamotorjobs.com\/fr\/blog\/"},{"@type":"ListItem","position":2,"name":"Subaru Canada annonce le prix de la Solterra \u00e0 54 295\u00a0$"}]},{"@type":"WebSite","@id":"https:\/\/news.canadamotorjobs.com\/#website","url":"https:\/\/news.canadamotorjobs.com\/","name":"CanadaMotorJobs.com","description":"Automotive Jobs","publisher":{"@id":"https:\/\/news.canadamotorjobs.com\/#organization"},"potentialAction":[{"@type":"SearchAction","target":{"@type":"EntryPoint","urlTemplate":"https:\/\/news.canadamotorjobs.com\/?s={search_term_string}"},"query-input":"required name=search_term_string"}],"inLanguage":"fr-CA"},{"@type":"Organization","@id":"https:\/\/news.canadamotorjobs.com\/#organization","name":"Canada Motor Jobs","url":"https:\/\/news.canadamotorjobs.com\/","logo":{"@type":"ImageObject","inLanguage":"fr-CA","@id":"https:\/\/news.canadamotorjobs.com\/#\/schema\/logo\/image\/","url":"https:\/\/news.canadamotorjobs.com\/wp-content\/uploads\/2022\/10\/logo-canada-motor-jobs-1.png","contentUrl":"https:\/\/news.canadamotorjobs.com\/wp-content\/uploads\/2022\/10\/logo-canada-motor-jobs-1.png","width":800,"height":400,"caption":"Canada Motor Jobs"},"image":{"@id":"https:\/\/news.canadamotorjobs.com\/#\/schema\/logo\/image\/"},"sameAs":["https:\/\/www.facebook.com\/canadamotorjobs\/","https:\/\/x.com\/canadamotorjobs","https:\/\/www.instagram.com\/canadamotorjobs\/","https:\/\/www.linkedin.com\/company\/canadamotorjobs"]},{"@type":"Person","@id":"https:\/\/news.canadamotorjobs.com\/#\/schema\/person\/51793d1f87d44011d7bcc2ed99269a90","name":"Benoit Charette","image":{"@type":"ImageObject","inLanguage":"fr-CA","@id":"https:\/\/news.canadamotorjobs.com\/#\/schema\/person\/image\/","url":"https:\/\/secure.gravatar.com\/avatar\/45f3d2eebcccd909668d7ce7ea7267b6?s=96&d=mm&r=g","contentUrl":"https:\/\/secure.gravatar.com\/avatar\/45f3d2eebcccd909668d7ce7ea7267b6?s=96&d=mm&r=g","caption":"Benoit Charette"},"description":"Benoit Charette \/ Propri\u00e9taire et r\u00e9dacteur en chef Benoit Charette pratique le journalisme automobile depuis bient\u00f4t 30 ans. Il a fait ses classes au c\u00f4t\u00e9 de Daniel H\u00e9raud et au Carnet de route de 1992 \u00e0 2001. Il est fondateur, copropri\u00e9taire et r\u00e9dacteur en chef de L\u2019Annuel de l\u2019automobile, qu\u2019il publie depuis 2001. Il a anim\u00e9 les \u00e9missions RPM et RPM+ sur V et les L\u00e9gendes de la route sur Historia. \u00c0 la radio depuis 1986, il reprend l\u2019antenne cette ann\u00e9e sur les ondes de Cogeco et participe pour la deuxi\u00e8me ann\u00e9e \u00e0 l\u2019\u00e9mission Passion Auto sur RDS en plus de mettre en ligne le site Web officiel de L\u2019Annuel de l\u2019automobile sur annuelauto.ca.","sameAs":["https:\/\/annuelauto.ca\/"],"url":"https:\/\/news.canadamotorjobs.com\/fr\/author\/benoit-charette\/"}]}},"_links":{"self":[{"href":"https:\/\/news.canadamotorjobs.com\/fr\/wp-json\/wp\/v2\/posts\/136566"}],"collection":[{"href":"https:\/\/news.canadamotorjobs.com\/fr\/wp-json\/wp\/v2\/posts"}],"about":[{"href":"https:\/\/news.canadamotorjobs.com\/fr\/wp-json\/wp\/v2\/types\/post"}],"author":[{"embeddable":true,"href":"https:\/\/news.canadamotorjobs.com\/fr\/wp-json\/wp\/v2\/users\/8"}],"replies":[{"embeddable":true,"href":"https:\/\/news.canadamotorjobs.com\/fr\/wp-json\/wp\/v2\/comments?post=136566"}],"version-history":[{"count":0,"href":"https:\/\/news.canadamotorjobs.com\/fr\/wp-json\/wp\/v2\/posts\/136566\/revisions"}],"wp:featuredmedia":[{"embeddable":true,"href":"https:\/\/news.canadamotorjobs.com\/fr\/wp-json\/wp\/v2\/media\/136570"}],"wp:attachment":[{"href":"https:\/\/news.canadamotorjobs.com\/fr\/wp-json\/wp\/v2\/media?parent=136566"}],"wp:term":[{"taxonomy":"category","embeddable":true,"href":"https:\/\/news.canadamotorjobs.com\/fr\/wp-json\/wp\/v2\/categories?post=136566"},{"taxonomy":"post_tag","embeddable":true,"href":"https:\/\/news.canadamotorjobs.com\/fr\/wp-json\/wp\/v2\/tags?post=136566"}],"curies":[{"name":"wp","href":"https:\/\/api.w.org\/{rel}","templated":true}]}}