{"id":136550,"date":"2022-11-19T09:11:04","date_gmt":"2022-11-19T14:11:04","guid":{"rendered":"https:\/\/news.canadamotorjobs.com\/les-concessionnaires-gm-reparent-discretement-les-teslas-depuis-plus-dun-an\/"},"modified":"2022-11-19T09:13:49","modified_gmt":"2022-11-19T14:13:49","slug":"les-concessionnaires-gm-reparent-discretement-les-teslas-depuis-plus-dun-an","status":"publish","type":"post","link":"https:\/\/news.canadamotorjobs.com\/fr\/les-concessionnaires-gm-reparent-discretement-les-teslas-depuis-plus-dun-an\/","title":{"rendered":"Les concessionnaires GM r\u00e9parent discr\u00e8tement les Teslas depuis plus d\u2019un an"},"content":{"rendered":"<\/p>\n<p>Lors d&#8217;une conf\u00e9rence t\u00e9l\u00e9phonique avec les investisseurs, le pr\u00e9sident de GM, Mark Reuss, a r\u00e9v\u00e9l\u00e9 que le constructeur automobile a commenc\u00e9 \u00e0 offrir des services d&#8217;entretien et de r\u00e9parations \u00e0 des clients Tesla aux \u00c9tats-Unis, il y a un peu plus d\u2019un an.<br \/> Une excellente opportunit\u00e9 d\u2019affaires pour GM<br \/> Le grand patron de GM en a surpris plus d\u2019un lors de la journ\u00e9e des investisseurs\u00a02022 de GM. Mark Reuss a annonc\u00e9 que depuis 2021, un petit nombre de concessionnaires GM effectuent des r\u00e9parations sur des milliers de Teslas. En un an \u00e0 peine, les concessionnaires GM \u00e0 travers les \u00c9tats-Unis ont r\u00e9par\u00e9 11\u00a0180 Teslas au total. Reuss a d\u00e9clar\u00e9 que les concessionnaires GM ont le savoir-faire technique et de service \u00e0 la client\u00e8le des ann\u00e9es de r\u00e9paration sur les Volts et les Bolts plus r\u00e9centes. &#8220;C&#8217;est une nouvelle activit\u00e9, ce qui est formidable&#8221;, a d\u00e9clar\u00e9 M.\u00a0Reuss, en gloussant un peu \u00e0 l&#8217;annonce de la nouvelle.<br \/> Le talon d&#8217;Achille chez Tesla<br \/> C&#8217;est une grande affaire pour GM ainsi que pour les clients de Tesla. Non seulement GM a la possibilit\u00e9 d&#8217;examiner les intervalles entre les produits d&#8217;un constructeur automobile rival et d&#8217;en tirer des le\u00e7ons, mais les clients de Tesla peuvent acc\u00e9der plus facilement \u00e0 un service parfois difficile \u00e0 trouver. M.\u00a0Reuss a soulign\u00e9 dans sa pr\u00e9sentation que plus de 90\u00a0% des Am\u00e9ricains vivent \u00e0 moins de 16\u00a0km d&#8217;un concessionnaire GM. Pour cette raison, Tesla pourrait passer \u00e0 l&#8217;offensive. Selon M.\u00a0Reuss, Tesla investit actuellement des millions de dollars pour construire davantage<\/p>\n","protected":false},"excerpt":{"rendered":"<p>Lors d&#8217;une conf\u00e9rence t\u00e9l\u00e9phonique avec les investisseurs, le pr\u00e9sident de GM, Mark Reuss, a r\u00e9v\u00e9l\u00e9 que le constructeur automobile a commenc\u00e9 \u00e0 offrir des services d&#8217;entretien et de r\u00e9parations \u00e0 des clients Tesla aux \u00c9tats-Unis, il y a un peu plus d\u2019un an. Une excellente opportunit\u00e9 d\u2019affaires pour GM Le grand patron de GM en [&hellip;]<\/p>\n","protected":false},"author":8,"featured_media":136554,"comment_status":"close","ping_status":"closed","sticky":false,"template":"","format":"standard","meta":{"_monsterinsights_skip_tracking":false,"_monsterinsights_sitenote_active":false,"_monsterinsights_sitenote_note":"","_monsterinsights_sitenote_category":0,"footnotes":""},"categories":[101],"tags":[],"yoast_head":"<!-- This site is optimized with the Yoast SEO plugin v23.2 - https:\/\/yoast.com\/wordpress\/plugins\/seo\/ -->\n<title>Les concessionnaires GM r\u00e9parent discr\u00e8tement les Teslas depuis plus d\u2019un an - CanadaMotorJobs.com<\/title>\n<meta name=\"description\" content=\"Les concessionnaires GM r\u00e9parent discr\u00e8tement les Teslas depuis plus d\u2019un an - Benoit Charette - Annuel automobile - CanadaMotorJobs.com.\" \/>\n<meta name=\"robots\" content=\"index, follow, max-snippet:-1, max-image-preview:large, max-video-preview:-1\" \/>\n<meta property=\"og:locale\" content=\"fr_CA\" \/>\n<meta property=\"og:type\" content=\"article\" \/>\n<meta property=\"og:title\" content=\"Les concessionnaires GM r\u00e9parent discr\u00e8tement les Teslas depuis plus d\u2019un an - CanadaMotorJobs.com\" \/>\n<meta property=\"og:description\" content=\"Les concessionnaires GM r\u00e9parent discr\u00e8tement les Teslas depuis plus d\u2019un an - Benoit Charette - Annuel automobile - CanadaMotorJobs.com.\" \/>\n<meta property=\"og:url\" content=\"https:\/\/news.canadamotorjobs.com\/fr\/les-concessionnaires-gm-reparent-discretement-les-teslas-depuis-plus-dun-an\/\" \/>\n<meta property=\"og:site_name\" content=\"CanadaMotorJobs.com\" \/>\n<meta property=\"article:publisher\" content=\"https:\/\/www.facebook.com\/canadamotorjobs\/\" \/>\n<meta property=\"article:published_time\" content=\"2022-11-19T14:11:04+00:00\" \/>\n<meta property=\"article:modified_time\" content=\"2022-11-19T14:13:49+00:00\" \/>\n<meta property=\"og:image\" content=\"https:\/\/news.canadamotorjobs.com\/wp-content\/uploads\/2022\/11\/d3a240a0c79f4f5091a0b6c20c035cec_c0x0-3000x1288_x1600-1.jpg\" \/>\n\t<meta property=\"og:image:width\" content=\"1600\" \/>\n\t<meta property=\"og:image:height\" content=\"687\" \/>\n\t<meta property=\"og:image:type\" content=\"image\/jpeg\" \/>\n<meta name=\"author\" content=\"Benoit Charette\" \/>\n<meta name=\"twitter:card\" content=\"summary_large_image\" \/>\n<meta name=\"twitter:creator\" content=\"@canadamotorjobs\" \/>\n<meta name=\"twitter:site\" content=\"@canadamotorjobs\" \/>\n<meta name=\"twitter:label1\" content=\"\u00c9crit par\" \/>\n\t<meta name=\"twitter:data1\" content=\"Benoit Charette\" \/>\n\t<meta name=\"twitter:label2\" content=\"Estimation du temps de lecture\" \/>\n\t<meta name=\"twitter:data2\" content=\"1 minute\" \/>\n<!-- \/ Yoast SEO plugin. -->","yoast_head_json":{"title":"Les concessionnaires GM r\u00e9parent discr\u00e8tement les Teslas depuis plus d\u2019un an - CanadaMotorJobs.com","description":"Les concessionnaires GM r\u00e9parent discr\u00e8tement les Teslas depuis plus d\u2019un an - Benoit Charette - Annuel automobile - CanadaMotorJobs.com.","robots":{"index":"index","follow":"follow","max-snippet":"max-snippet:-1","max-image-preview":"max-image-preview:large","max-video-preview":"max-video-preview:-1"},"og_locale":"fr_CA","og_type":"article","og_title":"Les concessionnaires GM r\u00e9parent discr\u00e8tement les Teslas depuis plus d\u2019un an - CanadaMotorJobs.com","og_description":"Les concessionnaires GM r\u00e9parent discr\u00e8tement les Teslas depuis plus d\u2019un an - Benoit Charette - Annuel automobile - CanadaMotorJobs.com.","og_url":"https:\/\/news.canadamotorjobs.com\/fr\/les-concessionnaires-gm-reparent-discretement-les-teslas-depuis-plus-dun-an\/","og_site_name":"CanadaMotorJobs.com","article_publisher":"https:\/\/www.facebook.com\/canadamotorjobs\/","article_published_time":"2022-11-19T14:11:04+00:00","article_modified_time":"2022-11-19T14:13:49+00:00","og_image":[{"width":1600,"height":687,"url":"https:\/\/news.canadamotorjobs.com\/wp-content\/uploads\/2022\/11\/d3a240a0c79f4f5091a0b6c20c035cec_c0x0-3000x1288_x1600-1.jpg","type":"image\/jpeg"}],"author":"Benoit Charette","twitter_card":"summary_large_image","twitter_creator":"@canadamotorjobs","twitter_site":"@canadamotorjobs","twitter_misc":{"\u00c9crit par":"Benoit Charette","Estimation du temps de lecture":"1 minute"},"schema":{"@context":"https:\/\/schema.org","@graph":[{"@type":"Article","@id":"https:\/\/news.canadamotorjobs.com\/fr\/les-concessionnaires-gm-reparent-discretement-les-teslas-depuis-plus-dun-an\/#article","isPartOf":{"@id":"https:\/\/news.canadamotorjobs.com\/fr\/les-concessionnaires-gm-reparent-discretement-les-teslas-depuis-plus-dun-an\/"},"author":{"name":"Benoit Charette","@id":"https:\/\/news.canadamotorjobs.com\/#\/schema\/person\/51793d1f87d44011d7bcc2ed99269a90"},"headline":"Les concessionnaires GM r\u00e9parent discr\u00e8tement les Teslas depuis plus d\u2019un an","datePublished":"2022-11-19T14:11:04+00:00","dateModified":"2022-11-19T14:13:49+00:00","mainEntityOfPage":{"@id":"https:\/\/news.canadamotorjobs.com\/fr\/les-concessionnaires-gm-reparent-discretement-les-teslas-depuis-plus-dun-an\/"},"wordCount":288,"publisher":{"@id":"https:\/\/news.canadamotorjobs.com\/#organization"},"image":{"@id":"https:\/\/news.canadamotorjobs.com\/fr\/les-concessionnaires-gm-reparent-discretement-les-teslas-depuis-plus-dun-an\/#primaryimage"},"thumbnailUrl":"https:\/\/news.canadamotorjobs.com\/wp-content\/uploads\/2022\/11\/d3a240a0c79f4f5091a0b6c20c035cec_c0x0-3000x1288_x1600-1.jpg","articleSection":["Annuel automobile"],"inLanguage":"fr-CA"},{"@type":"WebPage","@id":"https:\/\/news.canadamotorjobs.com\/fr\/les-concessionnaires-gm-reparent-discretement-les-teslas-depuis-plus-dun-an\/","url":"https:\/\/news.canadamotorjobs.com\/fr\/les-concessionnaires-gm-reparent-discretement-les-teslas-depuis-plus-dun-an\/","name":"Les concessionnaires GM r\u00e9parent discr\u00e8tement les Teslas depuis plus d\u2019un an - CanadaMotorJobs.com","isPartOf":{"@id":"https:\/\/news.canadamotorjobs.com\/#website"},"primaryImageOfPage":{"@id":"https:\/\/news.canadamotorjobs.com\/fr\/les-concessionnaires-gm-reparent-discretement-les-teslas-depuis-plus-dun-an\/#primaryimage"},"image":{"@id":"https:\/\/news.canadamotorjobs.com\/fr\/les-concessionnaires-gm-reparent-discretement-les-teslas-depuis-plus-dun-an\/#primaryimage"},"thumbnailUrl":"https:\/\/news.canadamotorjobs.com\/wp-content\/uploads\/2022\/11\/d3a240a0c79f4f5091a0b6c20c035cec_c0x0-3000x1288_x1600-1.jpg","datePublished":"2022-11-19T14:11:04+00:00","dateModified":"2022-11-19T14:13:49+00:00","description":"Les concessionnaires GM r\u00e9parent discr\u00e8tement les Teslas depuis plus d\u2019un an - Benoit Charette - Annuel automobile - CanadaMotorJobs.com.","breadcrumb":{"@id":"https:\/\/news.canadamotorjobs.com\/fr\/les-concessionnaires-gm-reparent-discretement-les-teslas-depuis-plus-dun-an\/#breadcrumb"},"inLanguage":"fr-CA","potentialAction":[{"@type":"ReadAction","target":["https:\/\/news.canadamotorjobs.com\/fr\/les-concessionnaires-gm-reparent-discretement-les-teslas-depuis-plus-dun-an\/"]}]},{"@type":"ImageObject","inLanguage":"fr-CA","@id":"https:\/\/news.canadamotorjobs.com\/fr\/les-concessionnaires-gm-reparent-discretement-les-teslas-depuis-plus-dun-an\/#primaryimage","url":"https:\/\/news.canadamotorjobs.com\/wp-content\/uploads\/2022\/11\/d3a240a0c79f4f5091a0b6c20c035cec_c0x0-3000x1288_x1600-1.jpg","contentUrl":"https:\/\/news.canadamotorjobs.com\/wp-content\/uploads\/2022\/11\/d3a240a0c79f4f5091a0b6c20c035cec_c0x0-3000x1288_x1600-1.jpg","width":1600,"height":687},{"@type":"BreadcrumbList","@id":"https:\/\/news.canadamotorjobs.com\/fr\/les-concessionnaires-gm-reparent-discretement-les-teslas-depuis-plus-dun-an\/#breadcrumb","itemListElement":[{"@type":"ListItem","position":1,"name":"Home","item":"https:\/\/news.canadamotorjobs.com\/fr\/blog\/"},{"@type":"ListItem","position":2,"name":"Les concessionnaires GM r\u00e9parent discr\u00e8tement les Teslas depuis plus d\u2019un an"}]},{"@type":"WebSite","@id":"https:\/\/news.canadamotorjobs.com\/#website","url":"https:\/\/news.canadamotorjobs.com\/","name":"CanadaMotorJobs.com","description":"Automotive Jobs","publisher":{"@id":"https:\/\/news.canadamotorjobs.com\/#organization"},"potentialAction":[{"@type":"SearchAction","target":{"@type":"EntryPoint","urlTemplate":"https:\/\/news.canadamotorjobs.com\/?s={search_term_string}"},"query-input":"required name=search_term_string"}],"inLanguage":"fr-CA"},{"@type":"Organization","@id":"https:\/\/news.canadamotorjobs.com\/#organization","name":"Canada Motor Jobs","url":"https:\/\/news.canadamotorjobs.com\/","logo":{"@type":"ImageObject","inLanguage":"fr-CA","@id":"https:\/\/news.canadamotorjobs.com\/#\/schema\/logo\/image\/","url":"https:\/\/news.canadamotorjobs.com\/wp-content\/uploads\/2022\/10\/logo-canada-motor-jobs-1.png","contentUrl":"https:\/\/news.canadamotorjobs.com\/wp-content\/uploads\/2022\/10\/logo-canada-motor-jobs-1.png","width":800,"height":400,"caption":"Canada Motor Jobs"},"image":{"@id":"https:\/\/news.canadamotorjobs.com\/#\/schema\/logo\/image\/"},"sameAs":["https:\/\/www.facebook.com\/canadamotorjobs\/","https:\/\/x.com\/canadamotorjobs","https:\/\/www.instagram.com\/canadamotorjobs\/","https:\/\/www.linkedin.com\/company\/canadamotorjobs"]},{"@type":"Person","@id":"https:\/\/news.canadamotorjobs.com\/#\/schema\/person\/51793d1f87d44011d7bcc2ed99269a90","name":"Benoit Charette","image":{"@type":"ImageObject","inLanguage":"fr-CA","@id":"https:\/\/news.canadamotorjobs.com\/#\/schema\/person\/image\/","url":"https:\/\/secure.gravatar.com\/avatar\/45f3d2eebcccd909668d7ce7ea7267b6?s=96&d=mm&r=g","contentUrl":"https:\/\/secure.gravatar.com\/avatar\/45f3d2eebcccd909668d7ce7ea7267b6?s=96&d=mm&r=g","caption":"Benoit Charette"},"description":"Benoit Charette \/ Propri\u00e9taire et r\u00e9dacteur en chef Benoit Charette pratique le journalisme automobile depuis bient\u00f4t 30 ans. Il a fait ses classes au c\u00f4t\u00e9 de Daniel H\u00e9raud et au Carnet de route de 1992 \u00e0 2001. Il est fondateur, copropri\u00e9taire et r\u00e9dacteur en chef de L\u2019Annuel de l\u2019automobile, qu\u2019il publie depuis 2001. Il a anim\u00e9 les \u00e9missions RPM et RPM+ sur V et les L\u00e9gendes de la route sur Historia. \u00c0 la radio depuis 1986, il reprend l\u2019antenne cette ann\u00e9e sur les ondes de Cogeco et participe pour la deuxi\u00e8me ann\u00e9e \u00e0 l\u2019\u00e9mission Passion Auto sur RDS en plus de mettre en ligne le site Web officiel de L\u2019Annuel de l\u2019automobile sur annuelauto.ca.","sameAs":["https:\/\/annuelauto.ca\/"],"url":"https:\/\/news.canadamotorjobs.com\/fr\/author\/benoit-charette\/"}]}},"_links":{"self":[{"href":"https:\/\/news.canadamotorjobs.com\/fr\/wp-json\/wp\/v2\/posts\/136550"}],"collection":[{"href":"https:\/\/news.canadamotorjobs.com\/fr\/wp-json\/wp\/v2\/posts"}],"about":[{"href":"https:\/\/news.canadamotorjobs.com\/fr\/wp-json\/wp\/v2\/types\/post"}],"author":[{"embeddable":true,"href":"https:\/\/news.canadamotorjobs.com\/fr\/wp-json\/wp\/v2\/users\/8"}],"replies":[{"embeddable":true,"href":"https:\/\/news.canadamotorjobs.com\/fr\/wp-json\/wp\/v2\/comments?post=136550"}],"version-history":[{"count":0,"href":"https:\/\/news.canadamotorjobs.com\/fr\/wp-json\/wp\/v2\/posts\/136550\/revisions"}],"wp:featuredmedia":[{"embeddable":true,"href":"https:\/\/news.canadamotorjobs.com\/fr\/wp-json\/wp\/v2\/media\/136554"}],"wp:attachment":[{"href":"https:\/\/news.canadamotorjobs.com\/fr\/wp-json\/wp\/v2\/media?parent=136550"}],"wp:term":[{"taxonomy":"category","embeddable":true,"href":"https:\/\/news.canadamotorjobs.com\/fr\/wp-json\/wp\/v2\/categories?post=136550"},{"taxonomy":"post_tag","embeddable":true,"href":"https:\/\/news.canadamotorjobs.com\/fr\/wp-json\/wp\/v2\/tags?post=136550"}],"curies":[{"name":"wp","href":"https:\/\/api.w.org\/{rel}","templated":true}]}}