{"id":136542,"date":"2022-11-18T08:15:14","date_gmt":"2022-11-18T13:15:14","guid":{"rendered":"https:\/\/news.canadamotorjobs.com\/vinfast-presente-le-vf6-et-le-vf7-a-los-angeles\/"},"modified":"2022-11-18T08:29:09","modified_gmt":"2022-11-18T13:29:09","slug":"vinfast-presente-le-vf6-et-le-vf7-a-los-angeles","status":"publish","type":"post","link":"https:\/\/news.canadamotorjobs.com\/fr\/vinfast-presente-le-vf6-et-le-vf7-a-los-angeles\/","title":{"rendered":"Vinfast pr\u00e9sente le VF6 et le VF7 \u00e0 Los Angeles"},"content":{"rendered":"<\/p>\n<p>Apr\u00e8s avoir officiellement ouvert une premi\u00e8re boutique de vente \u00e0 Toronto avec une autre qui va suivre bient\u00f4t \u00e0 Laval, Vinfast a profit\u00e9 du Salon de l\u2019auto de Los Angeles pour pr\u00e9senter deux nouveaux mod\u00e8les, le VF6 et le VF7. Croisement entre voiture et petit VUS, ces mod\u00e8les compl\u00e8tent les plus gris VUS VF8 et VF9 de la gamme.<br \/> Une autre \u00e9quipe de design<br \/> Ces mod\u00e8les ont \u00e9t\u00e9 con\u00e7us par Torino Design au lieu de Pininfarina. Vinfast n\u2019a pas encore donn\u00e9 de sp\u00e9cifications de ces mod\u00e8les. Outre le format plus petit, les VF6 et VF7 abandonnent les phares traditionnels des VF8 et VF9 au profit d&#8217;un design divis\u00e9 dans lequel deux bandes de DEL forment un large &#8220;V&#8221; en longeant le bord du capot puis en plongeant au milieu o\u00f9 elles se rejoignent presque. Les feux de croisement et de route sont situ\u00e9s plus bas sur le bouclier et vers le c\u00f4t\u00e9 sur les deux mod\u00e8les, le VF6 utilisant des bandes sous le projecteur pour ses clignotants et le VF9 les pla\u00e7ant dans une sorte de boomerang qui entoure le projecteur.<br \/> Un air de famille \u00e0 l\u2019arri\u00e8re<br \/> \u00c0 l&#8217;arri\u00e8re, les similitudes sont \u00e9galement pr\u00e9sentes, les deux mod\u00e8les pr\u00e9sentant deux bandes de DEL rouges parall\u00e8les au sol avant de plonger autour du logo VinFast, tout comme \u00e0 l&#8217;avant. L&#8217;int\u00e9rieur de la VF6 et de la VF7 semble tr\u00e8s similaire l&#8217;un \u00e0 l&#8217;autre, mais aussi aux mod\u00e8les existants du constructeur. Cela signifie que le tableau de bord est une affaire tr\u00e8s simple,<\/p>\n","protected":false},"excerpt":{"rendered":"<p>Apr\u00e8s avoir officiellement ouvert une premi\u00e8re boutique de vente \u00e0 Toronto avec une autre qui va suivre bient\u00f4t \u00e0 Laval, Vinfast a profit\u00e9 du Salon de l\u2019auto de Los Angeles pour pr\u00e9senter deux nouveaux mod\u00e8les, le VF6 et le VF7. Croisement entre voiture et petit VUS, ces mod\u00e8les compl\u00e8tent les plus gris VUS VF8 et [&hellip;]<\/p>\n","protected":false},"author":8,"featured_media":136546,"comment_status":"close","ping_status":"closed","sticky":false,"template":"","format":"standard","meta":{"_monsterinsights_skip_tracking":false,"_monsterinsights_sitenote_active":false,"_monsterinsights_sitenote_note":"","_monsterinsights_sitenote_category":0,"footnotes":""},"categories":[101],"tags":[],"yoast_head":"<!-- This site is optimized with the Yoast SEO plugin v23.2 - https:\/\/yoast.com\/wordpress\/plugins\/seo\/ -->\n<title>Vinfast pr\u00e9sente le VF6 et le VF7 \u00e0 Los Angeles - CanadaMotorJobs.com<\/title>\n<meta name=\"description\" content=\"Vinfast pr\u00e9sente le VF6 et le VF7 \u00e0 Los Angeles - Benoit Charette - Annuel automobile - CanadaMotorJobs.com.\" \/>\n<meta name=\"robots\" content=\"index, follow, max-snippet:-1, max-image-preview:large, max-video-preview:-1\" \/>\n<meta property=\"og:locale\" content=\"fr_CA\" \/>\n<meta property=\"og:type\" content=\"article\" \/>\n<meta property=\"og:title\" content=\"Vinfast pr\u00e9sente le VF6 et le VF7 \u00e0 Los Angeles - CanadaMotorJobs.com\" \/>\n<meta property=\"og:description\" content=\"Vinfast pr\u00e9sente le VF6 et le VF7 \u00e0 Los Angeles - Benoit Charette - Annuel automobile - CanadaMotorJobs.com.\" \/>\n<meta property=\"og:url\" content=\"https:\/\/news.canadamotorjobs.com\/fr\/vinfast-presente-le-vf6-et-le-vf7-a-los-angeles\/\" \/>\n<meta property=\"og:site_name\" content=\"CanadaMotorJobs.com\" \/>\n<meta property=\"article:publisher\" content=\"https:\/\/www.facebook.com\/canadamotorjobs\/\" \/>\n<meta property=\"article:published_time\" content=\"2022-11-18T13:15:14+00:00\" \/>\n<meta property=\"article:modified_time\" content=\"2022-11-18T13:29:09+00:00\" \/>\n<meta property=\"og:image\" content=\"https:\/\/news.canadamotorjobs.com\/wp-content\/uploads\/2022\/11\/2024_VinFast_VF7_Inline1-1.jpg\" \/>\n\t<meta property=\"og:image:width\" content=\"960\" \/>\n\t<meta property=\"og:image:height\" content=\"540\" \/>\n\t<meta property=\"og:image:type\" content=\"image\/jpeg\" \/>\n<meta name=\"author\" content=\"Benoit Charette\" \/>\n<meta name=\"twitter:card\" content=\"summary_large_image\" \/>\n<meta name=\"twitter:creator\" content=\"@canadamotorjobs\" \/>\n<meta name=\"twitter:site\" content=\"@canadamotorjobs\" \/>\n<meta name=\"twitter:label1\" content=\"\u00c9crit par\" \/>\n\t<meta name=\"twitter:data1\" content=\"Benoit Charette\" \/>\n\t<meta name=\"twitter:label2\" content=\"Estimation du temps de lecture\" \/>\n\t<meta name=\"twitter:data2\" content=\"1 minute\" \/>\n<!-- \/ Yoast SEO plugin. -->","yoast_head_json":{"title":"Vinfast pr\u00e9sente le VF6 et le VF7 \u00e0 Los Angeles - CanadaMotorJobs.com","description":"Vinfast pr\u00e9sente le VF6 et le VF7 \u00e0 Los Angeles - Benoit Charette - Annuel automobile - CanadaMotorJobs.com.","robots":{"index":"index","follow":"follow","max-snippet":"max-snippet:-1","max-image-preview":"max-image-preview:large","max-video-preview":"max-video-preview:-1"},"og_locale":"fr_CA","og_type":"article","og_title":"Vinfast pr\u00e9sente le VF6 et le VF7 \u00e0 Los Angeles - CanadaMotorJobs.com","og_description":"Vinfast pr\u00e9sente le VF6 et le VF7 \u00e0 Los Angeles - Benoit Charette - Annuel automobile - CanadaMotorJobs.com.","og_url":"https:\/\/news.canadamotorjobs.com\/fr\/vinfast-presente-le-vf6-et-le-vf7-a-los-angeles\/","og_site_name":"CanadaMotorJobs.com","article_publisher":"https:\/\/www.facebook.com\/canadamotorjobs\/","article_published_time":"2022-11-18T13:15:14+00:00","article_modified_time":"2022-11-18T13:29:09+00:00","og_image":[{"width":960,"height":540,"url":"https:\/\/news.canadamotorjobs.com\/wp-content\/uploads\/2022\/11\/2024_VinFast_VF7_Inline1-1.jpg","type":"image\/jpeg"}],"author":"Benoit Charette","twitter_card":"summary_large_image","twitter_creator":"@canadamotorjobs","twitter_site":"@canadamotorjobs","twitter_misc":{"\u00c9crit par":"Benoit Charette","Estimation du temps de lecture":"1 minute"},"schema":{"@context":"https:\/\/schema.org","@graph":[{"@type":"Article","@id":"https:\/\/news.canadamotorjobs.com\/fr\/vinfast-presente-le-vf6-et-le-vf7-a-los-angeles\/#article","isPartOf":{"@id":"https:\/\/news.canadamotorjobs.com\/fr\/vinfast-presente-le-vf6-et-le-vf7-a-los-angeles\/"},"author":{"name":"Benoit Charette","@id":"https:\/\/news.canadamotorjobs.com\/#\/schema\/person\/51793d1f87d44011d7bcc2ed99269a90"},"headline":"Vinfast pr\u00e9sente le VF6 et le VF7 \u00e0 Los Angeles","datePublished":"2022-11-18T13:15:14+00:00","dateModified":"2022-11-18T13:29:09+00:00","mainEntityOfPage":{"@id":"https:\/\/news.canadamotorjobs.com\/fr\/vinfast-presente-le-vf6-et-le-vf7-a-los-angeles\/"},"wordCount":288,"publisher":{"@id":"https:\/\/news.canadamotorjobs.com\/#organization"},"image":{"@id":"https:\/\/news.canadamotorjobs.com\/fr\/vinfast-presente-le-vf6-et-le-vf7-a-los-angeles\/#primaryimage"},"thumbnailUrl":"https:\/\/news.canadamotorjobs.com\/wp-content\/uploads\/2022\/11\/2024_VinFast_VF7_Inline1-1.jpg","articleSection":["Annuel automobile"],"inLanguage":"fr-CA"},{"@type":"WebPage","@id":"https:\/\/news.canadamotorjobs.com\/fr\/vinfast-presente-le-vf6-et-le-vf7-a-los-angeles\/","url":"https:\/\/news.canadamotorjobs.com\/fr\/vinfast-presente-le-vf6-et-le-vf7-a-los-angeles\/","name":"Vinfast pr\u00e9sente le VF6 et le VF7 \u00e0 Los Angeles - CanadaMotorJobs.com","isPartOf":{"@id":"https:\/\/news.canadamotorjobs.com\/#website"},"primaryImageOfPage":{"@id":"https:\/\/news.canadamotorjobs.com\/fr\/vinfast-presente-le-vf6-et-le-vf7-a-los-angeles\/#primaryimage"},"image":{"@id":"https:\/\/news.canadamotorjobs.com\/fr\/vinfast-presente-le-vf6-et-le-vf7-a-los-angeles\/#primaryimage"},"thumbnailUrl":"https:\/\/news.canadamotorjobs.com\/wp-content\/uploads\/2022\/11\/2024_VinFast_VF7_Inline1-1.jpg","datePublished":"2022-11-18T13:15:14+00:00","dateModified":"2022-11-18T13:29:09+00:00","description":"Vinfast pr\u00e9sente le VF6 et le VF7 \u00e0 Los Angeles - Benoit Charette - Annuel automobile - CanadaMotorJobs.com.","breadcrumb":{"@id":"https:\/\/news.canadamotorjobs.com\/fr\/vinfast-presente-le-vf6-et-le-vf7-a-los-angeles\/#breadcrumb"},"inLanguage":"fr-CA","potentialAction":[{"@type":"ReadAction","target":["https:\/\/news.canadamotorjobs.com\/fr\/vinfast-presente-le-vf6-et-le-vf7-a-los-angeles\/"]}]},{"@type":"ImageObject","inLanguage":"fr-CA","@id":"https:\/\/news.canadamotorjobs.com\/fr\/vinfast-presente-le-vf6-et-le-vf7-a-los-angeles\/#primaryimage","url":"https:\/\/news.canadamotorjobs.com\/wp-content\/uploads\/2022\/11\/2024_VinFast_VF7_Inline1-1.jpg","contentUrl":"https:\/\/news.canadamotorjobs.com\/wp-content\/uploads\/2022\/11\/2024_VinFast_VF7_Inline1-1.jpg","width":960,"height":540},{"@type":"BreadcrumbList","@id":"https:\/\/news.canadamotorjobs.com\/fr\/vinfast-presente-le-vf6-et-le-vf7-a-los-angeles\/#breadcrumb","itemListElement":[{"@type":"ListItem","position":1,"name":"Home","item":"https:\/\/news.canadamotorjobs.com\/fr\/blog\/"},{"@type":"ListItem","position":2,"name":"Vinfast pr\u00e9sente le VF6 et le VF7 \u00e0 Los Angeles"}]},{"@type":"WebSite","@id":"https:\/\/news.canadamotorjobs.com\/#website","url":"https:\/\/news.canadamotorjobs.com\/","name":"CanadaMotorJobs.com","description":"Automotive Jobs","publisher":{"@id":"https:\/\/news.canadamotorjobs.com\/#organization"},"potentialAction":[{"@type":"SearchAction","target":{"@type":"EntryPoint","urlTemplate":"https:\/\/news.canadamotorjobs.com\/?s={search_term_string}"},"query-input":"required name=search_term_string"}],"inLanguage":"fr-CA"},{"@type":"Organization","@id":"https:\/\/news.canadamotorjobs.com\/#organization","name":"Canada Motor Jobs","url":"https:\/\/news.canadamotorjobs.com\/","logo":{"@type":"ImageObject","inLanguage":"fr-CA","@id":"https:\/\/news.canadamotorjobs.com\/#\/schema\/logo\/image\/","url":"https:\/\/news.canadamotorjobs.com\/wp-content\/uploads\/2022\/10\/logo-canada-motor-jobs-1.png","contentUrl":"https:\/\/news.canadamotorjobs.com\/wp-content\/uploads\/2022\/10\/logo-canada-motor-jobs-1.png","width":800,"height":400,"caption":"Canada Motor Jobs"},"image":{"@id":"https:\/\/news.canadamotorjobs.com\/#\/schema\/logo\/image\/"},"sameAs":["https:\/\/www.facebook.com\/canadamotorjobs\/","https:\/\/x.com\/canadamotorjobs","https:\/\/www.instagram.com\/canadamotorjobs\/","https:\/\/www.linkedin.com\/company\/canadamotorjobs"]},{"@type":"Person","@id":"https:\/\/news.canadamotorjobs.com\/#\/schema\/person\/51793d1f87d44011d7bcc2ed99269a90","name":"Benoit Charette","image":{"@type":"ImageObject","inLanguage":"fr-CA","@id":"https:\/\/news.canadamotorjobs.com\/#\/schema\/person\/image\/","url":"https:\/\/secure.gravatar.com\/avatar\/45f3d2eebcccd909668d7ce7ea7267b6?s=96&d=mm&r=g","contentUrl":"https:\/\/secure.gravatar.com\/avatar\/45f3d2eebcccd909668d7ce7ea7267b6?s=96&d=mm&r=g","caption":"Benoit Charette"},"description":"Benoit Charette \/ Propri\u00e9taire et r\u00e9dacteur en chef Benoit Charette pratique le journalisme automobile depuis bient\u00f4t 30 ans. Il a fait ses classes au c\u00f4t\u00e9 de Daniel H\u00e9raud et au Carnet de route de 1992 \u00e0 2001. Il est fondateur, copropri\u00e9taire et r\u00e9dacteur en chef de L\u2019Annuel de l\u2019automobile, qu\u2019il publie depuis 2001. Il a anim\u00e9 les \u00e9missions RPM et RPM+ sur V et les L\u00e9gendes de la route sur Historia. \u00c0 la radio depuis 1986, il reprend l\u2019antenne cette ann\u00e9e sur les ondes de Cogeco et participe pour la deuxi\u00e8me ann\u00e9e \u00e0 l\u2019\u00e9mission Passion Auto sur RDS en plus de mettre en ligne le site Web officiel de L\u2019Annuel de l\u2019automobile sur annuelauto.ca.","sameAs":["https:\/\/annuelauto.ca\/"],"url":"https:\/\/news.canadamotorjobs.com\/fr\/author\/benoit-charette\/"}]}},"_links":{"self":[{"href":"https:\/\/news.canadamotorjobs.com\/fr\/wp-json\/wp\/v2\/posts\/136542"}],"collection":[{"href":"https:\/\/news.canadamotorjobs.com\/fr\/wp-json\/wp\/v2\/posts"}],"about":[{"href":"https:\/\/news.canadamotorjobs.com\/fr\/wp-json\/wp\/v2\/types\/post"}],"author":[{"embeddable":true,"href":"https:\/\/news.canadamotorjobs.com\/fr\/wp-json\/wp\/v2\/users\/8"}],"replies":[{"embeddable":true,"href":"https:\/\/news.canadamotorjobs.com\/fr\/wp-json\/wp\/v2\/comments?post=136542"}],"version-history":[{"count":0,"href":"https:\/\/news.canadamotorjobs.com\/fr\/wp-json\/wp\/v2\/posts\/136542\/revisions"}],"wp:featuredmedia":[{"embeddable":true,"href":"https:\/\/news.canadamotorjobs.com\/fr\/wp-json\/wp\/v2\/media\/136546"}],"wp:attachment":[{"href":"https:\/\/news.canadamotorjobs.com\/fr\/wp-json\/wp\/v2\/media?parent=136542"}],"wp:term":[{"taxonomy":"category","embeddable":true,"href":"https:\/\/news.canadamotorjobs.com\/fr\/wp-json\/wp\/v2\/categories?post=136542"},{"taxonomy":"post_tag","embeddable":true,"href":"https:\/\/news.canadamotorjobs.com\/fr\/wp-json\/wp\/v2\/tags?post=136542"}],"curies":[{"name":"wp","href":"https:\/\/api.w.org\/{rel}","templated":true}]}}