{"id":136534,"date":"2022-11-18T07:38:41","date_gmt":"2022-11-18T12:38:41","guid":{"rendered":"https:\/\/news.canadamotorjobs.com\/le-nouveau-grand-patron-de-volkswagen-met-un-frein-aux-projets-de-developpement-de-vehicules-electriques\/"},"modified":"2022-11-18T07:44:56","modified_gmt":"2022-11-18T12:44:56","slug":"le-nouveau-grand-patron-de-volkswagen-met-un-frein-aux-projets-de-developpement-de-vehicules-electriques","status":"publish","type":"post","link":"https:\/\/news.canadamotorjobs.com\/fr\/le-nouveau-grand-patron-de-volkswagen-met-un-frein-aux-projets-de-developpement-de-vehicules-electriques\/","title":{"rendered":"Le nouveau grand patron de Volkswagen met un frein aux projets de d\u00e9veloppement de v\u00e9hicules \u00e9lectriques"},"content":{"rendered":"<\/p>\n<p>Volkswagen pourrait reporter son projet phare de v\u00e9hicule \u00e9lectrique Trinity de 2026 \u00e0 la fin de la d\u00e9cennie sous la direction du nouveau directeur g\u00e9n\u00e9ral Oliver Blume. Le v\u00e9hicule \u00e9lectrique phare du constructeur automobile est en pr\u00e9paration depuis un certain temps et devait utiliser la future plateforme SSP. Les plans \u00e9labor\u00e9s par l&#8217;ancien directeur g\u00e9n\u00e9ral Herbert Diess pr\u00e9voyaient le lancement de sa production en 2026 dans une usine de 2 milliards d&#8217;euros pr\u00e9vue pr\u00e8s du si\u00e8ge de Wolfsburg. La r\u00e9alisation de cette usine est aussi remise en question.<br \/> Un projet trop ambitieux selon Blume<br \/> Le nouveau patron est \u00e0 r\u00e9viser tous les projets de son pr\u00e9d\u00e9cesseur et Automotive News Europe rapporte que la direction de VW s&#8217;est demand\u00e9 si une nouvelle usine \u00e9tait n\u00e9cessaire ou si la ligne d&#8217;assemblage actuelle de l&#8217;usine principale de Wolfsburg pouvait \u00eatre adapt\u00e9e pour construire la Trinity. On pr\u00e9tend \u00e9galement que la plateforme SSP ne sera plus lanc\u00e9e \u00e0 c\u00f4t\u00e9 de cette usine de 2 milliards d&#8217;euros.<br \/> Herbert Diess voulait faire comme Tesla<br \/> Volkswagen envisageait la construction d&#8217;une nouvelle usine dans le but de r\u00e9duire les d\u00e9lais de production de ses v\u00e9hicules \u00e9lectriques. M. Diess a souvent demand\u00e9 \u00e0 Volkswagen de suivre l&#8217;exemple de Tesla et de commencer \u00e0 construire des v\u00e9hicules \u00e9lectriques plus rapidement et plus efficacement. En effet, il ne faut que 10 heures \u00e0 Tesla pour construire un mod\u00e8le Y dans son usine de Berlin, alors que VW a besoin de trois fois plus de temps pour construire une ID.3 \u00e0 hayon.<\/p>\n","protected":false},"excerpt":{"rendered":"<p>Volkswagen pourrait reporter son projet phare de v\u00e9hicule \u00e9lectrique Trinity de 2026 \u00e0 la fin de la d\u00e9cennie sous la direction du nouveau directeur g\u00e9n\u00e9ral Oliver Blume. Le v\u00e9hicule \u00e9lectrique phare du constructeur automobile est en pr\u00e9paration depuis un certain temps et devait utiliser la future plateforme SSP. Les plans \u00e9labor\u00e9s par l&#8217;ancien directeur g\u00e9n\u00e9ral [&hellip;]<\/p>\n","protected":false},"author":8,"featured_media":136538,"comment_status":"close","ping_status":"closed","sticky":false,"template":"","format":"standard","meta":{"_monsterinsights_skip_tracking":false,"_monsterinsights_sitenote_active":false,"_monsterinsights_sitenote_note":"","_monsterinsights_sitenote_category":0,"footnotes":""},"categories":[101],"tags":[],"yoast_head":"<!-- This site is optimized with the Yoast SEO plugin v23.2 - https:\/\/yoast.com\/wordpress\/plugins\/seo\/ -->\n<title>Le nouveau grand patron de Volkswagen met un frein aux projets de d\u00e9veloppement de v\u00e9hicules \u00e9lectriques - CanadaMotorJobs.com<\/title>\n<meta name=\"description\" content=\"Le nouveau grand patron de Volkswagen met un frein aux projets de d\u00e9veloppement de v\u00e9hicules \u00e9lectriques - Benoit Charette - Annuel automobile - CanadaMotorJobs.com.\" \/>\n<meta name=\"robots\" content=\"index, follow, max-snippet:-1, max-image-preview:large, max-video-preview:-1\" \/>\n<meta property=\"og:locale\" content=\"fr_CA\" \/>\n<meta property=\"og:type\" content=\"article\" \/>\n<meta property=\"og:title\" content=\"Le nouveau grand patron de Volkswagen met un frein aux projets de d\u00e9veloppement de v\u00e9hicules \u00e9lectriques - CanadaMotorJobs.com\" \/>\n<meta property=\"og:description\" content=\"Le nouveau grand patron de Volkswagen met un frein aux projets de d\u00e9veloppement de v\u00e9hicules \u00e9lectriques - Benoit Charette - Annuel automobile - CanadaMotorJobs.com.\" \/>\n<meta property=\"og:url\" content=\"https:\/\/news.canadamotorjobs.com\/fr\/le-nouveau-grand-patron-de-volkswagen-met-un-frein-aux-projets-de-developpement-de-vehicules-electriques\/\" \/>\n<meta property=\"og:site_name\" content=\"CanadaMotorJobs.com\" \/>\n<meta property=\"article:publisher\" content=\"https:\/\/www.facebook.com\/canadamotorjobs\/\" \/>\n<meta property=\"article:published_time\" content=\"2022-11-18T12:38:41+00:00\" \/>\n<meta property=\"article:modified_time\" content=\"2022-11-18T12:44:56+00:00\" \/>\n<meta property=\"og:image\" content=\"https:\/\/news.canadamotorjobs.com\/wp-content\/uploads\/2022\/11\/VW_Wolfsburg-scaled-1-1.jpg\" \/>\n\t<meta property=\"og:image:width\" content=\"2560\" \/>\n\t<meta property=\"og:image:height\" content=\"1920\" \/>\n\t<meta property=\"og:image:type\" content=\"image\/jpeg\" \/>\n<meta name=\"author\" content=\"Benoit Charette\" \/>\n<meta name=\"twitter:card\" content=\"summary_large_image\" \/>\n<meta name=\"twitter:creator\" content=\"@canadamotorjobs\" \/>\n<meta name=\"twitter:site\" content=\"@canadamotorjobs\" \/>\n<meta name=\"twitter:label1\" content=\"\u00c9crit par\" \/>\n\t<meta name=\"twitter:data1\" content=\"Benoit Charette\" \/>\n\t<meta name=\"twitter:label2\" content=\"Estimation du temps de lecture\" \/>\n\t<meta name=\"twitter:data2\" content=\"1 minute\" \/>\n<!-- \/ Yoast SEO plugin. -->","yoast_head_json":{"title":"Le nouveau grand patron de Volkswagen met un frein aux projets de d\u00e9veloppement de v\u00e9hicules \u00e9lectriques - CanadaMotorJobs.com","description":"Le nouveau grand patron de Volkswagen met un frein aux projets de d\u00e9veloppement de v\u00e9hicules \u00e9lectriques - Benoit Charette - Annuel automobile - CanadaMotorJobs.com.","robots":{"index":"index","follow":"follow","max-snippet":"max-snippet:-1","max-image-preview":"max-image-preview:large","max-video-preview":"max-video-preview:-1"},"og_locale":"fr_CA","og_type":"article","og_title":"Le nouveau grand patron de Volkswagen met un frein aux projets de d\u00e9veloppement de v\u00e9hicules \u00e9lectriques - CanadaMotorJobs.com","og_description":"Le nouveau grand patron de Volkswagen met un frein aux projets de d\u00e9veloppement de v\u00e9hicules \u00e9lectriques - Benoit Charette - Annuel automobile - CanadaMotorJobs.com.","og_url":"https:\/\/news.canadamotorjobs.com\/fr\/le-nouveau-grand-patron-de-volkswagen-met-un-frein-aux-projets-de-developpement-de-vehicules-electriques\/","og_site_name":"CanadaMotorJobs.com","article_publisher":"https:\/\/www.facebook.com\/canadamotorjobs\/","article_published_time":"2022-11-18T12:38:41+00:00","article_modified_time":"2022-11-18T12:44:56+00:00","og_image":[{"width":2560,"height":1920,"url":"https:\/\/news.canadamotorjobs.com\/wp-content\/uploads\/2022\/11\/VW_Wolfsburg-scaled-1-1.jpg","type":"image\/jpeg"}],"author":"Benoit Charette","twitter_card":"summary_large_image","twitter_creator":"@canadamotorjobs","twitter_site":"@canadamotorjobs","twitter_misc":{"\u00c9crit par":"Benoit Charette","Estimation du temps de lecture":"1 minute"},"schema":{"@context":"https:\/\/schema.org","@graph":[{"@type":"Article","@id":"https:\/\/news.canadamotorjobs.com\/fr\/le-nouveau-grand-patron-de-volkswagen-met-un-frein-aux-projets-de-developpement-de-vehicules-electriques\/#article","isPartOf":{"@id":"https:\/\/news.canadamotorjobs.com\/fr\/le-nouveau-grand-patron-de-volkswagen-met-un-frein-aux-projets-de-developpement-de-vehicules-electriques\/"},"author":{"name":"Benoit Charette","@id":"https:\/\/news.canadamotorjobs.com\/#\/schema\/person\/51793d1f87d44011d7bcc2ed99269a90"},"headline":"Le nouveau grand patron de Volkswagen met un frein aux projets de d\u00e9veloppement de v\u00e9hicules \u00e9lectriques","datePublished":"2022-11-18T12:38:41+00:00","dateModified":"2022-11-18T12:44:56+00:00","mainEntityOfPage":{"@id":"https:\/\/news.canadamotorjobs.com\/fr\/le-nouveau-grand-patron-de-volkswagen-met-un-frein-aux-projets-de-developpement-de-vehicules-electriques\/"},"wordCount":291,"publisher":{"@id":"https:\/\/news.canadamotorjobs.com\/#organization"},"image":{"@id":"https:\/\/news.canadamotorjobs.com\/fr\/le-nouveau-grand-patron-de-volkswagen-met-un-frein-aux-projets-de-developpement-de-vehicules-electriques\/#primaryimage"},"thumbnailUrl":"https:\/\/news.canadamotorjobs.com\/wp-content\/uploads\/2022\/11\/VW_Wolfsburg-scaled-1-1.jpg","articleSection":["Annuel automobile"],"inLanguage":"fr-CA"},{"@type":"WebPage","@id":"https:\/\/news.canadamotorjobs.com\/fr\/le-nouveau-grand-patron-de-volkswagen-met-un-frein-aux-projets-de-developpement-de-vehicules-electriques\/","url":"https:\/\/news.canadamotorjobs.com\/fr\/le-nouveau-grand-patron-de-volkswagen-met-un-frein-aux-projets-de-developpement-de-vehicules-electriques\/","name":"Le nouveau grand patron de Volkswagen met un frein aux projets de d\u00e9veloppement de v\u00e9hicules \u00e9lectriques - CanadaMotorJobs.com","isPartOf":{"@id":"https:\/\/news.canadamotorjobs.com\/#website"},"primaryImageOfPage":{"@id":"https:\/\/news.canadamotorjobs.com\/fr\/le-nouveau-grand-patron-de-volkswagen-met-un-frein-aux-projets-de-developpement-de-vehicules-electriques\/#primaryimage"},"image":{"@id":"https:\/\/news.canadamotorjobs.com\/fr\/le-nouveau-grand-patron-de-volkswagen-met-un-frein-aux-projets-de-developpement-de-vehicules-electriques\/#primaryimage"},"thumbnailUrl":"https:\/\/news.canadamotorjobs.com\/wp-content\/uploads\/2022\/11\/VW_Wolfsburg-scaled-1-1.jpg","datePublished":"2022-11-18T12:38:41+00:00","dateModified":"2022-11-18T12:44:56+00:00","description":"Le nouveau grand patron de Volkswagen met un frein aux projets de d\u00e9veloppement de v\u00e9hicules \u00e9lectriques - Benoit Charette - Annuel automobile - CanadaMotorJobs.com.","breadcrumb":{"@id":"https:\/\/news.canadamotorjobs.com\/fr\/le-nouveau-grand-patron-de-volkswagen-met-un-frein-aux-projets-de-developpement-de-vehicules-electriques\/#breadcrumb"},"inLanguage":"fr-CA","potentialAction":[{"@type":"ReadAction","target":["https:\/\/news.canadamotorjobs.com\/fr\/le-nouveau-grand-patron-de-volkswagen-met-un-frein-aux-projets-de-developpement-de-vehicules-electriques\/"]}]},{"@type":"ImageObject","inLanguage":"fr-CA","@id":"https:\/\/news.canadamotorjobs.com\/fr\/le-nouveau-grand-patron-de-volkswagen-met-un-frein-aux-projets-de-developpement-de-vehicules-electriques\/#primaryimage","url":"https:\/\/news.canadamotorjobs.com\/wp-content\/uploads\/2022\/11\/VW_Wolfsburg-scaled-1-1.jpg","contentUrl":"https:\/\/news.canadamotorjobs.com\/wp-content\/uploads\/2022\/11\/VW_Wolfsburg-scaled-1-1.jpg","width":2560,"height":1920},{"@type":"BreadcrumbList","@id":"https:\/\/news.canadamotorjobs.com\/fr\/le-nouveau-grand-patron-de-volkswagen-met-un-frein-aux-projets-de-developpement-de-vehicules-electriques\/#breadcrumb","itemListElement":[{"@type":"ListItem","position":1,"name":"Home","item":"https:\/\/news.canadamotorjobs.com\/fr\/blog\/"},{"@type":"ListItem","position":2,"name":"Le nouveau grand patron de Volkswagen met un frein aux projets de d\u00e9veloppement de v\u00e9hicules \u00e9lectriques"}]},{"@type":"WebSite","@id":"https:\/\/news.canadamotorjobs.com\/#website","url":"https:\/\/news.canadamotorjobs.com\/","name":"CanadaMotorJobs.com","description":"Automotive Jobs","publisher":{"@id":"https:\/\/news.canadamotorjobs.com\/#organization"},"potentialAction":[{"@type":"SearchAction","target":{"@type":"EntryPoint","urlTemplate":"https:\/\/news.canadamotorjobs.com\/?s={search_term_string}"},"query-input":"required name=search_term_string"}],"inLanguage":"fr-CA"},{"@type":"Organization","@id":"https:\/\/news.canadamotorjobs.com\/#organization","name":"Canada Motor Jobs","url":"https:\/\/news.canadamotorjobs.com\/","logo":{"@type":"ImageObject","inLanguage":"fr-CA","@id":"https:\/\/news.canadamotorjobs.com\/#\/schema\/logo\/image\/","url":"https:\/\/news.canadamotorjobs.com\/wp-content\/uploads\/2022\/10\/logo-canada-motor-jobs-1.png","contentUrl":"https:\/\/news.canadamotorjobs.com\/wp-content\/uploads\/2022\/10\/logo-canada-motor-jobs-1.png","width":800,"height":400,"caption":"Canada Motor Jobs"},"image":{"@id":"https:\/\/news.canadamotorjobs.com\/#\/schema\/logo\/image\/"},"sameAs":["https:\/\/www.facebook.com\/canadamotorjobs\/","https:\/\/x.com\/canadamotorjobs","https:\/\/www.instagram.com\/canadamotorjobs\/","https:\/\/www.linkedin.com\/company\/canadamotorjobs"]},{"@type":"Person","@id":"https:\/\/news.canadamotorjobs.com\/#\/schema\/person\/51793d1f87d44011d7bcc2ed99269a90","name":"Benoit Charette","image":{"@type":"ImageObject","inLanguage":"fr-CA","@id":"https:\/\/news.canadamotorjobs.com\/#\/schema\/person\/image\/","url":"https:\/\/secure.gravatar.com\/avatar\/45f3d2eebcccd909668d7ce7ea7267b6?s=96&d=mm&r=g","contentUrl":"https:\/\/secure.gravatar.com\/avatar\/45f3d2eebcccd909668d7ce7ea7267b6?s=96&d=mm&r=g","caption":"Benoit Charette"},"description":"Benoit Charette \/ Propri\u00e9taire et r\u00e9dacteur en chef Benoit Charette pratique le journalisme automobile depuis bient\u00f4t 30 ans. Il a fait ses classes au c\u00f4t\u00e9 de Daniel H\u00e9raud et au Carnet de route de 1992 \u00e0 2001. Il est fondateur, copropri\u00e9taire et r\u00e9dacteur en chef de L\u2019Annuel de l\u2019automobile, qu\u2019il publie depuis 2001. Il a anim\u00e9 les \u00e9missions RPM et RPM+ sur V et les L\u00e9gendes de la route sur Historia. \u00c0 la radio depuis 1986, il reprend l\u2019antenne cette ann\u00e9e sur les ondes de Cogeco et participe pour la deuxi\u00e8me ann\u00e9e \u00e0 l\u2019\u00e9mission Passion Auto sur RDS en plus de mettre en ligne le site Web officiel de L\u2019Annuel de l\u2019automobile sur annuelauto.ca.","sameAs":["https:\/\/annuelauto.ca\/"],"url":"https:\/\/news.canadamotorjobs.com\/fr\/author\/benoit-charette\/"}]}},"_links":{"self":[{"href":"https:\/\/news.canadamotorjobs.com\/fr\/wp-json\/wp\/v2\/posts\/136534"}],"collection":[{"href":"https:\/\/news.canadamotorjobs.com\/fr\/wp-json\/wp\/v2\/posts"}],"about":[{"href":"https:\/\/news.canadamotorjobs.com\/fr\/wp-json\/wp\/v2\/types\/post"}],"author":[{"embeddable":true,"href":"https:\/\/news.canadamotorjobs.com\/fr\/wp-json\/wp\/v2\/users\/8"}],"replies":[{"embeddable":true,"href":"https:\/\/news.canadamotorjobs.com\/fr\/wp-json\/wp\/v2\/comments?post=136534"}],"version-history":[{"count":0,"href":"https:\/\/news.canadamotorjobs.com\/fr\/wp-json\/wp\/v2\/posts\/136534\/revisions"}],"wp:featuredmedia":[{"embeddable":true,"href":"https:\/\/news.canadamotorjobs.com\/fr\/wp-json\/wp\/v2\/media\/136538"}],"wp:attachment":[{"href":"https:\/\/news.canadamotorjobs.com\/fr\/wp-json\/wp\/v2\/media?parent=136534"}],"wp:term":[{"taxonomy":"category","embeddable":true,"href":"https:\/\/news.canadamotorjobs.com\/fr\/wp-json\/wp\/v2\/categories?post=136534"},{"taxonomy":"post_tag","embeddable":true,"href":"https:\/\/news.canadamotorjobs.com\/fr\/wp-json\/wp\/v2\/tags?post=136534"}],"curies":[{"name":"wp","href":"https:\/\/api.w.org\/{rel}","templated":true}]}}