{"id":136513,"date":"2022-11-17T08:44:18","date_gmt":"2022-11-17T13:44:18","guid":{"rendered":"https:\/\/news.canadamotorjobs.com\/ram-rappelle-280-000-camions-2500-et-3500-hd\/"},"modified":"2022-11-17T10:16:31","modified_gmt":"2022-11-17T15:16:31","slug":"ram-rappelle-280-000-camions-2500-et-3500-hd","status":"publish","type":"post","link":"https:\/\/news.canadamotorjobs.com\/fr\/ram-rappelle-280-000-camions-2500-et-3500-hd\/","title":{"rendered":"Ram rappelle 280 000 camions 2500 et 3500 HD"},"content":{"rendered":"<p>Les moteurs Diesel continuent de donner des maux de t\u00eate \u00e0 la soci\u00e9t\u00e9 Stellantis. Ram a \u00e9mis un rappel pour 280 000 camions diesel lourds Ram dans le monde entier pour des risques d&#8217;incendie.<\/p>\n<h3>Une transmission fautive<\/h3>\n<p>Selon un d\u00e9p\u00f4t de document aupr\u00e8s de la National Highway Traffic Safety Administration, le rappel concerne les camions Ram 2500 2020-2023 et Ram 3500 2020-2022. Une accumulation de pression et de chaleur \u00e0 l&#8217;int\u00e9rieur de la transmission peut entra\u00eener une fuite de liquide de transmission qui pourrait d\u00e9clencher un incendie de v\u00e9hicule.<\/p>\n<h3>D\u00e9j\u00e0 16 cas de d\u00e9clarer aux \u00c9tats-Unis<\/h3>\n<p>L&#8217;entreprise a re\u00e7u des rapports faisant \u00e9tat de 16 incendies de v\u00e9hicules et d&#8217;un bless\u00e9 l\u00e9ger entre mars et octobre qui pourraient \u00eatre li\u00e9s au rappel, mais aucun accident. Le rappel concerne les camions \u00e9quip\u00e9s d&#8217;un moteur diesel Cummins de 6,7 litres et d&#8217;une transmission automatique et porte sur 248 000 v\u00e9hicules aux \u00c9tats-Unis. Stellantis a d\u00e9clar\u00e9 que la fuite peut \u00eatre pr\u00e9c\u00e9d\u00e9e d&#8217;un t\u00e9moin lumineux et que les propri\u00e9taires qui observent un t\u00e9moin lumineux doivent contacter les concessionnaires. Stellantis a d\u00e9clar\u00e9 que le correctif du rappel est en cours de d\u00e9veloppement.<\/p>\n<p>Avec des renseignements de Reuters<\/p>\n<p>Le texte <a href=\"https:\/\/annuelauto.ca\/ram-rappelle-280-000-camions-heavy-duty\/\" rel=\"nofollow\">Ram rappelle 280 000 camions 2500 et 3500 HD<\/a> provient de <a href=\"https:\/\/annuelauto.ca\" rel=\"nofollow\">L&#8217;annuel de l&#8217;automobile &#8211; Actualit\u00e9 automobile<\/a><\/p>\n","protected":false},"excerpt":{"rendered":"<p>Les moteurs Diesel continuent de donner des maux de t\u00eate \u00e0 la soci\u00e9t\u00e9 Stellantis. Ram a \u00e9mis un rappel pour 280 000 camions diesel lourds Ram dans le monde entier pour des risques d&#8217;incendie. Une transmission fautive Selon un d\u00e9p\u00f4t de document aupr\u00e8s de la National Highway Traffic Safety Administration, le rappel concerne les camions [&hellip;]<\/p>\n","protected":false},"author":8,"featured_media":136517,"comment_status":"close","ping_status":"closed","sticky":false,"template":"","format":"standard","meta":{"_monsterinsights_skip_tracking":false,"_monsterinsights_sitenote_active":false,"_monsterinsights_sitenote_note":"","_monsterinsights_sitenote_category":0,"footnotes":""},"categories":[101],"tags":[],"yoast_head":"<!-- This site is optimized with the Yoast SEO plugin v23.2 - https:\/\/yoast.com\/wordpress\/plugins\/seo\/ -->\n<title>Ram rappelle 280 000 camions 2500 et 3500 HD - CanadaMotorJobs.com<\/title>\n<meta name=\"description\" content=\"Ram rappelle 280 000 camions 2500 et 3500 HD - Benoit Charette - Annuel automobile - CanadaMotorJobs.com.\" \/>\n<meta name=\"robots\" content=\"index, follow, max-snippet:-1, max-image-preview:large, max-video-preview:-1\" \/>\n<meta property=\"og:locale\" content=\"fr_CA\" \/>\n<meta property=\"og:type\" content=\"article\" \/>\n<meta property=\"og:title\" content=\"Ram rappelle 280 000 camions 2500 et 3500 HD - CanadaMotorJobs.com\" \/>\n<meta property=\"og:description\" content=\"Ram rappelle 280 000 camions 2500 et 3500 HD - Benoit Charette - Annuel automobile - CanadaMotorJobs.com.\" \/>\n<meta property=\"og:url\" content=\"https:\/\/news.canadamotorjobs.com\/fr\/ram-rappelle-280-000-camions-2500-et-3500-hd\/\" \/>\n<meta property=\"og:site_name\" content=\"CanadaMotorJobs.com\" \/>\n<meta property=\"article:publisher\" content=\"https:\/\/www.facebook.com\/canadamotorjobs\/\" \/>\n<meta property=\"article:published_time\" content=\"2022-11-17T13:44:18+00:00\" \/>\n<meta property=\"article:modified_time\" content=\"2022-11-17T15:16:31+00:00\" \/>\n<meta property=\"og:image\" content=\"https:\/\/news.canadamotorjobs.com\/wp-content\/uploads\/2022\/11\/2021-Ram-2500-Heavy-Duty-Laramie-4x4-Cummins-Turbo-Diesel-65-1.jpeg\" \/>\n\t<meta property=\"og:image:width\" content=\"1111\" \/>\n\t<meta property=\"og:image:height\" content=\"625\" \/>\n\t<meta property=\"og:image:type\" content=\"image\/jpeg\" \/>\n<meta name=\"author\" content=\"Benoit Charette\" \/>\n<meta name=\"twitter:card\" content=\"summary_large_image\" \/>\n<meta name=\"twitter:creator\" content=\"@canadamotorjobs\" \/>\n<meta name=\"twitter:site\" content=\"@canadamotorjobs\" \/>\n<meta name=\"twitter:label1\" content=\"\u00c9crit par\" \/>\n\t<meta name=\"twitter:data1\" content=\"Benoit Charette\" \/>\n\t<meta name=\"twitter:label2\" content=\"Estimation du temps de lecture\" \/>\n\t<meta name=\"twitter:data2\" content=\"1 minute\" \/>\n<!-- \/ Yoast SEO plugin. -->","yoast_head_json":{"title":"Ram rappelle 280 000 camions 2500 et 3500 HD - CanadaMotorJobs.com","description":"Ram rappelle 280 000 camions 2500 et 3500 HD - Benoit Charette - Annuel automobile - CanadaMotorJobs.com.","robots":{"index":"index","follow":"follow","max-snippet":"max-snippet:-1","max-image-preview":"max-image-preview:large","max-video-preview":"max-video-preview:-1"},"og_locale":"fr_CA","og_type":"article","og_title":"Ram rappelle 280 000 camions 2500 et 3500 HD - CanadaMotorJobs.com","og_description":"Ram rappelle 280 000 camions 2500 et 3500 HD - Benoit Charette - Annuel automobile - CanadaMotorJobs.com.","og_url":"https:\/\/news.canadamotorjobs.com\/fr\/ram-rappelle-280-000-camions-2500-et-3500-hd\/","og_site_name":"CanadaMotorJobs.com","article_publisher":"https:\/\/www.facebook.com\/canadamotorjobs\/","article_published_time":"2022-11-17T13:44:18+00:00","article_modified_time":"2022-11-17T15:16:31+00:00","og_image":[{"width":1111,"height":625,"url":"https:\/\/news.canadamotorjobs.com\/wp-content\/uploads\/2022\/11\/2021-Ram-2500-Heavy-Duty-Laramie-4x4-Cummins-Turbo-Diesel-65-1.jpeg","type":"image\/jpeg"}],"author":"Benoit Charette","twitter_card":"summary_large_image","twitter_creator":"@canadamotorjobs","twitter_site":"@canadamotorjobs","twitter_misc":{"\u00c9crit par":"Benoit Charette","Estimation du temps de lecture":"1 minute"},"schema":{"@context":"https:\/\/schema.org","@graph":[{"@type":"Article","@id":"https:\/\/news.canadamotorjobs.com\/fr\/ram-rappelle-280-000-camions-2500-et-3500-hd\/#article","isPartOf":{"@id":"https:\/\/news.canadamotorjobs.com\/fr\/ram-rappelle-280-000-camions-2500-et-3500-hd\/"},"author":{"name":"Benoit Charette","@id":"https:\/\/news.canadamotorjobs.com\/#\/schema\/person\/51793d1f87d44011d7bcc2ed99269a90"},"headline":"Ram rappelle 280 000 camions 2500 et 3500 HD","datePublished":"2022-11-17T13:44:18+00:00","dateModified":"2022-11-17T15:16:31+00:00","mainEntityOfPage":{"@id":"https:\/\/news.canadamotorjobs.com\/fr\/ram-rappelle-280-000-camions-2500-et-3500-hd\/"},"wordCount":237,"publisher":{"@id":"https:\/\/news.canadamotorjobs.com\/#organization"},"image":{"@id":"https:\/\/news.canadamotorjobs.com\/fr\/ram-rappelle-280-000-camions-2500-et-3500-hd\/#primaryimage"},"thumbnailUrl":"https:\/\/news.canadamotorjobs.com\/wp-content\/uploads\/2022\/11\/2021-Ram-2500-Heavy-Duty-Laramie-4x4-Cummins-Turbo-Diesel-65-1.jpeg","articleSection":["Annuel automobile"],"inLanguage":"fr-CA"},{"@type":"WebPage","@id":"https:\/\/news.canadamotorjobs.com\/fr\/ram-rappelle-280-000-camions-2500-et-3500-hd\/","url":"https:\/\/news.canadamotorjobs.com\/fr\/ram-rappelle-280-000-camions-2500-et-3500-hd\/","name":"Ram rappelle 280 000 camions 2500 et 3500 HD - CanadaMotorJobs.com","isPartOf":{"@id":"https:\/\/news.canadamotorjobs.com\/#website"},"primaryImageOfPage":{"@id":"https:\/\/news.canadamotorjobs.com\/fr\/ram-rappelle-280-000-camions-2500-et-3500-hd\/#primaryimage"},"image":{"@id":"https:\/\/news.canadamotorjobs.com\/fr\/ram-rappelle-280-000-camions-2500-et-3500-hd\/#primaryimage"},"thumbnailUrl":"https:\/\/news.canadamotorjobs.com\/wp-content\/uploads\/2022\/11\/2021-Ram-2500-Heavy-Duty-Laramie-4x4-Cummins-Turbo-Diesel-65-1.jpeg","datePublished":"2022-11-17T13:44:18+00:00","dateModified":"2022-11-17T15:16:31+00:00","description":"Ram rappelle 280 000 camions 2500 et 3500 HD - Benoit Charette - Annuel automobile - CanadaMotorJobs.com.","breadcrumb":{"@id":"https:\/\/news.canadamotorjobs.com\/fr\/ram-rappelle-280-000-camions-2500-et-3500-hd\/#breadcrumb"},"inLanguage":"fr-CA","potentialAction":[{"@type":"ReadAction","target":["https:\/\/news.canadamotorjobs.com\/fr\/ram-rappelle-280-000-camions-2500-et-3500-hd\/"]}]},{"@type":"ImageObject","inLanguage":"fr-CA","@id":"https:\/\/news.canadamotorjobs.com\/fr\/ram-rappelle-280-000-camions-2500-et-3500-hd\/#primaryimage","url":"https:\/\/news.canadamotorjobs.com\/wp-content\/uploads\/2022\/11\/2021-Ram-2500-Heavy-Duty-Laramie-4x4-Cummins-Turbo-Diesel-65-1.jpeg","contentUrl":"https:\/\/news.canadamotorjobs.com\/wp-content\/uploads\/2022\/11\/2021-Ram-2500-Heavy-Duty-Laramie-4x4-Cummins-Turbo-Diesel-65-1.jpeg","width":1111,"height":625},{"@type":"BreadcrumbList","@id":"https:\/\/news.canadamotorjobs.com\/fr\/ram-rappelle-280-000-camions-2500-et-3500-hd\/#breadcrumb","itemListElement":[{"@type":"ListItem","position":1,"name":"Home","item":"https:\/\/news.canadamotorjobs.com\/fr\/blog\/"},{"@type":"ListItem","position":2,"name":"Ram rappelle 280 000 camions 2500 et 3500 HD"}]},{"@type":"WebSite","@id":"https:\/\/news.canadamotorjobs.com\/#website","url":"https:\/\/news.canadamotorjobs.com\/","name":"CanadaMotorJobs.com","description":"Automotive Jobs","publisher":{"@id":"https:\/\/news.canadamotorjobs.com\/#organization"},"potentialAction":[{"@type":"SearchAction","target":{"@type":"EntryPoint","urlTemplate":"https:\/\/news.canadamotorjobs.com\/?s={search_term_string}"},"query-input":"required name=search_term_string"}],"inLanguage":"fr-CA"},{"@type":"Organization","@id":"https:\/\/news.canadamotorjobs.com\/#organization","name":"Canada Motor Jobs","url":"https:\/\/news.canadamotorjobs.com\/","logo":{"@type":"ImageObject","inLanguage":"fr-CA","@id":"https:\/\/news.canadamotorjobs.com\/#\/schema\/logo\/image\/","url":"https:\/\/news.canadamotorjobs.com\/wp-content\/uploads\/2022\/10\/logo-canada-motor-jobs-1.png","contentUrl":"https:\/\/news.canadamotorjobs.com\/wp-content\/uploads\/2022\/10\/logo-canada-motor-jobs-1.png","width":800,"height":400,"caption":"Canada Motor Jobs"},"image":{"@id":"https:\/\/news.canadamotorjobs.com\/#\/schema\/logo\/image\/"},"sameAs":["https:\/\/www.facebook.com\/canadamotorjobs\/","https:\/\/x.com\/canadamotorjobs","https:\/\/www.instagram.com\/canadamotorjobs\/","https:\/\/www.linkedin.com\/company\/canadamotorjobs"]},{"@type":"Person","@id":"https:\/\/news.canadamotorjobs.com\/#\/schema\/person\/51793d1f87d44011d7bcc2ed99269a90","name":"Benoit Charette","image":{"@type":"ImageObject","inLanguage":"fr-CA","@id":"https:\/\/news.canadamotorjobs.com\/#\/schema\/person\/image\/","url":"https:\/\/secure.gravatar.com\/avatar\/45f3d2eebcccd909668d7ce7ea7267b6?s=96&d=mm&r=g","contentUrl":"https:\/\/secure.gravatar.com\/avatar\/45f3d2eebcccd909668d7ce7ea7267b6?s=96&d=mm&r=g","caption":"Benoit Charette"},"description":"Benoit Charette \/ Propri\u00e9taire et r\u00e9dacteur en chef Benoit Charette pratique le journalisme automobile depuis bient\u00f4t 30 ans. Il a fait ses classes au c\u00f4t\u00e9 de Daniel H\u00e9raud et au Carnet de route de 1992 \u00e0 2001. Il est fondateur, copropri\u00e9taire et r\u00e9dacteur en chef de L\u2019Annuel de l\u2019automobile, qu\u2019il publie depuis 2001. Il a anim\u00e9 les \u00e9missions RPM et RPM+ sur V et les L\u00e9gendes de la route sur Historia. \u00c0 la radio depuis 1986, il reprend l\u2019antenne cette ann\u00e9e sur les ondes de Cogeco et participe pour la deuxi\u00e8me ann\u00e9e \u00e0 l\u2019\u00e9mission Passion Auto sur RDS en plus de mettre en ligne le site Web officiel de L\u2019Annuel de l\u2019automobile sur annuelauto.ca.","sameAs":["https:\/\/annuelauto.ca\/"],"url":"https:\/\/news.canadamotorjobs.com\/fr\/author\/benoit-charette\/"}]}},"_links":{"self":[{"href":"https:\/\/news.canadamotorjobs.com\/fr\/wp-json\/wp\/v2\/posts\/136513"}],"collection":[{"href":"https:\/\/news.canadamotorjobs.com\/fr\/wp-json\/wp\/v2\/posts"}],"about":[{"href":"https:\/\/news.canadamotorjobs.com\/fr\/wp-json\/wp\/v2\/types\/post"}],"author":[{"embeddable":true,"href":"https:\/\/news.canadamotorjobs.com\/fr\/wp-json\/wp\/v2\/users\/8"}],"replies":[{"embeddable":true,"href":"https:\/\/news.canadamotorjobs.com\/fr\/wp-json\/wp\/v2\/comments?post=136513"}],"version-history":[{"count":0,"href":"https:\/\/news.canadamotorjobs.com\/fr\/wp-json\/wp\/v2\/posts\/136513\/revisions"}],"wp:featuredmedia":[{"embeddable":true,"href":"https:\/\/news.canadamotorjobs.com\/fr\/wp-json\/wp\/v2\/media\/136517"}],"wp:attachment":[{"href":"https:\/\/news.canadamotorjobs.com\/fr\/wp-json\/wp\/v2\/media?parent=136513"}],"wp:term":[{"taxonomy":"category","embeddable":true,"href":"https:\/\/news.canadamotorjobs.com\/fr\/wp-json\/wp\/v2\/categories?post=136513"},{"taxonomy":"post_tag","embeddable":true,"href":"https:\/\/news.canadamotorjobs.com\/fr\/wp-json\/wp\/v2\/tags?post=136513"}],"curies":[{"name":"wp","href":"https:\/\/api.w.org\/{rel}","templated":true}]}}