{"id":136497,"date":"2022-11-16T21:28:22","date_gmt":"2022-11-17T02:28:22","guid":{"rendered":"https:\/\/news.canadamotorjobs.com\/voici-la-nouvelle-toyota-prius-2023\/"},"modified":"2022-11-17T10:17:43","modified_gmt":"2022-11-17T15:17:43","slug":"voici-la-nouvelle-toyota-prius-2023","status":"publish","type":"post","link":"https:\/\/news.canadamotorjobs.com\/fr\/voici-la-nouvelle-toyota-prius-2023\/","title":{"rendered":"Voici la nouvelle Toyota Prius 2023"},"content":{"rendered":"<p>La Prius 2001 a chang\u00e9, \u00e0 sa mani\u00e8re, le monde automobile en devenant la premi\u00e8re voiture hybride de s\u00e9rie au monde en 2001.<\/p>\n<h3>Un style qui reste encore in\u00e9dit<\/h3>\n<p>Disponible en versions LE, XLE et Limited, la Prius 2023 est construite sur la plateforme TNGA-C de deuxi\u00e8me g\u00e9n\u00e9ration, offrant un centre de gravit\u00e9 bas avec un poids r\u00e9duit et une rigidit\u00e9 accrue par rapport \u00e0 la g\u00e9n\u00e9ration pr\u00e9c\u00e9dente. Con\u00e7ue au Japon, la toute nouvelle Prius offre un style moderne, mais encore et toujours un peu d\u00e9cal\u00e9 qui ressemble \u00e0 un croisement entre une Dodge Dart et une Tesla.<\/p>\n<h3>Plus a\u00e9rodynamique et plus basse<\/h3>\n<p>La nouvelle Prius abaisse la ligne de toit de 5 cm par rapport \u00e0 la g\u00e9n\u00e9ration pr\u00e9c\u00e9dente, pour un style plus athl\u00e9tique. L\u2019arri\u00e8re est plus large ajoutant \u00e0 son aspect dynamique. Le nouveau syst\u00e8me hybride am\u00e9liore \u00e0 la fois l&#8217;\u00e9conomie de carburant et les performances de conduite gr\u00e2ce \u00e0 l&#8217;augmentation de la puissance du moteur et de la batterie. Sous le capot se trouve le groupe motopropulseur hybride de 5e g\u00e9n\u00e9ration coupl\u00e9 \u00e0 un plus gros moteur de 2,0 litres et \u00e0 une batterie lithium-ion nouvellement d\u00e9velopp\u00e9e, situ\u00e9e sous le si\u00e8ge arri\u00e8re. Sur les mod\u00e8les 4RM, un rouage \u00e9lectronique \u00e0 la demande a \u00e9t\u00e9 adopt\u00e9. Il utilise un moteur pour entra\u00eener les roues arri\u00e8re, ce qui permet d&#8217;obtenir des performances de conduite stables au d\u00e9marrage et sur des surfaces glissantes comme la neige. La batterie lithium-ion nouvellement d\u00e9velopp\u00e9e offre une augmentation de 15 % du rendement par<\/p>\n","protected":false},"excerpt":{"rendered":"<p>La Prius 2001 a chang\u00e9, \u00e0 sa mani\u00e8re, le monde automobile en devenant la premi\u00e8re voiture hybride de s\u00e9rie au monde en 2001. Un style qui reste encore in\u00e9dit Disponible en versions LE, XLE et Limited, la Prius 2023 est construite sur la plateforme TNGA-C de deuxi\u00e8me g\u00e9n\u00e9ration, offrant un centre de gravit\u00e9 bas avec [&hellip;]<\/p>\n","protected":false},"author":8,"featured_media":136501,"comment_status":"close","ping_status":"closed","sticky":false,"template":"","format":"standard","meta":{"_monsterinsights_skip_tracking":false,"_monsterinsights_sitenote_active":false,"_monsterinsights_sitenote_note":"","_monsterinsights_sitenote_category":0,"footnotes":""},"categories":[101],"tags":[],"yoast_head":"<!-- This site is optimized with the Yoast SEO plugin v23.2 - https:\/\/yoast.com\/wordpress\/plugins\/seo\/ -->\n<title>Voici la nouvelle Toyota Prius 2023 - CanadaMotorJobs.com<\/title>\n<meta name=\"description\" content=\"Voici la nouvelle Toyota Prius 2023 - Benoit Charette - Annuel automobile - CanadaMotorJobs.com.\" \/>\n<meta name=\"robots\" content=\"index, follow, max-snippet:-1, max-image-preview:large, max-video-preview:-1\" \/>\n<meta property=\"og:locale\" content=\"fr_CA\" \/>\n<meta property=\"og:type\" content=\"article\" \/>\n<meta property=\"og:title\" content=\"Voici la nouvelle Toyota Prius 2023 - CanadaMotorJobs.com\" \/>\n<meta property=\"og:description\" content=\"Voici la nouvelle Toyota Prius 2023 - Benoit Charette - Annuel automobile - CanadaMotorJobs.com.\" \/>\n<meta property=\"og:url\" content=\"https:\/\/news.canadamotorjobs.com\/fr\/voici-la-nouvelle-toyota-prius-2023\/\" \/>\n<meta property=\"og:site_name\" content=\"CanadaMotorJobs.com\" \/>\n<meta property=\"article:publisher\" content=\"https:\/\/www.facebook.com\/canadamotorjobs\/\" \/>\n<meta property=\"article:published_time\" content=\"2022-11-17T02:28:22+00:00\" \/>\n<meta property=\"article:modified_time\" content=\"2022-11-17T15:17:43+00:00\" \/>\n<meta property=\"og:image\" content=\"https:\/\/news.canadamotorjobs.com\/wp-content\/uploads\/2022\/11\/Prius_MY23_0002_V001-1.jpg\" \/>\n\t<meta property=\"og:image:width\" content=\"1333\" \/>\n\t<meta property=\"og:image:height\" content=\"1000\" \/>\n\t<meta property=\"og:image:type\" content=\"image\/jpeg\" \/>\n<meta name=\"author\" content=\"Benoit Charette\" \/>\n<meta name=\"twitter:card\" content=\"summary_large_image\" \/>\n<meta name=\"twitter:creator\" content=\"@canadamotorjobs\" \/>\n<meta name=\"twitter:site\" content=\"@canadamotorjobs\" \/>\n<meta name=\"twitter:label1\" content=\"\u00c9crit par\" \/>\n\t<meta name=\"twitter:data1\" content=\"Benoit Charette\" \/>\n\t<meta name=\"twitter:label2\" content=\"Estimation du temps de lecture\" \/>\n\t<meta name=\"twitter:data2\" content=\"2 minutes\" \/>\n<!-- \/ Yoast SEO plugin. -->","yoast_head_json":{"title":"Voici la nouvelle Toyota Prius 2023 - CanadaMotorJobs.com","description":"Voici la nouvelle Toyota Prius 2023 - Benoit Charette - Annuel automobile - CanadaMotorJobs.com.","robots":{"index":"index","follow":"follow","max-snippet":"max-snippet:-1","max-image-preview":"max-image-preview:large","max-video-preview":"max-video-preview:-1"},"og_locale":"fr_CA","og_type":"article","og_title":"Voici la nouvelle Toyota Prius 2023 - CanadaMotorJobs.com","og_description":"Voici la nouvelle Toyota Prius 2023 - Benoit Charette - Annuel automobile - CanadaMotorJobs.com.","og_url":"https:\/\/news.canadamotorjobs.com\/fr\/voici-la-nouvelle-toyota-prius-2023\/","og_site_name":"CanadaMotorJobs.com","article_publisher":"https:\/\/www.facebook.com\/canadamotorjobs\/","article_published_time":"2022-11-17T02:28:22+00:00","article_modified_time":"2022-11-17T15:17:43+00:00","og_image":[{"width":1333,"height":1000,"url":"https:\/\/news.canadamotorjobs.com\/wp-content\/uploads\/2022\/11\/Prius_MY23_0002_V001-1.jpg","type":"image\/jpeg"}],"author":"Benoit Charette","twitter_card":"summary_large_image","twitter_creator":"@canadamotorjobs","twitter_site":"@canadamotorjobs","twitter_misc":{"\u00c9crit par":"Benoit Charette","Estimation du temps de lecture":"2 minutes"},"schema":{"@context":"https:\/\/schema.org","@graph":[{"@type":"Article","@id":"https:\/\/news.canadamotorjobs.com\/fr\/voici-la-nouvelle-toyota-prius-2023\/#article","isPartOf":{"@id":"https:\/\/news.canadamotorjobs.com\/fr\/voici-la-nouvelle-toyota-prius-2023\/"},"author":{"name":"Benoit Charette","@id":"https:\/\/news.canadamotorjobs.com\/#\/schema\/person\/51793d1f87d44011d7bcc2ed99269a90"},"headline":"Voici la nouvelle Toyota Prius 2023","datePublished":"2022-11-17T02:28:22+00:00","dateModified":"2022-11-17T15:17:43+00:00","mainEntityOfPage":{"@id":"https:\/\/news.canadamotorjobs.com\/fr\/voici-la-nouvelle-toyota-prius-2023\/"},"wordCount":279,"publisher":{"@id":"https:\/\/news.canadamotorjobs.com\/#organization"},"image":{"@id":"https:\/\/news.canadamotorjobs.com\/fr\/voici-la-nouvelle-toyota-prius-2023\/#primaryimage"},"thumbnailUrl":"https:\/\/news.canadamotorjobs.com\/wp-content\/uploads\/2022\/11\/Prius_MY23_0002_V001-1.jpg","articleSection":["Annuel automobile"],"inLanguage":"fr-CA"},{"@type":"WebPage","@id":"https:\/\/news.canadamotorjobs.com\/fr\/voici-la-nouvelle-toyota-prius-2023\/","url":"https:\/\/news.canadamotorjobs.com\/fr\/voici-la-nouvelle-toyota-prius-2023\/","name":"Voici la nouvelle Toyota Prius 2023 - CanadaMotorJobs.com","isPartOf":{"@id":"https:\/\/news.canadamotorjobs.com\/#website"},"primaryImageOfPage":{"@id":"https:\/\/news.canadamotorjobs.com\/fr\/voici-la-nouvelle-toyota-prius-2023\/#primaryimage"},"image":{"@id":"https:\/\/news.canadamotorjobs.com\/fr\/voici-la-nouvelle-toyota-prius-2023\/#primaryimage"},"thumbnailUrl":"https:\/\/news.canadamotorjobs.com\/wp-content\/uploads\/2022\/11\/Prius_MY23_0002_V001-1.jpg","datePublished":"2022-11-17T02:28:22+00:00","dateModified":"2022-11-17T15:17:43+00:00","description":"Voici la nouvelle Toyota Prius 2023 - Benoit Charette - Annuel automobile - CanadaMotorJobs.com.","breadcrumb":{"@id":"https:\/\/news.canadamotorjobs.com\/fr\/voici-la-nouvelle-toyota-prius-2023\/#breadcrumb"},"inLanguage":"fr-CA","potentialAction":[{"@type":"ReadAction","target":["https:\/\/news.canadamotorjobs.com\/fr\/voici-la-nouvelle-toyota-prius-2023\/"]}]},{"@type":"ImageObject","inLanguage":"fr-CA","@id":"https:\/\/news.canadamotorjobs.com\/fr\/voici-la-nouvelle-toyota-prius-2023\/#primaryimage","url":"https:\/\/news.canadamotorjobs.com\/wp-content\/uploads\/2022\/11\/Prius_MY23_0002_V001-1.jpg","contentUrl":"https:\/\/news.canadamotorjobs.com\/wp-content\/uploads\/2022\/11\/Prius_MY23_0002_V001-1.jpg","width":1333,"height":1000},{"@type":"BreadcrumbList","@id":"https:\/\/news.canadamotorjobs.com\/fr\/voici-la-nouvelle-toyota-prius-2023\/#breadcrumb","itemListElement":[{"@type":"ListItem","position":1,"name":"Home","item":"https:\/\/news.canadamotorjobs.com\/fr\/blog\/"},{"@type":"ListItem","position":2,"name":"Voici la nouvelle Toyota Prius 2023"}]},{"@type":"WebSite","@id":"https:\/\/news.canadamotorjobs.com\/#website","url":"https:\/\/news.canadamotorjobs.com\/","name":"CanadaMotorJobs.com","description":"Automotive Jobs","publisher":{"@id":"https:\/\/news.canadamotorjobs.com\/#organization"},"potentialAction":[{"@type":"SearchAction","target":{"@type":"EntryPoint","urlTemplate":"https:\/\/news.canadamotorjobs.com\/?s={search_term_string}"},"query-input":"required name=search_term_string"}],"inLanguage":"fr-CA"},{"@type":"Organization","@id":"https:\/\/news.canadamotorjobs.com\/#organization","name":"Canada Motor Jobs","url":"https:\/\/news.canadamotorjobs.com\/","logo":{"@type":"ImageObject","inLanguage":"fr-CA","@id":"https:\/\/news.canadamotorjobs.com\/#\/schema\/logo\/image\/","url":"https:\/\/news.canadamotorjobs.com\/wp-content\/uploads\/2022\/10\/logo-canada-motor-jobs-1.png","contentUrl":"https:\/\/news.canadamotorjobs.com\/wp-content\/uploads\/2022\/10\/logo-canada-motor-jobs-1.png","width":800,"height":400,"caption":"Canada Motor Jobs"},"image":{"@id":"https:\/\/news.canadamotorjobs.com\/#\/schema\/logo\/image\/"},"sameAs":["https:\/\/www.facebook.com\/canadamotorjobs\/","https:\/\/x.com\/canadamotorjobs","https:\/\/www.instagram.com\/canadamotorjobs\/","https:\/\/www.linkedin.com\/company\/canadamotorjobs"]},{"@type":"Person","@id":"https:\/\/news.canadamotorjobs.com\/#\/schema\/person\/51793d1f87d44011d7bcc2ed99269a90","name":"Benoit Charette","image":{"@type":"ImageObject","inLanguage":"fr-CA","@id":"https:\/\/news.canadamotorjobs.com\/#\/schema\/person\/image\/","url":"https:\/\/secure.gravatar.com\/avatar\/45f3d2eebcccd909668d7ce7ea7267b6?s=96&d=mm&r=g","contentUrl":"https:\/\/secure.gravatar.com\/avatar\/45f3d2eebcccd909668d7ce7ea7267b6?s=96&d=mm&r=g","caption":"Benoit Charette"},"description":"Benoit Charette \/ Propri\u00e9taire et r\u00e9dacteur en chef Benoit Charette pratique le journalisme automobile depuis bient\u00f4t 30 ans. Il a fait ses classes au c\u00f4t\u00e9 de Daniel H\u00e9raud et au Carnet de route de 1992 \u00e0 2001. Il est fondateur, copropri\u00e9taire et r\u00e9dacteur en chef de L\u2019Annuel de l\u2019automobile, qu\u2019il publie depuis 2001. Il a anim\u00e9 les \u00e9missions RPM et RPM+ sur V et les L\u00e9gendes de la route sur Historia. \u00c0 la radio depuis 1986, il reprend l\u2019antenne cette ann\u00e9e sur les ondes de Cogeco et participe pour la deuxi\u00e8me ann\u00e9e \u00e0 l\u2019\u00e9mission Passion Auto sur RDS en plus de mettre en ligne le site Web officiel de L\u2019Annuel de l\u2019automobile sur annuelauto.ca.","sameAs":["https:\/\/annuelauto.ca\/"],"url":"https:\/\/news.canadamotorjobs.com\/fr\/author\/benoit-charette\/"}]}},"_links":{"self":[{"href":"https:\/\/news.canadamotorjobs.com\/fr\/wp-json\/wp\/v2\/posts\/136497"}],"collection":[{"href":"https:\/\/news.canadamotorjobs.com\/fr\/wp-json\/wp\/v2\/posts"}],"about":[{"href":"https:\/\/news.canadamotorjobs.com\/fr\/wp-json\/wp\/v2\/types\/post"}],"author":[{"embeddable":true,"href":"https:\/\/news.canadamotorjobs.com\/fr\/wp-json\/wp\/v2\/users\/8"}],"replies":[{"embeddable":true,"href":"https:\/\/news.canadamotorjobs.com\/fr\/wp-json\/wp\/v2\/comments?post=136497"}],"version-history":[{"count":0,"href":"https:\/\/news.canadamotorjobs.com\/fr\/wp-json\/wp\/v2\/posts\/136497\/revisions"}],"wp:featuredmedia":[{"embeddable":true,"href":"https:\/\/news.canadamotorjobs.com\/fr\/wp-json\/wp\/v2\/media\/136501"}],"wp:attachment":[{"href":"https:\/\/news.canadamotorjobs.com\/fr\/wp-json\/wp\/v2\/media?parent=136497"}],"wp:term":[{"taxonomy":"category","embeddable":true,"href":"https:\/\/news.canadamotorjobs.com\/fr\/wp-json\/wp\/v2\/categories?post=136497"},{"taxonomy":"post_tag","embeddable":true,"href":"https:\/\/news.canadamotorjobs.com\/fr\/wp-json\/wp\/v2\/tags?post=136497"}],"curies":[{"name":"wp","href":"https:\/\/api.w.org\/{rel}","templated":true}]}}