{"id":136489,"date":"2022-11-16T10:00:58","date_gmt":"2022-11-16T15:00:58","guid":{"rendered":"https:\/\/news.canadamotorjobs.com\/lucid-motors-presente-un-modele-plus-abordable\/"},"modified":"2022-11-17T10:15:58","modified_gmt":"2022-11-17T15:15:58","slug":"lucid-motors-presente-un-modele-plus-abordable","status":"publish","type":"post","link":"https:\/\/news.canadamotorjobs.com\/fr\/lucid-motors-presente-un-modele-plus-abordable\/","title":{"rendered":"Lucid Motors pr\u00e9sente un mod\u00e8le plus abordable"},"content":{"rendered":"<p>Un B\u00e9mol en partant : \u00abplus abordable\u00bb ne signifie pas n\u00e9cessairement \u00ababordable tout court\u00bb. Mais comme la berline Air de Lucid Motors co\u00fbtait au moment de sa mise en march\u00e9 au Canada quelque chose comme 230 000 $, le fait qu\u2019une nouvelle version de la voiture soit commercialis\u00e9e \u00e0 environ la moiti\u00e9 de ce prix-l\u00e0 demeure quand m\u00eame une am\u00e9lioration. Surtout, la berline Air Pure \u00e0 121 000 $ peut mieux rivaliser avec des berlines comparables chez Audi, Mercedes-Benz et chez Tesla. Et c\u2019est pr\u00e9cis\u00e9ment \u00e7a l\u2019objectif.<\/p>\n<p>\u00c0 ce prix, l\u2019acheteur d\u2019une Air Pure re\u00e7oit une berline quand m\u00eame assez luxueuse, dont la m\u00e9canique est en mesure de g\u00e9n\u00e9rer une autonomie de 660 kilom\u00e8tres par charge. La puissance maximale de son moteur est de 480 chevaux, ce qui suffit pour boucler le fameux 0-100 km\/h en 3,8 secondes. Bref, ce n\u2019est pas parce qu\u2019elle co\u00fbte moiti\u00e9 moins cher que c\u2019est un mulet.<\/p>\n<p>Mais ce n\u2019est pas tout. Car la berline Air Pure demeure une berline \u00e9lectrique \u00e0 quatre roues motrices anim\u00e9e par deux moteurs. Aux \u00c9tats-Unis, on sait d\u00e9j\u00e0 qu\u2019il y aura une berline \u00e0 deux roues motrices, situ\u00e9es \u00e0 l\u2019arri\u00e8re, anim\u00e9e par un seul moteur. Celle-l\u00e0 pourrait avoir une meilleure autonomie et surtout, un prix de d\u00e9tail encore moins \u00e9lev\u00e9.<\/p>\n<p>Pour les curieux, notez que la marque Lucid n\u2019a pr\u00e9sentement au Canada qu\u2019un seul point de vente et qu\u2019il se trouve \u00e0 Vancouver. \u00c7a n\u2019emp\u00eache pas la soci\u00e9t\u00e9 californienne de vouloir \u00e9largir sa pr\u00e9sence \u00e0 l\u2019ensemble<\/p>\n","protected":false},"excerpt":{"rendered":"<p>Un B\u00e9mol en partant : \u00abplus abordable\u00bb ne signifie pas n\u00e9cessairement \u00ababordable tout court\u00bb. Mais comme la berline Air de Lucid Motors co\u00fbtait au moment de sa mise en march\u00e9 au Canada quelque chose comme 230 000 $, le fait qu\u2019une nouvelle version de la voiture soit commercialis\u00e9e \u00e0 environ la moiti\u00e9 de ce prix-l\u00e0 [&hellip;]<\/p>\n","protected":false},"author":8,"featured_media":136493,"comment_status":"close","ping_status":"closed","sticky":false,"template":"","format":"standard","meta":{"_monsterinsights_skip_tracking":false,"_monsterinsights_sitenote_active":false,"_monsterinsights_sitenote_note":"","_monsterinsights_sitenote_category":0,"footnotes":""},"categories":[101],"tags":[],"yoast_head":"<!-- This site is optimized with the Yoast SEO plugin v23.2 - https:\/\/yoast.com\/wordpress\/plugins\/seo\/ -->\n<title>Lucid Motors pr\u00e9sente un mod\u00e8le plus abordable - CanadaMotorJobs.com<\/title>\n<meta name=\"description\" content=\"Lucid Motors pr\u00e9sente un mod\u00e8le plus abordable - Benoit Charette - Annuel automobile - CanadaMotorJobs.com.\" \/>\n<meta name=\"robots\" content=\"index, follow, max-snippet:-1, max-image-preview:large, max-video-preview:-1\" \/>\n<meta property=\"og:locale\" content=\"fr_CA\" \/>\n<meta property=\"og:type\" content=\"article\" \/>\n<meta property=\"og:title\" content=\"Lucid Motors pr\u00e9sente un mod\u00e8le plus abordable - CanadaMotorJobs.com\" \/>\n<meta property=\"og:description\" content=\"Lucid Motors pr\u00e9sente un mod\u00e8le plus abordable - Benoit Charette - Annuel automobile - CanadaMotorJobs.com.\" \/>\n<meta property=\"og:url\" content=\"https:\/\/news.canadamotorjobs.com\/fr\/lucid-motors-presente-un-modele-plus-abordable\/\" \/>\n<meta property=\"og:site_name\" content=\"CanadaMotorJobs.com\" \/>\n<meta property=\"article:publisher\" content=\"https:\/\/www.facebook.com\/canadamotorjobs\/\" \/>\n<meta property=\"article:published_time\" content=\"2022-11-16T15:00:58+00:00\" \/>\n<meta property=\"article:modified_time\" content=\"2022-11-17T15:15:58+00:00\" \/>\n<meta property=\"og:image\" content=\"https:\/\/news.canadamotorjobs.com\/wp-content\/uploads\/2022\/11\/1-1606258063-1-1030x579.png\" \/>\n\t<meta property=\"og:image:width\" content=\"1030\" \/>\n\t<meta property=\"og:image:height\" content=\"579\" \/>\n\t<meta property=\"og:image:type\" content=\"image\/png\" \/>\n<meta name=\"author\" content=\"Benoit Charette\" \/>\n<meta name=\"twitter:card\" content=\"summary_large_image\" \/>\n<meta name=\"twitter:creator\" content=\"@canadamotorjobs\" \/>\n<meta name=\"twitter:site\" content=\"@canadamotorjobs\" \/>\n<meta name=\"twitter:label1\" content=\"\u00c9crit par\" \/>\n\t<meta name=\"twitter:data1\" content=\"Benoit Charette\" \/>\n\t<meta name=\"twitter:label2\" content=\"Estimation du temps de lecture\" \/>\n\t<meta name=\"twitter:data2\" content=\"2 minutes\" \/>\n<!-- \/ Yoast SEO plugin. -->","yoast_head_json":{"title":"Lucid Motors pr\u00e9sente un mod\u00e8le plus abordable - CanadaMotorJobs.com","description":"Lucid Motors pr\u00e9sente un mod\u00e8le plus abordable - Benoit Charette - Annuel automobile - CanadaMotorJobs.com.","robots":{"index":"index","follow":"follow","max-snippet":"max-snippet:-1","max-image-preview":"max-image-preview:large","max-video-preview":"max-video-preview:-1"},"og_locale":"fr_CA","og_type":"article","og_title":"Lucid Motors pr\u00e9sente un mod\u00e8le plus abordable - CanadaMotorJobs.com","og_description":"Lucid Motors pr\u00e9sente un mod\u00e8le plus abordable - Benoit Charette - Annuel automobile - CanadaMotorJobs.com.","og_url":"https:\/\/news.canadamotorjobs.com\/fr\/lucid-motors-presente-un-modele-plus-abordable\/","og_site_name":"CanadaMotorJobs.com","article_publisher":"https:\/\/www.facebook.com\/canadamotorjobs\/","article_published_time":"2022-11-16T15:00:58+00:00","article_modified_time":"2022-11-17T15:15:58+00:00","og_image":[{"width":1030,"height":579,"url":"https:\/\/news.canadamotorjobs.com\/wp-content\/uploads\/2022\/11\/1-1606258063-1-1030x579.png","type":"image\/png"}],"author":"Benoit Charette","twitter_card":"summary_large_image","twitter_creator":"@canadamotorjobs","twitter_site":"@canadamotorjobs","twitter_misc":{"\u00c9crit par":"Benoit Charette","Estimation du temps de lecture":"2 minutes"},"schema":{"@context":"https:\/\/schema.org","@graph":[{"@type":"Article","@id":"https:\/\/news.canadamotorjobs.com\/fr\/lucid-motors-presente-un-modele-plus-abordable\/#article","isPartOf":{"@id":"https:\/\/news.canadamotorjobs.com\/fr\/lucid-motors-presente-un-modele-plus-abordable\/"},"author":{"name":"Benoit Charette","@id":"https:\/\/news.canadamotorjobs.com\/#\/schema\/person\/51793d1f87d44011d7bcc2ed99269a90"},"headline":"Lucid Motors pr\u00e9sente un mod\u00e8le plus abordable","datePublished":"2022-11-16T15:00:58+00:00","dateModified":"2022-11-17T15:15:58+00:00","mainEntityOfPage":{"@id":"https:\/\/news.canadamotorjobs.com\/fr\/lucid-motors-presente-un-modele-plus-abordable\/"},"wordCount":280,"publisher":{"@id":"https:\/\/news.canadamotorjobs.com\/#organization"},"image":{"@id":"https:\/\/news.canadamotorjobs.com\/fr\/lucid-motors-presente-un-modele-plus-abordable\/#primaryimage"},"thumbnailUrl":"https:\/\/news.canadamotorjobs.com\/wp-content\/uploads\/2022\/11\/1-1606258063-1.png","articleSection":["Annuel automobile"],"inLanguage":"fr-CA"},{"@type":"WebPage","@id":"https:\/\/news.canadamotorjobs.com\/fr\/lucid-motors-presente-un-modele-plus-abordable\/","url":"https:\/\/news.canadamotorjobs.com\/fr\/lucid-motors-presente-un-modele-plus-abordable\/","name":"Lucid Motors pr\u00e9sente un mod\u00e8le plus abordable - CanadaMotorJobs.com","isPartOf":{"@id":"https:\/\/news.canadamotorjobs.com\/#website"},"primaryImageOfPage":{"@id":"https:\/\/news.canadamotorjobs.com\/fr\/lucid-motors-presente-un-modele-plus-abordable\/#primaryimage"},"image":{"@id":"https:\/\/news.canadamotorjobs.com\/fr\/lucid-motors-presente-un-modele-plus-abordable\/#primaryimage"},"thumbnailUrl":"https:\/\/news.canadamotorjobs.com\/wp-content\/uploads\/2022\/11\/1-1606258063-1.png","datePublished":"2022-11-16T15:00:58+00:00","dateModified":"2022-11-17T15:15:58+00:00","description":"Lucid Motors pr\u00e9sente un mod\u00e8le plus abordable - Benoit Charette - Annuel automobile - CanadaMotorJobs.com.","breadcrumb":{"@id":"https:\/\/news.canadamotorjobs.com\/fr\/lucid-motors-presente-un-modele-plus-abordable\/#breadcrumb"},"inLanguage":"fr-CA","potentialAction":[{"@type":"ReadAction","target":["https:\/\/news.canadamotorjobs.com\/fr\/lucid-motors-presente-un-modele-plus-abordable\/"]}]},{"@type":"ImageObject","inLanguage":"fr-CA","@id":"https:\/\/news.canadamotorjobs.com\/fr\/lucid-motors-presente-un-modele-plus-abordable\/#primaryimage","url":"https:\/\/news.canadamotorjobs.com\/wp-content\/uploads\/2022\/11\/1-1606258063-1.png","contentUrl":"https:\/\/news.canadamotorjobs.com\/wp-content\/uploads\/2022\/11\/1-1606258063-1.png","width":1920,"height":1080},{"@type":"BreadcrumbList","@id":"https:\/\/news.canadamotorjobs.com\/fr\/lucid-motors-presente-un-modele-plus-abordable\/#breadcrumb","itemListElement":[{"@type":"ListItem","position":1,"name":"Home","item":"https:\/\/news.canadamotorjobs.com\/fr\/blog\/"},{"@type":"ListItem","position":2,"name":"Lucid Motors pr\u00e9sente un mod\u00e8le plus abordable"}]},{"@type":"WebSite","@id":"https:\/\/news.canadamotorjobs.com\/#website","url":"https:\/\/news.canadamotorjobs.com\/","name":"CanadaMotorJobs.com","description":"Automotive Jobs","publisher":{"@id":"https:\/\/news.canadamotorjobs.com\/#organization"},"potentialAction":[{"@type":"SearchAction","target":{"@type":"EntryPoint","urlTemplate":"https:\/\/news.canadamotorjobs.com\/?s={search_term_string}"},"query-input":"required name=search_term_string"}],"inLanguage":"fr-CA"},{"@type":"Organization","@id":"https:\/\/news.canadamotorjobs.com\/#organization","name":"Canada Motor Jobs","url":"https:\/\/news.canadamotorjobs.com\/","logo":{"@type":"ImageObject","inLanguage":"fr-CA","@id":"https:\/\/news.canadamotorjobs.com\/#\/schema\/logo\/image\/","url":"https:\/\/news.canadamotorjobs.com\/wp-content\/uploads\/2022\/10\/logo-canada-motor-jobs-1.png","contentUrl":"https:\/\/news.canadamotorjobs.com\/wp-content\/uploads\/2022\/10\/logo-canada-motor-jobs-1.png","width":800,"height":400,"caption":"Canada Motor Jobs"},"image":{"@id":"https:\/\/news.canadamotorjobs.com\/#\/schema\/logo\/image\/"},"sameAs":["https:\/\/www.facebook.com\/canadamotorjobs\/","https:\/\/x.com\/canadamotorjobs","https:\/\/www.instagram.com\/canadamotorjobs\/","https:\/\/www.linkedin.com\/company\/canadamotorjobs"]},{"@type":"Person","@id":"https:\/\/news.canadamotorjobs.com\/#\/schema\/person\/51793d1f87d44011d7bcc2ed99269a90","name":"Benoit Charette","image":{"@type":"ImageObject","inLanguage":"fr-CA","@id":"https:\/\/news.canadamotorjobs.com\/#\/schema\/person\/image\/","url":"https:\/\/secure.gravatar.com\/avatar\/45f3d2eebcccd909668d7ce7ea7267b6?s=96&d=mm&r=g","contentUrl":"https:\/\/secure.gravatar.com\/avatar\/45f3d2eebcccd909668d7ce7ea7267b6?s=96&d=mm&r=g","caption":"Benoit Charette"},"description":"Benoit Charette \/ Propri\u00e9taire et r\u00e9dacteur en chef Benoit Charette pratique le journalisme automobile depuis bient\u00f4t 30 ans. Il a fait ses classes au c\u00f4t\u00e9 de Daniel H\u00e9raud et au Carnet de route de 1992 \u00e0 2001. Il est fondateur, copropri\u00e9taire et r\u00e9dacteur en chef de L\u2019Annuel de l\u2019automobile, qu\u2019il publie depuis 2001. Il a anim\u00e9 les \u00e9missions RPM et RPM+ sur V et les L\u00e9gendes de la route sur Historia. \u00c0 la radio depuis 1986, il reprend l\u2019antenne cette ann\u00e9e sur les ondes de Cogeco et participe pour la deuxi\u00e8me ann\u00e9e \u00e0 l\u2019\u00e9mission Passion Auto sur RDS en plus de mettre en ligne le site Web officiel de L\u2019Annuel de l\u2019automobile sur annuelauto.ca.","sameAs":["https:\/\/annuelauto.ca\/"],"url":"https:\/\/news.canadamotorjobs.com\/fr\/author\/benoit-charette\/"}]}},"_links":{"self":[{"href":"https:\/\/news.canadamotorjobs.com\/fr\/wp-json\/wp\/v2\/posts\/136489"}],"collection":[{"href":"https:\/\/news.canadamotorjobs.com\/fr\/wp-json\/wp\/v2\/posts"}],"about":[{"href":"https:\/\/news.canadamotorjobs.com\/fr\/wp-json\/wp\/v2\/types\/post"}],"author":[{"embeddable":true,"href":"https:\/\/news.canadamotorjobs.com\/fr\/wp-json\/wp\/v2\/users\/8"}],"replies":[{"embeddable":true,"href":"https:\/\/news.canadamotorjobs.com\/fr\/wp-json\/wp\/v2\/comments?post=136489"}],"version-history":[{"count":0,"href":"https:\/\/news.canadamotorjobs.com\/fr\/wp-json\/wp\/v2\/posts\/136489\/revisions"}],"wp:featuredmedia":[{"embeddable":true,"href":"https:\/\/news.canadamotorjobs.com\/fr\/wp-json\/wp\/v2\/media\/136493"}],"wp:attachment":[{"href":"https:\/\/news.canadamotorjobs.com\/fr\/wp-json\/wp\/v2\/media?parent=136489"}],"wp:term":[{"taxonomy":"category","embeddable":true,"href":"https:\/\/news.canadamotorjobs.com\/fr\/wp-json\/wp\/v2\/categories?post=136489"},{"taxonomy":"post_tag","embeddable":true,"href":"https:\/\/news.canadamotorjobs.com\/fr\/wp-json\/wp\/v2\/tags?post=136489"}],"curies":[{"name":"wp","href":"https:\/\/api.w.org\/{rel}","templated":true}]}}