{"id":136473,"date":"2022-11-16T07:53:50","date_gmt":"2022-11-16T12:53:50","guid":{"rendered":"https:\/\/news.canadamotorjobs.com\/eyeson-design-decerne-un-prix-dexcellence-a-ralph-gilles\/"},"modified":"2022-11-16T07:59:20","modified_gmt":"2022-11-16T12:59:20","slug":"eyeson-design-decerne-un-prix-dexcellence-a-ralph-gilles","status":"publish","type":"post","link":"https:\/\/news.canadamotorjobs.com\/fr\/eyeson-design-decerne-un-prix-dexcellence-a-ralph-gilles\/","title":{"rendered":"EyesOn Design d\u00e9cerne un prix d\u2019excellence \u00e0 Ralph Gilles"},"content":{"rendered":"<\/p>\n<p>Ralph Gilles, le populaire designer automobile am\u00e9ricano-canadien et directeur de la conception chez Stellantis, s\u2019est vu d\u00e9cerner le prix EyesOn Design Lifetime Design Achievement, un prix d\u2019excellence pour sa brillante carri\u00e8re dans le domaine du design automobile.\u00a0<\/p>\n<p> Le prix est attribu\u00e9 par l\u2019organisation de EyesOn Design, qui en a fait l\u2019annonce par voie de communiqu\u00e9 le 15 novembre 2022. EyesOn Design est un programme \u00e9v\u00e9nementiel li\u00e9 au monde automobile. Il a \u00e9t\u00e9 cr\u00e9\u00e9 pour apporter un appui financier et sensibiliser le public \u00e0 la recherche et au soutien de l\u2019Institut d\u2019ophtalmologie de Detroit, une institution pour malvoyants de l\u2019organisation de soins de sant\u00e9 sans but non lucratif Henry Ford Health situ\u00e9e dans la r\u00e9gion m\u00e9tropolitaine de Detroit.<br \/> Choisi par ses pairs<br \/> Le r\u00e9cipiendaire de ce prix, qui en est \u00e0 sa 36e \u00e9dition annuelle, est choisi par les laur\u00e9ats pr\u00e9c\u00e9dents. Depuis 1988, ann\u00e9e de la cr\u00e9ation de ce programme, on compte parmi ces derniers des designers et concepteurs tels Chris Bangle, Peter Brock, Wayne Cherry, Willie\u00a0G. Davidson, Walter de Silva, Leonardo Fioravanti, Tom Gale, Giorgetto Giugiaro, Patrick Le Qu\u00e9ment, Syd Mead, Shiro Nakamura, Stewart Reed, Peter Schreyer, Jack Telnack et Ed Welburn.<\/p>\n<p> \u00ab\u00a0Ralph est un leader respect\u00e9 au sein de la communaut\u00e9 du design automobile et sa cr\u00e9ativit\u00e9 comme sa passion se refl\u00e8tent dans son travail. Sa compr\u00e9hension du march\u00e9, des tendances et de la culture automobiles le place \u00e0 l&#8217;avant-garde de sa profession\u00a0\u00bb, a d\u00e9clar\u00e9 le docteur Philip\u00a0C.\u00a0Hessburg, directeur m\u00e9dical de l\u2019Institut d\u2019ophtalmologie de Detroit.\u00a0<\/p>\n<p> \u00ab\u00a0En<\/p>\n","protected":false},"excerpt":{"rendered":"<p>Ralph Gilles, le populaire designer automobile am\u00e9ricano-canadien et directeur de la conception chez Stellantis, s\u2019est vu d\u00e9cerner le prix EyesOn Design Lifetime Design Achievement, un prix d\u2019excellence pour sa brillante carri\u00e8re dans le domaine du design automobile.\u00a0 Le prix est attribu\u00e9 par l\u2019organisation de EyesOn Design, qui en a fait l\u2019annonce par voie de communiqu\u00e9 [&hellip;]<\/p>\n","protected":false},"author":8,"featured_media":136477,"comment_status":"close","ping_status":"closed","sticky":false,"template":"","format":"standard","meta":{"_monsterinsights_skip_tracking":false,"_monsterinsights_sitenote_active":false,"_monsterinsights_sitenote_note":"","_monsterinsights_sitenote_category":0,"footnotes":""},"categories":[101],"tags":[],"yoast_head":"<!-- This site is optimized with the Yoast SEO plugin v23.2 - https:\/\/yoast.com\/wordpress\/plugins\/seo\/ -->\n<title>EyesOn Design d\u00e9cerne un prix d\u2019excellence \u00e0 Ralph Gilles - CanadaMotorJobs.com<\/title>\n<meta name=\"description\" content=\"EyesOn Design d\u00e9cerne un prix d\u2019excellence \u00e0 Ralph Gilles - Benoit Charette - Annuel automobile - CanadaMotorJobs.com.\" \/>\n<meta name=\"robots\" content=\"index, follow, max-snippet:-1, max-image-preview:large, max-video-preview:-1\" \/>\n<meta property=\"og:locale\" content=\"fr_CA\" \/>\n<meta property=\"og:type\" content=\"article\" \/>\n<meta property=\"og:title\" content=\"EyesOn Design d\u00e9cerne un prix d\u2019excellence \u00e0 Ralph Gilles - CanadaMotorJobs.com\" \/>\n<meta property=\"og:description\" content=\"EyesOn Design d\u00e9cerne un prix d\u2019excellence \u00e0 Ralph Gilles - Benoit Charette - Annuel automobile - CanadaMotorJobs.com.\" \/>\n<meta property=\"og:url\" content=\"https:\/\/news.canadamotorjobs.com\/fr\/eyeson-design-decerne-un-prix-dexcellence-a-ralph-gilles\/\" \/>\n<meta property=\"og:site_name\" content=\"CanadaMotorJobs.com\" \/>\n<meta property=\"article:publisher\" content=\"https:\/\/www.facebook.com\/canadamotorjobs\/\" \/>\n<meta property=\"article:published_time\" content=\"2022-11-16T12:53:50+00:00\" \/>\n<meta property=\"article:modified_time\" content=\"2022-11-16T12:59:20+00:00\" \/>\n<meta property=\"og:image\" content=\"https:\/\/news.canadamotorjobs.com\/wp-content\/uploads\/2022\/11\/Ralph-Gilles-2022-1.jpg\" \/>\n\t<meta property=\"og:image:width\" content=\"1500\" \/>\n\t<meta property=\"og:image:height\" content=\"1000\" \/>\n\t<meta property=\"og:image:type\" content=\"image\/jpeg\" \/>\n<meta name=\"author\" content=\"Benoit Charette\" \/>\n<meta name=\"twitter:card\" content=\"summary_large_image\" \/>\n<meta name=\"twitter:creator\" content=\"@canadamotorjobs\" \/>\n<meta name=\"twitter:site\" content=\"@canadamotorjobs\" \/>\n<meta name=\"twitter:label1\" content=\"\u00c9crit par\" \/>\n\t<meta name=\"twitter:data1\" content=\"Benoit Charette\" \/>\n\t<meta name=\"twitter:label2\" content=\"Estimation du temps de lecture\" \/>\n\t<meta name=\"twitter:data2\" content=\"1 minute\" \/>\n<!-- \/ Yoast SEO plugin. -->","yoast_head_json":{"title":"EyesOn Design d\u00e9cerne un prix d\u2019excellence \u00e0 Ralph Gilles - CanadaMotorJobs.com","description":"EyesOn Design d\u00e9cerne un prix d\u2019excellence \u00e0 Ralph Gilles - Benoit Charette - Annuel automobile - CanadaMotorJobs.com.","robots":{"index":"index","follow":"follow","max-snippet":"max-snippet:-1","max-image-preview":"max-image-preview:large","max-video-preview":"max-video-preview:-1"},"og_locale":"fr_CA","og_type":"article","og_title":"EyesOn Design d\u00e9cerne un prix d\u2019excellence \u00e0 Ralph Gilles - CanadaMotorJobs.com","og_description":"EyesOn Design d\u00e9cerne un prix d\u2019excellence \u00e0 Ralph Gilles - Benoit Charette - Annuel automobile - CanadaMotorJobs.com.","og_url":"https:\/\/news.canadamotorjobs.com\/fr\/eyeson-design-decerne-un-prix-dexcellence-a-ralph-gilles\/","og_site_name":"CanadaMotorJobs.com","article_publisher":"https:\/\/www.facebook.com\/canadamotorjobs\/","article_published_time":"2022-11-16T12:53:50+00:00","article_modified_time":"2022-11-16T12:59:20+00:00","og_image":[{"width":1500,"height":1000,"url":"https:\/\/news.canadamotorjobs.com\/wp-content\/uploads\/2022\/11\/Ralph-Gilles-2022-1.jpg","type":"image\/jpeg"}],"author":"Benoit Charette","twitter_card":"summary_large_image","twitter_creator":"@canadamotorjobs","twitter_site":"@canadamotorjobs","twitter_misc":{"\u00c9crit par":"Benoit Charette","Estimation du temps de lecture":"1 minute"},"schema":{"@context":"https:\/\/schema.org","@graph":[{"@type":"Article","@id":"https:\/\/news.canadamotorjobs.com\/fr\/eyeson-design-decerne-un-prix-dexcellence-a-ralph-gilles\/#article","isPartOf":{"@id":"https:\/\/news.canadamotorjobs.com\/fr\/eyeson-design-decerne-un-prix-dexcellence-a-ralph-gilles\/"},"author":{"name":"Benoit Charette","@id":"https:\/\/news.canadamotorjobs.com\/#\/schema\/person\/51793d1f87d44011d7bcc2ed99269a90"},"headline":"EyesOn Design d\u00e9cerne un prix d\u2019excellence \u00e0 Ralph Gilles","datePublished":"2022-11-16T12:53:50+00:00","dateModified":"2022-11-16T12:59:20+00:00","mainEntityOfPage":{"@id":"https:\/\/news.canadamotorjobs.com\/fr\/eyeson-design-decerne-un-prix-dexcellence-a-ralph-gilles\/"},"wordCount":283,"publisher":{"@id":"https:\/\/news.canadamotorjobs.com\/#organization"},"image":{"@id":"https:\/\/news.canadamotorjobs.com\/fr\/eyeson-design-decerne-un-prix-dexcellence-a-ralph-gilles\/#primaryimage"},"thumbnailUrl":"https:\/\/news.canadamotorjobs.com\/wp-content\/uploads\/2022\/11\/Ralph-Gilles-2022-1.jpg","articleSection":["Annuel automobile"],"inLanguage":"fr-CA"},{"@type":"WebPage","@id":"https:\/\/news.canadamotorjobs.com\/fr\/eyeson-design-decerne-un-prix-dexcellence-a-ralph-gilles\/","url":"https:\/\/news.canadamotorjobs.com\/fr\/eyeson-design-decerne-un-prix-dexcellence-a-ralph-gilles\/","name":"EyesOn Design d\u00e9cerne un prix d\u2019excellence \u00e0 Ralph Gilles - CanadaMotorJobs.com","isPartOf":{"@id":"https:\/\/news.canadamotorjobs.com\/#website"},"primaryImageOfPage":{"@id":"https:\/\/news.canadamotorjobs.com\/fr\/eyeson-design-decerne-un-prix-dexcellence-a-ralph-gilles\/#primaryimage"},"image":{"@id":"https:\/\/news.canadamotorjobs.com\/fr\/eyeson-design-decerne-un-prix-dexcellence-a-ralph-gilles\/#primaryimage"},"thumbnailUrl":"https:\/\/news.canadamotorjobs.com\/wp-content\/uploads\/2022\/11\/Ralph-Gilles-2022-1.jpg","datePublished":"2022-11-16T12:53:50+00:00","dateModified":"2022-11-16T12:59:20+00:00","description":"EyesOn Design d\u00e9cerne un prix d\u2019excellence \u00e0 Ralph Gilles - Benoit Charette - Annuel automobile - CanadaMotorJobs.com.","breadcrumb":{"@id":"https:\/\/news.canadamotorjobs.com\/fr\/eyeson-design-decerne-un-prix-dexcellence-a-ralph-gilles\/#breadcrumb"},"inLanguage":"fr-CA","potentialAction":[{"@type":"ReadAction","target":["https:\/\/news.canadamotorjobs.com\/fr\/eyeson-design-decerne-un-prix-dexcellence-a-ralph-gilles\/"]}]},{"@type":"ImageObject","inLanguage":"fr-CA","@id":"https:\/\/news.canadamotorjobs.com\/fr\/eyeson-design-decerne-un-prix-dexcellence-a-ralph-gilles\/#primaryimage","url":"https:\/\/news.canadamotorjobs.com\/wp-content\/uploads\/2022\/11\/Ralph-Gilles-2022-1.jpg","contentUrl":"https:\/\/news.canadamotorjobs.com\/wp-content\/uploads\/2022\/11\/Ralph-Gilles-2022-1.jpg","width":1500,"height":1000},{"@type":"BreadcrumbList","@id":"https:\/\/news.canadamotorjobs.com\/fr\/eyeson-design-decerne-un-prix-dexcellence-a-ralph-gilles\/#breadcrumb","itemListElement":[{"@type":"ListItem","position":1,"name":"Home","item":"https:\/\/news.canadamotorjobs.com\/fr\/blog\/"},{"@type":"ListItem","position":2,"name":"EyesOn Design d\u00e9cerne un prix d\u2019excellence \u00e0 Ralph Gilles"}]},{"@type":"WebSite","@id":"https:\/\/news.canadamotorjobs.com\/#website","url":"https:\/\/news.canadamotorjobs.com\/","name":"CanadaMotorJobs.com","description":"Automotive Jobs","publisher":{"@id":"https:\/\/news.canadamotorjobs.com\/#organization"},"potentialAction":[{"@type":"SearchAction","target":{"@type":"EntryPoint","urlTemplate":"https:\/\/news.canadamotorjobs.com\/?s={search_term_string}"},"query-input":"required name=search_term_string"}],"inLanguage":"fr-CA"},{"@type":"Organization","@id":"https:\/\/news.canadamotorjobs.com\/#organization","name":"Canada Motor Jobs","url":"https:\/\/news.canadamotorjobs.com\/","logo":{"@type":"ImageObject","inLanguage":"fr-CA","@id":"https:\/\/news.canadamotorjobs.com\/#\/schema\/logo\/image\/","url":"https:\/\/news.canadamotorjobs.com\/wp-content\/uploads\/2022\/10\/logo-canada-motor-jobs-1.png","contentUrl":"https:\/\/news.canadamotorjobs.com\/wp-content\/uploads\/2022\/10\/logo-canada-motor-jobs-1.png","width":800,"height":400,"caption":"Canada Motor Jobs"},"image":{"@id":"https:\/\/news.canadamotorjobs.com\/#\/schema\/logo\/image\/"},"sameAs":["https:\/\/www.facebook.com\/canadamotorjobs\/","https:\/\/x.com\/canadamotorjobs","https:\/\/www.instagram.com\/canadamotorjobs\/","https:\/\/www.linkedin.com\/company\/canadamotorjobs"]},{"@type":"Person","@id":"https:\/\/news.canadamotorjobs.com\/#\/schema\/person\/51793d1f87d44011d7bcc2ed99269a90","name":"Benoit Charette","image":{"@type":"ImageObject","inLanguage":"fr-CA","@id":"https:\/\/news.canadamotorjobs.com\/#\/schema\/person\/image\/","url":"https:\/\/secure.gravatar.com\/avatar\/45f3d2eebcccd909668d7ce7ea7267b6?s=96&d=mm&r=g","contentUrl":"https:\/\/secure.gravatar.com\/avatar\/45f3d2eebcccd909668d7ce7ea7267b6?s=96&d=mm&r=g","caption":"Benoit Charette"},"description":"Benoit Charette \/ Propri\u00e9taire et r\u00e9dacteur en chef Benoit Charette pratique le journalisme automobile depuis bient\u00f4t 30 ans. Il a fait ses classes au c\u00f4t\u00e9 de Daniel H\u00e9raud et au Carnet de route de 1992 \u00e0 2001. Il est fondateur, copropri\u00e9taire et r\u00e9dacteur en chef de L\u2019Annuel de l\u2019automobile, qu\u2019il publie depuis 2001. Il a anim\u00e9 les \u00e9missions RPM et RPM+ sur V et les L\u00e9gendes de la route sur Historia. \u00c0 la radio depuis 1986, il reprend l\u2019antenne cette ann\u00e9e sur les ondes de Cogeco et participe pour la deuxi\u00e8me ann\u00e9e \u00e0 l\u2019\u00e9mission Passion Auto sur RDS en plus de mettre en ligne le site Web officiel de L\u2019Annuel de l\u2019automobile sur annuelauto.ca.","sameAs":["https:\/\/annuelauto.ca\/"],"url":"https:\/\/news.canadamotorjobs.com\/fr\/author\/benoit-charette\/"}]}},"_links":{"self":[{"href":"https:\/\/news.canadamotorjobs.com\/fr\/wp-json\/wp\/v2\/posts\/136473"}],"collection":[{"href":"https:\/\/news.canadamotorjobs.com\/fr\/wp-json\/wp\/v2\/posts"}],"about":[{"href":"https:\/\/news.canadamotorjobs.com\/fr\/wp-json\/wp\/v2\/types\/post"}],"author":[{"embeddable":true,"href":"https:\/\/news.canadamotorjobs.com\/fr\/wp-json\/wp\/v2\/users\/8"}],"replies":[{"embeddable":true,"href":"https:\/\/news.canadamotorjobs.com\/fr\/wp-json\/wp\/v2\/comments?post=136473"}],"version-history":[{"count":0,"href":"https:\/\/news.canadamotorjobs.com\/fr\/wp-json\/wp\/v2\/posts\/136473\/revisions"}],"wp:featuredmedia":[{"embeddable":true,"href":"https:\/\/news.canadamotorjobs.com\/fr\/wp-json\/wp\/v2\/media\/136477"}],"wp:attachment":[{"href":"https:\/\/news.canadamotorjobs.com\/fr\/wp-json\/wp\/v2\/media?parent=136473"}],"wp:term":[{"taxonomy":"category","embeddable":true,"href":"https:\/\/news.canadamotorjobs.com\/fr\/wp-json\/wp\/v2\/categories?post=136473"},{"taxonomy":"post_tag","embeddable":true,"href":"https:\/\/news.canadamotorjobs.com\/fr\/wp-json\/wp\/v2\/tags?post=136473"}],"curies":[{"name":"wp","href":"https:\/\/api.w.org\/{rel}","templated":true}]}}