{"id":136460,"date":"2022-11-15T10:00:34","date_gmt":"2022-11-15T15:00:34","guid":{"rendered":"https:\/\/news.canadamotorjobs.com\/les-futurs-centres-de-recharge-de-camions-electriques-auront-besoin-dautant-delectricite-quune-petite-ville\/"},"modified":"2022-11-15T17:10:47","modified_gmt":"2022-11-15T22:10:47","slug":"les-futurs-centres-de-recharge-de-camions-electriques-auront-besoin-dautant-delectricite-quune-petite-ville","status":"publish","type":"post","link":"https:\/\/news.canadamotorjobs.com\/fr\/les-futurs-centres-de-recharge-de-camions-electriques-auront-besoin-dautant-delectricite-quune-petite-ville\/","title":{"rendered":"Les futurs centres de recharge de camions \u00e9lectriques auront besoin d\u2019autant d\u2019\u00e9lectricit\u00e9 qu\u2019une petite ville"},"content":{"rendered":"<p>Tesla va donner le coup d\u2019envoi le mois prochain des livraisons de camions \u00e9lectriques avec Pepsi comme premier client. Le Semi capable de transporter une charge de 40 tonnes sur une distance de 800 km avec une seule charge et un beau tour de force technologique. Le v\u00e9ritable d\u00e9fi maintenant r\u00e9side dans la rapidit\u00e9 avec laquelle les chargeurs \u00e0 haut d\u00e9bit devront fournir de l&#8217;\u00e9lectricit\u00e9 pour remettre ses camions sur la route sans d\u00e9lai.<\/p>\n<h3>Des r\u00e9serves d\u2019\u00e9nergies importantes<\/h3>\n<p>Ces \u00e9normes batteries sur roues pourraient acc\u00e9l\u00e9rer la transition vers des transports \u00e9lectrifi\u00e9s, mais les responsables de la distribution de l&#8217;\u00e9nergie commencent \u00e0 se demander s\u2019ils sont pr\u00eats \u00e0 faire face \u00e0 ce d\u00e9fi\u00a0? Probablement pas, si l&#8217;on en croit une nouvelle \u00e9tude d&#8217;envergure sur les besoins en mati\u00e8re de recharge des autoroutes, men\u00e9e par la soci\u00e9t\u00e9 de services publics National Grid Plc. Les chercheurs ont d\u00e9couvert que d&#8217;ici 2030, l&#8217;\u00e9lectrification d&#8217;une station-service d&#8217;autoroute typique n\u00e9cessitera autant d&#8217;\u00e9nergie qu&#8217;un stade se sport couvert comme le centre Bell. Nous parlons ici uniquement d\u2019un parc de recharge pour des v\u00e9hicules de promenade. Les besoins en \u00e9nergie d&#8217;un grand relais routier seront \u00e9gaux \u00e0 ceux d&#8217;une petite ville d&#8217;ici 2035.<\/p>\n<h3>Une augmentation exponentielle des besoins en \u00e9lectricit\u00e9<\/h3>\n<p>M\u00eame les auteurs qui ont planifi\u00e9 l&#8217;\u00e9tude ont \u00e9t\u00e9 pris au d\u00e9pourvu par la rapidit\u00e9 avec laquelle les besoins en \u00e9lectricit\u00e9 des autoroutes vont \u00e9voluer. La construction d&#8217;un raccordement au r\u00e9seau d&#8217;une capacit\u00e9 sup\u00e9rieure \u00e0 5 m\u00e9gawatts prend jusqu&#8217;\u00e0 huit ans et co\u00fbte des dizaines de millions de<\/p>\n","protected":false},"excerpt":{"rendered":"<p>Tesla va donner le coup d\u2019envoi le mois prochain des livraisons de camions \u00e9lectriques avec Pepsi comme premier client. Le Semi capable de transporter une charge de 40 tonnes sur une distance de 800 km avec une seule charge et un beau tour de force technologique. Le v\u00e9ritable d\u00e9fi maintenant r\u00e9side dans la rapidit\u00e9 avec [&hellip;]<\/p>\n","protected":false},"author":8,"featured_media":136464,"comment_status":"close","ping_status":"closed","sticky":false,"template":"","format":"standard","meta":{"_monsterinsights_skip_tracking":false,"_monsterinsights_sitenote_active":false,"_monsterinsights_sitenote_note":"","_monsterinsights_sitenote_category":0,"footnotes":""},"categories":[101],"tags":[131],"yoast_head":"<!-- This site is optimized with the Yoast SEO plugin v23.2 - https:\/\/yoast.com\/wordpress\/plugins\/seo\/ -->\n<title>Les futurs centres de recharge de camions \u00e9lectriques auront besoin d\u2019autant d\u2019\u00e9lectricit\u00e9 qu\u2019une petite ville - CanadaMotorJobs.com<\/title>\n<meta name=\"description\" content=\"Les futurs centres de recharge de camions \u00e9lectriques auront besoin d\u2019autant d\u2019\u00e9lectricit\u00e9 qu\u2019une petite ville - Benoit Charette - Annuel automobile - CanadaMotorJobs.com.\" \/>\n<meta name=\"robots\" content=\"index, follow, max-snippet:-1, max-image-preview:large, max-video-preview:-1\" \/>\n<meta property=\"og:locale\" content=\"fr_CA\" \/>\n<meta property=\"og:type\" content=\"article\" \/>\n<meta property=\"og:title\" content=\"Les futurs centres de recharge de camions \u00e9lectriques auront besoin d\u2019autant d\u2019\u00e9lectricit\u00e9 qu\u2019une petite ville - CanadaMotorJobs.com\" \/>\n<meta property=\"og:description\" content=\"Les futurs centres de recharge de camions \u00e9lectriques auront besoin d\u2019autant d\u2019\u00e9lectricit\u00e9 qu\u2019une petite ville - Benoit Charette - Annuel automobile - CanadaMotorJobs.com.\" \/>\n<meta property=\"og:url\" content=\"https:\/\/news.canadamotorjobs.com\/fr\/les-futurs-centres-de-recharge-de-camions-electriques-auront-besoin-dautant-delectricite-quune-petite-ville\/\" \/>\n<meta property=\"og:site_name\" content=\"CanadaMotorJobs.com\" \/>\n<meta property=\"article:publisher\" content=\"https:\/\/www.facebook.com\/canadamotorjobs\/\" \/>\n<meta property=\"article:published_time\" content=\"2022-11-15T15:00:34+00:00\" \/>\n<meta property=\"article:modified_time\" content=\"2022-11-15T22:10:47+00:00\" \/>\n<meta property=\"og:image\" content=\"https:\/\/news.canadamotorjobs.com\/wp-content\/uploads\/2022\/11\/electric-island-daimler-trucks-north-america-and-pge-portland-or_100789746_h-1.jpg\" \/>\n\t<meta property=\"og:image:width\" content=\"1920\" \/>\n\t<meta property=\"og:image:height\" content=\"1061\" \/>\n\t<meta property=\"og:image:type\" content=\"image\/jpeg\" \/>\n<meta name=\"author\" content=\"Benoit Charette\" \/>\n<meta name=\"twitter:card\" content=\"summary_large_image\" \/>\n<meta name=\"twitter:creator\" content=\"@canadamotorjobs\" \/>\n<meta name=\"twitter:site\" content=\"@canadamotorjobs\" \/>\n<meta name=\"twitter:label1\" content=\"\u00c9crit par\" \/>\n\t<meta name=\"twitter:data1\" content=\"Benoit Charette\" \/>\n\t<meta name=\"twitter:label2\" content=\"Estimation du temps de lecture\" \/>\n\t<meta name=\"twitter:data2\" content=\"2 minutes\" \/>\n<!-- \/ Yoast SEO plugin. -->","yoast_head_json":{"title":"Les futurs centres de recharge de camions \u00e9lectriques auront besoin d\u2019autant d\u2019\u00e9lectricit\u00e9 qu\u2019une petite ville - CanadaMotorJobs.com","description":"Les futurs centres de recharge de camions \u00e9lectriques auront besoin d\u2019autant d\u2019\u00e9lectricit\u00e9 qu\u2019une petite ville - Benoit Charette - Annuel automobile - CanadaMotorJobs.com.","robots":{"index":"index","follow":"follow","max-snippet":"max-snippet:-1","max-image-preview":"max-image-preview:large","max-video-preview":"max-video-preview:-1"},"og_locale":"fr_CA","og_type":"article","og_title":"Les futurs centres de recharge de camions \u00e9lectriques auront besoin d\u2019autant d\u2019\u00e9lectricit\u00e9 qu\u2019une petite ville - CanadaMotorJobs.com","og_description":"Les futurs centres de recharge de camions \u00e9lectriques auront besoin d\u2019autant d\u2019\u00e9lectricit\u00e9 qu\u2019une petite ville - Benoit Charette - Annuel automobile - CanadaMotorJobs.com.","og_url":"https:\/\/news.canadamotorjobs.com\/fr\/les-futurs-centres-de-recharge-de-camions-electriques-auront-besoin-dautant-delectricite-quune-petite-ville\/","og_site_name":"CanadaMotorJobs.com","article_publisher":"https:\/\/www.facebook.com\/canadamotorjobs\/","article_published_time":"2022-11-15T15:00:34+00:00","article_modified_time":"2022-11-15T22:10:47+00:00","og_image":[{"width":1920,"height":1061,"url":"https:\/\/news.canadamotorjobs.com\/wp-content\/uploads\/2022\/11\/electric-island-daimler-trucks-north-america-and-pge-portland-or_100789746_h-1.jpg","type":"image\/jpeg"}],"author":"Benoit Charette","twitter_card":"summary_large_image","twitter_creator":"@canadamotorjobs","twitter_site":"@canadamotorjobs","twitter_misc":{"\u00c9crit par":"Benoit Charette","Estimation du temps de lecture":"2 minutes"},"schema":{"@context":"https:\/\/schema.org","@graph":[{"@type":"Article","@id":"https:\/\/news.canadamotorjobs.com\/fr\/les-futurs-centres-de-recharge-de-camions-electriques-auront-besoin-dautant-delectricite-quune-petite-ville\/#article","isPartOf":{"@id":"https:\/\/news.canadamotorjobs.com\/fr\/les-futurs-centres-de-recharge-de-camions-electriques-auront-besoin-dautant-delectricite-quune-petite-ville\/"},"author":{"name":"Benoit Charette","@id":"https:\/\/news.canadamotorjobs.com\/#\/schema\/person\/51793d1f87d44011d7bcc2ed99269a90"},"headline":"Les futurs centres de recharge de camions \u00e9lectriques auront besoin d\u2019autant d\u2019\u00e9lectricit\u00e9 qu\u2019une petite ville","datePublished":"2022-11-15T15:00:34+00:00","dateModified":"2022-11-15T22:10:47+00:00","mainEntityOfPage":{"@id":"https:\/\/news.canadamotorjobs.com\/fr\/les-futurs-centres-de-recharge-de-camions-electriques-auront-besoin-dautant-delectricite-quune-petite-ville\/"},"wordCount":300,"publisher":{"@id":"https:\/\/news.canadamotorjobs.com\/#organization"},"image":{"@id":"https:\/\/news.canadamotorjobs.com\/fr\/les-futurs-centres-de-recharge-de-camions-electriques-auront-besoin-dautant-delectricite-quune-petite-ville\/#primaryimage"},"thumbnailUrl":"https:\/\/news.canadamotorjobs.com\/wp-content\/uploads\/2022\/11\/electric-island-daimler-trucks-north-america-and-pge-portland-or_100789746_h-1.jpg","keywords":["Newsletter"],"articleSection":["Annuel automobile"],"inLanguage":"fr-CA"},{"@type":"WebPage","@id":"https:\/\/news.canadamotorjobs.com\/fr\/les-futurs-centres-de-recharge-de-camions-electriques-auront-besoin-dautant-delectricite-quune-petite-ville\/","url":"https:\/\/news.canadamotorjobs.com\/fr\/les-futurs-centres-de-recharge-de-camions-electriques-auront-besoin-dautant-delectricite-quune-petite-ville\/","name":"Les futurs centres de recharge de camions \u00e9lectriques auront besoin d\u2019autant d\u2019\u00e9lectricit\u00e9 qu\u2019une petite ville - CanadaMotorJobs.com","isPartOf":{"@id":"https:\/\/news.canadamotorjobs.com\/#website"},"primaryImageOfPage":{"@id":"https:\/\/news.canadamotorjobs.com\/fr\/les-futurs-centres-de-recharge-de-camions-electriques-auront-besoin-dautant-delectricite-quune-petite-ville\/#primaryimage"},"image":{"@id":"https:\/\/news.canadamotorjobs.com\/fr\/les-futurs-centres-de-recharge-de-camions-electriques-auront-besoin-dautant-delectricite-quune-petite-ville\/#primaryimage"},"thumbnailUrl":"https:\/\/news.canadamotorjobs.com\/wp-content\/uploads\/2022\/11\/electric-island-daimler-trucks-north-america-and-pge-portland-or_100789746_h-1.jpg","datePublished":"2022-11-15T15:00:34+00:00","dateModified":"2022-11-15T22:10:47+00:00","description":"Les futurs centres de recharge de camions \u00e9lectriques auront besoin d\u2019autant d\u2019\u00e9lectricit\u00e9 qu\u2019une petite ville - Benoit Charette - Annuel automobile - CanadaMotorJobs.com.","breadcrumb":{"@id":"https:\/\/news.canadamotorjobs.com\/fr\/les-futurs-centres-de-recharge-de-camions-electriques-auront-besoin-dautant-delectricite-quune-petite-ville\/#breadcrumb"},"inLanguage":"fr-CA","potentialAction":[{"@type":"ReadAction","target":["https:\/\/news.canadamotorjobs.com\/fr\/les-futurs-centres-de-recharge-de-camions-electriques-auront-besoin-dautant-delectricite-quune-petite-ville\/"]}]},{"@type":"ImageObject","inLanguage":"fr-CA","@id":"https:\/\/news.canadamotorjobs.com\/fr\/les-futurs-centres-de-recharge-de-camions-electriques-auront-besoin-dautant-delectricite-quune-petite-ville\/#primaryimage","url":"https:\/\/news.canadamotorjobs.com\/wp-content\/uploads\/2022\/11\/electric-island-daimler-trucks-north-america-and-pge-portland-or_100789746_h-1.jpg","contentUrl":"https:\/\/news.canadamotorjobs.com\/wp-content\/uploads\/2022\/11\/electric-island-daimler-trucks-north-america-and-pge-portland-or_100789746_h-1.jpg","width":1920,"height":1061},{"@type":"BreadcrumbList","@id":"https:\/\/news.canadamotorjobs.com\/fr\/les-futurs-centres-de-recharge-de-camions-electriques-auront-besoin-dautant-delectricite-quune-petite-ville\/#breadcrumb","itemListElement":[{"@type":"ListItem","position":1,"name":"Home","item":"https:\/\/news.canadamotorjobs.com\/fr\/blog\/"},{"@type":"ListItem","position":2,"name":"Les futurs centres de recharge de camions \u00e9lectriques auront besoin d\u2019autant d\u2019\u00e9lectricit\u00e9 qu\u2019une petite ville"}]},{"@type":"WebSite","@id":"https:\/\/news.canadamotorjobs.com\/#website","url":"https:\/\/news.canadamotorjobs.com\/","name":"CanadaMotorJobs.com","description":"Automotive Jobs","publisher":{"@id":"https:\/\/news.canadamotorjobs.com\/#organization"},"potentialAction":[{"@type":"SearchAction","target":{"@type":"EntryPoint","urlTemplate":"https:\/\/news.canadamotorjobs.com\/?s={search_term_string}"},"query-input":"required name=search_term_string"}],"inLanguage":"fr-CA"},{"@type":"Organization","@id":"https:\/\/news.canadamotorjobs.com\/#organization","name":"Canada Motor Jobs","url":"https:\/\/news.canadamotorjobs.com\/","logo":{"@type":"ImageObject","inLanguage":"fr-CA","@id":"https:\/\/news.canadamotorjobs.com\/#\/schema\/logo\/image\/","url":"https:\/\/news.canadamotorjobs.com\/wp-content\/uploads\/2022\/10\/logo-canada-motor-jobs-1.png","contentUrl":"https:\/\/news.canadamotorjobs.com\/wp-content\/uploads\/2022\/10\/logo-canada-motor-jobs-1.png","width":800,"height":400,"caption":"Canada Motor Jobs"},"image":{"@id":"https:\/\/news.canadamotorjobs.com\/#\/schema\/logo\/image\/"},"sameAs":["https:\/\/www.facebook.com\/canadamotorjobs\/","https:\/\/x.com\/canadamotorjobs","https:\/\/www.instagram.com\/canadamotorjobs\/","https:\/\/www.linkedin.com\/company\/canadamotorjobs"]},{"@type":"Person","@id":"https:\/\/news.canadamotorjobs.com\/#\/schema\/person\/51793d1f87d44011d7bcc2ed99269a90","name":"Benoit Charette","image":{"@type":"ImageObject","inLanguage":"fr-CA","@id":"https:\/\/news.canadamotorjobs.com\/#\/schema\/person\/image\/","url":"https:\/\/secure.gravatar.com\/avatar\/45f3d2eebcccd909668d7ce7ea7267b6?s=96&d=mm&r=g","contentUrl":"https:\/\/secure.gravatar.com\/avatar\/45f3d2eebcccd909668d7ce7ea7267b6?s=96&d=mm&r=g","caption":"Benoit Charette"},"description":"Benoit Charette \/ Propri\u00e9taire et r\u00e9dacteur en chef Benoit Charette pratique le journalisme automobile depuis bient\u00f4t 30 ans. Il a fait ses classes au c\u00f4t\u00e9 de Daniel H\u00e9raud et au Carnet de route de 1992 \u00e0 2001. Il est fondateur, copropri\u00e9taire et r\u00e9dacteur en chef de L\u2019Annuel de l\u2019automobile, qu\u2019il publie depuis 2001. Il a anim\u00e9 les \u00e9missions RPM et RPM+ sur V et les L\u00e9gendes de la route sur Historia. \u00c0 la radio depuis 1986, il reprend l\u2019antenne cette ann\u00e9e sur les ondes de Cogeco et participe pour la deuxi\u00e8me ann\u00e9e \u00e0 l\u2019\u00e9mission Passion Auto sur RDS en plus de mettre en ligne le site Web officiel de L\u2019Annuel de l\u2019automobile sur annuelauto.ca.","sameAs":["https:\/\/annuelauto.ca\/"],"url":"https:\/\/news.canadamotorjobs.com\/fr\/author\/benoit-charette\/"}]}},"_links":{"self":[{"href":"https:\/\/news.canadamotorjobs.com\/fr\/wp-json\/wp\/v2\/posts\/136460"}],"collection":[{"href":"https:\/\/news.canadamotorjobs.com\/fr\/wp-json\/wp\/v2\/posts"}],"about":[{"href":"https:\/\/news.canadamotorjobs.com\/fr\/wp-json\/wp\/v2\/types\/post"}],"author":[{"embeddable":true,"href":"https:\/\/news.canadamotorjobs.com\/fr\/wp-json\/wp\/v2\/users\/8"}],"replies":[{"embeddable":true,"href":"https:\/\/news.canadamotorjobs.com\/fr\/wp-json\/wp\/v2\/comments?post=136460"}],"version-history":[{"count":0,"href":"https:\/\/news.canadamotorjobs.com\/fr\/wp-json\/wp\/v2\/posts\/136460\/revisions"}],"wp:featuredmedia":[{"embeddable":true,"href":"https:\/\/news.canadamotorjobs.com\/fr\/wp-json\/wp\/v2\/media\/136464"}],"wp:attachment":[{"href":"https:\/\/news.canadamotorjobs.com\/fr\/wp-json\/wp\/v2\/media?parent=136460"}],"wp:term":[{"taxonomy":"category","embeddable":true,"href":"https:\/\/news.canadamotorjobs.com\/fr\/wp-json\/wp\/v2\/categories?post=136460"},{"taxonomy":"post_tag","embeddable":true,"href":"https:\/\/news.canadamotorjobs.com\/fr\/wp-json\/wp\/v2\/tags?post=136460"}],"curies":[{"name":"wp","href":"https:\/\/api.w.org\/{rel}","templated":true}]}}