{"id":136452,"date":"2022-11-15T09:13:04","date_gmt":"2022-11-15T14:13:04","guid":{"rendered":"https:\/\/news.canadamotorjobs.com\/la-nouvelle-norme-euro-7-rend-les-constructeurs-automobiles-mecontents\/"},"modified":"2022-11-15T17:39:31","modified_gmt":"2022-11-15T22:39:31","slug":"la-nouvelle-norme-euro-7-rend-les-constructeurs-automobiles-mecontents","status":"publish","type":"post","link":"https:\/\/news.canadamotorjobs.com\/fr\/la-nouvelle-norme-euro-7-rend-les-constructeurs-automobiles-mecontents\/","title":{"rendered":"La nouvelle norme Euro 7 rend les constructeurs automobiles m\u00e9contents"},"content":{"rendered":"<p>Les g\u00e9ants du secteur automobile estiment que ces nouvelles normes plus s\u00e9v\u00e8res entra\u00eeneront une hausse des co\u00fbts et entraveront le mouvement en faveur des voitures \u00e9lectriques. Des patrons, tels que le PDG de BMW et le pr\u00e9sident de l&#8217;Association des constructeurs europ\u00e9ens d&#8217;automobiles (ACEA), Oliver Zipse, ont d\u00e9clar\u00e9 que la proposition de l&#8217;UE posait plusieurs probl\u00e8mes, rapporte le site Autocar.<\/p>\n<h3>Une hausse des co\u00fbts des mod\u00e8les \u00e0 pr\u00e9voir<\/h3>\n<p>Alors que l\u2019industrie automobile affirme que le b\u00e9n\u00e9fice environnemental de la proposition de la Commission europ\u00e9enne est tr\u00e8s limit\u00e9, alors qu&#8217;elle augmente fortement le co\u00fbt des v\u00e9hicules&#8221;. L&#8217;UE affirme toutefois que la r\u00e9forme est &#8220;abordable&#8221;. Selon le document de proposition de la Commission, le co\u00fbt suppl\u00e9mentaire pour une voiture ou une camionnette sera de 304 euros (420 dollars).<\/p>\n<h3>Entr\u00e9e en vigueur le 1er juillet 2025<\/h3>\n<p>La nouvelle r\u00e9glementation vise \u00e0 r\u00e9duire les \u00e9missions de NOx de 35 % et les particules des gaz d&#8217;\u00e9chappement de 13 % par rapport aux directives actuelles de l\u2019Euro 6. Ces objectifs s&#8217;appliquent aux nouvelles voitures et aux camionnettes ; les r\u00e9glementations pour les camions et les autobus de plus grande taille entreront en vigueur en 2027. Les patrons d\u2019entreprises automobiles estiment que les nouvelles r\u00e9glementations entraveront le passage de l&#8217;industrie \u00e0 l&#8217;\u00e9lectromobilit\u00e9. &#8220;Nous ne devrions pas d\u00e9tourner les ressources vers les technologies d&#8217;hier et investir plut\u00f4t dans les v\u00e9hicules \u00e0 \u00e9mission z\u00e9ro&#8221;, a d\u00e9clar\u00e9 le patron r\u00e9gional du mod\u00e8le E dans un communiqu\u00e9.<\/p>\n","protected":false},"excerpt":{"rendered":"<p>Les g\u00e9ants du secteur automobile estiment que ces nouvelles normes plus s\u00e9v\u00e8res entra\u00eeneront une hausse des co\u00fbts et entraveront le mouvement en faveur des voitures \u00e9lectriques. Des patrons, tels que le PDG de BMW et le pr\u00e9sident de l&#8217;Association des constructeurs europ\u00e9ens d&#8217;automobiles (ACEA), Oliver Zipse, ont d\u00e9clar\u00e9 que la proposition de l&#8217;UE posait plusieurs [&hellip;]<\/p>\n","protected":false},"author":8,"featured_media":136456,"comment_status":"close","ping_status":"closed","sticky":false,"template":"","format":"standard","meta":{"_monsterinsights_skip_tracking":false,"_monsterinsights_sitenote_active":false,"_monsterinsights_sitenote_note":"","_monsterinsights_sitenote_category":0,"footnotes":""},"categories":[101],"tags":[],"yoast_head":"<!-- This site is optimized with the Yoast SEO plugin v23.2 - https:\/\/yoast.com\/wordpress\/plugins\/seo\/ -->\n<title>La nouvelle norme Euro 7 rend les constructeurs automobiles m\u00e9contents - CanadaMotorJobs.com<\/title>\n<meta name=\"description\" content=\"La nouvelle norme Euro 7 rend les constructeurs automobiles m\u00e9contents - Benoit Charette - Annuel automobile - CanadaMotorJobs.com.\" \/>\n<meta name=\"robots\" content=\"index, follow, max-snippet:-1, max-image-preview:large, max-video-preview:-1\" \/>\n<meta property=\"og:locale\" content=\"fr_CA\" \/>\n<meta property=\"og:type\" content=\"article\" \/>\n<meta property=\"og:title\" content=\"La nouvelle norme Euro 7 rend les constructeurs automobiles m\u00e9contents - CanadaMotorJobs.com\" \/>\n<meta property=\"og:description\" content=\"La nouvelle norme Euro 7 rend les constructeurs automobiles m\u00e9contents - Benoit Charette - Annuel automobile - CanadaMotorJobs.com.\" \/>\n<meta property=\"og:url\" content=\"https:\/\/news.canadamotorjobs.com\/fr\/la-nouvelle-norme-euro-7-rend-les-constructeurs-automobiles-mecontents\/\" \/>\n<meta property=\"og:site_name\" content=\"CanadaMotorJobs.com\" \/>\n<meta property=\"article:publisher\" content=\"https:\/\/www.facebook.com\/canadamotorjobs\/\" \/>\n<meta property=\"article:published_time\" content=\"2022-11-15T14:13:04+00:00\" \/>\n<meta property=\"article:modified_time\" content=\"2022-11-15T22:39:31+00:00\" \/>\n<meta property=\"og:image\" content=\"https:\/\/news.canadamotorjobs.com\/wp-content\/uploads\/2022\/11\/2021_bmw_5-series_sedan_530e_fq_oem_1_1280-1.jpg\" \/>\n\t<meta property=\"og:image:width\" content=\"1280\" \/>\n\t<meta property=\"og:image:height\" content=\"855\" \/>\n\t<meta property=\"og:image:type\" content=\"image\/jpeg\" \/>\n<meta name=\"author\" content=\"Benoit Charette\" \/>\n<meta name=\"twitter:card\" content=\"summary_large_image\" \/>\n<meta name=\"twitter:creator\" content=\"@canadamotorjobs\" \/>\n<meta name=\"twitter:site\" content=\"@canadamotorjobs\" \/>\n<meta name=\"twitter:label1\" content=\"\u00c9crit par\" \/>\n\t<meta name=\"twitter:data1\" content=\"Benoit Charette\" \/>\n\t<meta name=\"twitter:label2\" content=\"Estimation du temps de lecture\" \/>\n\t<meta name=\"twitter:data2\" content=\"2 minutes\" \/>\n<!-- \/ Yoast SEO plugin. -->","yoast_head_json":{"title":"La nouvelle norme Euro 7 rend les constructeurs automobiles m\u00e9contents - CanadaMotorJobs.com","description":"La nouvelle norme Euro 7 rend les constructeurs automobiles m\u00e9contents - Benoit Charette - Annuel automobile - CanadaMotorJobs.com.","robots":{"index":"index","follow":"follow","max-snippet":"max-snippet:-1","max-image-preview":"max-image-preview:large","max-video-preview":"max-video-preview:-1"},"og_locale":"fr_CA","og_type":"article","og_title":"La nouvelle norme Euro 7 rend les constructeurs automobiles m\u00e9contents - CanadaMotorJobs.com","og_description":"La nouvelle norme Euro 7 rend les constructeurs automobiles m\u00e9contents - Benoit Charette - Annuel automobile - CanadaMotorJobs.com.","og_url":"https:\/\/news.canadamotorjobs.com\/fr\/la-nouvelle-norme-euro-7-rend-les-constructeurs-automobiles-mecontents\/","og_site_name":"CanadaMotorJobs.com","article_publisher":"https:\/\/www.facebook.com\/canadamotorjobs\/","article_published_time":"2022-11-15T14:13:04+00:00","article_modified_time":"2022-11-15T22:39:31+00:00","og_image":[{"width":1280,"height":855,"url":"https:\/\/news.canadamotorjobs.com\/wp-content\/uploads\/2022\/11\/2021_bmw_5-series_sedan_530e_fq_oem_1_1280-1.jpg","type":"image\/jpeg"}],"author":"Benoit Charette","twitter_card":"summary_large_image","twitter_creator":"@canadamotorjobs","twitter_site":"@canadamotorjobs","twitter_misc":{"\u00c9crit par":"Benoit Charette","Estimation du temps de lecture":"2 minutes"},"schema":{"@context":"https:\/\/schema.org","@graph":[{"@type":"Article","@id":"https:\/\/news.canadamotorjobs.com\/fr\/la-nouvelle-norme-euro-7-rend-les-constructeurs-automobiles-mecontents\/#article","isPartOf":{"@id":"https:\/\/news.canadamotorjobs.com\/fr\/la-nouvelle-norme-euro-7-rend-les-constructeurs-automobiles-mecontents\/"},"author":{"name":"Benoit Charette","@id":"https:\/\/news.canadamotorjobs.com\/#\/schema\/person\/51793d1f87d44011d7bcc2ed99269a90"},"headline":"La nouvelle norme Euro 7 rend les constructeurs automobiles m\u00e9contents","datePublished":"2022-11-15T14:13:04+00:00","dateModified":"2022-11-15T22:39:31+00:00","mainEntityOfPage":{"@id":"https:\/\/news.canadamotorjobs.com\/fr\/la-nouvelle-norme-euro-7-rend-les-constructeurs-automobiles-mecontents\/"},"wordCount":279,"publisher":{"@id":"https:\/\/news.canadamotorjobs.com\/#organization"},"image":{"@id":"https:\/\/news.canadamotorjobs.com\/fr\/la-nouvelle-norme-euro-7-rend-les-constructeurs-automobiles-mecontents\/#primaryimage"},"thumbnailUrl":"https:\/\/news.canadamotorjobs.com\/wp-content\/uploads\/2022\/11\/2021_bmw_5-series_sedan_530e_fq_oem_1_1280-1.jpg","articleSection":["Annuel automobile"],"inLanguage":"fr-CA"},{"@type":"WebPage","@id":"https:\/\/news.canadamotorjobs.com\/fr\/la-nouvelle-norme-euro-7-rend-les-constructeurs-automobiles-mecontents\/","url":"https:\/\/news.canadamotorjobs.com\/fr\/la-nouvelle-norme-euro-7-rend-les-constructeurs-automobiles-mecontents\/","name":"La nouvelle norme Euro 7 rend les constructeurs automobiles m\u00e9contents - CanadaMotorJobs.com","isPartOf":{"@id":"https:\/\/news.canadamotorjobs.com\/#website"},"primaryImageOfPage":{"@id":"https:\/\/news.canadamotorjobs.com\/fr\/la-nouvelle-norme-euro-7-rend-les-constructeurs-automobiles-mecontents\/#primaryimage"},"image":{"@id":"https:\/\/news.canadamotorjobs.com\/fr\/la-nouvelle-norme-euro-7-rend-les-constructeurs-automobiles-mecontents\/#primaryimage"},"thumbnailUrl":"https:\/\/news.canadamotorjobs.com\/wp-content\/uploads\/2022\/11\/2021_bmw_5-series_sedan_530e_fq_oem_1_1280-1.jpg","datePublished":"2022-11-15T14:13:04+00:00","dateModified":"2022-11-15T22:39:31+00:00","description":"La nouvelle norme Euro 7 rend les constructeurs automobiles m\u00e9contents - Benoit Charette - Annuel automobile - CanadaMotorJobs.com.","breadcrumb":{"@id":"https:\/\/news.canadamotorjobs.com\/fr\/la-nouvelle-norme-euro-7-rend-les-constructeurs-automobiles-mecontents\/#breadcrumb"},"inLanguage":"fr-CA","potentialAction":[{"@type":"ReadAction","target":["https:\/\/news.canadamotorjobs.com\/fr\/la-nouvelle-norme-euro-7-rend-les-constructeurs-automobiles-mecontents\/"]}]},{"@type":"ImageObject","inLanguage":"fr-CA","@id":"https:\/\/news.canadamotorjobs.com\/fr\/la-nouvelle-norme-euro-7-rend-les-constructeurs-automobiles-mecontents\/#primaryimage","url":"https:\/\/news.canadamotorjobs.com\/wp-content\/uploads\/2022\/11\/2021_bmw_5-series_sedan_530e_fq_oem_1_1280-1.jpg","contentUrl":"https:\/\/news.canadamotorjobs.com\/wp-content\/uploads\/2022\/11\/2021_bmw_5-series_sedan_530e_fq_oem_1_1280-1.jpg","width":1280,"height":855},{"@type":"BreadcrumbList","@id":"https:\/\/news.canadamotorjobs.com\/fr\/la-nouvelle-norme-euro-7-rend-les-constructeurs-automobiles-mecontents\/#breadcrumb","itemListElement":[{"@type":"ListItem","position":1,"name":"Home","item":"https:\/\/news.canadamotorjobs.com\/fr\/blog\/"},{"@type":"ListItem","position":2,"name":"La nouvelle norme Euro 7 rend les constructeurs automobiles m\u00e9contents"}]},{"@type":"WebSite","@id":"https:\/\/news.canadamotorjobs.com\/#website","url":"https:\/\/news.canadamotorjobs.com\/","name":"CanadaMotorJobs.com","description":"Automotive Jobs","publisher":{"@id":"https:\/\/news.canadamotorjobs.com\/#organization"},"potentialAction":[{"@type":"SearchAction","target":{"@type":"EntryPoint","urlTemplate":"https:\/\/news.canadamotorjobs.com\/?s={search_term_string}"},"query-input":"required name=search_term_string"}],"inLanguage":"fr-CA"},{"@type":"Organization","@id":"https:\/\/news.canadamotorjobs.com\/#organization","name":"Canada Motor Jobs","url":"https:\/\/news.canadamotorjobs.com\/","logo":{"@type":"ImageObject","inLanguage":"fr-CA","@id":"https:\/\/news.canadamotorjobs.com\/#\/schema\/logo\/image\/","url":"https:\/\/news.canadamotorjobs.com\/wp-content\/uploads\/2022\/10\/logo-canada-motor-jobs-1.png","contentUrl":"https:\/\/news.canadamotorjobs.com\/wp-content\/uploads\/2022\/10\/logo-canada-motor-jobs-1.png","width":800,"height":400,"caption":"Canada Motor Jobs"},"image":{"@id":"https:\/\/news.canadamotorjobs.com\/#\/schema\/logo\/image\/"},"sameAs":["https:\/\/www.facebook.com\/canadamotorjobs\/","https:\/\/x.com\/canadamotorjobs","https:\/\/www.instagram.com\/canadamotorjobs\/","https:\/\/www.linkedin.com\/company\/canadamotorjobs"]},{"@type":"Person","@id":"https:\/\/news.canadamotorjobs.com\/#\/schema\/person\/51793d1f87d44011d7bcc2ed99269a90","name":"Benoit Charette","image":{"@type":"ImageObject","inLanguage":"fr-CA","@id":"https:\/\/news.canadamotorjobs.com\/#\/schema\/person\/image\/","url":"https:\/\/secure.gravatar.com\/avatar\/45f3d2eebcccd909668d7ce7ea7267b6?s=96&d=mm&r=g","contentUrl":"https:\/\/secure.gravatar.com\/avatar\/45f3d2eebcccd909668d7ce7ea7267b6?s=96&d=mm&r=g","caption":"Benoit Charette"},"description":"Benoit Charette \/ Propri\u00e9taire et r\u00e9dacteur en chef Benoit Charette pratique le journalisme automobile depuis bient\u00f4t 30 ans. Il a fait ses classes au c\u00f4t\u00e9 de Daniel H\u00e9raud et au Carnet de route de 1992 \u00e0 2001. Il est fondateur, copropri\u00e9taire et r\u00e9dacteur en chef de L\u2019Annuel de l\u2019automobile, qu\u2019il publie depuis 2001. Il a anim\u00e9 les \u00e9missions RPM et RPM+ sur V et les L\u00e9gendes de la route sur Historia. \u00c0 la radio depuis 1986, il reprend l\u2019antenne cette ann\u00e9e sur les ondes de Cogeco et participe pour la deuxi\u00e8me ann\u00e9e \u00e0 l\u2019\u00e9mission Passion Auto sur RDS en plus de mettre en ligne le site Web officiel de L\u2019Annuel de l\u2019automobile sur annuelauto.ca.","sameAs":["https:\/\/annuelauto.ca\/"],"url":"https:\/\/news.canadamotorjobs.com\/fr\/author\/benoit-charette\/"}]}},"_links":{"self":[{"href":"https:\/\/news.canadamotorjobs.com\/fr\/wp-json\/wp\/v2\/posts\/136452"}],"collection":[{"href":"https:\/\/news.canadamotorjobs.com\/fr\/wp-json\/wp\/v2\/posts"}],"about":[{"href":"https:\/\/news.canadamotorjobs.com\/fr\/wp-json\/wp\/v2\/types\/post"}],"author":[{"embeddable":true,"href":"https:\/\/news.canadamotorjobs.com\/fr\/wp-json\/wp\/v2\/users\/8"}],"replies":[{"embeddable":true,"href":"https:\/\/news.canadamotorjobs.com\/fr\/wp-json\/wp\/v2\/comments?post=136452"}],"version-history":[{"count":0,"href":"https:\/\/news.canadamotorjobs.com\/fr\/wp-json\/wp\/v2\/posts\/136452\/revisions"}],"wp:featuredmedia":[{"embeddable":true,"href":"https:\/\/news.canadamotorjobs.com\/fr\/wp-json\/wp\/v2\/media\/136456"}],"wp:attachment":[{"href":"https:\/\/news.canadamotorjobs.com\/fr\/wp-json\/wp\/v2\/media?parent=136452"}],"wp:term":[{"taxonomy":"category","embeddable":true,"href":"https:\/\/news.canadamotorjobs.com\/fr\/wp-json\/wp\/v2\/categories?post=136452"},{"taxonomy":"post_tag","embeddable":true,"href":"https:\/\/news.canadamotorjobs.com\/fr\/wp-json\/wp\/v2\/tags?post=136452"}],"curies":[{"name":"wp","href":"https:\/\/api.w.org\/{rel}","templated":true}]}}