{"id":136444,"date":"2022-11-15T08:21:10","date_gmt":"2022-11-15T13:21:10","guid":{"rendered":"https:\/\/news.canadamotorjobs.com\/la-rimac-nevera-atteint-les-412-km-h\/"},"modified":"2022-11-15T15:41:23","modified_gmt":"2022-11-15T20:41:23","slug":"la-rimac-nevera-atteint-les-412-km-h","status":"publish","type":"post","link":"https:\/\/news.canadamotorjobs.com\/fr\/la-rimac-nevera-atteint-les-412-km-h\/","title":{"rendered":"La Rimac Nevera atteint les 412 km\/h"},"content":{"rendered":"<p>La Nevera est officiellement devenue la voiture \u00e9lectrique la plus rapide au monde avec une vitesse de 412 km\/h. \u00c9quip\u00e9e de pneus Michelin Cup 2R homologu\u00e9s pour la route, et sous la surveillance d&#8217;un technicien Michelin charg\u00e9 de v\u00e9rifier leur \u00e9tat, la course au record a commenc\u00e9.\u00a0 L&#8217;\u00e9quipe Rimac a cherch\u00e9 sp\u00e9cifiquement un ovale avec des lignes droites suffisamment longues pour atteindre la vitesse maximale de la Nevera, et a finalement choisi le circuit Automotive Testing Papenburg en Allemagne, avec deux lignes droites de 4 km. Les installations o\u00f9 il est possible d&#8217;atteindre des vitesses sup\u00e9rieures \u00e0 400 km\/h sont tr\u00e8s rares, car il est tr\u00e8s rare qu&#8217;une voiture puisse atteindre cette performance.<\/p>\n<h3>Un pilote d\u2019essai pas tr\u00e8s nerveux<\/h3>\n<p>Derri\u00e8re le volant se trouvait Miro Zrn\u010devi\u0107, le chef pilote d&#8217;essai et de d\u00e9veloppement de Rimac. Son d\u00e9fi \u00e9tait d&#8217;obtenir l&#8217;entr\u00e9e parfaite sur la ligne droite \u00e0 partir des sections courbes de la piste pour donner \u00e0 la voiture la meilleure chance possible d&#8217;atteindre la vitesse maximale. Alors que la voiture se stabilisait \u00e0 la sortie du virage, roulant \u00e0 environ 250 km\/h, Miro a lib\u00e9r\u00e9 les 1 914 chevaux du groupe motopropulseur \u00e0 quatre moteurs et du bloc-batterie d\u00e9velopp\u00e9s par Rimac, catapultant Nevera bien au-del\u00e0 des 400 km\/h.<\/p>\n<h3>Un nouveau record du monde<\/h3>\n<p>Les 412 km\/h font de la Nevera le d\u00e9tenteur du record du monde de la voiture de production EV la plus rapide et \u00e9galement la voiture la plus rapide jamais enregistr\u00e9e \u00e0 Automotive Testing Papenburg. La vitesse<\/p>\n","protected":false},"excerpt":{"rendered":"<p>La Nevera est officiellement devenue la voiture \u00e9lectrique la plus rapide au monde avec une vitesse de 412 km\/h. \u00c9quip\u00e9e de pneus Michelin Cup 2R homologu\u00e9s pour la route, et sous la surveillance d&#8217;un technicien Michelin charg\u00e9 de v\u00e9rifier leur \u00e9tat, la course au record a commenc\u00e9.\u00a0 L&#8217;\u00e9quipe Rimac a cherch\u00e9 sp\u00e9cifiquement un ovale avec [&hellip;]<\/p>\n","protected":false},"author":8,"featured_media":136448,"comment_status":"close","ping_status":"closed","sticky":false,"template":"","format":"standard","meta":{"_monsterinsights_skip_tracking":false,"_monsterinsights_sitenote_active":false,"_monsterinsights_sitenote_note":"","_monsterinsights_sitenote_category":0,"footnotes":""},"categories":[101],"tags":[131],"yoast_head":"<!-- This site is optimized with the Yoast SEO plugin v23.2 - https:\/\/yoast.com\/wordpress\/plugins\/seo\/ -->\n<title>La Rimac Nevera atteint les 412 km\/h - CanadaMotorJobs.com<\/title>\n<meta name=\"description\" content=\"La Rimac Nevera atteint les 412 km\/h - Benoit Charette - Annuel automobile - CanadaMotorJobs.com.\" \/>\n<meta name=\"robots\" content=\"index, follow, max-snippet:-1, max-image-preview:large, max-video-preview:-1\" \/>\n<meta property=\"og:locale\" content=\"fr_CA\" \/>\n<meta property=\"og:type\" content=\"article\" \/>\n<meta property=\"og:title\" content=\"La Rimac Nevera atteint les 412 km\/h - CanadaMotorJobs.com\" \/>\n<meta property=\"og:description\" content=\"La Rimac Nevera atteint les 412 km\/h - Benoit Charette - Annuel automobile - CanadaMotorJobs.com.\" \/>\n<meta property=\"og:url\" content=\"https:\/\/news.canadamotorjobs.com\/fr\/la-rimac-nevera-atteint-les-412-km-h\/\" \/>\n<meta property=\"og:site_name\" content=\"CanadaMotorJobs.com\" \/>\n<meta property=\"article:publisher\" content=\"https:\/\/www.facebook.com\/canadamotorjobs\/\" \/>\n<meta property=\"article:published_time\" content=\"2022-11-15T13:21:10+00:00\" \/>\n<meta property=\"article:modified_time\" content=\"2022-11-15T20:41:23+00:00\" \/>\n<meta property=\"og:image\" content=\"https:\/\/news.canadamotorjobs.com\/wp-content\/uploads\/2022\/11\/Rimac_Nevera_low_res_21-scaled-1-1.jpg\" \/>\n\t<meta property=\"og:image:width\" content=\"2560\" \/>\n\t<meta property=\"og:image:height\" content=\"1707\" \/>\n\t<meta property=\"og:image:type\" content=\"image\/jpeg\" \/>\n<meta name=\"author\" content=\"Benoit Charette\" \/>\n<meta name=\"twitter:card\" content=\"summary_large_image\" \/>\n<meta name=\"twitter:creator\" content=\"@canadamotorjobs\" \/>\n<meta name=\"twitter:site\" content=\"@canadamotorjobs\" \/>\n<meta name=\"twitter:label1\" content=\"\u00c9crit par\" \/>\n\t<meta name=\"twitter:data1\" content=\"Benoit Charette\" \/>\n\t<meta name=\"twitter:label2\" content=\"Estimation du temps de lecture\" \/>\n\t<meta name=\"twitter:data2\" content=\"2 minutes\" \/>\n<!-- \/ Yoast SEO plugin. -->","yoast_head_json":{"title":"La Rimac Nevera atteint les 412 km\/h - CanadaMotorJobs.com","description":"La Rimac Nevera atteint les 412 km\/h - Benoit Charette - Annuel automobile - CanadaMotorJobs.com.","robots":{"index":"index","follow":"follow","max-snippet":"max-snippet:-1","max-image-preview":"max-image-preview:large","max-video-preview":"max-video-preview:-1"},"og_locale":"fr_CA","og_type":"article","og_title":"La Rimac Nevera atteint les 412 km\/h - CanadaMotorJobs.com","og_description":"La Rimac Nevera atteint les 412 km\/h - Benoit Charette - Annuel automobile - CanadaMotorJobs.com.","og_url":"https:\/\/news.canadamotorjobs.com\/fr\/la-rimac-nevera-atteint-les-412-km-h\/","og_site_name":"CanadaMotorJobs.com","article_publisher":"https:\/\/www.facebook.com\/canadamotorjobs\/","article_published_time":"2022-11-15T13:21:10+00:00","article_modified_time":"2022-11-15T20:41:23+00:00","og_image":[{"width":2560,"height":1707,"url":"https:\/\/news.canadamotorjobs.com\/wp-content\/uploads\/2022\/11\/Rimac_Nevera_low_res_21-scaled-1-1.jpg","type":"image\/jpeg"}],"author":"Benoit Charette","twitter_card":"summary_large_image","twitter_creator":"@canadamotorjobs","twitter_site":"@canadamotorjobs","twitter_misc":{"\u00c9crit par":"Benoit Charette","Estimation du temps de lecture":"2 minutes"},"schema":{"@context":"https:\/\/schema.org","@graph":[{"@type":"Article","@id":"https:\/\/news.canadamotorjobs.com\/fr\/la-rimac-nevera-atteint-les-412-km-h\/#article","isPartOf":{"@id":"https:\/\/news.canadamotorjobs.com\/fr\/la-rimac-nevera-atteint-les-412-km-h\/"},"author":{"name":"Benoit Charette","@id":"https:\/\/news.canadamotorjobs.com\/#\/schema\/person\/51793d1f87d44011d7bcc2ed99269a90"},"headline":"La Rimac Nevera atteint les 412 km\/h","datePublished":"2022-11-15T13:21:10+00:00","dateModified":"2022-11-15T20:41:23+00:00","mainEntityOfPage":{"@id":"https:\/\/news.canadamotorjobs.com\/fr\/la-rimac-nevera-atteint-les-412-km-h\/"},"wordCount":274,"publisher":{"@id":"https:\/\/news.canadamotorjobs.com\/#organization"},"image":{"@id":"https:\/\/news.canadamotorjobs.com\/fr\/la-rimac-nevera-atteint-les-412-km-h\/#primaryimage"},"thumbnailUrl":"https:\/\/news.canadamotorjobs.com\/wp-content\/uploads\/2022\/11\/Rimac_Nevera_low_res_21-scaled-1-1.jpg","keywords":["Newsletter"],"articleSection":["Annuel automobile"],"inLanguage":"fr-CA"},{"@type":"WebPage","@id":"https:\/\/news.canadamotorjobs.com\/fr\/la-rimac-nevera-atteint-les-412-km-h\/","url":"https:\/\/news.canadamotorjobs.com\/fr\/la-rimac-nevera-atteint-les-412-km-h\/","name":"La Rimac Nevera atteint les 412 km\/h - CanadaMotorJobs.com","isPartOf":{"@id":"https:\/\/news.canadamotorjobs.com\/#website"},"primaryImageOfPage":{"@id":"https:\/\/news.canadamotorjobs.com\/fr\/la-rimac-nevera-atteint-les-412-km-h\/#primaryimage"},"image":{"@id":"https:\/\/news.canadamotorjobs.com\/fr\/la-rimac-nevera-atteint-les-412-km-h\/#primaryimage"},"thumbnailUrl":"https:\/\/news.canadamotorjobs.com\/wp-content\/uploads\/2022\/11\/Rimac_Nevera_low_res_21-scaled-1-1.jpg","datePublished":"2022-11-15T13:21:10+00:00","dateModified":"2022-11-15T20:41:23+00:00","description":"La Rimac Nevera atteint les 412 km\/h - Benoit Charette - Annuel automobile - CanadaMotorJobs.com.","breadcrumb":{"@id":"https:\/\/news.canadamotorjobs.com\/fr\/la-rimac-nevera-atteint-les-412-km-h\/#breadcrumb"},"inLanguage":"fr-CA","potentialAction":[{"@type":"ReadAction","target":["https:\/\/news.canadamotorjobs.com\/fr\/la-rimac-nevera-atteint-les-412-km-h\/"]}]},{"@type":"ImageObject","inLanguage":"fr-CA","@id":"https:\/\/news.canadamotorjobs.com\/fr\/la-rimac-nevera-atteint-les-412-km-h\/#primaryimage","url":"https:\/\/news.canadamotorjobs.com\/wp-content\/uploads\/2022\/11\/Rimac_Nevera_low_res_21-scaled-1-1.jpg","contentUrl":"https:\/\/news.canadamotorjobs.com\/wp-content\/uploads\/2022\/11\/Rimac_Nevera_low_res_21-scaled-1-1.jpg","width":2560,"height":1707},{"@type":"BreadcrumbList","@id":"https:\/\/news.canadamotorjobs.com\/fr\/la-rimac-nevera-atteint-les-412-km-h\/#breadcrumb","itemListElement":[{"@type":"ListItem","position":1,"name":"Home","item":"https:\/\/news.canadamotorjobs.com\/fr\/blog\/"},{"@type":"ListItem","position":2,"name":"La Rimac Nevera atteint les 412 km\/h"}]},{"@type":"WebSite","@id":"https:\/\/news.canadamotorjobs.com\/#website","url":"https:\/\/news.canadamotorjobs.com\/","name":"CanadaMotorJobs.com","description":"Automotive Jobs","publisher":{"@id":"https:\/\/news.canadamotorjobs.com\/#organization"},"potentialAction":[{"@type":"SearchAction","target":{"@type":"EntryPoint","urlTemplate":"https:\/\/news.canadamotorjobs.com\/?s={search_term_string}"},"query-input":"required name=search_term_string"}],"inLanguage":"fr-CA"},{"@type":"Organization","@id":"https:\/\/news.canadamotorjobs.com\/#organization","name":"Canada Motor Jobs","url":"https:\/\/news.canadamotorjobs.com\/","logo":{"@type":"ImageObject","inLanguage":"fr-CA","@id":"https:\/\/news.canadamotorjobs.com\/#\/schema\/logo\/image\/","url":"https:\/\/news.canadamotorjobs.com\/wp-content\/uploads\/2022\/10\/logo-canada-motor-jobs-1.png","contentUrl":"https:\/\/news.canadamotorjobs.com\/wp-content\/uploads\/2022\/10\/logo-canada-motor-jobs-1.png","width":800,"height":400,"caption":"Canada Motor Jobs"},"image":{"@id":"https:\/\/news.canadamotorjobs.com\/#\/schema\/logo\/image\/"},"sameAs":["https:\/\/www.facebook.com\/canadamotorjobs\/","https:\/\/x.com\/canadamotorjobs","https:\/\/www.instagram.com\/canadamotorjobs\/","https:\/\/www.linkedin.com\/company\/canadamotorjobs"]},{"@type":"Person","@id":"https:\/\/news.canadamotorjobs.com\/#\/schema\/person\/51793d1f87d44011d7bcc2ed99269a90","name":"Benoit Charette","image":{"@type":"ImageObject","inLanguage":"fr-CA","@id":"https:\/\/news.canadamotorjobs.com\/#\/schema\/person\/image\/","url":"https:\/\/secure.gravatar.com\/avatar\/45f3d2eebcccd909668d7ce7ea7267b6?s=96&d=mm&r=g","contentUrl":"https:\/\/secure.gravatar.com\/avatar\/45f3d2eebcccd909668d7ce7ea7267b6?s=96&d=mm&r=g","caption":"Benoit Charette"},"description":"Benoit Charette \/ Propri\u00e9taire et r\u00e9dacteur en chef Benoit Charette pratique le journalisme automobile depuis bient\u00f4t 30 ans. Il a fait ses classes au c\u00f4t\u00e9 de Daniel H\u00e9raud et au Carnet de route de 1992 \u00e0 2001. Il est fondateur, copropri\u00e9taire et r\u00e9dacteur en chef de L\u2019Annuel de l\u2019automobile, qu\u2019il publie depuis 2001. Il a anim\u00e9 les \u00e9missions RPM et RPM+ sur V et les L\u00e9gendes de la route sur Historia. \u00c0 la radio depuis 1986, il reprend l\u2019antenne cette ann\u00e9e sur les ondes de Cogeco et participe pour la deuxi\u00e8me ann\u00e9e \u00e0 l\u2019\u00e9mission Passion Auto sur RDS en plus de mettre en ligne le site Web officiel de L\u2019Annuel de l\u2019automobile sur annuelauto.ca.","sameAs":["https:\/\/annuelauto.ca\/"],"url":"https:\/\/news.canadamotorjobs.com\/fr\/author\/benoit-charette\/"}]}},"_links":{"self":[{"href":"https:\/\/news.canadamotorjobs.com\/fr\/wp-json\/wp\/v2\/posts\/136444"}],"collection":[{"href":"https:\/\/news.canadamotorjobs.com\/fr\/wp-json\/wp\/v2\/posts"}],"about":[{"href":"https:\/\/news.canadamotorjobs.com\/fr\/wp-json\/wp\/v2\/types\/post"}],"author":[{"embeddable":true,"href":"https:\/\/news.canadamotorjobs.com\/fr\/wp-json\/wp\/v2\/users\/8"}],"replies":[{"embeddable":true,"href":"https:\/\/news.canadamotorjobs.com\/fr\/wp-json\/wp\/v2\/comments?post=136444"}],"version-history":[{"count":0,"href":"https:\/\/news.canadamotorjobs.com\/fr\/wp-json\/wp\/v2\/posts\/136444\/revisions"}],"wp:featuredmedia":[{"embeddable":true,"href":"https:\/\/news.canadamotorjobs.com\/fr\/wp-json\/wp\/v2\/media\/136448"}],"wp:attachment":[{"href":"https:\/\/news.canadamotorjobs.com\/fr\/wp-json\/wp\/v2\/media?parent=136444"}],"wp:term":[{"taxonomy":"category","embeddable":true,"href":"https:\/\/news.canadamotorjobs.com\/fr\/wp-json\/wp\/v2\/categories?post=136444"},{"taxonomy":"post_tag","embeddable":true,"href":"https:\/\/news.canadamotorjobs.com\/fr\/wp-json\/wp\/v2\/tags?post=136444"}],"curies":[{"name":"wp","href":"https:\/\/api.w.org\/{rel}","templated":true}]}}