{"id":136436,"date":"2022-11-15T07:31:18","date_gmt":"2022-11-15T12:31:18","guid":{"rendered":"https:\/\/news.canadamotorjobs.com\/kia-annonce-les-prix-des-niro-2023\/"},"modified":"2022-11-15T17:40:26","modified_gmt":"2022-11-15T22:40:26","slug":"kia-annonce-les-prix-des-niro-2023","status":"publish","type":"post","link":"https:\/\/news.canadamotorjobs.com\/fr\/kia-annonce-les-prix-des-niro-2023\/","title":{"rendered":"Kia annonce les prix des Niro 2023"},"content":{"rendered":"<p>Kia pr\u00e9sente une nouvelle g\u00e9n\u00e9ration de Niro pour 2023. Vous avez toujours le choix d\u2019un mod\u00e8le hybride, hybride branchable et un mod\u00e8le 100 % \u00e9lectrique.<\/p>\n<h3>Un style plus moderne<\/h3>\n<p>En plus du nouveau design distinctif, les Niro HEV et PHEV 2023 offriront un plus grand nombre de caract\u00e9ristiques de s\u00e9curit\u00e9 de s\u00e9rie, y compris la conduite assist\u00e9e sur autoroute, l\u2019alerte de pr\u00e9sence d\u2019occupant \u00e0 l\u2019arri\u00e8re, l\u2019assistance d\u2019\u00e9vitement des collisions dans les angles morts, l\u2019assistance d\u2019\u00e9vitement des collisions transversales arri\u00e8re, et l\u2019assistance d\u2019\u00e9vitement des collisions frontales avec fonction de d\u00e9tection lat\u00e9rale dans les carrefours.<\/p>\n<h3>Une meilleure autonomie pour les mod\u00e8les PHEV et EV<\/h3>\n<p>Kia annonce que le mod\u00e8le PHEV offre pour 2023 une autonomie de 55 km. Une l\u00e9g\u00e8re hausse par rapport \u00e0 l\u2019an dernier. De son c\u00f4t\u00e9 le mod\u00e8le 100 % \u00e9lectrique s\u2019annonce \u00e0 407 km d\u2019autonomie contre 385 l\u2019an dernier.<br \/>\nListe de prix<br \/>\n<strong>Niro hybride \u00e9lectrique (HEV) : <\/strong><\/p>\n<p>LX HEV : 29 995 $<\/p>\n<p>EX HEV : 31 995 $<\/p>\n<p>EX Premium HEV : 34 695 $<\/p>\n<p>SX HEV : 38 695 $<\/p>\n<p><strong>Niro hybride rechargeable (PHEV) : <\/strong><\/p>\n<p>EX PHEV : PDSF de 37 995 $<\/p>\n<p><strong>Niro \u00e9lectrique (EV) : <\/strong><\/p>\n<p>Premium EV : PDSF de 44 995 $<\/p>\n<p>Premium + EV : PDSF de 47 995 $<\/p>\n<p>Limited EV : PDSF de 52 995 $<\/p>\n<p>Le texte <a href=\"https:\/\/annuelauto.ca\/kia-annonce-les-prix-des-niro-2023\/\" rel=\"nofollow\">Kia annonce les prix des Niro 2023<\/a> provient de <a href=\"https:\/\/annuelauto.ca\" rel=\"nofollow\">L&#8217;annuel de l&#8217;automobile &#8211; Actualit\u00e9 automobile<\/a><\/p>\n","protected":false},"excerpt":{"rendered":"<p>Kia pr\u00e9sente une nouvelle g\u00e9n\u00e9ration de Niro pour 2023. Vous avez toujours le choix d\u2019un mod\u00e8le hybride, hybride branchable et un mod\u00e8le 100 % \u00e9lectrique. Un style plus moderne En plus du nouveau design distinctif, les Niro HEV et PHEV 2023 offriront un plus grand nombre de caract\u00e9ristiques de s\u00e9curit\u00e9 de s\u00e9rie, y compris la [&hellip;]<\/p>\n","protected":false},"author":8,"featured_media":136440,"comment_status":"close","ping_status":"closed","sticky":false,"template":"","format":"standard","meta":{"_monsterinsights_skip_tracking":false,"_monsterinsights_sitenote_active":false,"_monsterinsights_sitenote_note":"","_monsterinsights_sitenote_category":0,"footnotes":""},"categories":[101],"tags":[],"yoast_head":"<!-- This site is optimized with the Yoast SEO plugin v23.2 - https:\/\/yoast.com\/wordpress\/plugins\/seo\/ -->\n<title>Kia annonce les prix des Niro 2023 - CanadaMotorJobs.com<\/title>\n<meta name=\"description\" content=\"Kia annonce les prix des Niro 2023 - Benoit Charette - Annuel automobile - CanadaMotorJobs.com.\" \/>\n<meta name=\"robots\" content=\"index, follow, max-snippet:-1, max-image-preview:large, max-video-preview:-1\" \/>\n<meta property=\"og:locale\" content=\"fr_CA\" \/>\n<meta property=\"og:type\" content=\"article\" \/>\n<meta property=\"og:title\" content=\"Kia annonce les prix des Niro 2023 - CanadaMotorJobs.com\" \/>\n<meta property=\"og:description\" content=\"Kia annonce les prix des Niro 2023 - Benoit Charette - Annuel automobile - CanadaMotorJobs.com.\" \/>\n<meta property=\"og:url\" content=\"https:\/\/news.canadamotorjobs.com\/fr\/kia-annonce-les-prix-des-niro-2023\/\" \/>\n<meta property=\"og:site_name\" content=\"CanadaMotorJobs.com\" \/>\n<meta property=\"article:publisher\" content=\"https:\/\/www.facebook.com\/canadamotorjobs\/\" \/>\n<meta property=\"article:published_time\" content=\"2022-11-15T12:31:18+00:00\" \/>\n<meta property=\"article:modified_time\" content=\"2022-11-15T22:40:26+00:00\" \/>\n<meta property=\"og:image\" content=\"https:\/\/news.canadamotorjobs.com\/wp-content\/uploads\/2022\/11\/2023_Kia_Niro-18-1.jpg\" \/>\n\t<meta property=\"og:image:width\" content=\"1500\" \/>\n\t<meta property=\"og:image:height\" content=\"1000\" \/>\n\t<meta property=\"og:image:type\" content=\"image\/jpeg\" \/>\n<meta name=\"author\" content=\"Benoit Charette\" \/>\n<meta name=\"twitter:card\" content=\"summary_large_image\" \/>\n<meta name=\"twitter:creator\" content=\"@canadamotorjobs\" \/>\n<meta name=\"twitter:site\" content=\"@canadamotorjobs\" \/>\n<meta name=\"twitter:label1\" content=\"\u00c9crit par\" \/>\n\t<meta name=\"twitter:data1\" content=\"Benoit Charette\" \/>\n\t<meta name=\"twitter:label2\" content=\"Estimation du temps de lecture\" \/>\n\t<meta name=\"twitter:data2\" content=\"1 minute\" \/>\n<!-- \/ Yoast SEO plugin. -->","yoast_head_json":{"title":"Kia annonce les prix des Niro 2023 - CanadaMotorJobs.com","description":"Kia annonce les prix des Niro 2023 - Benoit Charette - Annuel automobile - CanadaMotorJobs.com.","robots":{"index":"index","follow":"follow","max-snippet":"max-snippet:-1","max-image-preview":"max-image-preview:large","max-video-preview":"max-video-preview:-1"},"og_locale":"fr_CA","og_type":"article","og_title":"Kia annonce les prix des Niro 2023 - CanadaMotorJobs.com","og_description":"Kia annonce les prix des Niro 2023 - Benoit Charette - Annuel automobile - CanadaMotorJobs.com.","og_url":"https:\/\/news.canadamotorjobs.com\/fr\/kia-annonce-les-prix-des-niro-2023\/","og_site_name":"CanadaMotorJobs.com","article_publisher":"https:\/\/www.facebook.com\/canadamotorjobs\/","article_published_time":"2022-11-15T12:31:18+00:00","article_modified_time":"2022-11-15T22:40:26+00:00","og_image":[{"width":1500,"height":1000,"url":"https:\/\/news.canadamotorjobs.com\/wp-content\/uploads\/2022\/11\/2023_Kia_Niro-18-1.jpg","type":"image\/jpeg"}],"author":"Benoit Charette","twitter_card":"summary_large_image","twitter_creator":"@canadamotorjobs","twitter_site":"@canadamotorjobs","twitter_misc":{"\u00c9crit par":"Benoit Charette","Estimation du temps de lecture":"1 minute"},"schema":{"@context":"https:\/\/schema.org","@graph":[{"@type":"Article","@id":"https:\/\/news.canadamotorjobs.com\/fr\/kia-annonce-les-prix-des-niro-2023\/#article","isPartOf":{"@id":"https:\/\/news.canadamotorjobs.com\/fr\/kia-annonce-les-prix-des-niro-2023\/"},"author":{"name":"Benoit Charette","@id":"https:\/\/news.canadamotorjobs.com\/#\/schema\/person\/51793d1f87d44011d7bcc2ed99269a90"},"headline":"Kia annonce les prix des Niro 2023","datePublished":"2022-11-15T12:31:18+00:00","dateModified":"2022-11-15T22:40:26+00:00","mainEntityOfPage":{"@id":"https:\/\/news.canadamotorjobs.com\/fr\/kia-annonce-les-prix-des-niro-2023\/"},"wordCount":225,"publisher":{"@id":"https:\/\/news.canadamotorjobs.com\/#organization"},"image":{"@id":"https:\/\/news.canadamotorjobs.com\/fr\/kia-annonce-les-prix-des-niro-2023\/#primaryimage"},"thumbnailUrl":"https:\/\/news.canadamotorjobs.com\/wp-content\/uploads\/2022\/11\/2023_Kia_Niro-18-1.jpg","articleSection":["Annuel automobile"],"inLanguage":"fr-CA"},{"@type":"WebPage","@id":"https:\/\/news.canadamotorjobs.com\/fr\/kia-annonce-les-prix-des-niro-2023\/","url":"https:\/\/news.canadamotorjobs.com\/fr\/kia-annonce-les-prix-des-niro-2023\/","name":"Kia annonce les prix des Niro 2023 - CanadaMotorJobs.com","isPartOf":{"@id":"https:\/\/news.canadamotorjobs.com\/#website"},"primaryImageOfPage":{"@id":"https:\/\/news.canadamotorjobs.com\/fr\/kia-annonce-les-prix-des-niro-2023\/#primaryimage"},"image":{"@id":"https:\/\/news.canadamotorjobs.com\/fr\/kia-annonce-les-prix-des-niro-2023\/#primaryimage"},"thumbnailUrl":"https:\/\/news.canadamotorjobs.com\/wp-content\/uploads\/2022\/11\/2023_Kia_Niro-18-1.jpg","datePublished":"2022-11-15T12:31:18+00:00","dateModified":"2022-11-15T22:40:26+00:00","description":"Kia annonce les prix des Niro 2023 - Benoit Charette - Annuel automobile - CanadaMotorJobs.com.","breadcrumb":{"@id":"https:\/\/news.canadamotorjobs.com\/fr\/kia-annonce-les-prix-des-niro-2023\/#breadcrumb"},"inLanguage":"fr-CA","potentialAction":[{"@type":"ReadAction","target":["https:\/\/news.canadamotorjobs.com\/fr\/kia-annonce-les-prix-des-niro-2023\/"]}]},{"@type":"ImageObject","inLanguage":"fr-CA","@id":"https:\/\/news.canadamotorjobs.com\/fr\/kia-annonce-les-prix-des-niro-2023\/#primaryimage","url":"https:\/\/news.canadamotorjobs.com\/wp-content\/uploads\/2022\/11\/2023_Kia_Niro-18-1.jpg","contentUrl":"https:\/\/news.canadamotorjobs.com\/wp-content\/uploads\/2022\/11\/2023_Kia_Niro-18-1.jpg","width":1500,"height":1000},{"@type":"BreadcrumbList","@id":"https:\/\/news.canadamotorjobs.com\/fr\/kia-annonce-les-prix-des-niro-2023\/#breadcrumb","itemListElement":[{"@type":"ListItem","position":1,"name":"Home","item":"https:\/\/news.canadamotorjobs.com\/fr\/blog\/"},{"@type":"ListItem","position":2,"name":"Kia annonce les prix des Niro 2023"}]},{"@type":"WebSite","@id":"https:\/\/news.canadamotorjobs.com\/#website","url":"https:\/\/news.canadamotorjobs.com\/","name":"CanadaMotorJobs.com","description":"Automotive Jobs","publisher":{"@id":"https:\/\/news.canadamotorjobs.com\/#organization"},"potentialAction":[{"@type":"SearchAction","target":{"@type":"EntryPoint","urlTemplate":"https:\/\/news.canadamotorjobs.com\/?s={search_term_string}"},"query-input":"required name=search_term_string"}],"inLanguage":"fr-CA"},{"@type":"Organization","@id":"https:\/\/news.canadamotorjobs.com\/#organization","name":"Canada Motor Jobs","url":"https:\/\/news.canadamotorjobs.com\/","logo":{"@type":"ImageObject","inLanguage":"fr-CA","@id":"https:\/\/news.canadamotorjobs.com\/#\/schema\/logo\/image\/","url":"https:\/\/news.canadamotorjobs.com\/wp-content\/uploads\/2022\/10\/logo-canada-motor-jobs-1.png","contentUrl":"https:\/\/news.canadamotorjobs.com\/wp-content\/uploads\/2022\/10\/logo-canada-motor-jobs-1.png","width":800,"height":400,"caption":"Canada Motor Jobs"},"image":{"@id":"https:\/\/news.canadamotorjobs.com\/#\/schema\/logo\/image\/"},"sameAs":["https:\/\/www.facebook.com\/canadamotorjobs\/","https:\/\/x.com\/canadamotorjobs","https:\/\/www.instagram.com\/canadamotorjobs\/","https:\/\/www.linkedin.com\/company\/canadamotorjobs"]},{"@type":"Person","@id":"https:\/\/news.canadamotorjobs.com\/#\/schema\/person\/51793d1f87d44011d7bcc2ed99269a90","name":"Benoit Charette","image":{"@type":"ImageObject","inLanguage":"fr-CA","@id":"https:\/\/news.canadamotorjobs.com\/#\/schema\/person\/image\/","url":"https:\/\/secure.gravatar.com\/avatar\/45f3d2eebcccd909668d7ce7ea7267b6?s=96&d=mm&r=g","contentUrl":"https:\/\/secure.gravatar.com\/avatar\/45f3d2eebcccd909668d7ce7ea7267b6?s=96&d=mm&r=g","caption":"Benoit Charette"},"description":"Benoit Charette \/ Propri\u00e9taire et r\u00e9dacteur en chef Benoit Charette pratique le journalisme automobile depuis bient\u00f4t 30 ans. Il a fait ses classes au c\u00f4t\u00e9 de Daniel H\u00e9raud et au Carnet de route de 1992 \u00e0 2001. Il est fondateur, copropri\u00e9taire et r\u00e9dacteur en chef de L\u2019Annuel de l\u2019automobile, qu\u2019il publie depuis 2001. Il a anim\u00e9 les \u00e9missions RPM et RPM+ sur V et les L\u00e9gendes de la route sur Historia. \u00c0 la radio depuis 1986, il reprend l\u2019antenne cette ann\u00e9e sur les ondes de Cogeco et participe pour la deuxi\u00e8me ann\u00e9e \u00e0 l\u2019\u00e9mission Passion Auto sur RDS en plus de mettre en ligne le site Web officiel de L\u2019Annuel de l\u2019automobile sur annuelauto.ca.","sameAs":["https:\/\/annuelauto.ca\/"],"url":"https:\/\/news.canadamotorjobs.com\/fr\/author\/benoit-charette\/"}]}},"_links":{"self":[{"href":"https:\/\/news.canadamotorjobs.com\/fr\/wp-json\/wp\/v2\/posts\/136436"}],"collection":[{"href":"https:\/\/news.canadamotorjobs.com\/fr\/wp-json\/wp\/v2\/posts"}],"about":[{"href":"https:\/\/news.canadamotorjobs.com\/fr\/wp-json\/wp\/v2\/types\/post"}],"author":[{"embeddable":true,"href":"https:\/\/news.canadamotorjobs.com\/fr\/wp-json\/wp\/v2\/users\/8"}],"replies":[{"embeddable":true,"href":"https:\/\/news.canadamotorjobs.com\/fr\/wp-json\/wp\/v2\/comments?post=136436"}],"version-history":[{"count":0,"href":"https:\/\/news.canadamotorjobs.com\/fr\/wp-json\/wp\/v2\/posts\/136436\/revisions"}],"wp:featuredmedia":[{"embeddable":true,"href":"https:\/\/news.canadamotorjobs.com\/fr\/wp-json\/wp\/v2\/media\/136440"}],"wp:attachment":[{"href":"https:\/\/news.canadamotorjobs.com\/fr\/wp-json\/wp\/v2\/media?parent=136436"}],"wp:term":[{"taxonomy":"category","embeddable":true,"href":"https:\/\/news.canadamotorjobs.com\/fr\/wp-json\/wp\/v2\/categories?post=136436"},{"taxonomy":"post_tag","embeddable":true,"href":"https:\/\/news.canadamotorjobs.com\/fr\/wp-json\/wp\/v2\/tags?post=136436"}],"curies":[{"name":"wp","href":"https:\/\/api.w.org\/{rel}","templated":true}]}}