{"id":136428,"date":"2022-11-14T18:34:27","date_gmt":"2022-11-14T23:34:27","guid":{"rendered":"https:\/\/news.canadamotorjobs.com\/le-honda-cr-v-est-encore-le-vehicule-le-plus-vole-au-canada\/"},"modified":"2022-11-14T18:44:06","modified_gmt":"2022-11-14T23:44:06","slug":"le-honda-cr-v-est-encore-le-vehicule-le-plus-vole-au-canada","status":"publish","type":"post","link":"https:\/\/news.canadamotorjobs.com\/fr\/le-honda-cr-v-est-encore-le-vehicule-le-plus-vole-au-canada\/","title":{"rendered":"Le Honda CR-V est encore le v\u00e9hicule le plus vol\u00e9 au Canada"},"content":{"rendered":"<\/p>\n<p>Si vous habitez les r\u00e9gions m\u00e9tropolitaines de Toronto et \u00eates propri\u00e9taires d\u2019un Honda CR-V, c\u2019est vous qui courez le plus de risques de vous faire voler votre v\u00e9hicule. C\u2019est le constat de l\u2019association \u00c9quit\u00e9 qui aide les assureurs du Canada \u00e0 lutter contre la fraude \u00e0 l\u2019aide d\u2019analytiques avanc\u00e9es. Chaque ann\u00e9e, \u00c9quit\u00e9 Association publie son palmar\u00e8s des 10 v\u00e9hicules les plus vol\u00e9s au pays. Le Canada est en train de devenir un pays source pour le lucratif commerce d\u2019exportation de v\u00e9hicules vol\u00e9s; la Honda CR-V figurant en t\u00eate de liste cette ann\u00e9e.<br \/> Les v\u00e9hicules haut de gamme ont la cote<br \/> La majorit\u00e9 des v\u00e9hicules haut de gamme, peu importe le fabricant, sont des cibles, y compris les camionnettes, les VUS et les voitures de luxe. Les voleurs continuent d\u2019utiliser la technologie des attaques par relais en se connectant au port de diagnostic de bord, ce qui leur permet de reprogrammer les porte-cl\u00e9s \u00e0 t\u00e9l\u00e9commande; et les r\u00e9seaux du crime organis\u00e9 volent des v\u00e9hicules en plus grand nombre pour les exporter \u00e0 l\u2019\u00e9chelle internationale et le port de Montr\u00e9al est la plaque tournante des sorties de v\u00e9hicules du pays.<br \/> Chaque assur\u00e9 en paye le prix<br \/> \u00ab Non seulement le vol de v\u00e9hicules co\u00fbte des millions de dollars aux Canadiens chaque ann\u00e9e, mais le produit de cette activit\u00e9 ill\u00e9gale finance le crime organis\u00e9 et le terrorisme, tant au pays qu\u2019\u00e0 l\u2019\u00e9tranger \u00bb, d\u00e9clare Bryan Gast, vice-pr\u00e9sident des enqu\u00eates \u00e0 l\u2019association \u00c9quit\u00e9. Non seulement de tels vols sont co\u00fbteux, mais cette activit\u00e9 impose<\/p>\n","protected":false},"excerpt":{"rendered":"<p>Si vous habitez les r\u00e9gions m\u00e9tropolitaines de Toronto et \u00eates propri\u00e9taires d\u2019un Honda CR-V, c\u2019est vous qui courez le plus de risques de vous faire voler votre v\u00e9hicule. C\u2019est le constat de l\u2019association \u00c9quit\u00e9 qui aide les assureurs du Canada \u00e0 lutter contre la fraude \u00e0 l\u2019aide d\u2019analytiques avanc\u00e9es. Chaque ann\u00e9e, \u00c9quit\u00e9 Association publie son [&hellip;]<\/p>\n","protected":false},"author":8,"featured_media":136432,"comment_status":"close","ping_status":"closed","sticky":false,"template":"","format":"standard","meta":{"_monsterinsights_skip_tracking":false,"_monsterinsights_sitenote_active":false,"_monsterinsights_sitenote_note":"","_monsterinsights_sitenote_category":0,"footnotes":""},"categories":[101],"tags":[],"yoast_head":"<!-- This site is optimized with the Yoast SEO plugin v23.2 - https:\/\/yoast.com\/wordpress\/plugins\/seo\/ -->\n<title>Le Honda CR-V est encore le v\u00e9hicule le plus vol\u00e9 au Canada - CanadaMotorJobs.com<\/title>\n<meta name=\"description\" content=\"Le Honda CR-V est encore le v\u00e9hicule le plus vol\u00e9 au Canada - Benoit Charette - Annuel automobile - CanadaMotorJobs.com.\" \/>\n<meta name=\"robots\" content=\"index, follow, max-snippet:-1, max-image-preview:large, max-video-preview:-1\" \/>\n<meta property=\"og:locale\" content=\"fr_CA\" \/>\n<meta property=\"og:type\" content=\"article\" \/>\n<meta property=\"og:title\" content=\"Le Honda CR-V est encore le v\u00e9hicule le plus vol\u00e9 au Canada - CanadaMotorJobs.com\" \/>\n<meta property=\"og:description\" content=\"Le Honda CR-V est encore le v\u00e9hicule le plus vol\u00e9 au Canada - Benoit Charette - Annuel automobile - CanadaMotorJobs.com.\" \/>\n<meta property=\"og:url\" content=\"https:\/\/news.canadamotorjobs.com\/fr\/le-honda-cr-v-est-encore-le-vehicule-le-plus-vole-au-canada\/\" \/>\n<meta property=\"og:site_name\" content=\"CanadaMotorJobs.com\" \/>\n<meta property=\"article:publisher\" content=\"https:\/\/www.facebook.com\/canadamotorjobs\/\" \/>\n<meta property=\"article:published_time\" content=\"2022-11-14T23:34:27+00:00\" \/>\n<meta property=\"article:modified_time\" content=\"2022-11-14T23:44:06+00:00\" \/>\n<meta property=\"og:image\" content=\"https:\/\/news.canadamotorjobs.com\/wp-content\/uploads\/2022\/11\/12-2020-Honda-CR-V-Hybrid-1.jpg\" \/>\n\t<meta property=\"og:image:width\" content=\"1200\" \/>\n\t<meta property=\"og:image:height\" content=\"800\" \/>\n\t<meta property=\"og:image:type\" content=\"image\/jpeg\" \/>\n<meta name=\"author\" content=\"Benoit Charette\" \/>\n<meta name=\"twitter:card\" content=\"summary_large_image\" \/>\n<meta name=\"twitter:creator\" content=\"@canadamotorjobs\" \/>\n<meta name=\"twitter:site\" content=\"@canadamotorjobs\" \/>\n<meta name=\"twitter:label1\" content=\"\u00c9crit par\" \/>\n\t<meta name=\"twitter:data1\" content=\"Benoit Charette\" \/>\n\t<meta name=\"twitter:label2\" content=\"Estimation du temps de lecture\" \/>\n\t<meta name=\"twitter:data2\" content=\"1 minute\" \/>\n<!-- \/ Yoast SEO plugin. -->","yoast_head_json":{"title":"Le Honda CR-V est encore le v\u00e9hicule le plus vol\u00e9 au Canada - CanadaMotorJobs.com","description":"Le Honda CR-V est encore le v\u00e9hicule le plus vol\u00e9 au Canada - Benoit Charette - Annuel automobile - CanadaMotorJobs.com.","robots":{"index":"index","follow":"follow","max-snippet":"max-snippet:-1","max-image-preview":"max-image-preview:large","max-video-preview":"max-video-preview:-1"},"og_locale":"fr_CA","og_type":"article","og_title":"Le Honda CR-V est encore le v\u00e9hicule le plus vol\u00e9 au Canada - CanadaMotorJobs.com","og_description":"Le Honda CR-V est encore le v\u00e9hicule le plus vol\u00e9 au Canada - Benoit Charette - Annuel automobile - CanadaMotorJobs.com.","og_url":"https:\/\/news.canadamotorjobs.com\/fr\/le-honda-cr-v-est-encore-le-vehicule-le-plus-vole-au-canada\/","og_site_name":"CanadaMotorJobs.com","article_publisher":"https:\/\/www.facebook.com\/canadamotorjobs\/","article_published_time":"2022-11-14T23:34:27+00:00","article_modified_time":"2022-11-14T23:44:06+00:00","og_image":[{"width":1200,"height":800,"url":"https:\/\/news.canadamotorjobs.com\/wp-content\/uploads\/2022\/11\/12-2020-Honda-CR-V-Hybrid-1.jpg","type":"image\/jpeg"}],"author":"Benoit Charette","twitter_card":"summary_large_image","twitter_creator":"@canadamotorjobs","twitter_site":"@canadamotorjobs","twitter_misc":{"\u00c9crit par":"Benoit Charette","Estimation du temps de lecture":"1 minute"},"schema":{"@context":"https:\/\/schema.org","@graph":[{"@type":"Article","@id":"https:\/\/news.canadamotorjobs.com\/fr\/le-honda-cr-v-est-encore-le-vehicule-le-plus-vole-au-canada\/#article","isPartOf":{"@id":"https:\/\/news.canadamotorjobs.com\/fr\/le-honda-cr-v-est-encore-le-vehicule-le-plus-vole-au-canada\/"},"author":{"name":"Benoit Charette","@id":"https:\/\/news.canadamotorjobs.com\/#\/schema\/person\/51793d1f87d44011d7bcc2ed99269a90"},"headline":"Le Honda CR-V est encore le v\u00e9hicule le plus vol\u00e9 au Canada","datePublished":"2022-11-14T23:34:27+00:00","dateModified":"2022-11-14T23:44:06+00:00","mainEntityOfPage":{"@id":"https:\/\/news.canadamotorjobs.com\/fr\/le-honda-cr-v-est-encore-le-vehicule-le-plus-vole-au-canada\/"},"wordCount":296,"publisher":{"@id":"https:\/\/news.canadamotorjobs.com\/#organization"},"image":{"@id":"https:\/\/news.canadamotorjobs.com\/fr\/le-honda-cr-v-est-encore-le-vehicule-le-plus-vole-au-canada\/#primaryimage"},"thumbnailUrl":"https:\/\/news.canadamotorjobs.com\/wp-content\/uploads\/2022\/11\/12-2020-Honda-CR-V-Hybrid-1.jpg","articleSection":["Annuel automobile"],"inLanguage":"fr-CA"},{"@type":"WebPage","@id":"https:\/\/news.canadamotorjobs.com\/fr\/le-honda-cr-v-est-encore-le-vehicule-le-plus-vole-au-canada\/","url":"https:\/\/news.canadamotorjobs.com\/fr\/le-honda-cr-v-est-encore-le-vehicule-le-plus-vole-au-canada\/","name":"Le Honda CR-V est encore le v\u00e9hicule le plus vol\u00e9 au Canada - CanadaMotorJobs.com","isPartOf":{"@id":"https:\/\/news.canadamotorjobs.com\/#website"},"primaryImageOfPage":{"@id":"https:\/\/news.canadamotorjobs.com\/fr\/le-honda-cr-v-est-encore-le-vehicule-le-plus-vole-au-canada\/#primaryimage"},"image":{"@id":"https:\/\/news.canadamotorjobs.com\/fr\/le-honda-cr-v-est-encore-le-vehicule-le-plus-vole-au-canada\/#primaryimage"},"thumbnailUrl":"https:\/\/news.canadamotorjobs.com\/wp-content\/uploads\/2022\/11\/12-2020-Honda-CR-V-Hybrid-1.jpg","datePublished":"2022-11-14T23:34:27+00:00","dateModified":"2022-11-14T23:44:06+00:00","description":"Le Honda CR-V est encore le v\u00e9hicule le plus vol\u00e9 au Canada - Benoit Charette - Annuel automobile - CanadaMotorJobs.com.","breadcrumb":{"@id":"https:\/\/news.canadamotorjobs.com\/fr\/le-honda-cr-v-est-encore-le-vehicule-le-plus-vole-au-canada\/#breadcrumb"},"inLanguage":"fr-CA","potentialAction":[{"@type":"ReadAction","target":["https:\/\/news.canadamotorjobs.com\/fr\/le-honda-cr-v-est-encore-le-vehicule-le-plus-vole-au-canada\/"]}]},{"@type":"ImageObject","inLanguage":"fr-CA","@id":"https:\/\/news.canadamotorjobs.com\/fr\/le-honda-cr-v-est-encore-le-vehicule-le-plus-vole-au-canada\/#primaryimage","url":"https:\/\/news.canadamotorjobs.com\/wp-content\/uploads\/2022\/11\/12-2020-Honda-CR-V-Hybrid-1.jpg","contentUrl":"https:\/\/news.canadamotorjobs.com\/wp-content\/uploads\/2022\/11\/12-2020-Honda-CR-V-Hybrid-1.jpg","width":1200,"height":800},{"@type":"BreadcrumbList","@id":"https:\/\/news.canadamotorjobs.com\/fr\/le-honda-cr-v-est-encore-le-vehicule-le-plus-vole-au-canada\/#breadcrumb","itemListElement":[{"@type":"ListItem","position":1,"name":"Home","item":"https:\/\/news.canadamotorjobs.com\/fr\/blog\/"},{"@type":"ListItem","position":2,"name":"Le Honda CR-V est encore le v\u00e9hicule le plus vol\u00e9 au Canada"}]},{"@type":"WebSite","@id":"https:\/\/news.canadamotorjobs.com\/#website","url":"https:\/\/news.canadamotorjobs.com\/","name":"CanadaMotorJobs.com","description":"Automotive Jobs","publisher":{"@id":"https:\/\/news.canadamotorjobs.com\/#organization"},"potentialAction":[{"@type":"SearchAction","target":{"@type":"EntryPoint","urlTemplate":"https:\/\/news.canadamotorjobs.com\/?s={search_term_string}"},"query-input":"required name=search_term_string"}],"inLanguage":"fr-CA"},{"@type":"Organization","@id":"https:\/\/news.canadamotorjobs.com\/#organization","name":"Canada Motor Jobs","url":"https:\/\/news.canadamotorjobs.com\/","logo":{"@type":"ImageObject","inLanguage":"fr-CA","@id":"https:\/\/news.canadamotorjobs.com\/#\/schema\/logo\/image\/","url":"https:\/\/news.canadamotorjobs.com\/wp-content\/uploads\/2022\/10\/logo-canada-motor-jobs-1.png","contentUrl":"https:\/\/news.canadamotorjobs.com\/wp-content\/uploads\/2022\/10\/logo-canada-motor-jobs-1.png","width":800,"height":400,"caption":"Canada Motor Jobs"},"image":{"@id":"https:\/\/news.canadamotorjobs.com\/#\/schema\/logo\/image\/"},"sameAs":["https:\/\/www.facebook.com\/canadamotorjobs\/","https:\/\/x.com\/canadamotorjobs","https:\/\/www.instagram.com\/canadamotorjobs\/","https:\/\/www.linkedin.com\/company\/canadamotorjobs"]},{"@type":"Person","@id":"https:\/\/news.canadamotorjobs.com\/#\/schema\/person\/51793d1f87d44011d7bcc2ed99269a90","name":"Benoit Charette","image":{"@type":"ImageObject","inLanguage":"fr-CA","@id":"https:\/\/news.canadamotorjobs.com\/#\/schema\/person\/image\/","url":"https:\/\/secure.gravatar.com\/avatar\/45f3d2eebcccd909668d7ce7ea7267b6?s=96&d=mm&r=g","contentUrl":"https:\/\/secure.gravatar.com\/avatar\/45f3d2eebcccd909668d7ce7ea7267b6?s=96&d=mm&r=g","caption":"Benoit Charette"},"description":"Benoit Charette \/ Propri\u00e9taire et r\u00e9dacteur en chef Benoit Charette pratique le journalisme automobile depuis bient\u00f4t 30 ans. Il a fait ses classes au c\u00f4t\u00e9 de Daniel H\u00e9raud et au Carnet de route de 1992 \u00e0 2001. Il est fondateur, copropri\u00e9taire et r\u00e9dacteur en chef de L\u2019Annuel de l\u2019automobile, qu\u2019il publie depuis 2001. Il a anim\u00e9 les \u00e9missions RPM et RPM+ sur V et les L\u00e9gendes de la route sur Historia. \u00c0 la radio depuis 1986, il reprend l\u2019antenne cette ann\u00e9e sur les ondes de Cogeco et participe pour la deuxi\u00e8me ann\u00e9e \u00e0 l\u2019\u00e9mission Passion Auto sur RDS en plus de mettre en ligne le site Web officiel de L\u2019Annuel de l\u2019automobile sur annuelauto.ca.","sameAs":["https:\/\/annuelauto.ca\/"],"url":"https:\/\/news.canadamotorjobs.com\/fr\/author\/benoit-charette\/"}]}},"_links":{"self":[{"href":"https:\/\/news.canadamotorjobs.com\/fr\/wp-json\/wp\/v2\/posts\/136428"}],"collection":[{"href":"https:\/\/news.canadamotorjobs.com\/fr\/wp-json\/wp\/v2\/posts"}],"about":[{"href":"https:\/\/news.canadamotorjobs.com\/fr\/wp-json\/wp\/v2\/types\/post"}],"author":[{"embeddable":true,"href":"https:\/\/news.canadamotorjobs.com\/fr\/wp-json\/wp\/v2\/users\/8"}],"replies":[{"embeddable":true,"href":"https:\/\/news.canadamotorjobs.com\/fr\/wp-json\/wp\/v2\/comments?post=136428"}],"version-history":[{"count":0,"href":"https:\/\/news.canadamotorjobs.com\/fr\/wp-json\/wp\/v2\/posts\/136428\/revisions"}],"wp:featuredmedia":[{"embeddable":true,"href":"https:\/\/news.canadamotorjobs.com\/fr\/wp-json\/wp\/v2\/media\/136432"}],"wp:attachment":[{"href":"https:\/\/news.canadamotorjobs.com\/fr\/wp-json\/wp\/v2\/media?parent=136428"}],"wp:term":[{"taxonomy":"category","embeddable":true,"href":"https:\/\/news.canadamotorjobs.com\/fr\/wp-json\/wp\/v2\/categories?post=136428"},{"taxonomy":"post_tag","embeddable":true,"href":"https:\/\/news.canadamotorjobs.com\/fr\/wp-json\/wp\/v2\/tags?post=136428"}],"curies":[{"name":"wp","href":"https:\/\/api.w.org\/{rel}","templated":true}]}}