{"id":136407,"date":"2022-11-14T10:22:32","date_gmt":"2022-11-14T15:22:32","guid":{"rendered":"https:\/\/news.canadamotorjobs.com\/porsche-devoile-les-details-de-la-macan-ev\/"},"modified":"2022-11-14T14:33:49","modified_gmt":"2022-11-14T19:33:49","slug":"porsche-devoile-les-details-de-la-macan-ev","status":"publish","type":"post","link":"https:\/\/news.canadamotorjobs.com\/fr\/porsche-devoile-les-details-de-la-macan-ev\/","title":{"rendered":"Porsche d\u00e9voile les d\u00e9tails de la Macan EV"},"content":{"rendered":"<p>Le Macan EV 2024 sera construit sur la nouvelle plateforme Premium \u00e9lectrique. Le Macan EV d\u00e9veloppera une puissance maximale de 603 chevaux et un couple de 738 livres-pieds, et Porsche promet une dynamique digne des produits de la marque. La batterie de 100 kWh pourra passer de 5 \u00e0 80 % de charge en moins de 25 minutes gr\u00e2ce \u00e0 une recharge de 800 volts.<\/p>\n<h3>80 % de v\u00e9hicules \u00e9lectriques d\u2019ici 2030<\/h3>\n<p>D&#8217;ici 2030, Porsche esp\u00e8re que plus de 80 % de ses ventes seront constitu\u00e9es de VE. La plateforme PPE, d\u00e9velopp\u00e9e conjointement avec Audi, sera essentielle \u00e0 la r\u00e9alisation de cet objectif et servira de base aux voitures \u00e9lectriques de grand volume de Porsche. Le prochain Macan EV sera la premi\u00e8re Porsche \u00e0 rouler sur cette plateforme.<\/p>\n<h3>Des \u00e9l\u00e9ments plus compacts<\/h3>\n<p>Chaque Macan \u00e9lectrique utilisera une batterie lithium-ion mont\u00e9e dans le plancher du v\u00e9hicule d&#8217;une capacit\u00e9 brute d&#8217;environ 100 kWh, compos\u00e9e de douze modules \u00e0 cellules prismatiques. Pour gagner de l&#8217;espace, Porsche a \u00e9galement regroup\u00e9 le chargeur CA, l&#8217;\u00e9l\u00e9ment chauffant haute tension et le convertisseur CC\/CC dans ce qu&#8217;elle appelle le bo\u00eetier d&#8217;alimentation int\u00e9gr\u00e9. Porsche promet que le Macan EV sera le &#8220;mod\u00e8le le plus sportif de son segment&#8221;, gr\u00e2ce \u00e0 ce que Porsche appelle un &#8220;essieu arri\u00e8re performant&#8221;. Le moteur \u00e9lectrique arri\u00e8re sera mont\u00e9 derri\u00e8re l&#8217;essieu arri\u00e8re, rappelant le positionnement du moteur \u00e0 six cylindres \u00e0 plat de la voiture de sport 911 et d\u00e9pla\u00e7ant l&#8217;\u00e9quilibre des masses vers l&#8217;arri\u00e8re, avec une r\u00e9partition de 48\/52 %. Porsche affirme<\/p>\n","protected":false},"excerpt":{"rendered":"<p>Le Macan EV 2024 sera construit sur la nouvelle plateforme Premium \u00e9lectrique. Le Macan EV d\u00e9veloppera une puissance maximale de 603 chevaux et un couple de 738 livres-pieds, et Porsche promet une dynamique digne des produits de la marque. La batterie de 100 kWh pourra passer de 5 \u00e0 80 % de charge en moins [&hellip;]<\/p>\n","protected":false},"author":8,"featured_media":136411,"comment_status":"close","ping_status":"closed","sticky":false,"template":"","format":"standard","meta":{"_monsterinsights_skip_tracking":false,"_monsterinsights_sitenote_active":false,"_monsterinsights_sitenote_note":"","_monsterinsights_sitenote_category":0,"footnotes":""},"categories":[101],"tags":[131],"yoast_head":"<!-- This site is optimized with the Yoast SEO plugin v23.2 - https:\/\/yoast.com\/wordpress\/plugins\/seo\/ -->\n<title>Porsche d\u00e9voile les d\u00e9tails de la Macan EV - CanadaMotorJobs.com<\/title>\n<meta name=\"description\" content=\"Porsche d\u00e9voile les d\u00e9tails de la Macan EV - Benoit Charette - Annuel automobile - CanadaMotorJobs.com.\" \/>\n<meta name=\"robots\" content=\"index, follow, max-snippet:-1, max-image-preview:large, max-video-preview:-1\" \/>\n<meta property=\"og:locale\" content=\"fr_CA\" \/>\n<meta property=\"og:type\" content=\"article\" \/>\n<meta property=\"og:title\" content=\"Porsche d\u00e9voile les d\u00e9tails de la Macan EV - CanadaMotorJobs.com\" \/>\n<meta property=\"og:description\" content=\"Porsche d\u00e9voile les d\u00e9tails de la Macan EV - Benoit Charette - Annuel automobile - CanadaMotorJobs.com.\" \/>\n<meta property=\"og:url\" content=\"https:\/\/news.canadamotorjobs.com\/fr\/porsche-devoile-les-details-de-la-macan-ev\/\" \/>\n<meta property=\"og:site_name\" content=\"CanadaMotorJobs.com\" \/>\n<meta property=\"article:publisher\" content=\"https:\/\/www.facebook.com\/canadamotorjobs\/\" \/>\n<meta property=\"article:published_time\" content=\"2022-11-14T15:22:32+00:00\" \/>\n<meta property=\"article:modified_time\" content=\"2022-11-14T19:33:49+00:00\" \/>\n<meta property=\"og:image\" content=\"https:\/\/news.canadamotorjobs.com\/wp-content\/uploads\/2022\/11\/porsche-e-macan-2022-copy-1551279313-1.jpg\" \/>\n\t<meta property=\"og:image:width\" content=\"640\" \/>\n\t<meta property=\"og:image:height\" content=\"426\" \/>\n\t<meta property=\"og:image:type\" content=\"image\/jpeg\" \/>\n<meta name=\"author\" content=\"Benoit Charette\" \/>\n<meta name=\"twitter:card\" content=\"summary_large_image\" \/>\n<meta name=\"twitter:creator\" content=\"@canadamotorjobs\" \/>\n<meta name=\"twitter:site\" content=\"@canadamotorjobs\" \/>\n<meta name=\"twitter:label1\" content=\"\u00c9crit par\" \/>\n\t<meta name=\"twitter:data1\" content=\"Benoit Charette\" \/>\n\t<meta name=\"twitter:label2\" content=\"Estimation du temps de lecture\" \/>\n\t<meta name=\"twitter:data2\" content=\"2 minutes\" \/>\n<!-- \/ Yoast SEO plugin. -->","yoast_head_json":{"title":"Porsche d\u00e9voile les d\u00e9tails de la Macan EV - CanadaMotorJobs.com","description":"Porsche d\u00e9voile les d\u00e9tails de la Macan EV - Benoit Charette - Annuel automobile - CanadaMotorJobs.com.","robots":{"index":"index","follow":"follow","max-snippet":"max-snippet:-1","max-image-preview":"max-image-preview:large","max-video-preview":"max-video-preview:-1"},"og_locale":"fr_CA","og_type":"article","og_title":"Porsche d\u00e9voile les d\u00e9tails de la Macan EV - CanadaMotorJobs.com","og_description":"Porsche d\u00e9voile les d\u00e9tails de la Macan EV - Benoit Charette - Annuel automobile - CanadaMotorJobs.com.","og_url":"https:\/\/news.canadamotorjobs.com\/fr\/porsche-devoile-les-details-de-la-macan-ev\/","og_site_name":"CanadaMotorJobs.com","article_publisher":"https:\/\/www.facebook.com\/canadamotorjobs\/","article_published_time":"2022-11-14T15:22:32+00:00","article_modified_time":"2022-11-14T19:33:49+00:00","og_image":[{"width":640,"height":426,"url":"https:\/\/news.canadamotorjobs.com\/wp-content\/uploads\/2022\/11\/porsche-e-macan-2022-copy-1551279313-1.jpg","type":"image\/jpeg"}],"author":"Benoit Charette","twitter_card":"summary_large_image","twitter_creator":"@canadamotorjobs","twitter_site":"@canadamotorjobs","twitter_misc":{"\u00c9crit par":"Benoit Charette","Estimation du temps de lecture":"2 minutes"},"schema":{"@context":"https:\/\/schema.org","@graph":[{"@type":"Article","@id":"https:\/\/news.canadamotorjobs.com\/fr\/porsche-devoile-les-details-de-la-macan-ev\/#article","isPartOf":{"@id":"https:\/\/news.canadamotorjobs.com\/fr\/porsche-devoile-les-details-de-la-macan-ev\/"},"author":{"name":"Benoit Charette","@id":"https:\/\/news.canadamotorjobs.com\/#\/schema\/person\/51793d1f87d44011d7bcc2ed99269a90"},"headline":"Porsche d\u00e9voile les d\u00e9tails de la Macan EV","datePublished":"2022-11-14T15:22:32+00:00","dateModified":"2022-11-14T19:33:49+00:00","mainEntityOfPage":{"@id":"https:\/\/news.canadamotorjobs.com\/fr\/porsche-devoile-les-details-de-la-macan-ev\/"},"wordCount":271,"publisher":{"@id":"https:\/\/news.canadamotorjobs.com\/#organization"},"image":{"@id":"https:\/\/news.canadamotorjobs.com\/fr\/porsche-devoile-les-details-de-la-macan-ev\/#primaryimage"},"thumbnailUrl":"https:\/\/news.canadamotorjobs.com\/wp-content\/uploads\/2022\/11\/porsche-e-macan-2022-copy-1551279313-1.jpg","keywords":["Newsletter"],"articleSection":["Annuel automobile"],"inLanguage":"fr-CA"},{"@type":"WebPage","@id":"https:\/\/news.canadamotorjobs.com\/fr\/porsche-devoile-les-details-de-la-macan-ev\/","url":"https:\/\/news.canadamotorjobs.com\/fr\/porsche-devoile-les-details-de-la-macan-ev\/","name":"Porsche d\u00e9voile les d\u00e9tails de la Macan EV - CanadaMotorJobs.com","isPartOf":{"@id":"https:\/\/news.canadamotorjobs.com\/#website"},"primaryImageOfPage":{"@id":"https:\/\/news.canadamotorjobs.com\/fr\/porsche-devoile-les-details-de-la-macan-ev\/#primaryimage"},"image":{"@id":"https:\/\/news.canadamotorjobs.com\/fr\/porsche-devoile-les-details-de-la-macan-ev\/#primaryimage"},"thumbnailUrl":"https:\/\/news.canadamotorjobs.com\/wp-content\/uploads\/2022\/11\/porsche-e-macan-2022-copy-1551279313-1.jpg","datePublished":"2022-11-14T15:22:32+00:00","dateModified":"2022-11-14T19:33:49+00:00","description":"Porsche d\u00e9voile les d\u00e9tails de la Macan EV - Benoit Charette - Annuel automobile - CanadaMotorJobs.com.","breadcrumb":{"@id":"https:\/\/news.canadamotorjobs.com\/fr\/porsche-devoile-les-details-de-la-macan-ev\/#breadcrumb"},"inLanguage":"fr-CA","potentialAction":[{"@type":"ReadAction","target":["https:\/\/news.canadamotorjobs.com\/fr\/porsche-devoile-les-details-de-la-macan-ev\/"]}]},{"@type":"ImageObject","inLanguage":"fr-CA","@id":"https:\/\/news.canadamotorjobs.com\/fr\/porsche-devoile-les-details-de-la-macan-ev\/#primaryimage","url":"https:\/\/news.canadamotorjobs.com\/wp-content\/uploads\/2022\/11\/porsche-e-macan-2022-copy-1551279313-1.jpg","contentUrl":"https:\/\/news.canadamotorjobs.com\/wp-content\/uploads\/2022\/11\/porsche-e-macan-2022-copy-1551279313-1.jpg","width":640,"height":426},{"@type":"BreadcrumbList","@id":"https:\/\/news.canadamotorjobs.com\/fr\/porsche-devoile-les-details-de-la-macan-ev\/#breadcrumb","itemListElement":[{"@type":"ListItem","position":1,"name":"Home","item":"https:\/\/news.canadamotorjobs.com\/fr\/blog\/"},{"@type":"ListItem","position":2,"name":"Porsche d\u00e9voile les d\u00e9tails de la Macan EV"}]},{"@type":"WebSite","@id":"https:\/\/news.canadamotorjobs.com\/#website","url":"https:\/\/news.canadamotorjobs.com\/","name":"CanadaMotorJobs.com","description":"Automotive Jobs","publisher":{"@id":"https:\/\/news.canadamotorjobs.com\/#organization"},"potentialAction":[{"@type":"SearchAction","target":{"@type":"EntryPoint","urlTemplate":"https:\/\/news.canadamotorjobs.com\/?s={search_term_string}"},"query-input":"required name=search_term_string"}],"inLanguage":"fr-CA"},{"@type":"Organization","@id":"https:\/\/news.canadamotorjobs.com\/#organization","name":"Canada Motor Jobs","url":"https:\/\/news.canadamotorjobs.com\/","logo":{"@type":"ImageObject","inLanguage":"fr-CA","@id":"https:\/\/news.canadamotorjobs.com\/#\/schema\/logo\/image\/","url":"https:\/\/news.canadamotorjobs.com\/wp-content\/uploads\/2022\/10\/logo-canada-motor-jobs-1.png","contentUrl":"https:\/\/news.canadamotorjobs.com\/wp-content\/uploads\/2022\/10\/logo-canada-motor-jobs-1.png","width":800,"height":400,"caption":"Canada Motor Jobs"},"image":{"@id":"https:\/\/news.canadamotorjobs.com\/#\/schema\/logo\/image\/"},"sameAs":["https:\/\/www.facebook.com\/canadamotorjobs\/","https:\/\/x.com\/canadamotorjobs","https:\/\/www.instagram.com\/canadamotorjobs\/","https:\/\/www.linkedin.com\/company\/canadamotorjobs"]},{"@type":"Person","@id":"https:\/\/news.canadamotorjobs.com\/#\/schema\/person\/51793d1f87d44011d7bcc2ed99269a90","name":"Benoit Charette","image":{"@type":"ImageObject","inLanguage":"fr-CA","@id":"https:\/\/news.canadamotorjobs.com\/#\/schema\/person\/image\/","url":"https:\/\/secure.gravatar.com\/avatar\/45f3d2eebcccd909668d7ce7ea7267b6?s=96&d=mm&r=g","contentUrl":"https:\/\/secure.gravatar.com\/avatar\/45f3d2eebcccd909668d7ce7ea7267b6?s=96&d=mm&r=g","caption":"Benoit Charette"},"description":"Benoit Charette \/ Propri\u00e9taire et r\u00e9dacteur en chef Benoit Charette pratique le journalisme automobile depuis bient\u00f4t 30 ans. Il a fait ses classes au c\u00f4t\u00e9 de Daniel H\u00e9raud et au Carnet de route de 1992 \u00e0 2001. Il est fondateur, copropri\u00e9taire et r\u00e9dacteur en chef de L\u2019Annuel de l\u2019automobile, qu\u2019il publie depuis 2001. Il a anim\u00e9 les \u00e9missions RPM et RPM+ sur V et les L\u00e9gendes de la route sur Historia. \u00c0 la radio depuis 1986, il reprend l\u2019antenne cette ann\u00e9e sur les ondes de Cogeco et participe pour la deuxi\u00e8me ann\u00e9e \u00e0 l\u2019\u00e9mission Passion Auto sur RDS en plus de mettre en ligne le site Web officiel de L\u2019Annuel de l\u2019automobile sur annuelauto.ca.","sameAs":["https:\/\/annuelauto.ca\/"],"url":"https:\/\/news.canadamotorjobs.com\/fr\/author\/benoit-charette\/"}]}},"_links":{"self":[{"href":"https:\/\/news.canadamotorjobs.com\/fr\/wp-json\/wp\/v2\/posts\/136407"}],"collection":[{"href":"https:\/\/news.canadamotorjobs.com\/fr\/wp-json\/wp\/v2\/posts"}],"about":[{"href":"https:\/\/news.canadamotorjobs.com\/fr\/wp-json\/wp\/v2\/types\/post"}],"author":[{"embeddable":true,"href":"https:\/\/news.canadamotorjobs.com\/fr\/wp-json\/wp\/v2\/users\/8"}],"replies":[{"embeddable":true,"href":"https:\/\/news.canadamotorjobs.com\/fr\/wp-json\/wp\/v2\/comments?post=136407"}],"version-history":[{"count":0,"href":"https:\/\/news.canadamotorjobs.com\/fr\/wp-json\/wp\/v2\/posts\/136407\/revisions"}],"wp:featuredmedia":[{"embeddable":true,"href":"https:\/\/news.canadamotorjobs.com\/fr\/wp-json\/wp\/v2\/media\/136411"}],"wp:attachment":[{"href":"https:\/\/news.canadamotorjobs.com\/fr\/wp-json\/wp\/v2\/media?parent=136407"}],"wp:term":[{"taxonomy":"category","embeddable":true,"href":"https:\/\/news.canadamotorjobs.com\/fr\/wp-json\/wp\/v2\/categories?post=136407"},{"taxonomy":"post_tag","embeddable":true,"href":"https:\/\/news.canadamotorjobs.com\/fr\/wp-json\/wp\/v2\/tags?post=136407"}],"curies":[{"name":"wp","href":"https:\/\/api.w.org\/{rel}","templated":true}]}}