{"id":136399,"date":"2022-11-13T09:50:24","date_gmt":"2022-11-13T14:50:24","guid":{"rendered":"https:\/\/news.canadamotorjobs.com\/la-conduite-autonome-le-mont-everest-de-lindustrie-automobile\/"},"modified":"2022-11-14T14:34:49","modified_gmt":"2022-11-14T19:34:49","slug":"la-conduite-autonome-le-mont-everest-de-lindustrie-automobile","status":"publish","type":"post","link":"https:\/\/news.canadamotorjobs.com\/fr\/la-conduite-autonome-le-mont-everest-de-lindustrie-automobile\/","title":{"rendered":"La conduite autonome\u00a0: Le mont Everest de l\u2019industrie automobile"},"content":{"rendered":"<p>Je suis de cette g\u00e9n\u00e9ration de conducteur qui aime bien avoir le contr\u00f4le d\u2019une voiture. J\u2019avoue ne pas \u00eatre un disciple de la voiture autonome pour une raison tr\u00e8s simple. Pour \u00eatre en mesure d\u2019\u00eatre s\u00e9curitaire, cette technologie devra \u00eatre fiable \u00e0 100 %. Comme la perfection n\u2019est pas de ce monde et que tout ce qui est m\u00e9canique conna\u00eet des failles, je suis incapable d\u2019adh\u00e9rer \u00e0 cette approche.<\/p>\n<h3>Encore un tr\u00e8s long chemin \u00e0 parcourir<\/h3>\n<p>Apr\u00e8s des d\u00e9cennies et des investissements estim\u00e9s \u00e0 75 milliards de dollars dans le d\u00e9veloppement de technologies destin\u00e9es \u00e0 remplacer un jour les conducteurs humains, l&#8217;industrie automobile doit \u00eatre honn\u00eate quant au rythme des capacit\u00e9s de conduite autonome et adapter les attentes des investisseurs en cons\u00e9quence. Mercedes est la seule compagnie qui a introduit une conduite autonome de niveau 3 en Allemagne. Tout le reste de l\u2019industrie automobile est encore au niveau 2 de 5 et personne n\u2019ose encore mettre une date pour la r\u00e9alisation d\u2019un projet aussi titanesque.<\/p>\n<h3>Un objectif louable, mais une r\u00e9alisation difficile<\/h3>\n<p>La conduite autonome promet, sur papier, d&#8217;am\u00e9liorer radicalement la s\u00e9curit\u00e9, d&#8217;accro\u00eetre le rendement \u00e9nerg\u00e9tique et de lib\u00e9rer les conducteurs pour qu&#8217;ils puissent se consacrer \u00e0 des activit\u00e9s peut-\u00eatre plus productives. Cette approche th\u00e9orique devient tr\u00e8s difficile dans la r\u00e9alit\u00e9. Trouver une technologie infaillible demeure un but difficile \u00e0 atteindre. Une fois que cette technologie sera d\u00e9velopp\u00e9e, il faudra aussi s\u2019assurer que tout le r\u00e9seau routier soit adapt\u00e9, que les v\u00e9hicules communiquent entre eux avec un r\u00e9seau unique \u00e0<\/p>\n","protected":false},"excerpt":{"rendered":"<p>Je suis de cette g\u00e9n\u00e9ration de conducteur qui aime bien avoir le contr\u00f4le d\u2019une voiture. J\u2019avoue ne pas \u00eatre un disciple de la voiture autonome pour une raison tr\u00e8s simple. Pour \u00eatre en mesure d\u2019\u00eatre s\u00e9curitaire, cette technologie devra \u00eatre fiable \u00e0 100 %. Comme la perfection n\u2019est pas de ce monde et que tout [&hellip;]<\/p>\n","protected":false},"author":8,"featured_media":136403,"comment_status":"close","ping_status":"closed","sticky":false,"template":"","format":"standard","meta":{"_monsterinsights_skip_tracking":false,"_monsterinsights_sitenote_active":false,"_monsterinsights_sitenote_note":"","_monsterinsights_sitenote_category":0,"footnotes":""},"categories":[101],"tags":[131],"yoast_head":"<!-- This site is optimized with the Yoast SEO plugin v23.2 - https:\/\/yoast.com\/wordpress\/plugins\/seo\/ -->\n<title>La conduite autonome\u00a0: Le mont Everest de l\u2019industrie automobile - CanadaMotorJobs.com<\/title>\n<meta name=\"description\" content=\"La conduite autonome\u00a0: Le mont Everest de l\u2019industrie automobile - Benoit Charette - Annuel automobile - CanadaMotorJobs.com.\" \/>\n<meta name=\"robots\" content=\"index, follow, max-snippet:-1, max-image-preview:large, max-video-preview:-1\" \/>\n<meta property=\"og:locale\" content=\"fr_CA\" \/>\n<meta property=\"og:type\" content=\"article\" \/>\n<meta property=\"og:title\" content=\"La conduite autonome\u00a0: Le mont Everest de l\u2019industrie automobile - CanadaMotorJobs.com\" \/>\n<meta property=\"og:description\" content=\"La conduite autonome\u00a0: Le mont Everest de l\u2019industrie automobile - Benoit Charette - Annuel automobile - CanadaMotorJobs.com.\" \/>\n<meta property=\"og:url\" content=\"https:\/\/news.canadamotorjobs.com\/fr\/la-conduite-autonome-le-mont-everest-de-lindustrie-automobile\/\" \/>\n<meta property=\"og:site_name\" content=\"CanadaMotorJobs.com\" \/>\n<meta property=\"article:publisher\" content=\"https:\/\/www.facebook.com\/canadamotorjobs\/\" \/>\n<meta property=\"article:published_time\" content=\"2022-11-13T14:50:24+00:00\" \/>\n<meta property=\"article:modified_time\" content=\"2022-11-14T19:34:49+00:00\" \/>\n<meta property=\"og:image\" content=\"https:\/\/news.canadamotorjobs.com\/wp-content\/uploads\/2022\/11\/man_and_woman_in_autonomous_vehicle_seating_arrangement_1200x628-1.png\" \/>\n\t<meta property=\"og:image:width\" content=\"1200\" \/>\n\t<meta property=\"og:image:height\" content=\"628\" \/>\n\t<meta property=\"og:image:type\" content=\"image\/png\" \/>\n<meta name=\"author\" content=\"Benoit Charette\" \/>\n<meta name=\"twitter:card\" content=\"summary_large_image\" \/>\n<meta name=\"twitter:creator\" content=\"@canadamotorjobs\" \/>\n<meta name=\"twitter:site\" content=\"@canadamotorjobs\" \/>\n<meta name=\"twitter:label1\" content=\"\u00c9crit par\" \/>\n\t<meta name=\"twitter:data1\" content=\"Benoit Charette\" \/>\n\t<meta name=\"twitter:label2\" content=\"Estimation du temps de lecture\" \/>\n\t<meta name=\"twitter:data2\" content=\"2 minutes\" \/>\n<!-- \/ Yoast SEO plugin. -->","yoast_head_json":{"title":"La conduite autonome\u00a0: Le mont Everest de l\u2019industrie automobile - CanadaMotorJobs.com","description":"La conduite autonome\u00a0: Le mont Everest de l\u2019industrie automobile - Benoit Charette - Annuel automobile - CanadaMotorJobs.com.","robots":{"index":"index","follow":"follow","max-snippet":"max-snippet:-1","max-image-preview":"max-image-preview:large","max-video-preview":"max-video-preview:-1"},"og_locale":"fr_CA","og_type":"article","og_title":"La conduite autonome\u00a0: Le mont Everest de l\u2019industrie automobile - CanadaMotorJobs.com","og_description":"La conduite autonome\u00a0: Le mont Everest de l\u2019industrie automobile - Benoit Charette - Annuel automobile - CanadaMotorJobs.com.","og_url":"https:\/\/news.canadamotorjobs.com\/fr\/la-conduite-autonome-le-mont-everest-de-lindustrie-automobile\/","og_site_name":"CanadaMotorJobs.com","article_publisher":"https:\/\/www.facebook.com\/canadamotorjobs\/","article_published_time":"2022-11-13T14:50:24+00:00","article_modified_time":"2022-11-14T19:34:49+00:00","og_image":[{"width":1200,"height":628,"url":"https:\/\/news.canadamotorjobs.com\/wp-content\/uploads\/2022\/11\/man_and_woman_in_autonomous_vehicle_seating_arrangement_1200x628-1.png","type":"image\/png"}],"author":"Benoit Charette","twitter_card":"summary_large_image","twitter_creator":"@canadamotorjobs","twitter_site":"@canadamotorjobs","twitter_misc":{"\u00c9crit par":"Benoit Charette","Estimation du temps de lecture":"2 minutes"},"schema":{"@context":"https:\/\/schema.org","@graph":[{"@type":"Article","@id":"https:\/\/news.canadamotorjobs.com\/fr\/la-conduite-autonome-le-mont-everest-de-lindustrie-automobile\/#article","isPartOf":{"@id":"https:\/\/news.canadamotorjobs.com\/fr\/la-conduite-autonome-le-mont-everest-de-lindustrie-automobile\/"},"author":{"name":"Benoit Charette","@id":"https:\/\/news.canadamotorjobs.com\/#\/schema\/person\/51793d1f87d44011d7bcc2ed99269a90"},"headline":"La conduite autonome\u00a0: Le mont Everest de l\u2019industrie automobile","datePublished":"2022-11-13T14:50:24+00:00","dateModified":"2022-11-14T19:34:49+00:00","mainEntityOfPage":{"@id":"https:\/\/news.canadamotorjobs.com\/fr\/la-conduite-autonome-le-mont-everest-de-lindustrie-automobile\/"},"wordCount":293,"publisher":{"@id":"https:\/\/news.canadamotorjobs.com\/#organization"},"image":{"@id":"https:\/\/news.canadamotorjobs.com\/fr\/la-conduite-autonome-le-mont-everest-de-lindustrie-automobile\/#primaryimage"},"thumbnailUrl":"https:\/\/news.canadamotorjobs.com\/wp-content\/uploads\/2022\/11\/man_and_woman_in_autonomous_vehicle_seating_arrangement_1200x628-1.png","keywords":["Newsletter"],"articleSection":["Annuel automobile"],"inLanguage":"fr-CA"},{"@type":"WebPage","@id":"https:\/\/news.canadamotorjobs.com\/fr\/la-conduite-autonome-le-mont-everest-de-lindustrie-automobile\/","url":"https:\/\/news.canadamotorjobs.com\/fr\/la-conduite-autonome-le-mont-everest-de-lindustrie-automobile\/","name":"La conduite autonome\u00a0: Le mont Everest de l\u2019industrie automobile - CanadaMotorJobs.com","isPartOf":{"@id":"https:\/\/news.canadamotorjobs.com\/#website"},"primaryImageOfPage":{"@id":"https:\/\/news.canadamotorjobs.com\/fr\/la-conduite-autonome-le-mont-everest-de-lindustrie-automobile\/#primaryimage"},"image":{"@id":"https:\/\/news.canadamotorjobs.com\/fr\/la-conduite-autonome-le-mont-everest-de-lindustrie-automobile\/#primaryimage"},"thumbnailUrl":"https:\/\/news.canadamotorjobs.com\/wp-content\/uploads\/2022\/11\/man_and_woman_in_autonomous_vehicle_seating_arrangement_1200x628-1.png","datePublished":"2022-11-13T14:50:24+00:00","dateModified":"2022-11-14T19:34:49+00:00","description":"La conduite autonome\u00a0: Le mont Everest de l\u2019industrie automobile - Benoit Charette - Annuel automobile - CanadaMotorJobs.com.","breadcrumb":{"@id":"https:\/\/news.canadamotorjobs.com\/fr\/la-conduite-autonome-le-mont-everest-de-lindustrie-automobile\/#breadcrumb"},"inLanguage":"fr-CA","potentialAction":[{"@type":"ReadAction","target":["https:\/\/news.canadamotorjobs.com\/fr\/la-conduite-autonome-le-mont-everest-de-lindustrie-automobile\/"]}]},{"@type":"ImageObject","inLanguage":"fr-CA","@id":"https:\/\/news.canadamotorjobs.com\/fr\/la-conduite-autonome-le-mont-everest-de-lindustrie-automobile\/#primaryimage","url":"https:\/\/news.canadamotorjobs.com\/wp-content\/uploads\/2022\/11\/man_and_woman_in_autonomous_vehicle_seating_arrangement_1200x628-1.png","contentUrl":"https:\/\/news.canadamotorjobs.com\/wp-content\/uploads\/2022\/11\/man_and_woman_in_autonomous_vehicle_seating_arrangement_1200x628-1.png","width":1200,"height":628},{"@type":"BreadcrumbList","@id":"https:\/\/news.canadamotorjobs.com\/fr\/la-conduite-autonome-le-mont-everest-de-lindustrie-automobile\/#breadcrumb","itemListElement":[{"@type":"ListItem","position":1,"name":"Home","item":"https:\/\/news.canadamotorjobs.com\/fr\/blog\/"},{"@type":"ListItem","position":2,"name":"La conduite autonome\u00a0: Le mont Everest de l\u2019industrie automobile"}]},{"@type":"WebSite","@id":"https:\/\/news.canadamotorjobs.com\/#website","url":"https:\/\/news.canadamotorjobs.com\/","name":"CanadaMotorJobs.com","description":"Automotive Jobs","publisher":{"@id":"https:\/\/news.canadamotorjobs.com\/#organization"},"potentialAction":[{"@type":"SearchAction","target":{"@type":"EntryPoint","urlTemplate":"https:\/\/news.canadamotorjobs.com\/?s={search_term_string}"},"query-input":"required name=search_term_string"}],"inLanguage":"fr-CA"},{"@type":"Organization","@id":"https:\/\/news.canadamotorjobs.com\/#organization","name":"Canada Motor Jobs","url":"https:\/\/news.canadamotorjobs.com\/","logo":{"@type":"ImageObject","inLanguage":"fr-CA","@id":"https:\/\/news.canadamotorjobs.com\/#\/schema\/logo\/image\/","url":"https:\/\/news.canadamotorjobs.com\/wp-content\/uploads\/2022\/10\/logo-canada-motor-jobs-1.png","contentUrl":"https:\/\/news.canadamotorjobs.com\/wp-content\/uploads\/2022\/10\/logo-canada-motor-jobs-1.png","width":800,"height":400,"caption":"Canada Motor Jobs"},"image":{"@id":"https:\/\/news.canadamotorjobs.com\/#\/schema\/logo\/image\/"},"sameAs":["https:\/\/www.facebook.com\/canadamotorjobs\/","https:\/\/x.com\/canadamotorjobs","https:\/\/www.instagram.com\/canadamotorjobs\/","https:\/\/www.linkedin.com\/company\/canadamotorjobs"]},{"@type":"Person","@id":"https:\/\/news.canadamotorjobs.com\/#\/schema\/person\/51793d1f87d44011d7bcc2ed99269a90","name":"Benoit Charette","image":{"@type":"ImageObject","inLanguage":"fr-CA","@id":"https:\/\/news.canadamotorjobs.com\/#\/schema\/person\/image\/","url":"https:\/\/secure.gravatar.com\/avatar\/45f3d2eebcccd909668d7ce7ea7267b6?s=96&d=mm&r=g","contentUrl":"https:\/\/secure.gravatar.com\/avatar\/45f3d2eebcccd909668d7ce7ea7267b6?s=96&d=mm&r=g","caption":"Benoit Charette"},"description":"Benoit Charette \/ Propri\u00e9taire et r\u00e9dacteur en chef Benoit Charette pratique le journalisme automobile depuis bient\u00f4t 30 ans. Il a fait ses classes au c\u00f4t\u00e9 de Daniel H\u00e9raud et au Carnet de route de 1992 \u00e0 2001. Il est fondateur, copropri\u00e9taire et r\u00e9dacteur en chef de L\u2019Annuel de l\u2019automobile, qu\u2019il publie depuis 2001. Il a anim\u00e9 les \u00e9missions RPM et RPM+ sur V et les L\u00e9gendes de la route sur Historia. \u00c0 la radio depuis 1986, il reprend l\u2019antenne cette ann\u00e9e sur les ondes de Cogeco et participe pour la deuxi\u00e8me ann\u00e9e \u00e0 l\u2019\u00e9mission Passion Auto sur RDS en plus de mettre en ligne le site Web officiel de L\u2019Annuel de l\u2019automobile sur annuelauto.ca.","sameAs":["https:\/\/annuelauto.ca\/"],"url":"https:\/\/news.canadamotorjobs.com\/fr\/author\/benoit-charette\/"}]}},"_links":{"self":[{"href":"https:\/\/news.canadamotorjobs.com\/fr\/wp-json\/wp\/v2\/posts\/136399"}],"collection":[{"href":"https:\/\/news.canadamotorjobs.com\/fr\/wp-json\/wp\/v2\/posts"}],"about":[{"href":"https:\/\/news.canadamotorjobs.com\/fr\/wp-json\/wp\/v2\/types\/post"}],"author":[{"embeddable":true,"href":"https:\/\/news.canadamotorjobs.com\/fr\/wp-json\/wp\/v2\/users\/8"}],"replies":[{"embeddable":true,"href":"https:\/\/news.canadamotorjobs.com\/fr\/wp-json\/wp\/v2\/comments?post=136399"}],"version-history":[{"count":0,"href":"https:\/\/news.canadamotorjobs.com\/fr\/wp-json\/wp\/v2\/posts\/136399\/revisions"}],"wp:featuredmedia":[{"embeddable":true,"href":"https:\/\/news.canadamotorjobs.com\/fr\/wp-json\/wp\/v2\/media\/136403"}],"wp:attachment":[{"href":"https:\/\/news.canadamotorjobs.com\/fr\/wp-json\/wp\/v2\/media?parent=136399"}],"wp:term":[{"taxonomy":"category","embeddable":true,"href":"https:\/\/news.canadamotorjobs.com\/fr\/wp-json\/wp\/v2\/categories?post=136399"},{"taxonomy":"post_tag","embeddable":true,"href":"https:\/\/news.canadamotorjobs.com\/fr\/wp-json\/wp\/v2\/tags?post=136399"}],"curies":[{"name":"wp","href":"https:\/\/api.w.org\/{rel}","templated":true}]}}