{"id":136375,"date":"2022-11-12T10:04:23","date_gmt":"2022-11-12T15:04:23","guid":{"rendered":"https:\/\/news.canadamotorjobs.com\/tesla-envisage-dexporter-des-modeles-fabriques-en-chine-vers-le-canada-en-2023\/"},"modified":"2022-11-12T10:17:12","modified_gmt":"2022-11-12T15:17:12","slug":"tesla-envisage-dexporter-des-modeles-fabriques-en-chine-vers-le-canada-en-2023","status":"publish","type":"post","link":"https:\/\/news.canadamotorjobs.com\/fr\/tesla-envisage-dexporter-des-modeles-fabriques-en-chine-vers-le-canada-en-2023\/","title":{"rendered":"Tesla envisage d\u2019exporter des mod\u00e8les fabriqu\u00e9s en Chine vers le Canada en 2023"},"content":{"rendered":"<\/p>\n<p>Tesla a \u00e9tudi\u00e9 si les pi\u00e8ces fabriqu\u00e9es par ses fournisseurs bas\u00e9s en Chine sont conformes aux r\u00e9glementations locales en Am\u00e9rique du Nord et, si tel est le cas, pourrait exp\u00e9dier des Model Y et Model 3 fabriqu\u00e9 en Chine pour les vendre au Canada et aux \u00c9tats-Unis l\u2019an prochain<br \/> Des co\u00fbts de fabrication plus bas en Chine<br \/> Ce revirement de situation refl\u00e9terait l&#8217;avantage de co\u00fbt croissant du constructeur automobile dans son usine de Shanghai et le ralentissement de la demande des consommateurs chinois. Contact\u00e9s par Reuters, les repr\u00e9sentants de la soci\u00e9t\u00e9 Tesla, bas\u00e9e \u00e0 Austin, au Texas, n&#8217;ont pas comment\u00e9 ou clarifi\u00e9 la remarque de Musk. La Gigafactory de Shanghai de Tesla a la capacit\u00e9 de produire 1,1 million de v\u00e9hicules par an apr\u00e8s une mise \u00e0 niveau plus t\u00f4t cette ann\u00e9e, ce qui en fait le centre de fabrication le plus productif de Tesla.<br \/> De meilleures conditions \u00e0 l\u2019exportation<br \/> Des facteurs tels qu&#8217;un yuan moins cher par rapport au dollar am\u00e9ricain ou canadien, la baisse des prix des mati\u00e8res premi\u00e8res en Chine et la hausse des prix des Tesla et des voitures neuves en Am\u00e9rique du Nord se sont combin\u00e9s pour rendre les exportations de la Chine vers les \u00c9tats-Unis potentiellement comp\u00e9titives en termes de co\u00fbts, ont d\u00e9clar\u00e9 les personnes ayant connaissance des plans.<br \/> Un changement de strat\u00e9gie<br \/> Jusqu&#8217;\u00e0 pr\u00e9sent, la strat\u00e9gie de Tesla a consist\u00e9 \u00e0 construire les voitures qu&#8217;elle vend en Am\u00e9rique du Nord dans ses usines de Fremont, en Californie, et d&#8217;Austin, au Texas.<br \/> L&#8217;usine californienne,<\/p>\n","protected":false},"excerpt":{"rendered":"<p>Tesla a \u00e9tudi\u00e9 si les pi\u00e8ces fabriqu\u00e9es par ses fournisseurs bas\u00e9s en Chine sont conformes aux r\u00e9glementations locales en Am\u00e9rique du Nord et, si tel est le cas, pourrait exp\u00e9dier des Model Y et Model 3 fabriqu\u00e9 en Chine pour les vendre au Canada et aux \u00c9tats-Unis l\u2019an prochain Des co\u00fbts de fabrication plus bas [&hellip;]<\/p>\n","protected":false},"author":8,"featured_media":136379,"comment_status":"close","ping_status":"closed","sticky":false,"template":"","format":"standard","meta":{"_monsterinsights_skip_tracking":false,"_monsterinsights_sitenote_active":false,"_monsterinsights_sitenote_note":"","_monsterinsights_sitenote_category":0,"footnotes":""},"categories":[101],"tags":[],"yoast_head":"<!-- This site is optimized with the Yoast SEO plugin v23.2 - https:\/\/yoast.com\/wordpress\/plugins\/seo\/ -->\n<title>Tesla envisage d\u2019exporter des mod\u00e8les fabriqu\u00e9s en Chine vers le Canada en 2023 - CanadaMotorJobs.com<\/title>\n<meta name=\"description\" content=\"Tesla envisage d\u2019exporter des mod\u00e8les fabriqu\u00e9s en Chine vers le Canada en 2023 - Benoit Charette - Annuel automobile - CanadaMotorJobs.com.\" \/>\n<meta name=\"robots\" content=\"index, follow, max-snippet:-1, max-image-preview:large, max-video-preview:-1\" \/>\n<meta property=\"og:locale\" content=\"fr_CA\" \/>\n<meta property=\"og:type\" content=\"article\" \/>\n<meta property=\"og:title\" content=\"Tesla envisage d\u2019exporter des mod\u00e8les fabriqu\u00e9s en Chine vers le Canada en 2023 - CanadaMotorJobs.com\" \/>\n<meta property=\"og:description\" content=\"Tesla envisage d\u2019exporter des mod\u00e8les fabriqu\u00e9s en Chine vers le Canada en 2023 - Benoit Charette - Annuel automobile - CanadaMotorJobs.com.\" \/>\n<meta property=\"og:url\" content=\"https:\/\/news.canadamotorjobs.com\/fr\/tesla-envisage-dexporter-des-modeles-fabriques-en-chine-vers-le-canada-en-2023\/\" \/>\n<meta property=\"og:site_name\" content=\"CanadaMotorJobs.com\" \/>\n<meta property=\"article:publisher\" content=\"https:\/\/www.facebook.com\/canadamotorjobs\/\" \/>\n<meta property=\"article:published_time\" content=\"2022-11-12T15:04:23+00:00\" \/>\n<meta property=\"article:modified_time\" content=\"2022-11-12T15:17:12+00:00\" \/>\n<meta property=\"og:image\" content=\"https:\/\/news.canadamotorjobs.com\/wp-content\/uploads\/2022\/11\/97d10bd4-2573-4536-a435-1c13110bd877-1.jpeg\" \/>\n\t<meta property=\"og:image:width\" content=\"1200\" \/>\n\t<meta property=\"og:image:height\" content=\"720\" \/>\n\t<meta property=\"og:image:type\" content=\"image\/jpeg\" \/>\n<meta name=\"author\" content=\"Benoit Charette\" \/>\n<meta name=\"twitter:card\" content=\"summary_large_image\" \/>\n<meta name=\"twitter:creator\" content=\"@canadamotorjobs\" \/>\n<meta name=\"twitter:site\" content=\"@canadamotorjobs\" \/>\n<meta name=\"twitter:label1\" content=\"\u00c9crit par\" \/>\n\t<meta name=\"twitter:data1\" content=\"Benoit Charette\" \/>\n\t<meta name=\"twitter:label2\" content=\"Estimation du temps de lecture\" \/>\n\t<meta name=\"twitter:data2\" content=\"1 minute\" \/>\n<!-- \/ Yoast SEO plugin. -->","yoast_head_json":{"title":"Tesla envisage d\u2019exporter des mod\u00e8les fabriqu\u00e9s en Chine vers le Canada en 2023 - CanadaMotorJobs.com","description":"Tesla envisage d\u2019exporter des mod\u00e8les fabriqu\u00e9s en Chine vers le Canada en 2023 - Benoit Charette - Annuel automobile - CanadaMotorJobs.com.","robots":{"index":"index","follow":"follow","max-snippet":"max-snippet:-1","max-image-preview":"max-image-preview:large","max-video-preview":"max-video-preview:-1"},"og_locale":"fr_CA","og_type":"article","og_title":"Tesla envisage d\u2019exporter des mod\u00e8les fabriqu\u00e9s en Chine vers le Canada en 2023 - CanadaMotorJobs.com","og_description":"Tesla envisage d\u2019exporter des mod\u00e8les fabriqu\u00e9s en Chine vers le Canada en 2023 - Benoit Charette - Annuel automobile - CanadaMotorJobs.com.","og_url":"https:\/\/news.canadamotorjobs.com\/fr\/tesla-envisage-dexporter-des-modeles-fabriques-en-chine-vers-le-canada-en-2023\/","og_site_name":"CanadaMotorJobs.com","article_publisher":"https:\/\/www.facebook.com\/canadamotorjobs\/","article_published_time":"2022-11-12T15:04:23+00:00","article_modified_time":"2022-11-12T15:17:12+00:00","og_image":[{"width":1200,"height":720,"url":"https:\/\/news.canadamotorjobs.com\/wp-content\/uploads\/2022\/11\/97d10bd4-2573-4536-a435-1c13110bd877-1.jpeg","type":"image\/jpeg"}],"author":"Benoit Charette","twitter_card":"summary_large_image","twitter_creator":"@canadamotorjobs","twitter_site":"@canadamotorjobs","twitter_misc":{"\u00c9crit par":"Benoit Charette","Estimation du temps de lecture":"1 minute"},"schema":{"@context":"https:\/\/schema.org","@graph":[{"@type":"Article","@id":"https:\/\/news.canadamotorjobs.com\/fr\/tesla-envisage-dexporter-des-modeles-fabriques-en-chine-vers-le-canada-en-2023\/#article","isPartOf":{"@id":"https:\/\/news.canadamotorjobs.com\/fr\/tesla-envisage-dexporter-des-modeles-fabriques-en-chine-vers-le-canada-en-2023\/"},"author":{"name":"Benoit Charette","@id":"https:\/\/news.canadamotorjobs.com\/#\/schema\/person\/51793d1f87d44011d7bcc2ed99269a90"},"headline":"Tesla envisage d\u2019exporter des mod\u00e8les fabriqu\u00e9s en Chine vers le Canada en 2023","datePublished":"2022-11-12T15:04:23+00:00","dateModified":"2022-11-12T15:17:12+00:00","mainEntityOfPage":{"@id":"https:\/\/news.canadamotorjobs.com\/fr\/tesla-envisage-dexporter-des-modeles-fabriques-en-chine-vers-le-canada-en-2023\/"},"wordCount":296,"publisher":{"@id":"https:\/\/news.canadamotorjobs.com\/#organization"},"image":{"@id":"https:\/\/news.canadamotorjobs.com\/fr\/tesla-envisage-dexporter-des-modeles-fabriques-en-chine-vers-le-canada-en-2023\/#primaryimage"},"thumbnailUrl":"https:\/\/news.canadamotorjobs.com\/wp-content\/uploads\/2022\/11\/97d10bd4-2573-4536-a435-1c13110bd877-1.jpeg","articleSection":["Annuel automobile"],"inLanguage":"fr-CA"},{"@type":"WebPage","@id":"https:\/\/news.canadamotorjobs.com\/fr\/tesla-envisage-dexporter-des-modeles-fabriques-en-chine-vers-le-canada-en-2023\/","url":"https:\/\/news.canadamotorjobs.com\/fr\/tesla-envisage-dexporter-des-modeles-fabriques-en-chine-vers-le-canada-en-2023\/","name":"Tesla envisage d\u2019exporter des mod\u00e8les fabriqu\u00e9s en Chine vers le Canada en 2023 - CanadaMotorJobs.com","isPartOf":{"@id":"https:\/\/news.canadamotorjobs.com\/#website"},"primaryImageOfPage":{"@id":"https:\/\/news.canadamotorjobs.com\/fr\/tesla-envisage-dexporter-des-modeles-fabriques-en-chine-vers-le-canada-en-2023\/#primaryimage"},"image":{"@id":"https:\/\/news.canadamotorjobs.com\/fr\/tesla-envisage-dexporter-des-modeles-fabriques-en-chine-vers-le-canada-en-2023\/#primaryimage"},"thumbnailUrl":"https:\/\/news.canadamotorjobs.com\/wp-content\/uploads\/2022\/11\/97d10bd4-2573-4536-a435-1c13110bd877-1.jpeg","datePublished":"2022-11-12T15:04:23+00:00","dateModified":"2022-11-12T15:17:12+00:00","description":"Tesla envisage d\u2019exporter des mod\u00e8les fabriqu\u00e9s en Chine vers le Canada en 2023 - Benoit Charette - Annuel automobile - CanadaMotorJobs.com.","breadcrumb":{"@id":"https:\/\/news.canadamotorjobs.com\/fr\/tesla-envisage-dexporter-des-modeles-fabriques-en-chine-vers-le-canada-en-2023\/#breadcrumb"},"inLanguage":"fr-CA","potentialAction":[{"@type":"ReadAction","target":["https:\/\/news.canadamotorjobs.com\/fr\/tesla-envisage-dexporter-des-modeles-fabriques-en-chine-vers-le-canada-en-2023\/"]}]},{"@type":"ImageObject","inLanguage":"fr-CA","@id":"https:\/\/news.canadamotorjobs.com\/fr\/tesla-envisage-dexporter-des-modeles-fabriques-en-chine-vers-le-canada-en-2023\/#primaryimage","url":"https:\/\/news.canadamotorjobs.com\/wp-content\/uploads\/2022\/11\/97d10bd4-2573-4536-a435-1c13110bd877-1.jpeg","contentUrl":"https:\/\/news.canadamotorjobs.com\/wp-content\/uploads\/2022\/11\/97d10bd4-2573-4536-a435-1c13110bd877-1.jpeg","width":1200,"height":720},{"@type":"BreadcrumbList","@id":"https:\/\/news.canadamotorjobs.com\/fr\/tesla-envisage-dexporter-des-modeles-fabriques-en-chine-vers-le-canada-en-2023\/#breadcrumb","itemListElement":[{"@type":"ListItem","position":1,"name":"Home","item":"https:\/\/news.canadamotorjobs.com\/fr\/blog\/"},{"@type":"ListItem","position":2,"name":"Tesla envisage d\u2019exporter des mod\u00e8les fabriqu\u00e9s en Chine vers le Canada en 2023"}]},{"@type":"WebSite","@id":"https:\/\/news.canadamotorjobs.com\/#website","url":"https:\/\/news.canadamotorjobs.com\/","name":"CanadaMotorJobs.com","description":"Automotive Jobs","publisher":{"@id":"https:\/\/news.canadamotorjobs.com\/#organization"},"potentialAction":[{"@type":"SearchAction","target":{"@type":"EntryPoint","urlTemplate":"https:\/\/news.canadamotorjobs.com\/?s={search_term_string}"},"query-input":"required name=search_term_string"}],"inLanguage":"fr-CA"},{"@type":"Organization","@id":"https:\/\/news.canadamotorjobs.com\/#organization","name":"Canada Motor Jobs","url":"https:\/\/news.canadamotorjobs.com\/","logo":{"@type":"ImageObject","inLanguage":"fr-CA","@id":"https:\/\/news.canadamotorjobs.com\/#\/schema\/logo\/image\/","url":"https:\/\/news.canadamotorjobs.com\/wp-content\/uploads\/2022\/10\/logo-canada-motor-jobs-1.png","contentUrl":"https:\/\/news.canadamotorjobs.com\/wp-content\/uploads\/2022\/10\/logo-canada-motor-jobs-1.png","width":800,"height":400,"caption":"Canada Motor Jobs"},"image":{"@id":"https:\/\/news.canadamotorjobs.com\/#\/schema\/logo\/image\/"},"sameAs":["https:\/\/www.facebook.com\/canadamotorjobs\/","https:\/\/x.com\/canadamotorjobs","https:\/\/www.instagram.com\/canadamotorjobs\/","https:\/\/www.linkedin.com\/company\/canadamotorjobs"]},{"@type":"Person","@id":"https:\/\/news.canadamotorjobs.com\/#\/schema\/person\/51793d1f87d44011d7bcc2ed99269a90","name":"Benoit Charette","image":{"@type":"ImageObject","inLanguage":"fr-CA","@id":"https:\/\/news.canadamotorjobs.com\/#\/schema\/person\/image\/","url":"https:\/\/secure.gravatar.com\/avatar\/45f3d2eebcccd909668d7ce7ea7267b6?s=96&d=mm&r=g","contentUrl":"https:\/\/secure.gravatar.com\/avatar\/45f3d2eebcccd909668d7ce7ea7267b6?s=96&d=mm&r=g","caption":"Benoit Charette"},"description":"Benoit Charette \/ Propri\u00e9taire et r\u00e9dacteur en chef Benoit Charette pratique le journalisme automobile depuis bient\u00f4t 30 ans. Il a fait ses classes au c\u00f4t\u00e9 de Daniel H\u00e9raud et au Carnet de route de 1992 \u00e0 2001. Il est fondateur, copropri\u00e9taire et r\u00e9dacteur en chef de L\u2019Annuel de l\u2019automobile, qu\u2019il publie depuis 2001. Il a anim\u00e9 les \u00e9missions RPM et RPM+ sur V et les L\u00e9gendes de la route sur Historia. \u00c0 la radio depuis 1986, il reprend l\u2019antenne cette ann\u00e9e sur les ondes de Cogeco et participe pour la deuxi\u00e8me ann\u00e9e \u00e0 l\u2019\u00e9mission Passion Auto sur RDS en plus de mettre en ligne le site Web officiel de L\u2019Annuel de l\u2019automobile sur annuelauto.ca.","sameAs":["https:\/\/annuelauto.ca\/"],"url":"https:\/\/news.canadamotorjobs.com\/fr\/author\/benoit-charette\/"}]}},"_links":{"self":[{"href":"https:\/\/news.canadamotorjobs.com\/fr\/wp-json\/wp\/v2\/posts\/136375"}],"collection":[{"href":"https:\/\/news.canadamotorjobs.com\/fr\/wp-json\/wp\/v2\/posts"}],"about":[{"href":"https:\/\/news.canadamotorjobs.com\/fr\/wp-json\/wp\/v2\/types\/post"}],"author":[{"embeddable":true,"href":"https:\/\/news.canadamotorjobs.com\/fr\/wp-json\/wp\/v2\/users\/8"}],"replies":[{"embeddable":true,"href":"https:\/\/news.canadamotorjobs.com\/fr\/wp-json\/wp\/v2\/comments?post=136375"}],"version-history":[{"count":0,"href":"https:\/\/news.canadamotorjobs.com\/fr\/wp-json\/wp\/v2\/posts\/136375\/revisions"}],"wp:featuredmedia":[{"embeddable":true,"href":"https:\/\/news.canadamotorjobs.com\/fr\/wp-json\/wp\/v2\/media\/136379"}],"wp:attachment":[{"href":"https:\/\/news.canadamotorjobs.com\/fr\/wp-json\/wp\/v2\/media?parent=136375"}],"wp:term":[{"taxonomy":"category","embeddable":true,"href":"https:\/\/news.canadamotorjobs.com\/fr\/wp-json\/wp\/v2\/categories?post=136375"},{"taxonomy":"post_tag","embeddable":true,"href":"https:\/\/news.canadamotorjobs.com\/fr\/wp-json\/wp\/v2\/tags?post=136375"}],"curies":[{"name":"wp","href":"https:\/\/api.w.org\/{rel}","templated":true}]}}