{"id":136363,"date":"2022-11-11T14:59:31","date_gmt":"2022-11-11T19:59:31","guid":{"rendered":"https:\/\/news.canadamotorjobs.com\/un-tribunal-canadien-autorise-un-recours-collectif-concernant-les-chaines-de-distribution-defectueuses-de-nissan\/"},"modified":"2022-11-11T15:14:53","modified_gmt":"2022-11-11T20:14:53","slug":"un-tribunal-canadien-autorise-un-recours-collectif-concernant-les-chaines-de-distribution-defectueuses-de-nissan","status":"publish","type":"post","link":"https:\/\/news.canadamotorjobs.com\/fr\/un-tribunal-canadien-autorise-un-recours-collectif-concernant-les-chaines-de-distribution-defectueuses-de-nissan\/","title":{"rendered":"Un tribunal canadien autorise un recours collectif concernant les cha\u00eenes de distribution d\u00e9fectueuses de Nissan"},"content":{"rendered":"<\/p>\n<p>Un recours collectif contre Nissan Canada et Nissan North America a re\u00e7u le feu vert d&#8217;un tribunal de la Colombie-Britannique. La poursuite d\u00e9coule de cha\u00eenes de distribution pr\u00e9tendument d\u00e9fectueuses install\u00e9es sur environ 64 000 v\u00e9hicules Nissan, dont les mod\u00e8les Maxima, Altima, Quest, Pathfinder, Xterra et Frontier des ann\u00e9es mod\u00e8les 2004-2010.<br \/> Preuves \u00e0 l\u2019appui<br \/> La cour d&#8217;appel provinciale de la Colombie-Britannique a trouv\u00e9 suffisamment de preuves pour les all\u00e9gations de conception n\u00e9gligente, de fausses d\u00e9clarations, de violations de la protection des consommateurs, de fabrication et de vente pour que l&#8217;affaire aille de l&#8217;avant. Automotive News note que la cour a rejet\u00e9 les demandes de garantie express et d&#8217;enrichissement sans cause.<br \/> Plus de probl\u00e8mes que la normale<br \/> &#8220;La preuve veut qu&#8217;au cours de la p\u00e9riode couverte(2004-20210), les v\u00e9hicules Nissan aient fait l&#8217;objet de r\u00e9clamations plus \u00e9lev\u00e9es que pr\u00e9vu en ce qui concerne les m\u00e9canismes de la cha\u00eene de distribution et ont fait l&#8217;objet d&#8217;une s\u00e9rie de bulletins de service technique \u00e0 l&#8217;intention des concessionnaires, des techniciens qualifi\u00e9s et de Transports Canada, traitant des probl\u00e8mes li\u00e9s aux m\u00e9canismes de la cha\u00eene de distribution &#8220;, a d\u00e9clar\u00e9 la juge Susan Griffin.<br \/> Ignorer le probl\u00e8me<br \/> L&#8217;action en justice affirme \u00e9galement que le fait que Nissan n&#8217;ait pas averti les acheteurs de v\u00e9hicules neufs du probl\u00e8me a donn\u00e9 l&#8217;impression que les v\u00e9hicules \u00e9taient s\u00fbrs. L&#8217;action en justice vise \u00e0 obtenir des dommages-int\u00e9r\u00eats compensatoires pour perte \u00e9conomique, d\u00e9sagr\u00e9ment et d\u00e9tresse mentale, ainsi que des dommages-int\u00e9r\u00eats punitifs.<\/p>\n<p> &#8220;L&#8217;essence de la plainte est que la pi\u00e8ce d\u00e9fectueuse a<\/p>\n","protected":false},"excerpt":{"rendered":"<p>Un recours collectif contre Nissan Canada et Nissan North America a re\u00e7u le feu vert d&#8217;un tribunal de la Colombie-Britannique. La poursuite d\u00e9coule de cha\u00eenes de distribution pr\u00e9tendument d\u00e9fectueuses install\u00e9es sur environ 64 000 v\u00e9hicules Nissan, dont les mod\u00e8les Maxima, Altima, Quest, Pathfinder, Xterra et Frontier des ann\u00e9es mod\u00e8les 2004-2010. Preuves \u00e0 l\u2019appui La cour [&hellip;]<\/p>\n","protected":false},"author":8,"featured_media":136367,"comment_status":"close","ping_status":"closed","sticky":false,"template":"","format":"standard","meta":{"_monsterinsights_skip_tracking":false,"_monsterinsights_sitenote_active":false,"_monsterinsights_sitenote_note":"","_monsterinsights_sitenote_category":0,"footnotes":""},"categories":[101],"tags":[],"yoast_head":"<!-- This site is optimized with the Yoast SEO plugin v23.2 - https:\/\/yoast.com\/wordpress\/plugins\/seo\/ -->\n<title>Un tribunal canadien autorise un recours collectif concernant les cha\u00eenes de distribution d\u00e9fectueuses de Nissan - CanadaMotorJobs.com<\/title>\n<meta name=\"description\" content=\"Un tribunal canadien autorise un recours collectif concernant les cha\u00eenes de distribution d\u00e9fectueuses de Nissan - Benoit Charette - Annuel automobile - CanadaMotorJobs.com.\" \/>\n<meta name=\"robots\" content=\"index, follow, max-snippet:-1, max-image-preview:large, max-video-preview:-1\" \/>\n<meta property=\"og:locale\" content=\"fr_CA\" \/>\n<meta property=\"og:type\" content=\"article\" \/>\n<meta property=\"og:title\" content=\"Un tribunal canadien autorise un recours collectif concernant les cha\u00eenes de distribution d\u00e9fectueuses de Nissan - CanadaMotorJobs.com\" \/>\n<meta property=\"og:description\" content=\"Un tribunal canadien autorise un recours collectif concernant les cha\u00eenes de distribution d\u00e9fectueuses de Nissan - Benoit Charette - Annuel automobile - CanadaMotorJobs.com.\" \/>\n<meta property=\"og:url\" content=\"https:\/\/news.canadamotorjobs.com\/fr\/un-tribunal-canadien-autorise-un-recours-collectif-concernant-les-chaines-de-distribution-defectueuses-de-nissan\/\" \/>\n<meta property=\"og:site_name\" content=\"CanadaMotorJobs.com\" \/>\n<meta property=\"article:publisher\" content=\"https:\/\/www.facebook.com\/canadamotorjobs\/\" \/>\n<meta property=\"article:published_time\" content=\"2022-11-11T19:59:31+00:00\" \/>\n<meta property=\"article:modified_time\" content=\"2022-11-11T20:14:53+00:00\" \/>\n<meta property=\"og:image\" content=\"https:\/\/news.canadamotorjobs.com\/wp-content\/uploads\/2022\/11\/c7a6b582-8368-4ca1-b1c6-d48a1c411ce0-1.jpg\" \/>\n\t<meta property=\"og:image:width\" content=\"700\" \/>\n\t<meta property=\"og:image:height\" content=\"525\" \/>\n\t<meta property=\"og:image:type\" content=\"image\/jpeg\" \/>\n<meta name=\"author\" content=\"Benoit Charette\" \/>\n<meta name=\"twitter:card\" content=\"summary_large_image\" \/>\n<meta name=\"twitter:creator\" content=\"@canadamotorjobs\" \/>\n<meta name=\"twitter:site\" content=\"@canadamotorjobs\" \/>\n<meta name=\"twitter:label1\" content=\"\u00c9crit par\" \/>\n\t<meta name=\"twitter:data1\" content=\"Benoit Charette\" \/>\n\t<meta name=\"twitter:label2\" content=\"Estimation du temps de lecture\" \/>\n\t<meta name=\"twitter:data2\" content=\"1 minute\" \/>\n<!-- \/ Yoast SEO plugin. -->","yoast_head_json":{"title":"Un tribunal canadien autorise un recours collectif concernant les cha\u00eenes de distribution d\u00e9fectueuses de Nissan - CanadaMotorJobs.com","description":"Un tribunal canadien autorise un recours collectif concernant les cha\u00eenes de distribution d\u00e9fectueuses de Nissan - Benoit Charette - Annuel automobile - CanadaMotorJobs.com.","robots":{"index":"index","follow":"follow","max-snippet":"max-snippet:-1","max-image-preview":"max-image-preview:large","max-video-preview":"max-video-preview:-1"},"og_locale":"fr_CA","og_type":"article","og_title":"Un tribunal canadien autorise un recours collectif concernant les cha\u00eenes de distribution d\u00e9fectueuses de Nissan - CanadaMotorJobs.com","og_description":"Un tribunal canadien autorise un recours collectif concernant les cha\u00eenes de distribution d\u00e9fectueuses de Nissan - Benoit Charette - Annuel automobile - CanadaMotorJobs.com.","og_url":"https:\/\/news.canadamotorjobs.com\/fr\/un-tribunal-canadien-autorise-un-recours-collectif-concernant-les-chaines-de-distribution-defectueuses-de-nissan\/","og_site_name":"CanadaMotorJobs.com","article_publisher":"https:\/\/www.facebook.com\/canadamotorjobs\/","article_published_time":"2022-11-11T19:59:31+00:00","article_modified_time":"2022-11-11T20:14:53+00:00","og_image":[{"width":700,"height":525,"url":"https:\/\/news.canadamotorjobs.com\/wp-content\/uploads\/2022\/11\/c7a6b582-8368-4ca1-b1c6-d48a1c411ce0-1.jpg","type":"image\/jpeg"}],"author":"Benoit Charette","twitter_card":"summary_large_image","twitter_creator":"@canadamotorjobs","twitter_site":"@canadamotorjobs","twitter_misc":{"\u00c9crit par":"Benoit Charette","Estimation du temps de lecture":"1 minute"},"schema":{"@context":"https:\/\/schema.org","@graph":[{"@type":"Article","@id":"https:\/\/news.canadamotorjobs.com\/fr\/un-tribunal-canadien-autorise-un-recours-collectif-concernant-les-chaines-de-distribution-defectueuses-de-nissan\/#article","isPartOf":{"@id":"https:\/\/news.canadamotorjobs.com\/fr\/un-tribunal-canadien-autorise-un-recours-collectif-concernant-les-chaines-de-distribution-defectueuses-de-nissan\/"},"author":{"name":"Benoit Charette","@id":"https:\/\/news.canadamotorjobs.com\/#\/schema\/person\/51793d1f87d44011d7bcc2ed99269a90"},"headline":"Un tribunal canadien autorise un recours collectif concernant les cha\u00eenes de distribution d\u00e9fectueuses de Nissan","datePublished":"2022-11-11T19:59:31+00:00","dateModified":"2022-11-11T20:14:53+00:00","mainEntityOfPage":{"@id":"https:\/\/news.canadamotorjobs.com\/fr\/un-tribunal-canadien-autorise-un-recours-collectif-concernant-les-chaines-de-distribution-defectueuses-de-nissan\/"},"wordCount":319,"publisher":{"@id":"https:\/\/news.canadamotorjobs.com\/#organization"},"image":{"@id":"https:\/\/news.canadamotorjobs.com\/fr\/un-tribunal-canadien-autorise-un-recours-collectif-concernant-les-chaines-de-distribution-defectueuses-de-nissan\/#primaryimage"},"thumbnailUrl":"https:\/\/news.canadamotorjobs.com\/wp-content\/uploads\/2022\/11\/c7a6b582-8368-4ca1-b1c6-d48a1c411ce0-1.jpg","articleSection":["Annuel automobile"],"inLanguage":"fr-CA"},{"@type":"WebPage","@id":"https:\/\/news.canadamotorjobs.com\/fr\/un-tribunal-canadien-autorise-un-recours-collectif-concernant-les-chaines-de-distribution-defectueuses-de-nissan\/","url":"https:\/\/news.canadamotorjobs.com\/fr\/un-tribunal-canadien-autorise-un-recours-collectif-concernant-les-chaines-de-distribution-defectueuses-de-nissan\/","name":"Un tribunal canadien autorise un recours collectif concernant les cha\u00eenes de distribution d\u00e9fectueuses de Nissan - CanadaMotorJobs.com","isPartOf":{"@id":"https:\/\/news.canadamotorjobs.com\/#website"},"primaryImageOfPage":{"@id":"https:\/\/news.canadamotorjobs.com\/fr\/un-tribunal-canadien-autorise-un-recours-collectif-concernant-les-chaines-de-distribution-defectueuses-de-nissan\/#primaryimage"},"image":{"@id":"https:\/\/news.canadamotorjobs.com\/fr\/un-tribunal-canadien-autorise-un-recours-collectif-concernant-les-chaines-de-distribution-defectueuses-de-nissan\/#primaryimage"},"thumbnailUrl":"https:\/\/news.canadamotorjobs.com\/wp-content\/uploads\/2022\/11\/c7a6b582-8368-4ca1-b1c6-d48a1c411ce0-1.jpg","datePublished":"2022-11-11T19:59:31+00:00","dateModified":"2022-11-11T20:14:53+00:00","description":"Un tribunal canadien autorise un recours collectif concernant les cha\u00eenes de distribution d\u00e9fectueuses de Nissan - Benoit Charette - Annuel automobile - CanadaMotorJobs.com.","breadcrumb":{"@id":"https:\/\/news.canadamotorjobs.com\/fr\/un-tribunal-canadien-autorise-un-recours-collectif-concernant-les-chaines-de-distribution-defectueuses-de-nissan\/#breadcrumb"},"inLanguage":"fr-CA","potentialAction":[{"@type":"ReadAction","target":["https:\/\/news.canadamotorjobs.com\/fr\/un-tribunal-canadien-autorise-un-recours-collectif-concernant-les-chaines-de-distribution-defectueuses-de-nissan\/"]}]},{"@type":"ImageObject","inLanguage":"fr-CA","@id":"https:\/\/news.canadamotorjobs.com\/fr\/un-tribunal-canadien-autorise-un-recours-collectif-concernant-les-chaines-de-distribution-defectueuses-de-nissan\/#primaryimage","url":"https:\/\/news.canadamotorjobs.com\/wp-content\/uploads\/2022\/11\/c7a6b582-8368-4ca1-b1c6-d48a1c411ce0-1.jpg","contentUrl":"https:\/\/news.canadamotorjobs.com\/wp-content\/uploads\/2022\/11\/c7a6b582-8368-4ca1-b1c6-d48a1c411ce0-1.jpg","width":700,"height":525},{"@type":"BreadcrumbList","@id":"https:\/\/news.canadamotorjobs.com\/fr\/un-tribunal-canadien-autorise-un-recours-collectif-concernant-les-chaines-de-distribution-defectueuses-de-nissan\/#breadcrumb","itemListElement":[{"@type":"ListItem","position":1,"name":"Home","item":"https:\/\/news.canadamotorjobs.com\/fr\/blog\/"},{"@type":"ListItem","position":2,"name":"Un tribunal canadien autorise un recours collectif concernant les cha\u00eenes de distribution d\u00e9fectueuses de Nissan"}]},{"@type":"WebSite","@id":"https:\/\/news.canadamotorjobs.com\/#website","url":"https:\/\/news.canadamotorjobs.com\/","name":"CanadaMotorJobs.com","description":"Automotive Jobs","publisher":{"@id":"https:\/\/news.canadamotorjobs.com\/#organization"},"potentialAction":[{"@type":"SearchAction","target":{"@type":"EntryPoint","urlTemplate":"https:\/\/news.canadamotorjobs.com\/?s={search_term_string}"},"query-input":"required name=search_term_string"}],"inLanguage":"fr-CA"},{"@type":"Organization","@id":"https:\/\/news.canadamotorjobs.com\/#organization","name":"Canada Motor Jobs","url":"https:\/\/news.canadamotorjobs.com\/","logo":{"@type":"ImageObject","inLanguage":"fr-CA","@id":"https:\/\/news.canadamotorjobs.com\/#\/schema\/logo\/image\/","url":"https:\/\/news.canadamotorjobs.com\/wp-content\/uploads\/2022\/10\/logo-canada-motor-jobs-1.png","contentUrl":"https:\/\/news.canadamotorjobs.com\/wp-content\/uploads\/2022\/10\/logo-canada-motor-jobs-1.png","width":800,"height":400,"caption":"Canada Motor Jobs"},"image":{"@id":"https:\/\/news.canadamotorjobs.com\/#\/schema\/logo\/image\/"},"sameAs":["https:\/\/www.facebook.com\/canadamotorjobs\/","https:\/\/x.com\/canadamotorjobs","https:\/\/www.instagram.com\/canadamotorjobs\/","https:\/\/www.linkedin.com\/company\/canadamotorjobs"]},{"@type":"Person","@id":"https:\/\/news.canadamotorjobs.com\/#\/schema\/person\/51793d1f87d44011d7bcc2ed99269a90","name":"Benoit Charette","image":{"@type":"ImageObject","inLanguage":"fr-CA","@id":"https:\/\/news.canadamotorjobs.com\/#\/schema\/person\/image\/","url":"https:\/\/secure.gravatar.com\/avatar\/45f3d2eebcccd909668d7ce7ea7267b6?s=96&d=mm&r=g","contentUrl":"https:\/\/secure.gravatar.com\/avatar\/45f3d2eebcccd909668d7ce7ea7267b6?s=96&d=mm&r=g","caption":"Benoit Charette"},"description":"Benoit Charette \/ Propri\u00e9taire et r\u00e9dacteur en chef Benoit Charette pratique le journalisme automobile depuis bient\u00f4t 30 ans. Il a fait ses classes au c\u00f4t\u00e9 de Daniel H\u00e9raud et au Carnet de route de 1992 \u00e0 2001. Il est fondateur, copropri\u00e9taire et r\u00e9dacteur en chef de L\u2019Annuel de l\u2019automobile, qu\u2019il publie depuis 2001. Il a anim\u00e9 les \u00e9missions RPM et RPM+ sur V et les L\u00e9gendes de la route sur Historia. \u00c0 la radio depuis 1986, il reprend l\u2019antenne cette ann\u00e9e sur les ondes de Cogeco et participe pour la deuxi\u00e8me ann\u00e9e \u00e0 l\u2019\u00e9mission Passion Auto sur RDS en plus de mettre en ligne le site Web officiel de L\u2019Annuel de l\u2019automobile sur annuelauto.ca.","sameAs":["https:\/\/annuelauto.ca\/"],"url":"https:\/\/news.canadamotorjobs.com\/fr\/author\/benoit-charette\/"}]}},"_links":{"self":[{"href":"https:\/\/news.canadamotorjobs.com\/fr\/wp-json\/wp\/v2\/posts\/136363"}],"collection":[{"href":"https:\/\/news.canadamotorjobs.com\/fr\/wp-json\/wp\/v2\/posts"}],"about":[{"href":"https:\/\/news.canadamotorjobs.com\/fr\/wp-json\/wp\/v2\/types\/post"}],"author":[{"embeddable":true,"href":"https:\/\/news.canadamotorjobs.com\/fr\/wp-json\/wp\/v2\/users\/8"}],"replies":[{"embeddable":true,"href":"https:\/\/news.canadamotorjobs.com\/fr\/wp-json\/wp\/v2\/comments?post=136363"}],"version-history":[{"count":0,"href":"https:\/\/news.canadamotorjobs.com\/fr\/wp-json\/wp\/v2\/posts\/136363\/revisions"}],"wp:featuredmedia":[{"embeddable":true,"href":"https:\/\/news.canadamotorjobs.com\/fr\/wp-json\/wp\/v2\/media\/136367"}],"wp:attachment":[{"href":"https:\/\/news.canadamotorjobs.com\/fr\/wp-json\/wp\/v2\/media?parent=136363"}],"wp:term":[{"taxonomy":"category","embeddable":true,"href":"https:\/\/news.canadamotorjobs.com\/fr\/wp-json\/wp\/v2\/categories?post=136363"},{"taxonomy":"post_tag","embeddable":true,"href":"https:\/\/news.canadamotorjobs.com\/fr\/wp-json\/wp\/v2\/tags?post=136363"}],"curies":[{"name":"wp","href":"https:\/\/api.w.org\/{rel}","templated":true}]}}