{"id":136351,"date":"2022-11-11T07:31:03","date_gmt":"2022-11-11T12:31:03","guid":{"rendered":"https:\/\/news.canadamotorjobs.com\/une-annee-de-grand-changement-pour-tesla-en-2023\/"},"modified":"2022-11-11T07:44:01","modified_gmt":"2022-11-11T12:44:01","slug":"une-annee-de-grand-changement-pour-tesla-en-2023","status":"publish","type":"post","link":"https:\/\/news.canadamotorjobs.com\/fr\/une-annee-de-grand-changement-pour-tesla-en-2023\/","title":{"rendered":"Une ann\u00e9e de grand changement pour Tesla en 2023"},"content":{"rendered":"<\/p>\n<p>L&#8217;ann\u00e9e prochaine s&#8217;annonce comme la plus importante de l&#8217;histoire de Tesla, avec une grande quantit\u00e9 de nouveaux lancements qui s&#8217;ajouteront aux mises \u00e0 jour du mod\u00e8le 3 et Y pour propulser la soci\u00e9t\u00e9 d&#8217;Elon Musk vers des sommets encore plus \u00e9lev\u00e9s.<br \/> Beaucoup de promesses qui arrivent \u00e0 \u00e9ch\u00e9ance<br \/> Une s\u00e9rie de promesses faites depuis longtemps semblent enfin vouloir se concr\u00e9tiser. Le Cybertruck et le Tesla Semi seraient lanc\u00e9s dans le monde entier l&#8217;ann\u00e9e prochaine. Ils seront rejoints par le Roadster, promis depuis longtemps, ce qui donnerait \u00e0 la marque trois nouveaux mod\u00e8les qui s\u2019ajouteront \u00e0 la gamme.<br \/> Le Cybertruck<br \/> Mieux vaut tard que jamais diront plusieurs. Musk qui a pr\u00e9sent\u00e9 le produit en 2019 a confirm\u00e9 que la production va commencer en 2023. Il l\u2019avait aussi promis en 2020, 2021 et 2022, mais 2023 devrait finalement \u00eatre la bonne ann\u00e9e pour ce pick-up qui sera construit au Texas. Il mesure 5,88 m\u00e8tres sur 2 m\u00e8tres de large et arrivera avec deux rang\u00e9es de trois si\u00e8ges. Le mod\u00e8le phare sera \u00e9quip\u00e9 de trois moteurs \u00e9lectriques capables de passer de 0 \u00e0 100 km\/h en seulement 2,9 secondes. Des mod\u00e8les bimoteurs et monomoteur, plus lents, mais moins chers, seront \u00e9galement livrables. Les prix ont chang\u00e9 tellement souvent qu\u2019il faudra attendre le lancement pour \u00eatre en mesure de donner une information juste \u00e0 ce sujet.<br \/> Le Semi<br \/> La compagnie Pepsi devrait recevoir dans les prochaines semaines, les premiers camions Semi de Tesla. Capables de se recharger \u00e0 70 % en seulement 30 minutes<\/p>\n","protected":false},"excerpt":{"rendered":"<p>L&#8217;ann\u00e9e prochaine s&#8217;annonce comme la plus importante de l&#8217;histoire de Tesla, avec une grande quantit\u00e9 de nouveaux lancements qui s&#8217;ajouteront aux mises \u00e0 jour du mod\u00e8le 3 et Y pour propulser la soci\u00e9t\u00e9 d&#8217;Elon Musk vers des sommets encore plus \u00e9lev\u00e9s. Beaucoup de promesses qui arrivent \u00e0 \u00e9ch\u00e9ance Une s\u00e9rie de promesses faites depuis longtemps [&hellip;]<\/p>\n","protected":false},"author":8,"featured_media":136355,"comment_status":"close","ping_status":"closed","sticky":false,"template":"","format":"standard","meta":{"_monsterinsights_skip_tracking":false,"_monsterinsights_sitenote_active":false,"_monsterinsights_sitenote_note":"","_monsterinsights_sitenote_category":0,"footnotes":""},"categories":[101],"tags":[],"yoast_head":"<!-- This site is optimized with the Yoast SEO plugin v23.2 - https:\/\/yoast.com\/wordpress\/plugins\/seo\/ -->\n<title>Une ann\u00e9e de grand changement pour Tesla en 2023 - CanadaMotorJobs.com<\/title>\n<meta name=\"description\" content=\"Une ann\u00e9e de grand changement pour Tesla en 2023 - Benoit Charette - Annuel automobile - CanadaMotorJobs.com.\" \/>\n<meta name=\"robots\" content=\"index, follow, max-snippet:-1, max-image-preview:large, max-video-preview:-1\" \/>\n<meta property=\"og:locale\" content=\"fr_CA\" \/>\n<meta property=\"og:type\" content=\"article\" \/>\n<meta property=\"og:title\" content=\"Une ann\u00e9e de grand changement pour Tesla en 2023 - CanadaMotorJobs.com\" \/>\n<meta property=\"og:description\" content=\"Une ann\u00e9e de grand changement pour Tesla en 2023 - Benoit Charette - Annuel automobile - CanadaMotorJobs.com.\" \/>\n<meta property=\"og:url\" content=\"https:\/\/news.canadamotorjobs.com\/fr\/une-annee-de-grand-changement-pour-tesla-en-2023\/\" \/>\n<meta property=\"og:site_name\" content=\"CanadaMotorJobs.com\" \/>\n<meta property=\"article:publisher\" content=\"https:\/\/www.facebook.com\/canadamotorjobs\/\" \/>\n<meta property=\"article:published_time\" content=\"2022-11-11T12:31:03+00:00\" \/>\n<meta property=\"article:modified_time\" content=\"2022-11-11T12:44:01+00:00\" \/>\n<meta property=\"og:image\" content=\"https:\/\/news.canadamotorjobs.com\/wp-content\/uploads\/2022\/11\/452817-le-tesla-cybertruck-ne-sera-finalement-pas-pret-avant-2022-1.jpeg\" \/>\n\t<meta property=\"og:image:width\" content=\"1490\" \/>\n\t<meta property=\"og:image:height\" content=\"931\" \/>\n\t<meta property=\"og:image:type\" content=\"image\/jpeg\" \/>\n<meta name=\"author\" content=\"Benoit Charette\" \/>\n<meta name=\"twitter:card\" content=\"summary_large_image\" \/>\n<meta name=\"twitter:creator\" content=\"@canadamotorjobs\" \/>\n<meta name=\"twitter:site\" content=\"@canadamotorjobs\" \/>\n<meta name=\"twitter:label1\" content=\"\u00c9crit par\" \/>\n\t<meta name=\"twitter:data1\" content=\"Benoit Charette\" \/>\n\t<meta name=\"twitter:label2\" content=\"Estimation du temps de lecture\" \/>\n\t<meta name=\"twitter:data2\" content=\"1 minute\" \/>\n<!-- \/ Yoast SEO plugin. -->","yoast_head_json":{"title":"Une ann\u00e9e de grand changement pour Tesla en 2023 - CanadaMotorJobs.com","description":"Une ann\u00e9e de grand changement pour Tesla en 2023 - Benoit Charette - Annuel automobile - CanadaMotorJobs.com.","robots":{"index":"index","follow":"follow","max-snippet":"max-snippet:-1","max-image-preview":"max-image-preview:large","max-video-preview":"max-video-preview:-1"},"og_locale":"fr_CA","og_type":"article","og_title":"Une ann\u00e9e de grand changement pour Tesla en 2023 - CanadaMotorJobs.com","og_description":"Une ann\u00e9e de grand changement pour Tesla en 2023 - Benoit Charette - Annuel automobile - CanadaMotorJobs.com.","og_url":"https:\/\/news.canadamotorjobs.com\/fr\/une-annee-de-grand-changement-pour-tesla-en-2023\/","og_site_name":"CanadaMotorJobs.com","article_publisher":"https:\/\/www.facebook.com\/canadamotorjobs\/","article_published_time":"2022-11-11T12:31:03+00:00","article_modified_time":"2022-11-11T12:44:01+00:00","og_image":[{"width":1490,"height":931,"url":"https:\/\/news.canadamotorjobs.com\/wp-content\/uploads\/2022\/11\/452817-le-tesla-cybertruck-ne-sera-finalement-pas-pret-avant-2022-1.jpeg","type":"image\/jpeg"}],"author":"Benoit Charette","twitter_card":"summary_large_image","twitter_creator":"@canadamotorjobs","twitter_site":"@canadamotorjobs","twitter_misc":{"\u00c9crit par":"Benoit Charette","Estimation du temps de lecture":"1 minute"},"schema":{"@context":"https:\/\/schema.org","@graph":[{"@type":"Article","@id":"https:\/\/news.canadamotorjobs.com\/fr\/une-annee-de-grand-changement-pour-tesla-en-2023\/#article","isPartOf":{"@id":"https:\/\/news.canadamotorjobs.com\/fr\/une-annee-de-grand-changement-pour-tesla-en-2023\/"},"author":{"name":"Benoit Charette","@id":"https:\/\/news.canadamotorjobs.com\/#\/schema\/person\/51793d1f87d44011d7bcc2ed99269a90"},"headline":"Une ann\u00e9e de grand changement pour Tesla en 2023","datePublished":"2022-11-11T12:31:03+00:00","dateModified":"2022-11-11T12:44:01+00:00","mainEntityOfPage":{"@id":"https:\/\/news.canadamotorjobs.com\/fr\/une-annee-de-grand-changement-pour-tesla-en-2023\/"},"wordCount":265,"publisher":{"@id":"https:\/\/news.canadamotorjobs.com\/#organization"},"image":{"@id":"https:\/\/news.canadamotorjobs.com\/fr\/une-annee-de-grand-changement-pour-tesla-en-2023\/#primaryimage"},"thumbnailUrl":"https:\/\/news.canadamotorjobs.com\/wp-content\/uploads\/2022\/11\/452817-le-tesla-cybertruck-ne-sera-finalement-pas-pret-avant-2022-1.jpeg","articleSection":["Annuel automobile"],"inLanguage":"fr-CA"},{"@type":"WebPage","@id":"https:\/\/news.canadamotorjobs.com\/fr\/une-annee-de-grand-changement-pour-tesla-en-2023\/","url":"https:\/\/news.canadamotorjobs.com\/fr\/une-annee-de-grand-changement-pour-tesla-en-2023\/","name":"Une ann\u00e9e de grand changement pour Tesla en 2023 - CanadaMotorJobs.com","isPartOf":{"@id":"https:\/\/news.canadamotorjobs.com\/#website"},"primaryImageOfPage":{"@id":"https:\/\/news.canadamotorjobs.com\/fr\/une-annee-de-grand-changement-pour-tesla-en-2023\/#primaryimage"},"image":{"@id":"https:\/\/news.canadamotorjobs.com\/fr\/une-annee-de-grand-changement-pour-tesla-en-2023\/#primaryimage"},"thumbnailUrl":"https:\/\/news.canadamotorjobs.com\/wp-content\/uploads\/2022\/11\/452817-le-tesla-cybertruck-ne-sera-finalement-pas-pret-avant-2022-1.jpeg","datePublished":"2022-11-11T12:31:03+00:00","dateModified":"2022-11-11T12:44:01+00:00","description":"Une ann\u00e9e de grand changement pour Tesla en 2023 - Benoit Charette - Annuel automobile - CanadaMotorJobs.com.","breadcrumb":{"@id":"https:\/\/news.canadamotorjobs.com\/fr\/une-annee-de-grand-changement-pour-tesla-en-2023\/#breadcrumb"},"inLanguage":"fr-CA","potentialAction":[{"@type":"ReadAction","target":["https:\/\/news.canadamotorjobs.com\/fr\/une-annee-de-grand-changement-pour-tesla-en-2023\/"]}]},{"@type":"ImageObject","inLanguage":"fr-CA","@id":"https:\/\/news.canadamotorjobs.com\/fr\/une-annee-de-grand-changement-pour-tesla-en-2023\/#primaryimage","url":"https:\/\/news.canadamotorjobs.com\/wp-content\/uploads\/2022\/11\/452817-le-tesla-cybertruck-ne-sera-finalement-pas-pret-avant-2022-1.jpeg","contentUrl":"https:\/\/news.canadamotorjobs.com\/wp-content\/uploads\/2022\/11\/452817-le-tesla-cybertruck-ne-sera-finalement-pas-pret-avant-2022-1.jpeg","width":1490,"height":931},{"@type":"BreadcrumbList","@id":"https:\/\/news.canadamotorjobs.com\/fr\/une-annee-de-grand-changement-pour-tesla-en-2023\/#breadcrumb","itemListElement":[{"@type":"ListItem","position":1,"name":"Home","item":"https:\/\/news.canadamotorjobs.com\/fr\/blog\/"},{"@type":"ListItem","position":2,"name":"Une ann\u00e9e de grand changement pour Tesla en 2023"}]},{"@type":"WebSite","@id":"https:\/\/news.canadamotorjobs.com\/#website","url":"https:\/\/news.canadamotorjobs.com\/","name":"CanadaMotorJobs.com","description":"Automotive Jobs","publisher":{"@id":"https:\/\/news.canadamotorjobs.com\/#organization"},"potentialAction":[{"@type":"SearchAction","target":{"@type":"EntryPoint","urlTemplate":"https:\/\/news.canadamotorjobs.com\/?s={search_term_string}"},"query-input":"required name=search_term_string"}],"inLanguage":"fr-CA"},{"@type":"Organization","@id":"https:\/\/news.canadamotorjobs.com\/#organization","name":"Canada Motor Jobs","url":"https:\/\/news.canadamotorjobs.com\/","logo":{"@type":"ImageObject","inLanguage":"fr-CA","@id":"https:\/\/news.canadamotorjobs.com\/#\/schema\/logo\/image\/","url":"https:\/\/news.canadamotorjobs.com\/wp-content\/uploads\/2022\/10\/logo-canada-motor-jobs-1.png","contentUrl":"https:\/\/news.canadamotorjobs.com\/wp-content\/uploads\/2022\/10\/logo-canada-motor-jobs-1.png","width":800,"height":400,"caption":"Canada Motor Jobs"},"image":{"@id":"https:\/\/news.canadamotorjobs.com\/#\/schema\/logo\/image\/"},"sameAs":["https:\/\/www.facebook.com\/canadamotorjobs\/","https:\/\/x.com\/canadamotorjobs","https:\/\/www.instagram.com\/canadamotorjobs\/","https:\/\/www.linkedin.com\/company\/canadamotorjobs"]},{"@type":"Person","@id":"https:\/\/news.canadamotorjobs.com\/#\/schema\/person\/51793d1f87d44011d7bcc2ed99269a90","name":"Benoit Charette","image":{"@type":"ImageObject","inLanguage":"fr-CA","@id":"https:\/\/news.canadamotorjobs.com\/#\/schema\/person\/image\/","url":"https:\/\/secure.gravatar.com\/avatar\/45f3d2eebcccd909668d7ce7ea7267b6?s=96&d=mm&r=g","contentUrl":"https:\/\/secure.gravatar.com\/avatar\/45f3d2eebcccd909668d7ce7ea7267b6?s=96&d=mm&r=g","caption":"Benoit Charette"},"description":"Benoit Charette \/ Propri\u00e9taire et r\u00e9dacteur en chef Benoit Charette pratique le journalisme automobile depuis bient\u00f4t 30 ans. Il a fait ses classes au c\u00f4t\u00e9 de Daniel H\u00e9raud et au Carnet de route de 1992 \u00e0 2001. Il est fondateur, copropri\u00e9taire et r\u00e9dacteur en chef de L\u2019Annuel de l\u2019automobile, qu\u2019il publie depuis 2001. Il a anim\u00e9 les \u00e9missions RPM et RPM+ sur V et les L\u00e9gendes de la route sur Historia. \u00c0 la radio depuis 1986, il reprend l\u2019antenne cette ann\u00e9e sur les ondes de Cogeco et participe pour la deuxi\u00e8me ann\u00e9e \u00e0 l\u2019\u00e9mission Passion Auto sur RDS en plus de mettre en ligne le site Web officiel de L\u2019Annuel de l\u2019automobile sur annuelauto.ca.","sameAs":["https:\/\/annuelauto.ca\/"],"url":"https:\/\/news.canadamotorjobs.com\/fr\/author\/benoit-charette\/"}]}},"_links":{"self":[{"href":"https:\/\/news.canadamotorjobs.com\/fr\/wp-json\/wp\/v2\/posts\/136351"}],"collection":[{"href":"https:\/\/news.canadamotorjobs.com\/fr\/wp-json\/wp\/v2\/posts"}],"about":[{"href":"https:\/\/news.canadamotorjobs.com\/fr\/wp-json\/wp\/v2\/types\/post"}],"author":[{"embeddable":true,"href":"https:\/\/news.canadamotorjobs.com\/fr\/wp-json\/wp\/v2\/users\/8"}],"replies":[{"embeddable":true,"href":"https:\/\/news.canadamotorjobs.com\/fr\/wp-json\/wp\/v2\/comments?post=136351"}],"version-history":[{"count":0,"href":"https:\/\/news.canadamotorjobs.com\/fr\/wp-json\/wp\/v2\/posts\/136351\/revisions"}],"wp:featuredmedia":[{"embeddable":true,"href":"https:\/\/news.canadamotorjobs.com\/fr\/wp-json\/wp\/v2\/media\/136355"}],"wp:attachment":[{"href":"https:\/\/news.canadamotorjobs.com\/fr\/wp-json\/wp\/v2\/media?parent=136351"}],"wp:term":[{"taxonomy":"category","embeddable":true,"href":"https:\/\/news.canadamotorjobs.com\/fr\/wp-json\/wp\/v2\/categories?post=136351"},{"taxonomy":"post_tag","embeddable":true,"href":"https:\/\/news.canadamotorjobs.com\/fr\/wp-json\/wp\/v2\/tags?post=136351"}],"curies":[{"name":"wp","href":"https:\/\/api.w.org\/{rel}","templated":true}]}}