{"id":136343,"date":"2022-11-11T07:01:09","date_gmt":"2022-11-11T12:01:09","guid":{"rendered":"https:\/\/news.canadamotorjobs.com\/les-voitures-ayant-la-pire-valeur-de-revente-en-2022\/"},"modified":"2022-11-11T07:13:44","modified_gmt":"2022-11-11T12:13:44","slug":"les-voitures-ayant-la-pire-valeur-de-revente-en-2022","status":"publish","type":"post","link":"https:\/\/news.canadamotorjobs.com\/fr\/les-voitures-ayant-la-pire-valeur-de-revente-en-2022\/","title":{"rendered":"Les voitures ayant la pire valeur de revente en 2022"},"content":{"rendered":"<\/p>\n<p>Consid\u00e9rant le prix \u00e9lev\u00e9 des v\u00e9hicules d\u2019occasions sur le march\u00e9 en ce moment, une liste des v\u00e9hicules qui perdent le plus rapidement leur valeur est en soi une bonne nouvelle. Les prix sont encore \u00e9lev\u00e9s dans l\u2019ensemble, mais certains sp\u00e9cialistes constatent que lentement ces prix reviennent \u00e0 la normale. La d\u00e9pr\u00e9ciation frappe presque tous les mod\u00e8les, contrainte d&#8217;offre ou non, bien que quelques v\u00e9hicules soient en t\u00eate.<br \/> Les 10 mod\u00e8les ayant la plus forte d\u00e9pr\u00e9ciation<br \/> Une nouvelle \u00e9tude de la soci\u00e9t\u00e9 d&#8217;analyse iSeeCars a r\u00e9v\u00e9l\u00e9 qu&#8217;une poign\u00e9e de voitures s&#8217;est d\u00e9pr\u00e9ci\u00e9e de plus de 50 % en cinq ans, la BMW S\u00e9rie 7 ayant perdu 56,9 % de sa valeur et son prix moyen ayant baiss\u00e9 de 61 923 dollars sur cette p\u00e9riode.<br \/> Les v\u00e9hicules pr\u00e9sentant la plus forte d\u00e9pr\u00e9ciation &#8211; ou la pire valeur de revente &#8211; sur cinq ans :<\/p>\n<p> BMW S\u00e9rie 7 : -56,9<br \/> Maserati Ghibli : -56,3 %.<br \/> Jaguar XF : -54 %.<br \/> Infiniti QX80 : -52,6%.<br \/> Cadillac Escalade ESV : 52,3 %.<br \/> Mercedes-Benz Classe S : 51.9%<br \/> Lincoln Navigator : -51,9<br \/> Audi A6 : -51,5<br \/> Volvo S90 : -51,4<br \/> Ford Expedition : -50,7<\/p>\n<p> Les recherches d&#8217;iSeeCars ont montr\u00e9 que les camions de taille moyenne, les voitures sport et les v\u00e9hicules \u00e9conomes en carburant se d\u00e9pr\u00e9ciaient plus lentement sur cinq ans simplement en raison de la plus forte demande, alors qu&#8217;il est clair que les marques de luxe ont tendance \u00e0 perdre leur valeur beaucoup plus rapidement. Les acheteurs de v\u00e9hicules d&#8217;occasion n&#8217;appr\u00e9cient pas<\/p>\n","protected":false},"excerpt":{"rendered":"<p>Consid\u00e9rant le prix \u00e9lev\u00e9 des v\u00e9hicules d\u2019occasions sur le march\u00e9 en ce moment, une liste des v\u00e9hicules qui perdent le plus rapidement leur valeur est en soi une bonne nouvelle. Les prix sont encore \u00e9lev\u00e9s dans l\u2019ensemble, mais certains sp\u00e9cialistes constatent que lentement ces prix reviennent \u00e0 la normale. La d\u00e9pr\u00e9ciation frappe presque tous les [&hellip;]<\/p>\n","protected":false},"author":8,"featured_media":136347,"comment_status":"close","ping_status":"closed","sticky":false,"template":"","format":"standard","meta":{"_monsterinsights_skip_tracking":false,"_monsterinsights_sitenote_active":false,"_monsterinsights_sitenote_note":"","_monsterinsights_sitenote_category":0,"footnotes":""},"categories":[101],"tags":[],"yoast_head":"<!-- This site is optimized with the Yoast SEO plugin v23.2 - https:\/\/yoast.com\/wordpress\/plugins\/seo\/ -->\n<title>Les voitures ayant la pire valeur de revente en 2022 - CanadaMotorJobs.com<\/title>\n<meta name=\"description\" content=\"Les voitures ayant la pire valeur de revente en 2022 - Benoit Charette - Annuel automobile - CanadaMotorJobs.com.\" \/>\n<meta name=\"robots\" content=\"index, follow, max-snippet:-1, max-image-preview:large, max-video-preview:-1\" \/>\n<meta property=\"og:locale\" content=\"fr_CA\" \/>\n<meta property=\"og:type\" content=\"article\" \/>\n<meta property=\"og:title\" content=\"Les voitures ayant la pire valeur de revente en 2022 - CanadaMotorJobs.com\" \/>\n<meta property=\"og:description\" content=\"Les voitures ayant la pire valeur de revente en 2022 - Benoit Charette - Annuel automobile - CanadaMotorJobs.com.\" \/>\n<meta property=\"og:url\" content=\"https:\/\/news.canadamotorjobs.com\/fr\/les-voitures-ayant-la-pire-valeur-de-revente-en-2022\/\" \/>\n<meta property=\"og:site_name\" content=\"CanadaMotorJobs.com\" \/>\n<meta property=\"article:publisher\" content=\"https:\/\/www.facebook.com\/canadamotorjobs\/\" \/>\n<meta property=\"article:published_time\" content=\"2022-11-11T12:01:09+00:00\" \/>\n<meta property=\"article:modified_time\" content=\"2022-11-11T12:13:44+00:00\" \/>\n<meta property=\"og:image\" content=\"https:\/\/news.canadamotorjobs.com\/wp-content\/uploads\/2022\/11\/2017-bmw-7-series_100553345_h-1.jpg\" \/>\n\t<meta property=\"og:image:width\" content=\"1920\" \/>\n\t<meta property=\"og:image:height\" content=\"1438\" \/>\n\t<meta property=\"og:image:type\" content=\"image\/jpeg\" \/>\n<meta name=\"author\" content=\"Benoit Charette\" \/>\n<meta name=\"twitter:card\" content=\"summary_large_image\" \/>\n<meta name=\"twitter:creator\" content=\"@canadamotorjobs\" \/>\n<meta name=\"twitter:site\" content=\"@canadamotorjobs\" \/>\n<meta name=\"twitter:label1\" content=\"\u00c9crit par\" \/>\n\t<meta name=\"twitter:data1\" content=\"Benoit Charette\" \/>\n\t<meta name=\"twitter:label2\" content=\"Estimation du temps de lecture\" \/>\n\t<meta name=\"twitter:data2\" content=\"1 minute\" \/>\n<!-- \/ Yoast SEO plugin. -->","yoast_head_json":{"title":"Les voitures ayant la pire valeur de revente en 2022 - CanadaMotorJobs.com","description":"Les voitures ayant la pire valeur de revente en 2022 - Benoit Charette - Annuel automobile - CanadaMotorJobs.com.","robots":{"index":"index","follow":"follow","max-snippet":"max-snippet:-1","max-image-preview":"max-image-preview:large","max-video-preview":"max-video-preview:-1"},"og_locale":"fr_CA","og_type":"article","og_title":"Les voitures ayant la pire valeur de revente en 2022 - CanadaMotorJobs.com","og_description":"Les voitures ayant la pire valeur de revente en 2022 - Benoit Charette - Annuel automobile - CanadaMotorJobs.com.","og_url":"https:\/\/news.canadamotorjobs.com\/fr\/les-voitures-ayant-la-pire-valeur-de-revente-en-2022\/","og_site_name":"CanadaMotorJobs.com","article_publisher":"https:\/\/www.facebook.com\/canadamotorjobs\/","article_published_time":"2022-11-11T12:01:09+00:00","article_modified_time":"2022-11-11T12:13:44+00:00","og_image":[{"width":1920,"height":1438,"url":"https:\/\/news.canadamotorjobs.com\/wp-content\/uploads\/2022\/11\/2017-bmw-7-series_100553345_h-1.jpg","type":"image\/jpeg"}],"author":"Benoit Charette","twitter_card":"summary_large_image","twitter_creator":"@canadamotorjobs","twitter_site":"@canadamotorjobs","twitter_misc":{"\u00c9crit par":"Benoit Charette","Estimation du temps de lecture":"1 minute"},"schema":{"@context":"https:\/\/schema.org","@graph":[{"@type":"Article","@id":"https:\/\/news.canadamotorjobs.com\/fr\/les-voitures-ayant-la-pire-valeur-de-revente-en-2022\/#article","isPartOf":{"@id":"https:\/\/news.canadamotorjobs.com\/fr\/les-voitures-ayant-la-pire-valeur-de-revente-en-2022\/"},"author":{"name":"Benoit Charette","@id":"https:\/\/news.canadamotorjobs.com\/#\/schema\/person\/51793d1f87d44011d7bcc2ed99269a90"},"headline":"Les voitures ayant la pire valeur de revente en 2022","datePublished":"2022-11-11T12:01:09+00:00","dateModified":"2022-11-11T12:13:44+00:00","mainEntityOfPage":{"@id":"https:\/\/news.canadamotorjobs.com\/fr\/les-voitures-ayant-la-pire-valeur-de-revente-en-2022\/"},"wordCount":272,"publisher":{"@id":"https:\/\/news.canadamotorjobs.com\/#organization"},"image":{"@id":"https:\/\/news.canadamotorjobs.com\/fr\/les-voitures-ayant-la-pire-valeur-de-revente-en-2022\/#primaryimage"},"thumbnailUrl":"https:\/\/news.canadamotorjobs.com\/wp-content\/uploads\/2022\/11\/2017-bmw-7-series_100553345_h-1.jpg","articleSection":["Annuel automobile"],"inLanguage":"fr-CA"},{"@type":"WebPage","@id":"https:\/\/news.canadamotorjobs.com\/fr\/les-voitures-ayant-la-pire-valeur-de-revente-en-2022\/","url":"https:\/\/news.canadamotorjobs.com\/fr\/les-voitures-ayant-la-pire-valeur-de-revente-en-2022\/","name":"Les voitures ayant la pire valeur de revente en 2022 - CanadaMotorJobs.com","isPartOf":{"@id":"https:\/\/news.canadamotorjobs.com\/#website"},"primaryImageOfPage":{"@id":"https:\/\/news.canadamotorjobs.com\/fr\/les-voitures-ayant-la-pire-valeur-de-revente-en-2022\/#primaryimage"},"image":{"@id":"https:\/\/news.canadamotorjobs.com\/fr\/les-voitures-ayant-la-pire-valeur-de-revente-en-2022\/#primaryimage"},"thumbnailUrl":"https:\/\/news.canadamotorjobs.com\/wp-content\/uploads\/2022\/11\/2017-bmw-7-series_100553345_h-1.jpg","datePublished":"2022-11-11T12:01:09+00:00","dateModified":"2022-11-11T12:13:44+00:00","description":"Les voitures ayant la pire valeur de revente en 2022 - Benoit Charette - Annuel automobile - CanadaMotorJobs.com.","breadcrumb":{"@id":"https:\/\/news.canadamotorjobs.com\/fr\/les-voitures-ayant-la-pire-valeur-de-revente-en-2022\/#breadcrumb"},"inLanguage":"fr-CA","potentialAction":[{"@type":"ReadAction","target":["https:\/\/news.canadamotorjobs.com\/fr\/les-voitures-ayant-la-pire-valeur-de-revente-en-2022\/"]}]},{"@type":"ImageObject","inLanguage":"fr-CA","@id":"https:\/\/news.canadamotorjobs.com\/fr\/les-voitures-ayant-la-pire-valeur-de-revente-en-2022\/#primaryimage","url":"https:\/\/news.canadamotorjobs.com\/wp-content\/uploads\/2022\/11\/2017-bmw-7-series_100553345_h-1.jpg","contentUrl":"https:\/\/news.canadamotorjobs.com\/wp-content\/uploads\/2022\/11\/2017-bmw-7-series_100553345_h-1.jpg","width":1920,"height":1438},{"@type":"BreadcrumbList","@id":"https:\/\/news.canadamotorjobs.com\/fr\/les-voitures-ayant-la-pire-valeur-de-revente-en-2022\/#breadcrumb","itemListElement":[{"@type":"ListItem","position":1,"name":"Home","item":"https:\/\/news.canadamotorjobs.com\/fr\/blog\/"},{"@type":"ListItem","position":2,"name":"Les voitures ayant la pire valeur de revente en 2022"}]},{"@type":"WebSite","@id":"https:\/\/news.canadamotorjobs.com\/#website","url":"https:\/\/news.canadamotorjobs.com\/","name":"CanadaMotorJobs.com","description":"Automotive Jobs","publisher":{"@id":"https:\/\/news.canadamotorjobs.com\/#organization"},"potentialAction":[{"@type":"SearchAction","target":{"@type":"EntryPoint","urlTemplate":"https:\/\/news.canadamotorjobs.com\/?s={search_term_string}"},"query-input":"required name=search_term_string"}],"inLanguage":"fr-CA"},{"@type":"Organization","@id":"https:\/\/news.canadamotorjobs.com\/#organization","name":"Canada Motor Jobs","url":"https:\/\/news.canadamotorjobs.com\/","logo":{"@type":"ImageObject","inLanguage":"fr-CA","@id":"https:\/\/news.canadamotorjobs.com\/#\/schema\/logo\/image\/","url":"https:\/\/news.canadamotorjobs.com\/wp-content\/uploads\/2022\/10\/logo-canada-motor-jobs-1.png","contentUrl":"https:\/\/news.canadamotorjobs.com\/wp-content\/uploads\/2022\/10\/logo-canada-motor-jobs-1.png","width":800,"height":400,"caption":"Canada Motor Jobs"},"image":{"@id":"https:\/\/news.canadamotorjobs.com\/#\/schema\/logo\/image\/"},"sameAs":["https:\/\/www.facebook.com\/canadamotorjobs\/","https:\/\/x.com\/canadamotorjobs","https:\/\/www.instagram.com\/canadamotorjobs\/","https:\/\/www.linkedin.com\/company\/canadamotorjobs"]},{"@type":"Person","@id":"https:\/\/news.canadamotorjobs.com\/#\/schema\/person\/51793d1f87d44011d7bcc2ed99269a90","name":"Benoit Charette","image":{"@type":"ImageObject","inLanguage":"fr-CA","@id":"https:\/\/news.canadamotorjobs.com\/#\/schema\/person\/image\/","url":"https:\/\/secure.gravatar.com\/avatar\/45f3d2eebcccd909668d7ce7ea7267b6?s=96&d=mm&r=g","contentUrl":"https:\/\/secure.gravatar.com\/avatar\/45f3d2eebcccd909668d7ce7ea7267b6?s=96&d=mm&r=g","caption":"Benoit Charette"},"description":"Benoit Charette \/ Propri\u00e9taire et r\u00e9dacteur en chef Benoit Charette pratique le journalisme automobile depuis bient\u00f4t 30 ans. Il a fait ses classes au c\u00f4t\u00e9 de Daniel H\u00e9raud et au Carnet de route de 1992 \u00e0 2001. Il est fondateur, copropri\u00e9taire et r\u00e9dacteur en chef de L\u2019Annuel de l\u2019automobile, qu\u2019il publie depuis 2001. Il a anim\u00e9 les \u00e9missions RPM et RPM+ sur V et les L\u00e9gendes de la route sur Historia. \u00c0 la radio depuis 1986, il reprend l\u2019antenne cette ann\u00e9e sur les ondes de Cogeco et participe pour la deuxi\u00e8me ann\u00e9e \u00e0 l\u2019\u00e9mission Passion Auto sur RDS en plus de mettre en ligne le site Web officiel de L\u2019Annuel de l\u2019automobile sur annuelauto.ca.","sameAs":["https:\/\/annuelauto.ca\/"],"url":"https:\/\/news.canadamotorjobs.com\/fr\/author\/benoit-charette\/"}]}},"_links":{"self":[{"href":"https:\/\/news.canadamotorjobs.com\/fr\/wp-json\/wp\/v2\/posts\/136343"}],"collection":[{"href":"https:\/\/news.canadamotorjobs.com\/fr\/wp-json\/wp\/v2\/posts"}],"about":[{"href":"https:\/\/news.canadamotorjobs.com\/fr\/wp-json\/wp\/v2\/types\/post"}],"author":[{"embeddable":true,"href":"https:\/\/news.canadamotorjobs.com\/fr\/wp-json\/wp\/v2\/users\/8"}],"replies":[{"embeddable":true,"href":"https:\/\/news.canadamotorjobs.com\/fr\/wp-json\/wp\/v2\/comments?post=136343"}],"version-history":[{"count":0,"href":"https:\/\/news.canadamotorjobs.com\/fr\/wp-json\/wp\/v2\/posts\/136343\/revisions"}],"wp:featuredmedia":[{"embeddable":true,"href":"https:\/\/news.canadamotorjobs.com\/fr\/wp-json\/wp\/v2\/media\/136347"}],"wp:attachment":[{"href":"https:\/\/news.canadamotorjobs.com\/fr\/wp-json\/wp\/v2\/media?parent=136343"}],"wp:term":[{"taxonomy":"category","embeddable":true,"href":"https:\/\/news.canadamotorjobs.com\/fr\/wp-json\/wp\/v2\/categories?post=136343"},{"taxonomy":"post_tag","embeddable":true,"href":"https:\/\/news.canadamotorjobs.com\/fr\/wp-json\/wp\/v2\/tags?post=136343"}],"curies":[{"name":"wp","href":"https:\/\/api.w.org\/{rel}","templated":true}]}}