{"id":136329,"date":"2022-11-10T09:00:53","date_gmt":"2022-11-10T14:00:53","guid":{"rendered":"https:\/\/news.canadamotorjobs.com\/aehra-devoile-un-vus-qui-ne-ressemble-en-rien-a-un-vus\/"},"modified":"2022-11-10T10:43:41","modified_gmt":"2022-11-10T15:43:41","slug":"aehra-devoile-un-vus-qui-ne-ressemble-en-rien-a-un-vus","status":"publish","type":"post","link":"https:\/\/news.canadamotorjobs.com\/fr\/aehra-devoile-un-vus-qui-ne-ressemble-en-rien-a-un-vus\/","title":{"rendered":"Aehra d\u00e9voile un VUS qui ne ressemble en rien \u00e0 un VUS"},"content":{"rendered":"<\/p>\n<p><a href=\"https:\/\/annuelauto.ca\/le-nouveau-constructeur-aehra-leve-un-peu-le-voile-sur-son-futur-vus-electrique\/\" target=\"_blank\" rel=\"noopener noreferrer\">Aehra<\/a>, le fabricant italien en devenir de <a href=\"https:\/\/annuelauto.ca\/laudi-e-tron-devient-laudi-q8-e-tron\/\" target=\"_blank\" rel=\"noopener noreferrer\">v\u00e9hicules \u00e9lectriques<\/a> haut de gamme, a d\u00e9voil\u00e9 le prototype de son premier mod\u00e8le. Comme promis, il s\u2019agit d\u2019un utilitaire; un v\u00e9hicule qui ne ressemble cependant en rien aux utilitaires classiques. Ce prototype a \u00e9t\u00e9 pr\u00e9sent\u00e9 \u00e0 la presse \u00e0 Milan, ville o\u00f9 se trouve le si\u00e8ge social d\u2019Aehra, lors d\u2019une conf\u00e9rence de presse pr\u00e9sent\u00e9e le 8 novembre.\u00a0<\/p>\n<p> Ce v\u00e9hicule de luxe, dont le prix se situera entre 160\u00a0000\u00a0$US et 180\u00a0000\u00a0$US, adopte un style radicalement diff\u00e9rent, admet le constructeur. Certains pourraient m\u00eame croire que l\u2019emploi du terme utilitaire, au lieu de berline, pour le d\u00e9signer ne sert qu\u2019\u00e0 exploiter la na\u00efvet\u00e9 de ces acheteurs pour qui le simple fait d\u2019\u00e9voquer un utilitaire suffit \u00e0 le rendre plus attrayant qu\u2019une auto.<\/p>\n<p> Quoi qu\u2019il en soit, le design s\u00e9duisant de ce v\u00e9hicule sans nom se distingue par un long empattement de 3\u00a0m, des porte-\u00e0-faux avant et arri\u00e8re tr\u00e8s courts et des r\u00e9troviseurs inspir\u00e9s des motos de course. Ses portes se d\u00e9ploient en \u00e9lytre \u00e0 l\u2019avant et en aile de papillon \u00e0 l\u2019arri\u00e8re. Elles d\u00e9couvrent un habitacle qu\u2019on dit si spacieux que quatre joueurs de basketball de la NBA pourraient y trouver le confort voulu, affirme le constructeur\u00a0!<br \/> Signature visuelle unique<br \/> La forme fluide de la carrosserie monocoque faite de fibre de carbone a \u00e9t\u00e9 esquiss\u00e9e sous la direction de <a href=\"https:\/\/annuelauto.ca\/lamborghini-aventador-2017\/\" target=\"_blank\" rel=\"noopener noreferrer\">Filippo Perini<\/a>, un ancien de <a href=\"https:\/\/annuelauto.ca\/1er-novembre-1972-lamborghini-presente-lurraco\/\" target=\"_blank\" rel=\"noopener noreferrer\">Lamborghini<\/a>. Elle est accentu\u00e9e par ses phares minces et allong\u00e9s qui se marient \u00e0 des bandes d\u2019\u00e9clairage diurnes \u00e0 diodes<\/p>\n","protected":false},"excerpt":{"rendered":"<p>Aehra, le fabricant italien en devenir de v\u00e9hicules \u00e9lectriques haut de gamme, a d\u00e9voil\u00e9 le prototype de son premier mod\u00e8le. Comme promis, il s\u2019agit d\u2019un utilitaire; un v\u00e9hicule qui ne ressemble cependant en rien aux utilitaires classiques. Ce prototype a \u00e9t\u00e9 pr\u00e9sent\u00e9 \u00e0 la presse \u00e0 Milan, ville o\u00f9 se trouve le si\u00e8ge social d\u2019Aehra, [&hellip;]<\/p>\n","protected":false},"author":8,"featured_media":136333,"comment_status":"close","ping_status":"closed","sticky":false,"template":"","format":"standard","meta":{"_monsterinsights_skip_tracking":false,"_monsterinsights_sitenote_active":false,"_monsterinsights_sitenote_note":"","_monsterinsights_sitenote_category":0,"footnotes":""},"categories":[101],"tags":[],"yoast_head":"<!-- This site is optimized with the Yoast SEO plugin v23.2 - https:\/\/yoast.com\/wordpress\/plugins\/seo\/ -->\n<title>Aehra d\u00e9voile un VUS qui ne ressemble en rien \u00e0 un VUS - CanadaMotorJobs.com<\/title>\n<meta name=\"description\" content=\"Aehra d\u00e9voile un VUS qui ne ressemble en rien \u00e0 un VUS - Benoit Charette - Annuel automobile - CanadaMotorJobs.com.\" \/>\n<meta name=\"robots\" content=\"index, follow, max-snippet:-1, max-image-preview:large, max-video-preview:-1\" \/>\n<meta property=\"og:locale\" content=\"fr_CA\" \/>\n<meta property=\"og:type\" content=\"article\" \/>\n<meta property=\"og:title\" content=\"Aehra d\u00e9voile un VUS qui ne ressemble en rien \u00e0 un VUS - CanadaMotorJobs.com\" \/>\n<meta property=\"og:description\" content=\"Aehra d\u00e9voile un VUS qui ne ressemble en rien \u00e0 un VUS - Benoit Charette - Annuel automobile - CanadaMotorJobs.com.\" \/>\n<meta property=\"og:url\" content=\"https:\/\/news.canadamotorjobs.com\/fr\/aehra-devoile-un-vus-qui-ne-ressemble-en-rien-a-un-vus\/\" \/>\n<meta property=\"og:site_name\" content=\"CanadaMotorJobs.com\" \/>\n<meta property=\"article:publisher\" content=\"https:\/\/www.facebook.com\/canadamotorjobs\/\" \/>\n<meta property=\"article:published_time\" content=\"2022-11-10T14:00:53+00:00\" \/>\n<meta property=\"article:modified_time\" content=\"2022-11-10T15:43:41+00:00\" \/>\n<meta property=\"og:image\" content=\"https:\/\/news.canadamotorjobs.com\/wp-content\/uploads\/2022\/11\/Aehra-VUS-5-1.jpg\" \/>\n\t<meta property=\"og:image:width\" content=\"1500\" \/>\n\t<meta property=\"og:image:height\" content=\"1000\" \/>\n\t<meta property=\"og:image:type\" content=\"image\/jpeg\" \/>\n<meta name=\"author\" content=\"Benoit Charette\" \/>\n<meta name=\"twitter:card\" content=\"summary_large_image\" \/>\n<meta name=\"twitter:creator\" content=\"@canadamotorjobs\" \/>\n<meta name=\"twitter:site\" content=\"@canadamotorjobs\" \/>\n<meta name=\"twitter:label1\" content=\"\u00c9crit par\" \/>\n\t<meta name=\"twitter:data1\" content=\"Benoit Charette\" \/>\n\t<meta name=\"twitter:label2\" content=\"Estimation du temps de lecture\" \/>\n\t<meta name=\"twitter:data2\" content=\"1 minute\" \/>\n<!-- \/ Yoast SEO plugin. -->","yoast_head_json":{"title":"Aehra d\u00e9voile un VUS qui ne ressemble en rien \u00e0 un VUS - CanadaMotorJobs.com","description":"Aehra d\u00e9voile un VUS qui ne ressemble en rien \u00e0 un VUS - Benoit Charette - Annuel automobile - CanadaMotorJobs.com.","robots":{"index":"index","follow":"follow","max-snippet":"max-snippet:-1","max-image-preview":"max-image-preview:large","max-video-preview":"max-video-preview:-1"},"og_locale":"fr_CA","og_type":"article","og_title":"Aehra d\u00e9voile un VUS qui ne ressemble en rien \u00e0 un VUS - CanadaMotorJobs.com","og_description":"Aehra d\u00e9voile un VUS qui ne ressemble en rien \u00e0 un VUS - Benoit Charette - Annuel automobile - CanadaMotorJobs.com.","og_url":"https:\/\/news.canadamotorjobs.com\/fr\/aehra-devoile-un-vus-qui-ne-ressemble-en-rien-a-un-vus\/","og_site_name":"CanadaMotorJobs.com","article_publisher":"https:\/\/www.facebook.com\/canadamotorjobs\/","article_published_time":"2022-11-10T14:00:53+00:00","article_modified_time":"2022-11-10T15:43:41+00:00","og_image":[{"width":1500,"height":1000,"url":"https:\/\/news.canadamotorjobs.com\/wp-content\/uploads\/2022\/11\/Aehra-VUS-5-1.jpg","type":"image\/jpeg"}],"author":"Benoit Charette","twitter_card":"summary_large_image","twitter_creator":"@canadamotorjobs","twitter_site":"@canadamotorjobs","twitter_misc":{"\u00c9crit par":"Benoit Charette","Estimation du temps de lecture":"1 minute"},"schema":{"@context":"https:\/\/schema.org","@graph":[{"@type":"Article","@id":"https:\/\/news.canadamotorjobs.com\/fr\/aehra-devoile-un-vus-qui-ne-ressemble-en-rien-a-un-vus\/#article","isPartOf":{"@id":"https:\/\/news.canadamotorjobs.com\/fr\/aehra-devoile-un-vus-qui-ne-ressemble-en-rien-a-un-vus\/"},"author":{"name":"Benoit Charette","@id":"https:\/\/news.canadamotorjobs.com\/#\/schema\/person\/51793d1f87d44011d7bcc2ed99269a90"},"headline":"Aehra d\u00e9voile un VUS qui ne ressemble en rien \u00e0 un VUS","datePublished":"2022-11-10T14:00:53+00:00","dateModified":"2022-11-10T15:43:41+00:00","mainEntityOfPage":{"@id":"https:\/\/news.canadamotorjobs.com\/fr\/aehra-devoile-un-vus-qui-ne-ressemble-en-rien-a-un-vus\/"},"wordCount":291,"publisher":{"@id":"https:\/\/news.canadamotorjobs.com\/#organization"},"image":{"@id":"https:\/\/news.canadamotorjobs.com\/fr\/aehra-devoile-un-vus-qui-ne-ressemble-en-rien-a-un-vus\/#primaryimage"},"thumbnailUrl":"https:\/\/news.canadamotorjobs.com\/wp-content\/uploads\/2022\/11\/Aehra-VUS-5-1.jpg","articleSection":["Annuel automobile"],"inLanguage":"fr-CA"},{"@type":"WebPage","@id":"https:\/\/news.canadamotorjobs.com\/fr\/aehra-devoile-un-vus-qui-ne-ressemble-en-rien-a-un-vus\/","url":"https:\/\/news.canadamotorjobs.com\/fr\/aehra-devoile-un-vus-qui-ne-ressemble-en-rien-a-un-vus\/","name":"Aehra d\u00e9voile un VUS qui ne ressemble en rien \u00e0 un VUS - CanadaMotorJobs.com","isPartOf":{"@id":"https:\/\/news.canadamotorjobs.com\/#website"},"primaryImageOfPage":{"@id":"https:\/\/news.canadamotorjobs.com\/fr\/aehra-devoile-un-vus-qui-ne-ressemble-en-rien-a-un-vus\/#primaryimage"},"image":{"@id":"https:\/\/news.canadamotorjobs.com\/fr\/aehra-devoile-un-vus-qui-ne-ressemble-en-rien-a-un-vus\/#primaryimage"},"thumbnailUrl":"https:\/\/news.canadamotorjobs.com\/wp-content\/uploads\/2022\/11\/Aehra-VUS-5-1.jpg","datePublished":"2022-11-10T14:00:53+00:00","dateModified":"2022-11-10T15:43:41+00:00","description":"Aehra d\u00e9voile un VUS qui ne ressemble en rien \u00e0 un VUS - Benoit Charette - Annuel automobile - CanadaMotorJobs.com.","breadcrumb":{"@id":"https:\/\/news.canadamotorjobs.com\/fr\/aehra-devoile-un-vus-qui-ne-ressemble-en-rien-a-un-vus\/#breadcrumb"},"inLanguage":"fr-CA","potentialAction":[{"@type":"ReadAction","target":["https:\/\/news.canadamotorjobs.com\/fr\/aehra-devoile-un-vus-qui-ne-ressemble-en-rien-a-un-vus\/"]}]},{"@type":"ImageObject","inLanguage":"fr-CA","@id":"https:\/\/news.canadamotorjobs.com\/fr\/aehra-devoile-un-vus-qui-ne-ressemble-en-rien-a-un-vus\/#primaryimage","url":"https:\/\/news.canadamotorjobs.com\/wp-content\/uploads\/2022\/11\/Aehra-VUS-5-1.jpg","contentUrl":"https:\/\/news.canadamotorjobs.com\/wp-content\/uploads\/2022\/11\/Aehra-VUS-5-1.jpg","width":1500,"height":1000},{"@type":"BreadcrumbList","@id":"https:\/\/news.canadamotorjobs.com\/fr\/aehra-devoile-un-vus-qui-ne-ressemble-en-rien-a-un-vus\/#breadcrumb","itemListElement":[{"@type":"ListItem","position":1,"name":"Home","item":"https:\/\/news.canadamotorjobs.com\/fr\/blog\/"},{"@type":"ListItem","position":2,"name":"Aehra d\u00e9voile un VUS qui ne ressemble en rien \u00e0 un VUS"}]},{"@type":"WebSite","@id":"https:\/\/news.canadamotorjobs.com\/#website","url":"https:\/\/news.canadamotorjobs.com\/","name":"CanadaMotorJobs.com","description":"Automotive Jobs","publisher":{"@id":"https:\/\/news.canadamotorjobs.com\/#organization"},"potentialAction":[{"@type":"SearchAction","target":{"@type":"EntryPoint","urlTemplate":"https:\/\/news.canadamotorjobs.com\/?s={search_term_string}"},"query-input":"required name=search_term_string"}],"inLanguage":"fr-CA"},{"@type":"Organization","@id":"https:\/\/news.canadamotorjobs.com\/#organization","name":"Canada Motor Jobs","url":"https:\/\/news.canadamotorjobs.com\/","logo":{"@type":"ImageObject","inLanguage":"fr-CA","@id":"https:\/\/news.canadamotorjobs.com\/#\/schema\/logo\/image\/","url":"https:\/\/news.canadamotorjobs.com\/wp-content\/uploads\/2022\/10\/logo-canada-motor-jobs-1.png","contentUrl":"https:\/\/news.canadamotorjobs.com\/wp-content\/uploads\/2022\/10\/logo-canada-motor-jobs-1.png","width":800,"height":400,"caption":"Canada Motor Jobs"},"image":{"@id":"https:\/\/news.canadamotorjobs.com\/#\/schema\/logo\/image\/"},"sameAs":["https:\/\/www.facebook.com\/canadamotorjobs\/","https:\/\/x.com\/canadamotorjobs","https:\/\/www.instagram.com\/canadamotorjobs\/","https:\/\/www.linkedin.com\/company\/canadamotorjobs"]},{"@type":"Person","@id":"https:\/\/news.canadamotorjobs.com\/#\/schema\/person\/51793d1f87d44011d7bcc2ed99269a90","name":"Benoit Charette","image":{"@type":"ImageObject","inLanguage":"fr-CA","@id":"https:\/\/news.canadamotorjobs.com\/#\/schema\/person\/image\/","url":"https:\/\/secure.gravatar.com\/avatar\/45f3d2eebcccd909668d7ce7ea7267b6?s=96&d=mm&r=g","contentUrl":"https:\/\/secure.gravatar.com\/avatar\/45f3d2eebcccd909668d7ce7ea7267b6?s=96&d=mm&r=g","caption":"Benoit Charette"},"description":"Benoit Charette \/ Propri\u00e9taire et r\u00e9dacteur en chef Benoit Charette pratique le journalisme automobile depuis bient\u00f4t 30 ans. Il a fait ses classes au c\u00f4t\u00e9 de Daniel H\u00e9raud et au Carnet de route de 1992 \u00e0 2001. Il est fondateur, copropri\u00e9taire et r\u00e9dacteur en chef de L\u2019Annuel de l\u2019automobile, qu\u2019il publie depuis 2001. Il a anim\u00e9 les \u00e9missions RPM et RPM+ sur V et les L\u00e9gendes de la route sur Historia. \u00c0 la radio depuis 1986, il reprend l\u2019antenne cette ann\u00e9e sur les ondes de Cogeco et participe pour la deuxi\u00e8me ann\u00e9e \u00e0 l\u2019\u00e9mission Passion Auto sur RDS en plus de mettre en ligne le site Web officiel de L\u2019Annuel de l\u2019automobile sur annuelauto.ca.","sameAs":["https:\/\/annuelauto.ca\/"],"url":"https:\/\/news.canadamotorjobs.com\/fr\/author\/benoit-charette\/"}]}},"_links":{"self":[{"href":"https:\/\/news.canadamotorjobs.com\/fr\/wp-json\/wp\/v2\/posts\/136329"}],"collection":[{"href":"https:\/\/news.canadamotorjobs.com\/fr\/wp-json\/wp\/v2\/posts"}],"about":[{"href":"https:\/\/news.canadamotorjobs.com\/fr\/wp-json\/wp\/v2\/types\/post"}],"author":[{"embeddable":true,"href":"https:\/\/news.canadamotorjobs.com\/fr\/wp-json\/wp\/v2\/users\/8"}],"replies":[{"embeddable":true,"href":"https:\/\/news.canadamotorjobs.com\/fr\/wp-json\/wp\/v2\/comments?post=136329"}],"version-history":[{"count":0,"href":"https:\/\/news.canadamotorjobs.com\/fr\/wp-json\/wp\/v2\/posts\/136329\/revisions"}],"wp:featuredmedia":[{"embeddable":true,"href":"https:\/\/news.canadamotorjobs.com\/fr\/wp-json\/wp\/v2\/media\/136333"}],"wp:attachment":[{"href":"https:\/\/news.canadamotorjobs.com\/fr\/wp-json\/wp\/v2\/media?parent=136329"}],"wp:term":[{"taxonomy":"category","embeddable":true,"href":"https:\/\/news.canadamotorjobs.com\/fr\/wp-json\/wp\/v2\/categories?post=136329"},{"taxonomy":"post_tag","embeddable":true,"href":"https:\/\/news.canadamotorjobs.com\/fr\/wp-json\/wp\/v2\/tags?post=136329"}],"curies":[{"name":"wp","href":"https:\/\/api.w.org\/{rel}","templated":true}]}}