{"id":136321,"date":"2022-11-09T10:19:30","date_gmt":"2022-11-09T15:19:30","guid":{"rendered":"https:\/\/news.canadamotorjobs.com\/les-voitures-neuves-sentassent-dans-les-ports-allemand-faute-de-bateaux\/"},"modified":"2022-11-09T10:30:01","modified_gmt":"2022-11-09T15:30:01","slug":"les-voitures-neuves-sentassent-dans-les-ports-allemand-faute-de-bateaux","status":"publish","type":"post","link":"https:\/\/news.canadamotorjobs.com\/fr\/les-voitures-neuves-sentassent-dans-les-ports-allemand-faute-de-bateaux\/","title":{"rendered":"Les voitures neuves s\u2019entassent dans les ports allemand, faute de bateaux"},"content":{"rendered":"<\/p>\n<p>Le port allemand de Bremerhaven est confront\u00e9 \u00e0 d&#8217;importants probl\u00e8mes de congestion, avec des voitures qui encombrent la zone en attendant d&#8217;\u00eatre exp\u00e9di\u00e9es vers l\u2019Am\u00e9rique du Nord et d&#8217;autres grands march\u00e9s dans le monde. Cette situation, associ\u00e9e \u00e0 une forte demande de v\u00e9hicules et \u00e0 des temps d&#8217;attente d\u00e9j\u00e0 longs pour les nouveaux mod\u00e8les, ne fait qu&#8217;exacerber les probl\u00e8mes d&#8217;approvisionnement d\u00e9clench\u00e9s par la pand\u00e9mie de 2020.<br \/> Une temp\u00eate parfaite<br \/> De multiples probl\u00e8mes se sont combin\u00e9s pour cr\u00e9er une temp\u00eate parfaite qui encombre le port. Bremerhaven est confront\u00e9 \u00e0 un manque de chauffeurs pour faire sortir les cargaisons du port. Le port manque de chauffeurs de camions pour transporter les conteneurs, ainsi que de chauffeurs de rouliers pour d\u00e9barquer les v\u00e9hicules des navires. \u00a0Un flot de v\u00e9hicules de Stellantis, Tesla, BMW, Renault et Volvo, entre autres, s&#8217;entasse dans les installations. L&#8217;espace au terminal d&#8217;exp\u00e9dition est \u00e9galement rare en ce moment, en raison des exercices militaires en cours dans certaines zones.<br \/> Et en plus, il n\u2019y a pas de bateau<br \/> La cerise sur le sundea est le manque de transporteurs maritimes de v\u00e9hicules ne fait qu&#8217;aggraver le probl\u00e8me. Le probl\u00e8me est tel qu&#8217;il a forc\u00e9 la compagnie maritime Wallenius Wilhelmsen \u00e0 refuser les r\u00e9servations pour les exp\u00e9ditions de voitures vers l\u2019Am\u00e9rique du Nord en octobre et novembre. Les exportations de d\u00e9cembre pourraient \u00e9galement \u00eatre annul\u00e9es si la situation ne s&#8217;am\u00e9liore pas, selon l&#8217;analyse des donn\u00e9es maritimes r\u00e9alis\u00e9e par VesselsValue.<br \/> On cherche des navires<br \/> La soci\u00e9t\u00e9 estime qu&#8217;il manque 13 navires \u00e0 la<\/p>\n","protected":false},"excerpt":{"rendered":"<p>Le port allemand de Bremerhaven est confront\u00e9 \u00e0 d&#8217;importants probl\u00e8mes de congestion, avec des voitures qui encombrent la zone en attendant d&#8217;\u00eatre exp\u00e9di\u00e9es vers l\u2019Am\u00e9rique du Nord et d&#8217;autres grands march\u00e9s dans le monde. Cette situation, associ\u00e9e \u00e0 une forte demande de v\u00e9hicules et \u00e0 des temps d&#8217;attente d\u00e9j\u00e0 longs pour les nouveaux mod\u00e8les, ne [&hellip;]<\/p>\n","protected":false},"author":8,"featured_media":136325,"comment_status":"close","ping_status":"closed","sticky":false,"template":"","format":"standard","meta":{"_monsterinsights_skip_tracking":false,"_monsterinsights_sitenote_active":false,"_monsterinsights_sitenote_note":"","_monsterinsights_sitenote_category":0,"footnotes":""},"categories":[101],"tags":[],"yoast_head":"<!-- This site is optimized with the Yoast SEO plugin v23.2 - https:\/\/yoast.com\/wordpress\/plugins\/seo\/ -->\n<title>Les voitures neuves s\u2019entassent dans les ports allemand, faute de bateaux - CanadaMotorJobs.com<\/title>\n<meta name=\"description\" content=\"Les voitures neuves s\u2019entassent dans les ports allemand, faute de bateaux - Benoit Charette - Annuel automobile - CanadaMotorJobs.com.\" \/>\n<meta name=\"robots\" content=\"index, follow, max-snippet:-1, max-image-preview:large, max-video-preview:-1\" \/>\n<meta property=\"og:locale\" content=\"fr_CA\" \/>\n<meta property=\"og:type\" content=\"article\" \/>\n<meta property=\"og:title\" content=\"Les voitures neuves s\u2019entassent dans les ports allemand, faute de bateaux - CanadaMotorJobs.com\" \/>\n<meta property=\"og:description\" content=\"Les voitures neuves s\u2019entassent dans les ports allemand, faute de bateaux - Benoit Charette - Annuel automobile - CanadaMotorJobs.com.\" \/>\n<meta property=\"og:url\" content=\"https:\/\/news.canadamotorjobs.com\/fr\/les-voitures-neuves-sentassent-dans-les-ports-allemand-faute-de-bateaux\/\" \/>\n<meta property=\"og:site_name\" content=\"CanadaMotorJobs.com\" \/>\n<meta property=\"article:publisher\" content=\"https:\/\/www.facebook.com\/canadamotorjobs\/\" \/>\n<meta property=\"article:published_time\" content=\"2022-11-09T15:19:30+00:00\" \/>\n<meta property=\"article:modified_time\" content=\"2022-11-09T15:30:01+00:00\" \/>\n<meta property=\"og:image\" content=\"https:\/\/news.canadamotorjobs.com\/wp-content\/uploads\/2022\/11\/BLG-Bremerhaven-1.jpg\" \/>\n\t<meta property=\"og:image:width\" content=\"1024\" \/>\n\t<meta property=\"og:image:height\" content=\"768\" \/>\n\t<meta property=\"og:image:type\" content=\"image\/jpeg\" \/>\n<meta name=\"author\" content=\"Benoit Charette\" \/>\n<meta name=\"twitter:card\" content=\"summary_large_image\" \/>\n<meta name=\"twitter:creator\" content=\"@canadamotorjobs\" \/>\n<meta name=\"twitter:site\" content=\"@canadamotorjobs\" \/>\n<meta name=\"twitter:label1\" content=\"\u00c9crit par\" \/>\n\t<meta name=\"twitter:data1\" content=\"Benoit Charette\" \/>\n\t<meta name=\"twitter:label2\" content=\"Estimation du temps de lecture\" \/>\n\t<meta name=\"twitter:data2\" content=\"1 minute\" \/>\n<!-- \/ Yoast SEO plugin. -->","yoast_head_json":{"title":"Les voitures neuves s\u2019entassent dans les ports allemand, faute de bateaux - CanadaMotorJobs.com","description":"Les voitures neuves s\u2019entassent dans les ports allemand, faute de bateaux - Benoit Charette - Annuel automobile - CanadaMotorJobs.com.","robots":{"index":"index","follow":"follow","max-snippet":"max-snippet:-1","max-image-preview":"max-image-preview:large","max-video-preview":"max-video-preview:-1"},"og_locale":"fr_CA","og_type":"article","og_title":"Les voitures neuves s\u2019entassent dans les ports allemand, faute de bateaux - CanadaMotorJobs.com","og_description":"Les voitures neuves s\u2019entassent dans les ports allemand, faute de bateaux - Benoit Charette - Annuel automobile - CanadaMotorJobs.com.","og_url":"https:\/\/news.canadamotorjobs.com\/fr\/les-voitures-neuves-sentassent-dans-les-ports-allemand-faute-de-bateaux\/","og_site_name":"CanadaMotorJobs.com","article_publisher":"https:\/\/www.facebook.com\/canadamotorjobs\/","article_published_time":"2022-11-09T15:19:30+00:00","article_modified_time":"2022-11-09T15:30:01+00:00","og_image":[{"width":1024,"height":768,"url":"https:\/\/news.canadamotorjobs.com\/wp-content\/uploads\/2022\/11\/BLG-Bremerhaven-1.jpg","type":"image\/jpeg"}],"author":"Benoit Charette","twitter_card":"summary_large_image","twitter_creator":"@canadamotorjobs","twitter_site":"@canadamotorjobs","twitter_misc":{"\u00c9crit par":"Benoit Charette","Estimation du temps de lecture":"1 minute"},"schema":{"@context":"https:\/\/schema.org","@graph":[{"@type":"Article","@id":"https:\/\/news.canadamotorjobs.com\/fr\/les-voitures-neuves-sentassent-dans-les-ports-allemand-faute-de-bateaux\/#article","isPartOf":{"@id":"https:\/\/news.canadamotorjobs.com\/fr\/les-voitures-neuves-sentassent-dans-les-ports-allemand-faute-de-bateaux\/"},"author":{"name":"Benoit Charette","@id":"https:\/\/news.canadamotorjobs.com\/#\/schema\/person\/51793d1f87d44011d7bcc2ed99269a90"},"headline":"Les voitures neuves s\u2019entassent dans les ports allemand, faute de bateaux","datePublished":"2022-11-09T15:19:30+00:00","dateModified":"2022-11-09T15:30:01+00:00","mainEntityOfPage":{"@id":"https:\/\/news.canadamotorjobs.com\/fr\/les-voitures-neuves-sentassent-dans-les-ports-allemand-faute-de-bateaux\/"},"wordCount":306,"publisher":{"@id":"https:\/\/news.canadamotorjobs.com\/#organization"},"image":{"@id":"https:\/\/news.canadamotorjobs.com\/fr\/les-voitures-neuves-sentassent-dans-les-ports-allemand-faute-de-bateaux\/#primaryimage"},"thumbnailUrl":"https:\/\/news.canadamotorjobs.com\/wp-content\/uploads\/2022\/11\/BLG-Bremerhaven-1.jpg","articleSection":["Annuel automobile"],"inLanguage":"fr-CA"},{"@type":"WebPage","@id":"https:\/\/news.canadamotorjobs.com\/fr\/les-voitures-neuves-sentassent-dans-les-ports-allemand-faute-de-bateaux\/","url":"https:\/\/news.canadamotorjobs.com\/fr\/les-voitures-neuves-sentassent-dans-les-ports-allemand-faute-de-bateaux\/","name":"Les voitures neuves s\u2019entassent dans les ports allemand, faute de bateaux - CanadaMotorJobs.com","isPartOf":{"@id":"https:\/\/news.canadamotorjobs.com\/#website"},"primaryImageOfPage":{"@id":"https:\/\/news.canadamotorjobs.com\/fr\/les-voitures-neuves-sentassent-dans-les-ports-allemand-faute-de-bateaux\/#primaryimage"},"image":{"@id":"https:\/\/news.canadamotorjobs.com\/fr\/les-voitures-neuves-sentassent-dans-les-ports-allemand-faute-de-bateaux\/#primaryimage"},"thumbnailUrl":"https:\/\/news.canadamotorjobs.com\/wp-content\/uploads\/2022\/11\/BLG-Bremerhaven-1.jpg","datePublished":"2022-11-09T15:19:30+00:00","dateModified":"2022-11-09T15:30:01+00:00","description":"Les voitures neuves s\u2019entassent dans les ports allemand, faute de bateaux - Benoit Charette - Annuel automobile - CanadaMotorJobs.com.","breadcrumb":{"@id":"https:\/\/news.canadamotorjobs.com\/fr\/les-voitures-neuves-sentassent-dans-les-ports-allemand-faute-de-bateaux\/#breadcrumb"},"inLanguage":"fr-CA","potentialAction":[{"@type":"ReadAction","target":["https:\/\/news.canadamotorjobs.com\/fr\/les-voitures-neuves-sentassent-dans-les-ports-allemand-faute-de-bateaux\/"]}]},{"@type":"ImageObject","inLanguage":"fr-CA","@id":"https:\/\/news.canadamotorjobs.com\/fr\/les-voitures-neuves-sentassent-dans-les-ports-allemand-faute-de-bateaux\/#primaryimage","url":"https:\/\/news.canadamotorjobs.com\/wp-content\/uploads\/2022\/11\/BLG-Bremerhaven-1.jpg","contentUrl":"https:\/\/news.canadamotorjobs.com\/wp-content\/uploads\/2022\/11\/BLG-Bremerhaven-1.jpg","width":1024,"height":768},{"@type":"BreadcrumbList","@id":"https:\/\/news.canadamotorjobs.com\/fr\/les-voitures-neuves-sentassent-dans-les-ports-allemand-faute-de-bateaux\/#breadcrumb","itemListElement":[{"@type":"ListItem","position":1,"name":"Home","item":"https:\/\/news.canadamotorjobs.com\/fr\/blog\/"},{"@type":"ListItem","position":2,"name":"Les voitures neuves s\u2019entassent dans les ports allemand, faute de bateaux"}]},{"@type":"WebSite","@id":"https:\/\/news.canadamotorjobs.com\/#website","url":"https:\/\/news.canadamotorjobs.com\/","name":"CanadaMotorJobs.com","description":"Automotive Jobs","publisher":{"@id":"https:\/\/news.canadamotorjobs.com\/#organization"},"potentialAction":[{"@type":"SearchAction","target":{"@type":"EntryPoint","urlTemplate":"https:\/\/news.canadamotorjobs.com\/?s={search_term_string}"},"query-input":"required name=search_term_string"}],"inLanguage":"fr-CA"},{"@type":"Organization","@id":"https:\/\/news.canadamotorjobs.com\/#organization","name":"Canada Motor Jobs","url":"https:\/\/news.canadamotorjobs.com\/","logo":{"@type":"ImageObject","inLanguage":"fr-CA","@id":"https:\/\/news.canadamotorjobs.com\/#\/schema\/logo\/image\/","url":"https:\/\/news.canadamotorjobs.com\/wp-content\/uploads\/2022\/10\/logo-canada-motor-jobs-1.png","contentUrl":"https:\/\/news.canadamotorjobs.com\/wp-content\/uploads\/2022\/10\/logo-canada-motor-jobs-1.png","width":800,"height":400,"caption":"Canada Motor Jobs"},"image":{"@id":"https:\/\/news.canadamotorjobs.com\/#\/schema\/logo\/image\/"},"sameAs":["https:\/\/www.facebook.com\/canadamotorjobs\/","https:\/\/x.com\/canadamotorjobs","https:\/\/www.instagram.com\/canadamotorjobs\/","https:\/\/www.linkedin.com\/company\/canadamotorjobs"]},{"@type":"Person","@id":"https:\/\/news.canadamotorjobs.com\/#\/schema\/person\/51793d1f87d44011d7bcc2ed99269a90","name":"Benoit Charette","image":{"@type":"ImageObject","inLanguage":"fr-CA","@id":"https:\/\/news.canadamotorjobs.com\/#\/schema\/person\/image\/","url":"https:\/\/secure.gravatar.com\/avatar\/45f3d2eebcccd909668d7ce7ea7267b6?s=96&d=mm&r=g","contentUrl":"https:\/\/secure.gravatar.com\/avatar\/45f3d2eebcccd909668d7ce7ea7267b6?s=96&d=mm&r=g","caption":"Benoit Charette"},"description":"Benoit Charette \/ Propri\u00e9taire et r\u00e9dacteur en chef Benoit Charette pratique le journalisme automobile depuis bient\u00f4t 30 ans. Il a fait ses classes au c\u00f4t\u00e9 de Daniel H\u00e9raud et au Carnet de route de 1992 \u00e0 2001. Il est fondateur, copropri\u00e9taire et r\u00e9dacteur en chef de L\u2019Annuel de l\u2019automobile, qu\u2019il publie depuis 2001. Il a anim\u00e9 les \u00e9missions RPM et RPM+ sur V et les L\u00e9gendes de la route sur Historia. \u00c0 la radio depuis 1986, il reprend l\u2019antenne cette ann\u00e9e sur les ondes de Cogeco et participe pour la deuxi\u00e8me ann\u00e9e \u00e0 l\u2019\u00e9mission Passion Auto sur RDS en plus de mettre en ligne le site Web officiel de L\u2019Annuel de l\u2019automobile sur annuelauto.ca.","sameAs":["https:\/\/annuelauto.ca\/"],"url":"https:\/\/news.canadamotorjobs.com\/fr\/author\/benoit-charette\/"}]}},"_links":{"self":[{"href":"https:\/\/news.canadamotorjobs.com\/fr\/wp-json\/wp\/v2\/posts\/136321"}],"collection":[{"href":"https:\/\/news.canadamotorjobs.com\/fr\/wp-json\/wp\/v2\/posts"}],"about":[{"href":"https:\/\/news.canadamotorjobs.com\/fr\/wp-json\/wp\/v2\/types\/post"}],"author":[{"embeddable":true,"href":"https:\/\/news.canadamotorjobs.com\/fr\/wp-json\/wp\/v2\/users\/8"}],"replies":[{"embeddable":true,"href":"https:\/\/news.canadamotorjobs.com\/fr\/wp-json\/wp\/v2\/comments?post=136321"}],"version-history":[{"count":0,"href":"https:\/\/news.canadamotorjobs.com\/fr\/wp-json\/wp\/v2\/posts\/136321\/revisions"}],"wp:featuredmedia":[{"embeddable":true,"href":"https:\/\/news.canadamotorjobs.com\/fr\/wp-json\/wp\/v2\/media\/136325"}],"wp:attachment":[{"href":"https:\/\/news.canadamotorjobs.com\/fr\/wp-json\/wp\/v2\/media?parent=136321"}],"wp:term":[{"taxonomy":"category","embeddable":true,"href":"https:\/\/news.canadamotorjobs.com\/fr\/wp-json\/wp\/v2\/categories?post=136321"},{"taxonomy":"post_tag","embeddable":true,"href":"https:\/\/news.canadamotorjobs.com\/fr\/wp-json\/wp\/v2\/tags?post=136321"}],"curies":[{"name":"wp","href":"https:\/\/api.w.org\/{rel}","templated":true}]}}