{"id":136313,"date":"2022-11-09T09:53:40","date_gmt":"2022-11-09T14:53:40","guid":{"rendered":"https:\/\/news.canadamotorjobs.com\/laudi-e-tron-devient-laudi-q8-e-tron\/"},"modified":"2022-11-09T09:59:31","modified_gmt":"2022-11-09T14:59:31","slug":"laudi-e-tron-devient-laudi-q8-e-tron","status":"publish","type":"post","link":"https:\/\/news.canadamotorjobs.com\/fr\/laudi-e-tron-devient-laudi-q8-e-tron\/","title":{"rendered":"L\u2019audi E-Tron devient l\u2019Audi Q8 E-Tron"},"content":{"rendered":"<\/p>\n<p>Changement de cap pour Audi avec son mod\u00e8le \u00e9lectrique phare qui est aussi le plus ancien de la gamme. Pour 2023, l\u2019Audi E-Tron devient l\u2019Audi Q8 E-Tron. Il arrivera chez Audi au courant du 2e trimestre de 2023 sous la forme d\u2019un VUS conventionnel et en tant que Q8 Sportback E-Tron de type coup\u00e9.<br \/> Une premi\u00e8re g\u00e9n\u00e9ration \u00e0 oublier pour Audi<br \/> L\u2019E-Tron original a connu son lot de probl\u00e8mes, n\u2019a jamais attir\u00e9 le regard de la client\u00e8le et souffrait de boulimie \u00e9lectrique. Sa consommation en \u00e9lectricit\u00e9 \u00e9tait tr\u00e8s \u00e9lev\u00e9e, ce qui expliquait sans doute sa faible autonomie qui d\u00e9passait \u00e0 peine les 300\u00a0km.<br \/> Pr\u00e8s de 600 km d\u2019autonomie (en calcul europ\u00e9en)<br \/> Le Q8 E-Tron sera \u00e9quip\u00e9 de s\u00e9rie d&#8217;une batterie de 106 kwh offrant une autonomie de 361 miles pour le SUV ordinaire 580 km pour le VUS r\u00e9gulier en mode WLTP ou environ 500 km. Le mod\u00e8le coup\u00e9 s\u2019annonce \u00e0 600 km en mode WLTP. Les performances de charge ont \u00e9galement \u00e9t\u00e9 am\u00e9lior\u00e9es. Il sera possible de charger jusqu&#8217;\u00e0 170 kw, ce qui permettra de recharger la batterie de 10 \u00e0 80 % en 30 minutes environ. Les versions destin\u00e9es march\u00e9 canadien devraient comprendre un Q8 55 E-Tron et un SQ8 E-Tron, tous deux \u00e9quip\u00e9s de la batterie de 106\u00a0kwh. Le Q8 55 E-Tron est \u00e9quip\u00e9 d&#8217;un groupe motopropulseur \u00e0 deux moteurs et \u00e0 transmission int\u00e9grale d\u00e9veloppant 402 chevaux. La SQ8 E-Tron est \u00e9quip\u00e9e d&#8217;une transmission int\u00e9grale \u00e0 trois moteurs (deux moteurs \u00e0 l&#8217;arri\u00e8re et un moteur \u00e0 l&#8217;avant)<\/p>\n","protected":false},"excerpt":{"rendered":"<p>Changement de cap pour Audi avec son mod\u00e8le \u00e9lectrique phare qui est aussi le plus ancien de la gamme. Pour 2023, l\u2019Audi E-Tron devient l\u2019Audi Q8 E-Tron. Il arrivera chez Audi au courant du 2e trimestre de 2023 sous la forme d\u2019un VUS conventionnel et en tant que Q8 Sportback E-Tron de type coup\u00e9. Une [&hellip;]<\/p>\n","protected":false},"author":8,"featured_media":136317,"comment_status":"close","ping_status":"closed","sticky":false,"template":"","format":"standard","meta":{"_monsterinsights_skip_tracking":false,"_monsterinsights_sitenote_active":false,"_monsterinsights_sitenote_note":"","_monsterinsights_sitenote_category":0,"footnotes":""},"categories":[101],"tags":[],"yoast_head":"<!-- This site is optimized with the Yoast SEO plugin v23.2 - https:\/\/yoast.com\/wordpress\/plugins\/seo\/ -->\n<title>L\u2019audi E-Tron devient l\u2019Audi Q8 E-Tron - CanadaMotorJobs.com<\/title>\n<meta name=\"description\" content=\"L\u2019audi E-Tron devient l\u2019Audi Q8 E-Tron - Benoit Charette - Annuel automobile - CanadaMotorJobs.com.\" \/>\n<meta name=\"robots\" content=\"index, follow, max-snippet:-1, max-image-preview:large, max-video-preview:-1\" \/>\n<meta property=\"og:locale\" content=\"fr_CA\" \/>\n<meta property=\"og:type\" content=\"article\" \/>\n<meta property=\"og:title\" content=\"L\u2019audi E-Tron devient l\u2019Audi Q8 E-Tron - CanadaMotorJobs.com\" \/>\n<meta property=\"og:description\" content=\"L\u2019audi E-Tron devient l\u2019Audi Q8 E-Tron - Benoit Charette - Annuel automobile - CanadaMotorJobs.com.\" \/>\n<meta property=\"og:url\" content=\"https:\/\/news.canadamotorjobs.com\/fr\/laudi-e-tron-devient-laudi-q8-e-tron\/\" \/>\n<meta property=\"og:site_name\" content=\"CanadaMotorJobs.com\" \/>\n<meta property=\"article:publisher\" content=\"https:\/\/www.facebook.com\/canadamotorjobs\/\" \/>\n<meta property=\"article:published_time\" content=\"2022-11-09T14:53:40+00:00\" \/>\n<meta property=\"article:modified_time\" content=\"2022-11-09T14:59:31+00:00\" \/>\n<meta property=\"og:image\" content=\"https:\/\/news.canadamotorjobs.com\/wp-content\/uploads\/2022\/11\/A226016_large-1.jpeg\" \/>\n\t<meta property=\"og:image:width\" content=\"1500\" \/>\n\t<meta property=\"og:image:height\" content=\"1000\" \/>\n\t<meta property=\"og:image:type\" content=\"image\/jpeg\" \/>\n<meta name=\"author\" content=\"Benoit Charette\" \/>\n<meta name=\"twitter:card\" content=\"summary_large_image\" \/>\n<meta name=\"twitter:creator\" content=\"@canadamotorjobs\" \/>\n<meta name=\"twitter:site\" content=\"@canadamotorjobs\" \/>\n<meta name=\"twitter:label1\" content=\"\u00c9crit par\" \/>\n\t<meta name=\"twitter:data1\" content=\"Benoit Charette\" \/>\n\t<meta name=\"twitter:label2\" content=\"Estimation du temps de lecture\" \/>\n\t<meta name=\"twitter:data2\" content=\"1 minute\" \/>\n<!-- \/ Yoast SEO plugin. -->","yoast_head_json":{"title":"L\u2019audi E-Tron devient l\u2019Audi Q8 E-Tron - CanadaMotorJobs.com","description":"L\u2019audi E-Tron devient l\u2019Audi Q8 E-Tron - Benoit Charette - Annuel automobile - CanadaMotorJobs.com.","robots":{"index":"index","follow":"follow","max-snippet":"max-snippet:-1","max-image-preview":"max-image-preview:large","max-video-preview":"max-video-preview:-1"},"og_locale":"fr_CA","og_type":"article","og_title":"L\u2019audi E-Tron devient l\u2019Audi Q8 E-Tron - CanadaMotorJobs.com","og_description":"L\u2019audi E-Tron devient l\u2019Audi Q8 E-Tron - Benoit Charette - Annuel automobile - CanadaMotorJobs.com.","og_url":"https:\/\/news.canadamotorjobs.com\/fr\/laudi-e-tron-devient-laudi-q8-e-tron\/","og_site_name":"CanadaMotorJobs.com","article_publisher":"https:\/\/www.facebook.com\/canadamotorjobs\/","article_published_time":"2022-11-09T14:53:40+00:00","article_modified_time":"2022-11-09T14:59:31+00:00","og_image":[{"width":1500,"height":1000,"url":"https:\/\/news.canadamotorjobs.com\/wp-content\/uploads\/2022\/11\/A226016_large-1.jpeg","type":"image\/jpeg"}],"author":"Benoit Charette","twitter_card":"summary_large_image","twitter_creator":"@canadamotorjobs","twitter_site":"@canadamotorjobs","twitter_misc":{"\u00c9crit par":"Benoit Charette","Estimation du temps de lecture":"1 minute"},"schema":{"@context":"https:\/\/schema.org","@graph":[{"@type":"Article","@id":"https:\/\/news.canadamotorjobs.com\/fr\/laudi-e-tron-devient-laudi-q8-e-tron\/#article","isPartOf":{"@id":"https:\/\/news.canadamotorjobs.com\/fr\/laudi-e-tron-devient-laudi-q8-e-tron\/"},"author":{"name":"Benoit Charette","@id":"https:\/\/news.canadamotorjobs.com\/#\/schema\/person\/51793d1f87d44011d7bcc2ed99269a90"},"headline":"L\u2019audi E-Tron devient l\u2019Audi Q8 E-Tron","datePublished":"2022-11-09T14:53:40+00:00","dateModified":"2022-11-09T14:59:31+00:00","mainEntityOfPage":{"@id":"https:\/\/news.canadamotorjobs.com\/fr\/laudi-e-tron-devient-laudi-q8-e-tron\/"},"wordCount":268,"publisher":{"@id":"https:\/\/news.canadamotorjobs.com\/#organization"},"image":{"@id":"https:\/\/news.canadamotorjobs.com\/fr\/laudi-e-tron-devient-laudi-q8-e-tron\/#primaryimage"},"thumbnailUrl":"https:\/\/news.canadamotorjobs.com\/wp-content\/uploads\/2022\/11\/A226016_large-1.jpeg","articleSection":["Annuel automobile"],"inLanguage":"fr-CA"},{"@type":"WebPage","@id":"https:\/\/news.canadamotorjobs.com\/fr\/laudi-e-tron-devient-laudi-q8-e-tron\/","url":"https:\/\/news.canadamotorjobs.com\/fr\/laudi-e-tron-devient-laudi-q8-e-tron\/","name":"L\u2019audi E-Tron devient l\u2019Audi Q8 E-Tron - CanadaMotorJobs.com","isPartOf":{"@id":"https:\/\/news.canadamotorjobs.com\/#website"},"primaryImageOfPage":{"@id":"https:\/\/news.canadamotorjobs.com\/fr\/laudi-e-tron-devient-laudi-q8-e-tron\/#primaryimage"},"image":{"@id":"https:\/\/news.canadamotorjobs.com\/fr\/laudi-e-tron-devient-laudi-q8-e-tron\/#primaryimage"},"thumbnailUrl":"https:\/\/news.canadamotorjobs.com\/wp-content\/uploads\/2022\/11\/A226016_large-1.jpeg","datePublished":"2022-11-09T14:53:40+00:00","dateModified":"2022-11-09T14:59:31+00:00","description":"L\u2019audi E-Tron devient l\u2019Audi Q8 E-Tron - Benoit Charette - Annuel automobile - CanadaMotorJobs.com.","breadcrumb":{"@id":"https:\/\/news.canadamotorjobs.com\/fr\/laudi-e-tron-devient-laudi-q8-e-tron\/#breadcrumb"},"inLanguage":"fr-CA","potentialAction":[{"@type":"ReadAction","target":["https:\/\/news.canadamotorjobs.com\/fr\/laudi-e-tron-devient-laudi-q8-e-tron\/"]}]},{"@type":"ImageObject","inLanguage":"fr-CA","@id":"https:\/\/news.canadamotorjobs.com\/fr\/laudi-e-tron-devient-laudi-q8-e-tron\/#primaryimage","url":"https:\/\/news.canadamotorjobs.com\/wp-content\/uploads\/2022\/11\/A226016_large-1.jpeg","contentUrl":"https:\/\/news.canadamotorjobs.com\/wp-content\/uploads\/2022\/11\/A226016_large-1.jpeg","width":1500,"height":1000},{"@type":"BreadcrumbList","@id":"https:\/\/news.canadamotorjobs.com\/fr\/laudi-e-tron-devient-laudi-q8-e-tron\/#breadcrumb","itemListElement":[{"@type":"ListItem","position":1,"name":"Home","item":"https:\/\/news.canadamotorjobs.com\/fr\/blog\/"},{"@type":"ListItem","position":2,"name":"L\u2019audi E-Tron devient l\u2019Audi Q8 E-Tron"}]},{"@type":"WebSite","@id":"https:\/\/news.canadamotorjobs.com\/#website","url":"https:\/\/news.canadamotorjobs.com\/","name":"CanadaMotorJobs.com","description":"Automotive Jobs","publisher":{"@id":"https:\/\/news.canadamotorjobs.com\/#organization"},"potentialAction":[{"@type":"SearchAction","target":{"@type":"EntryPoint","urlTemplate":"https:\/\/news.canadamotorjobs.com\/?s={search_term_string}"},"query-input":"required name=search_term_string"}],"inLanguage":"fr-CA"},{"@type":"Organization","@id":"https:\/\/news.canadamotorjobs.com\/#organization","name":"Canada Motor Jobs","url":"https:\/\/news.canadamotorjobs.com\/","logo":{"@type":"ImageObject","inLanguage":"fr-CA","@id":"https:\/\/news.canadamotorjobs.com\/#\/schema\/logo\/image\/","url":"https:\/\/news.canadamotorjobs.com\/wp-content\/uploads\/2022\/10\/logo-canada-motor-jobs-1.png","contentUrl":"https:\/\/news.canadamotorjobs.com\/wp-content\/uploads\/2022\/10\/logo-canada-motor-jobs-1.png","width":800,"height":400,"caption":"Canada Motor Jobs"},"image":{"@id":"https:\/\/news.canadamotorjobs.com\/#\/schema\/logo\/image\/"},"sameAs":["https:\/\/www.facebook.com\/canadamotorjobs\/","https:\/\/x.com\/canadamotorjobs","https:\/\/www.instagram.com\/canadamotorjobs\/","https:\/\/www.linkedin.com\/company\/canadamotorjobs"]},{"@type":"Person","@id":"https:\/\/news.canadamotorjobs.com\/#\/schema\/person\/51793d1f87d44011d7bcc2ed99269a90","name":"Benoit Charette","image":{"@type":"ImageObject","inLanguage":"fr-CA","@id":"https:\/\/news.canadamotorjobs.com\/#\/schema\/person\/image\/","url":"https:\/\/secure.gravatar.com\/avatar\/45f3d2eebcccd909668d7ce7ea7267b6?s=96&d=mm&r=g","contentUrl":"https:\/\/secure.gravatar.com\/avatar\/45f3d2eebcccd909668d7ce7ea7267b6?s=96&d=mm&r=g","caption":"Benoit Charette"},"description":"Benoit Charette \/ Propri\u00e9taire et r\u00e9dacteur en chef Benoit Charette pratique le journalisme automobile depuis bient\u00f4t 30 ans. Il a fait ses classes au c\u00f4t\u00e9 de Daniel H\u00e9raud et au Carnet de route de 1992 \u00e0 2001. Il est fondateur, copropri\u00e9taire et r\u00e9dacteur en chef de L\u2019Annuel de l\u2019automobile, qu\u2019il publie depuis 2001. Il a anim\u00e9 les \u00e9missions RPM et RPM+ sur V et les L\u00e9gendes de la route sur Historia. \u00c0 la radio depuis 1986, il reprend l\u2019antenne cette ann\u00e9e sur les ondes de Cogeco et participe pour la deuxi\u00e8me ann\u00e9e \u00e0 l\u2019\u00e9mission Passion Auto sur RDS en plus de mettre en ligne le site Web officiel de L\u2019Annuel de l\u2019automobile sur annuelauto.ca.","sameAs":["https:\/\/annuelauto.ca\/"],"url":"https:\/\/news.canadamotorjobs.com\/fr\/author\/benoit-charette\/"}]}},"_links":{"self":[{"href":"https:\/\/news.canadamotorjobs.com\/fr\/wp-json\/wp\/v2\/posts\/136313"}],"collection":[{"href":"https:\/\/news.canadamotorjobs.com\/fr\/wp-json\/wp\/v2\/posts"}],"about":[{"href":"https:\/\/news.canadamotorjobs.com\/fr\/wp-json\/wp\/v2\/types\/post"}],"author":[{"embeddable":true,"href":"https:\/\/news.canadamotorjobs.com\/fr\/wp-json\/wp\/v2\/users\/8"}],"replies":[{"embeddable":true,"href":"https:\/\/news.canadamotorjobs.com\/fr\/wp-json\/wp\/v2\/comments?post=136313"}],"version-history":[{"count":0,"href":"https:\/\/news.canadamotorjobs.com\/fr\/wp-json\/wp\/v2\/posts\/136313\/revisions"}],"wp:featuredmedia":[{"embeddable":true,"href":"https:\/\/news.canadamotorjobs.com\/fr\/wp-json\/wp\/v2\/media\/136317"}],"wp:attachment":[{"href":"https:\/\/news.canadamotorjobs.com\/fr\/wp-json\/wp\/v2\/media?parent=136313"}],"wp:term":[{"taxonomy":"category","embeddable":true,"href":"https:\/\/news.canadamotorjobs.com\/fr\/wp-json\/wp\/v2\/categories?post=136313"},{"taxonomy":"post_tag","embeddable":true,"href":"https:\/\/news.canadamotorjobs.com\/fr\/wp-json\/wp\/v2\/tags?post=136313"}],"curies":[{"name":"wp","href":"https:\/\/api.w.org\/{rel}","templated":true}]}}