{"id":136303,"date":"2022-11-08T16:54:51","date_gmt":"2022-11-08T21:54:51","guid":{"rendered":"https:\/\/news.canadamotorjobs.com\/la-prochaine-porsche-boxster-electrique-espionnee\/"},"modified":"2022-11-08T17:14:56","modified_gmt":"2022-11-08T22:14:56","slug":"la-prochaine-porsche-boxster-electrique-espionnee","status":"publish","type":"post","link":"https:\/\/news.canadamotorjobs.com\/fr\/la-prochaine-porsche-boxster-electrique-espionnee\/","title":{"rendered":"La prochaine Porsche Boxster \u00e9lectrique espionn\u00e9e"},"content":{"rendered":"<p>Si Porsche a fait la promesse de ne pas compl\u00e8tement \u00e9lectrifier son vaisseau amiral, la 911, elle a tout mis\u00e9 sur la prochaine Boxster. La 718 actuelle sera remplac\u00e9e par un mod\u00e8le physiquement semblable, mais tout \u00e9lectrique qui arrivera en 2024. Il semble que Porsche proc\u00e8de \u00e0 des essais routiers en ce moment.<\/p>\n<h3>Une paire de mod\u00e8les<\/h3>\n<p>Sous le nom de code\u00a0983, les biplaces \u00e9lectriques ont \u00e9t\u00e9 annonc\u00e9s par le concept de course Mission R de 2021. La Mission R pr\u00e9sentait des dispositifs a\u00e9rodynamiques tr\u00e8s agressifs et un groupe motopropulseur \u00e0 transmission int\u00e9grale d\u00e9veloppant 1000 chevaux. Les Boxster et Cayman de s\u00e9rie ne seront pas aussi sauvages.<\/p>\n<h3>Un ou deux moteurs<\/h3>\n<p>Nous anticipons que les voitures de base soient \u00e9quip\u00e9es d&#8217;un seul moteur entra\u00eenant les roues arri\u00e8re, tandis que les mod\u00e8les plus puissants recevront une transmission int\u00e9grale avec l&#8217;ajout d&#8217;un second moteur agissant sur l&#8217;essieu avant. Mais Porsche confirmera que les deux versions sont techniquement \u00e0 moteur central, car le bloc-batterie sera plac\u00e9 derri\u00e8re le conducteur, mais devant l&#8217;essieu arri\u00e8re, pour permettre une ligne de toit et une position de conduite plus basses.<\/p>\n<h3>Beaucoup de camouflage<\/h3>\n<p>Ce prototype est fortement camoufl\u00e9, avec notamment une fausse sortie d&#8217;\u00e9chappement centrale qui ne figurera pas sur la voiture de s\u00e9rie. Mais il est facile de voir \u00e0 quel point le design g\u00e9n\u00e9ral est proche de celui du concept Mission R et une belle \u00e9volution du mod\u00e8le actuel. La forme des phares \u00e0 DEL et la bande de DEL reliant les feux arri\u00e8re juste<\/p>\n","protected":false},"excerpt":{"rendered":"<p>Si Porsche a fait la promesse de ne pas compl\u00e8tement \u00e9lectrifier son vaisseau amiral, la 911, elle a tout mis\u00e9 sur la prochaine Boxster. La 718 actuelle sera remplac\u00e9e par un mod\u00e8le physiquement semblable, mais tout \u00e9lectrique qui arrivera en 2024. Il semble que Porsche proc\u00e8de \u00e0 des essais routiers en ce moment. Une paire [&hellip;]<\/p>\n","protected":false},"author":8,"featured_media":136307,"comment_status":"close","ping_status":"closed","sticky":false,"template":"","format":"standard","meta":{"_monsterinsights_skip_tracking":false,"_monsterinsights_sitenote_active":false,"_monsterinsights_sitenote_note":"","_monsterinsights_sitenote_category":0,"footnotes":""},"categories":[101],"tags":[],"yoast_head":"<!-- This site is optimized with the Yoast SEO plugin v23.2 - https:\/\/yoast.com\/wordpress\/plugins\/seo\/ -->\n<title>La prochaine Porsche Boxster \u00e9lectrique espionn\u00e9e - CanadaMotorJobs.com<\/title>\n<meta name=\"description\" content=\"La prochaine Porsche Boxster \u00e9lectrique espionn\u00e9e - Benoit Charette - Annuel automobile - CanadaMotorJobs.com.\" \/>\n<meta name=\"robots\" content=\"index, follow, max-snippet:-1, max-image-preview:large, max-video-preview:-1\" \/>\n<meta property=\"og:locale\" content=\"fr_CA\" \/>\n<meta property=\"og:type\" content=\"article\" \/>\n<meta property=\"og:title\" content=\"La prochaine Porsche Boxster \u00e9lectrique espionn\u00e9e - CanadaMotorJobs.com\" \/>\n<meta property=\"og:description\" content=\"La prochaine Porsche Boxster \u00e9lectrique espionn\u00e9e - Benoit Charette - Annuel automobile - CanadaMotorJobs.com.\" \/>\n<meta property=\"og:url\" content=\"https:\/\/news.canadamotorjobs.com\/fr\/la-prochaine-porsche-boxster-electrique-espionnee\/\" \/>\n<meta property=\"og:site_name\" content=\"CanadaMotorJobs.com\" \/>\n<meta property=\"article:publisher\" content=\"https:\/\/www.facebook.com\/canadamotorjobs\/\" \/>\n<meta property=\"article:published_time\" content=\"2022-11-08T21:54:51+00:00\" \/>\n<meta property=\"article:modified_time\" content=\"2022-11-08T22:14:56+00:00\" \/>\n<meta property=\"og:image\" content=\"https:\/\/news.canadamotorjobs.com\/wp-content\/uploads\/2022\/11\/2024-Porsche-Boxster-983-EV-00010-1.jpg\" \/>\n\t<meta property=\"og:image:width\" content=\"1920\" \/>\n\t<meta property=\"og:image:height\" content=\"1280\" \/>\n\t<meta property=\"og:image:type\" content=\"image\/jpeg\" \/>\n<meta name=\"author\" content=\"Benoit Charette\" \/>\n<meta name=\"twitter:card\" content=\"summary_large_image\" \/>\n<meta name=\"twitter:creator\" content=\"@canadamotorjobs\" \/>\n<meta name=\"twitter:site\" content=\"@canadamotorjobs\" \/>\n<meta name=\"twitter:label1\" content=\"\u00c9crit par\" \/>\n\t<meta name=\"twitter:data1\" content=\"Benoit Charette\" \/>\n\t<meta name=\"twitter:label2\" content=\"Estimation du temps de lecture\" \/>\n\t<meta name=\"twitter:data2\" content=\"2 minutes\" \/>\n<!-- \/ Yoast SEO plugin. -->","yoast_head_json":{"title":"La prochaine Porsche Boxster \u00e9lectrique espionn\u00e9e - CanadaMotorJobs.com","description":"La prochaine Porsche Boxster \u00e9lectrique espionn\u00e9e - Benoit Charette - Annuel automobile - CanadaMotorJobs.com.","robots":{"index":"index","follow":"follow","max-snippet":"max-snippet:-1","max-image-preview":"max-image-preview:large","max-video-preview":"max-video-preview:-1"},"og_locale":"fr_CA","og_type":"article","og_title":"La prochaine Porsche Boxster \u00e9lectrique espionn\u00e9e - CanadaMotorJobs.com","og_description":"La prochaine Porsche Boxster \u00e9lectrique espionn\u00e9e - Benoit Charette - Annuel automobile - CanadaMotorJobs.com.","og_url":"https:\/\/news.canadamotorjobs.com\/fr\/la-prochaine-porsche-boxster-electrique-espionnee\/","og_site_name":"CanadaMotorJobs.com","article_publisher":"https:\/\/www.facebook.com\/canadamotorjobs\/","article_published_time":"2022-11-08T21:54:51+00:00","article_modified_time":"2022-11-08T22:14:56+00:00","og_image":[{"width":1920,"height":1280,"url":"https:\/\/news.canadamotorjobs.com\/wp-content\/uploads\/2022\/11\/2024-Porsche-Boxster-983-EV-00010-1.jpg","type":"image\/jpeg"}],"author":"Benoit Charette","twitter_card":"summary_large_image","twitter_creator":"@canadamotorjobs","twitter_site":"@canadamotorjobs","twitter_misc":{"\u00c9crit par":"Benoit Charette","Estimation du temps de lecture":"2 minutes"},"schema":{"@context":"https:\/\/schema.org","@graph":[{"@type":"Article","@id":"https:\/\/news.canadamotorjobs.com\/fr\/la-prochaine-porsche-boxster-electrique-espionnee\/#article","isPartOf":{"@id":"https:\/\/news.canadamotorjobs.com\/fr\/la-prochaine-porsche-boxster-electrique-espionnee\/"},"author":{"name":"Benoit Charette","@id":"https:\/\/news.canadamotorjobs.com\/#\/schema\/person\/51793d1f87d44011d7bcc2ed99269a90"},"headline":"La prochaine Porsche Boxster \u00e9lectrique espionn\u00e9e","datePublished":"2022-11-08T21:54:51+00:00","dateModified":"2022-11-08T22:14:56+00:00","mainEntityOfPage":{"@id":"https:\/\/news.canadamotorjobs.com\/fr\/la-prochaine-porsche-boxster-electrique-espionnee\/"},"wordCount":277,"publisher":{"@id":"https:\/\/news.canadamotorjobs.com\/#organization"},"image":{"@id":"https:\/\/news.canadamotorjobs.com\/fr\/la-prochaine-porsche-boxster-electrique-espionnee\/#primaryimage"},"thumbnailUrl":"https:\/\/news.canadamotorjobs.com\/wp-content\/uploads\/2022\/11\/2024-Porsche-Boxster-983-EV-00010-1.jpg","articleSection":["Annuel automobile"],"inLanguage":"fr-CA"},{"@type":"WebPage","@id":"https:\/\/news.canadamotorjobs.com\/fr\/la-prochaine-porsche-boxster-electrique-espionnee\/","url":"https:\/\/news.canadamotorjobs.com\/fr\/la-prochaine-porsche-boxster-electrique-espionnee\/","name":"La prochaine Porsche Boxster \u00e9lectrique espionn\u00e9e - CanadaMotorJobs.com","isPartOf":{"@id":"https:\/\/news.canadamotorjobs.com\/#website"},"primaryImageOfPage":{"@id":"https:\/\/news.canadamotorjobs.com\/fr\/la-prochaine-porsche-boxster-electrique-espionnee\/#primaryimage"},"image":{"@id":"https:\/\/news.canadamotorjobs.com\/fr\/la-prochaine-porsche-boxster-electrique-espionnee\/#primaryimage"},"thumbnailUrl":"https:\/\/news.canadamotorjobs.com\/wp-content\/uploads\/2022\/11\/2024-Porsche-Boxster-983-EV-00010-1.jpg","datePublished":"2022-11-08T21:54:51+00:00","dateModified":"2022-11-08T22:14:56+00:00","description":"La prochaine Porsche Boxster \u00e9lectrique espionn\u00e9e - Benoit Charette - Annuel automobile - CanadaMotorJobs.com.","breadcrumb":{"@id":"https:\/\/news.canadamotorjobs.com\/fr\/la-prochaine-porsche-boxster-electrique-espionnee\/#breadcrumb"},"inLanguage":"fr-CA","potentialAction":[{"@type":"ReadAction","target":["https:\/\/news.canadamotorjobs.com\/fr\/la-prochaine-porsche-boxster-electrique-espionnee\/"]}]},{"@type":"ImageObject","inLanguage":"fr-CA","@id":"https:\/\/news.canadamotorjobs.com\/fr\/la-prochaine-porsche-boxster-electrique-espionnee\/#primaryimage","url":"https:\/\/news.canadamotorjobs.com\/wp-content\/uploads\/2022\/11\/2024-Porsche-Boxster-983-EV-00010-1.jpg","contentUrl":"https:\/\/news.canadamotorjobs.com\/wp-content\/uploads\/2022\/11\/2024-Porsche-Boxster-983-EV-00010-1.jpg","width":1920,"height":1280},{"@type":"BreadcrumbList","@id":"https:\/\/news.canadamotorjobs.com\/fr\/la-prochaine-porsche-boxster-electrique-espionnee\/#breadcrumb","itemListElement":[{"@type":"ListItem","position":1,"name":"Home","item":"https:\/\/news.canadamotorjobs.com\/fr\/blog\/"},{"@type":"ListItem","position":2,"name":"La prochaine Porsche Boxster \u00e9lectrique espionn\u00e9e"}]},{"@type":"WebSite","@id":"https:\/\/news.canadamotorjobs.com\/#website","url":"https:\/\/news.canadamotorjobs.com\/","name":"CanadaMotorJobs.com","description":"Automotive Jobs","publisher":{"@id":"https:\/\/news.canadamotorjobs.com\/#organization"},"potentialAction":[{"@type":"SearchAction","target":{"@type":"EntryPoint","urlTemplate":"https:\/\/news.canadamotorjobs.com\/?s={search_term_string}"},"query-input":"required name=search_term_string"}],"inLanguage":"fr-CA"},{"@type":"Organization","@id":"https:\/\/news.canadamotorjobs.com\/#organization","name":"Canada Motor Jobs","url":"https:\/\/news.canadamotorjobs.com\/","logo":{"@type":"ImageObject","inLanguage":"fr-CA","@id":"https:\/\/news.canadamotorjobs.com\/#\/schema\/logo\/image\/","url":"https:\/\/news.canadamotorjobs.com\/wp-content\/uploads\/2022\/10\/logo-canada-motor-jobs-1.png","contentUrl":"https:\/\/news.canadamotorjobs.com\/wp-content\/uploads\/2022\/10\/logo-canada-motor-jobs-1.png","width":800,"height":400,"caption":"Canada Motor Jobs"},"image":{"@id":"https:\/\/news.canadamotorjobs.com\/#\/schema\/logo\/image\/"},"sameAs":["https:\/\/www.facebook.com\/canadamotorjobs\/","https:\/\/x.com\/canadamotorjobs","https:\/\/www.instagram.com\/canadamotorjobs\/","https:\/\/www.linkedin.com\/company\/canadamotorjobs"]},{"@type":"Person","@id":"https:\/\/news.canadamotorjobs.com\/#\/schema\/person\/51793d1f87d44011d7bcc2ed99269a90","name":"Benoit Charette","image":{"@type":"ImageObject","inLanguage":"fr-CA","@id":"https:\/\/news.canadamotorjobs.com\/#\/schema\/person\/image\/","url":"https:\/\/secure.gravatar.com\/avatar\/45f3d2eebcccd909668d7ce7ea7267b6?s=96&d=mm&r=g","contentUrl":"https:\/\/secure.gravatar.com\/avatar\/45f3d2eebcccd909668d7ce7ea7267b6?s=96&d=mm&r=g","caption":"Benoit Charette"},"description":"Benoit Charette \/ Propri\u00e9taire et r\u00e9dacteur en chef Benoit Charette pratique le journalisme automobile depuis bient\u00f4t 30 ans. Il a fait ses classes au c\u00f4t\u00e9 de Daniel H\u00e9raud et au Carnet de route de 1992 \u00e0 2001. Il est fondateur, copropri\u00e9taire et r\u00e9dacteur en chef de L\u2019Annuel de l\u2019automobile, qu\u2019il publie depuis 2001. Il a anim\u00e9 les \u00e9missions RPM et RPM+ sur V et les L\u00e9gendes de la route sur Historia. \u00c0 la radio depuis 1986, il reprend l\u2019antenne cette ann\u00e9e sur les ondes de Cogeco et participe pour la deuxi\u00e8me ann\u00e9e \u00e0 l\u2019\u00e9mission Passion Auto sur RDS en plus de mettre en ligne le site Web officiel de L\u2019Annuel de l\u2019automobile sur annuelauto.ca.","sameAs":["https:\/\/annuelauto.ca\/"],"url":"https:\/\/news.canadamotorjobs.com\/fr\/author\/benoit-charette\/"}]}},"_links":{"self":[{"href":"https:\/\/news.canadamotorjobs.com\/fr\/wp-json\/wp\/v2\/posts\/136303"}],"collection":[{"href":"https:\/\/news.canadamotorjobs.com\/fr\/wp-json\/wp\/v2\/posts"}],"about":[{"href":"https:\/\/news.canadamotorjobs.com\/fr\/wp-json\/wp\/v2\/types\/post"}],"author":[{"embeddable":true,"href":"https:\/\/news.canadamotorjobs.com\/fr\/wp-json\/wp\/v2\/users\/8"}],"replies":[{"embeddable":true,"href":"https:\/\/news.canadamotorjobs.com\/fr\/wp-json\/wp\/v2\/comments?post=136303"}],"version-history":[{"count":0,"href":"https:\/\/news.canadamotorjobs.com\/fr\/wp-json\/wp\/v2\/posts\/136303\/revisions"}],"wp:featuredmedia":[{"embeddable":true,"href":"https:\/\/news.canadamotorjobs.com\/fr\/wp-json\/wp\/v2\/media\/136307"}],"wp:attachment":[{"href":"https:\/\/news.canadamotorjobs.com\/fr\/wp-json\/wp\/v2\/media?parent=136303"}],"wp:term":[{"taxonomy":"category","embeddable":true,"href":"https:\/\/news.canadamotorjobs.com\/fr\/wp-json\/wp\/v2\/categories?post=136303"},{"taxonomy":"post_tag","embeddable":true,"href":"https:\/\/news.canadamotorjobs.com\/fr\/wp-json\/wp\/v2\/tags?post=136303"}],"curies":[{"name":"wp","href":"https:\/\/api.w.org\/{rel}","templated":true}]}}