{"id":136293,"date":"2022-11-08T16:15:10","date_gmt":"2022-11-08T21:15:10","guid":{"rendered":"https:\/\/news.canadamotorjobs.com\/voici-le-prochain-toyota-c-hr\/"},"modified":"2022-11-08T16:38:20","modified_gmt":"2022-11-08T21:38:20","slug":"voici-le-prochain-toyota-c-hr","status":"publish","type":"post","link":"https:\/\/news.canadamotorjobs.com\/fr\/voici-le-prochain-toyota-c-hr\/","title":{"rendered":"Voici le prochain Toyota C-HR"},"content":{"rendered":"<p>Contrairement \u00e0 son pays d\u2019origine au Japon o\u00f9 la C-HR a connu du succ\u00e8s, sa popularit\u00e9 chez nous n\u2019a jamais attir\u00e9 les foules.\u00a0 Est-ce son style excentrique, l\u2019absence d\u2019un rouage int\u00e9gral, son prix. Bref, le mod\u00e8le actuel laisse assez indiff\u00e9rent.<\/p>\n<h3>Une nouvelle cuv\u00e9e plus mature<\/h3>\n<p>Le nouveau mod\u00e8le va se coiffer d\u2019une silhouette plus moderne, plus aboutie. Il sera plus grand que le mod\u00e8le actuel. Une option de groupe motopropulseur hybride est annonc\u00e9e et le VUS devrait arriver au printemps prochain comme mod\u00e8le\u00a02024.<\/p>\n<h3>Toyota a chang\u00e9 d\u2019id\u00e9e<\/h3>\n<p>Les rumeurs qui circulaient depuis quelques mois voulaient que le C-HR soit simplement abandonn\u00e9 \u00e0 la fin de l\u2019ann\u00e9e 2023. C\u2019est sans doute sa popularit\u00e9 sur d\u2019autres march\u00e9e qui a fait en sorte que Toyota a d\u00e9cid\u00e9e de donner une seconde chance au mod\u00e8le. Selon Bestcar, la nouvelle Toyota C-HR sera l\u00e9g\u00e8rement plus large et plus haute que le mod\u00e8le sortant. Mais ce qui est peut-\u00eatre plus important, c&#8217;est que son style sera fortement inspir\u00e9 du VUS compact bZ sorti en d\u00e9cembre de l&#8217;ann\u00e9e derni\u00e8re. Contrairement au bZ3X, \u00e9galement influenc\u00e9 par le m\u00eame concept, le prochain C-HR devrait disposer d&#8217;une motorisation hybride.<\/p>\n<h3>Toyota n\u2019a encore rien confirm\u00e9<\/h3>\n<p>Pour l&#8217;instant, \u00e9tant donn\u00e9 qu&#8217;il s&#8217;agit de rumeurs, il semble peu probable que la C-HR se poursuive en Am\u00e9rique du Nord au-del\u00e0 de l&#8217;ann\u00e9e mod\u00e8le 2022 ou peut-\u00eatre 2023. Toyota a r\u00e9cemment lanc\u00e9 la Corolla Cross ainsi qu&#8217;une version hybride de cette derni\u00e8re, ce qui signifie qu&#8217;il y aura tr\u00e8s peu de place pour une nouvelle<\/p>\n","protected":false},"excerpt":{"rendered":"<p>Contrairement \u00e0 son pays d\u2019origine au Japon o\u00f9 la C-HR a connu du succ\u00e8s, sa popularit\u00e9 chez nous n\u2019a jamais attir\u00e9 les foules.\u00a0 Est-ce son style excentrique, l\u2019absence d\u2019un rouage int\u00e9gral, son prix. Bref, le mod\u00e8le actuel laisse assez indiff\u00e9rent. Une nouvelle cuv\u00e9e plus mature Le nouveau mod\u00e8le va se coiffer d\u2019une silhouette plus moderne, [&hellip;]<\/p>\n","protected":false},"author":8,"featured_media":136297,"comment_status":"close","ping_status":"closed","sticky":false,"template":"","format":"standard","meta":{"_monsterinsights_skip_tracking":false,"_monsterinsights_sitenote_active":false,"_monsterinsights_sitenote_note":"","_monsterinsights_sitenote_category":0,"footnotes":""},"categories":[101],"tags":[131],"yoast_head":"<!-- This site is optimized with the Yoast SEO plugin v23.2 - https:\/\/yoast.com\/wordpress\/plugins\/seo\/ -->\n<title>Voici le prochain Toyota C-HR - CanadaMotorJobs.com<\/title>\n<meta name=\"description\" content=\"Voici le prochain Toyota C-HR - Benoit Charette - Annuel automobile - CanadaMotorJobs.com.\" \/>\n<meta name=\"robots\" content=\"index, follow, max-snippet:-1, max-image-preview:large, max-video-preview:-1\" \/>\n<meta property=\"og:locale\" content=\"fr_CA\" \/>\n<meta property=\"og:type\" content=\"article\" \/>\n<meta property=\"og:title\" content=\"Voici le prochain Toyota C-HR - CanadaMotorJobs.com\" \/>\n<meta property=\"og:description\" content=\"Voici le prochain Toyota C-HR - Benoit Charette - Annuel automobile - CanadaMotorJobs.com.\" \/>\n<meta property=\"og:url\" content=\"https:\/\/news.canadamotorjobs.com\/fr\/voici-le-prochain-toyota-c-hr\/\" \/>\n<meta property=\"og:site_name\" content=\"CanadaMotorJobs.com\" \/>\n<meta property=\"article:publisher\" content=\"https:\/\/www.facebook.com\/canadamotorjobs\/\" \/>\n<meta property=\"article:published_time\" content=\"2022-11-08T21:15:10+00:00\" \/>\n<meta property=\"article:modified_time\" content=\"2022-11-08T21:38:20+00:00\" \/>\n<meta property=\"og:image\" content=\"https:\/\/news.canadamotorjobs.com\/wp-content\/uploads\/2022\/11\/2023-chr-two-tone-rumour-3-1.jpg\" \/>\n\t<meta property=\"og:image:width\" content=\"1200\" \/>\n\t<meta property=\"og:image:height\" content=\"628\" \/>\n\t<meta property=\"og:image:type\" content=\"image\/jpeg\" \/>\n<meta name=\"author\" content=\"Benoit Charette\" \/>\n<meta name=\"twitter:card\" content=\"summary_large_image\" \/>\n<meta name=\"twitter:creator\" content=\"@canadamotorjobs\" \/>\n<meta name=\"twitter:site\" content=\"@canadamotorjobs\" \/>\n<meta name=\"twitter:label1\" content=\"\u00c9crit par\" \/>\n\t<meta name=\"twitter:data1\" content=\"Benoit Charette\" \/>\n\t<meta name=\"twitter:label2\" content=\"Estimation du temps de lecture\" \/>\n\t<meta name=\"twitter:data2\" content=\"2 minutes\" \/>\n<!-- \/ Yoast SEO plugin. -->","yoast_head_json":{"title":"Voici le prochain Toyota C-HR - CanadaMotorJobs.com","description":"Voici le prochain Toyota C-HR - Benoit Charette - Annuel automobile - CanadaMotorJobs.com.","robots":{"index":"index","follow":"follow","max-snippet":"max-snippet:-1","max-image-preview":"max-image-preview:large","max-video-preview":"max-video-preview:-1"},"og_locale":"fr_CA","og_type":"article","og_title":"Voici le prochain Toyota C-HR - CanadaMotorJobs.com","og_description":"Voici le prochain Toyota C-HR - Benoit Charette - Annuel automobile - CanadaMotorJobs.com.","og_url":"https:\/\/news.canadamotorjobs.com\/fr\/voici-le-prochain-toyota-c-hr\/","og_site_name":"CanadaMotorJobs.com","article_publisher":"https:\/\/www.facebook.com\/canadamotorjobs\/","article_published_time":"2022-11-08T21:15:10+00:00","article_modified_time":"2022-11-08T21:38:20+00:00","og_image":[{"width":1200,"height":628,"url":"https:\/\/news.canadamotorjobs.com\/wp-content\/uploads\/2022\/11\/2023-chr-two-tone-rumour-3-1.jpg","type":"image\/jpeg"}],"author":"Benoit Charette","twitter_card":"summary_large_image","twitter_creator":"@canadamotorjobs","twitter_site":"@canadamotorjobs","twitter_misc":{"\u00c9crit par":"Benoit Charette","Estimation du temps de lecture":"2 minutes"},"schema":{"@context":"https:\/\/schema.org","@graph":[{"@type":"Article","@id":"https:\/\/news.canadamotorjobs.com\/fr\/voici-le-prochain-toyota-c-hr\/#article","isPartOf":{"@id":"https:\/\/news.canadamotorjobs.com\/fr\/voici-le-prochain-toyota-c-hr\/"},"author":{"name":"Benoit Charette","@id":"https:\/\/news.canadamotorjobs.com\/#\/schema\/person\/51793d1f87d44011d7bcc2ed99269a90"},"headline":"Voici le prochain Toyota C-HR","datePublished":"2022-11-08T21:15:10+00:00","dateModified":"2022-11-08T21:38:20+00:00","mainEntityOfPage":{"@id":"https:\/\/news.canadamotorjobs.com\/fr\/voici-le-prochain-toyota-c-hr\/"},"wordCount":300,"publisher":{"@id":"https:\/\/news.canadamotorjobs.com\/#organization"},"image":{"@id":"https:\/\/news.canadamotorjobs.com\/fr\/voici-le-prochain-toyota-c-hr\/#primaryimage"},"thumbnailUrl":"https:\/\/news.canadamotorjobs.com\/wp-content\/uploads\/2022\/11\/2023-chr-two-tone-rumour-3-1.jpg","keywords":["Newsletter"],"articleSection":["Annuel automobile"],"inLanguage":"fr-CA"},{"@type":"WebPage","@id":"https:\/\/news.canadamotorjobs.com\/fr\/voici-le-prochain-toyota-c-hr\/","url":"https:\/\/news.canadamotorjobs.com\/fr\/voici-le-prochain-toyota-c-hr\/","name":"Voici le prochain Toyota C-HR - CanadaMotorJobs.com","isPartOf":{"@id":"https:\/\/news.canadamotorjobs.com\/#website"},"primaryImageOfPage":{"@id":"https:\/\/news.canadamotorjobs.com\/fr\/voici-le-prochain-toyota-c-hr\/#primaryimage"},"image":{"@id":"https:\/\/news.canadamotorjobs.com\/fr\/voici-le-prochain-toyota-c-hr\/#primaryimage"},"thumbnailUrl":"https:\/\/news.canadamotorjobs.com\/wp-content\/uploads\/2022\/11\/2023-chr-two-tone-rumour-3-1.jpg","datePublished":"2022-11-08T21:15:10+00:00","dateModified":"2022-11-08T21:38:20+00:00","description":"Voici le prochain Toyota C-HR - Benoit Charette - Annuel automobile - CanadaMotorJobs.com.","breadcrumb":{"@id":"https:\/\/news.canadamotorjobs.com\/fr\/voici-le-prochain-toyota-c-hr\/#breadcrumb"},"inLanguage":"fr-CA","potentialAction":[{"@type":"ReadAction","target":["https:\/\/news.canadamotorjobs.com\/fr\/voici-le-prochain-toyota-c-hr\/"]}]},{"@type":"ImageObject","inLanguage":"fr-CA","@id":"https:\/\/news.canadamotorjobs.com\/fr\/voici-le-prochain-toyota-c-hr\/#primaryimage","url":"https:\/\/news.canadamotorjobs.com\/wp-content\/uploads\/2022\/11\/2023-chr-two-tone-rumour-3-1.jpg","contentUrl":"https:\/\/news.canadamotorjobs.com\/wp-content\/uploads\/2022\/11\/2023-chr-two-tone-rumour-3-1.jpg","width":1200,"height":628},{"@type":"BreadcrumbList","@id":"https:\/\/news.canadamotorjobs.com\/fr\/voici-le-prochain-toyota-c-hr\/#breadcrumb","itemListElement":[{"@type":"ListItem","position":1,"name":"Home","item":"https:\/\/news.canadamotorjobs.com\/fr\/blog\/"},{"@type":"ListItem","position":2,"name":"Voici le prochain Toyota C-HR"}]},{"@type":"WebSite","@id":"https:\/\/news.canadamotorjobs.com\/#website","url":"https:\/\/news.canadamotorjobs.com\/","name":"CanadaMotorJobs.com","description":"Automotive Jobs","publisher":{"@id":"https:\/\/news.canadamotorjobs.com\/#organization"},"potentialAction":[{"@type":"SearchAction","target":{"@type":"EntryPoint","urlTemplate":"https:\/\/news.canadamotorjobs.com\/?s={search_term_string}"},"query-input":"required name=search_term_string"}],"inLanguage":"fr-CA"},{"@type":"Organization","@id":"https:\/\/news.canadamotorjobs.com\/#organization","name":"Canada Motor Jobs","url":"https:\/\/news.canadamotorjobs.com\/","logo":{"@type":"ImageObject","inLanguage":"fr-CA","@id":"https:\/\/news.canadamotorjobs.com\/#\/schema\/logo\/image\/","url":"https:\/\/news.canadamotorjobs.com\/wp-content\/uploads\/2022\/10\/logo-canada-motor-jobs-1.png","contentUrl":"https:\/\/news.canadamotorjobs.com\/wp-content\/uploads\/2022\/10\/logo-canada-motor-jobs-1.png","width":800,"height":400,"caption":"Canada Motor Jobs"},"image":{"@id":"https:\/\/news.canadamotorjobs.com\/#\/schema\/logo\/image\/"},"sameAs":["https:\/\/www.facebook.com\/canadamotorjobs\/","https:\/\/x.com\/canadamotorjobs","https:\/\/www.instagram.com\/canadamotorjobs\/","https:\/\/www.linkedin.com\/company\/canadamotorjobs"]},{"@type":"Person","@id":"https:\/\/news.canadamotorjobs.com\/#\/schema\/person\/51793d1f87d44011d7bcc2ed99269a90","name":"Benoit Charette","image":{"@type":"ImageObject","inLanguage":"fr-CA","@id":"https:\/\/news.canadamotorjobs.com\/#\/schema\/person\/image\/","url":"https:\/\/secure.gravatar.com\/avatar\/45f3d2eebcccd909668d7ce7ea7267b6?s=96&d=mm&r=g","contentUrl":"https:\/\/secure.gravatar.com\/avatar\/45f3d2eebcccd909668d7ce7ea7267b6?s=96&d=mm&r=g","caption":"Benoit Charette"},"description":"Benoit Charette \/ Propri\u00e9taire et r\u00e9dacteur en chef Benoit Charette pratique le journalisme automobile depuis bient\u00f4t 30 ans. Il a fait ses classes au c\u00f4t\u00e9 de Daniel H\u00e9raud et au Carnet de route de 1992 \u00e0 2001. Il est fondateur, copropri\u00e9taire et r\u00e9dacteur en chef de L\u2019Annuel de l\u2019automobile, qu\u2019il publie depuis 2001. Il a anim\u00e9 les \u00e9missions RPM et RPM+ sur V et les L\u00e9gendes de la route sur Historia. \u00c0 la radio depuis 1986, il reprend l\u2019antenne cette ann\u00e9e sur les ondes de Cogeco et participe pour la deuxi\u00e8me ann\u00e9e \u00e0 l\u2019\u00e9mission Passion Auto sur RDS en plus de mettre en ligne le site Web officiel de L\u2019Annuel de l\u2019automobile sur annuelauto.ca.","sameAs":["https:\/\/annuelauto.ca\/"],"url":"https:\/\/news.canadamotorjobs.com\/fr\/author\/benoit-charette\/"}]}},"_links":{"self":[{"href":"https:\/\/news.canadamotorjobs.com\/fr\/wp-json\/wp\/v2\/posts\/136293"}],"collection":[{"href":"https:\/\/news.canadamotorjobs.com\/fr\/wp-json\/wp\/v2\/posts"}],"about":[{"href":"https:\/\/news.canadamotorjobs.com\/fr\/wp-json\/wp\/v2\/types\/post"}],"author":[{"embeddable":true,"href":"https:\/\/news.canadamotorjobs.com\/fr\/wp-json\/wp\/v2\/users\/8"}],"replies":[{"embeddable":true,"href":"https:\/\/news.canadamotorjobs.com\/fr\/wp-json\/wp\/v2\/comments?post=136293"}],"version-history":[{"count":0,"href":"https:\/\/news.canadamotorjobs.com\/fr\/wp-json\/wp\/v2\/posts\/136293\/revisions"}],"wp:featuredmedia":[{"embeddable":true,"href":"https:\/\/news.canadamotorjobs.com\/fr\/wp-json\/wp\/v2\/media\/136297"}],"wp:attachment":[{"href":"https:\/\/news.canadamotorjobs.com\/fr\/wp-json\/wp\/v2\/media?parent=136293"}],"wp:term":[{"taxonomy":"category","embeddable":true,"href":"https:\/\/news.canadamotorjobs.com\/fr\/wp-json\/wp\/v2\/categories?post=136293"},{"taxonomy":"post_tag","embeddable":true,"href":"https:\/\/news.canadamotorjobs.com\/fr\/wp-json\/wp\/v2\/tags?post=136293"}],"curies":[{"name":"wp","href":"https:\/\/api.w.org\/{rel}","templated":true}]}}