{"id":136284,"date":"2022-11-08T08:07:47","date_gmt":"2022-11-08T13:07:47","guid":{"rendered":"https:\/\/news.canadamotorjobs.com\/renault-et-geely-creent-une-nouvelle-entreprise-pour-produire-des-moteurs-a-combustion-interne-et-hybride\/"},"modified":"2022-11-09T09:06:59","modified_gmt":"2022-11-09T14:06:59","slug":"renault-et-geely-creent-une-nouvelle-entreprise-pour-produire-des-moteurs-a-combustion-interne-et-hybride","status":"publish","type":"post","link":"https:\/\/news.canadamotorjobs.com\/fr\/renault-et-geely-creent-une-nouvelle-entreprise-pour-produire-des-moteurs-a-combustion-interne-et-hybride\/","title":{"rendered":"Renault et Geely cr\u00e9ent une nouvelle entreprise pour produire des moteurs \u00e0 combustion interne et hybride"},"content":{"rendered":"<p>Apr\u00e8s la signature d\u2019un accord-cadre, le Groupe Renault et Geely ont annonc\u00e9 officiellement un nouveau partenariat qui portera sur le d\u00e9veloppement de nouvelles cha\u00eenes cin\u00e9matiques hybrides et \u00e0 combustion interne. Le constructeur automobile fran\u00e7ais et le fabricant chinois d\u00e9tiendront chacun 50\u00a0% des parts dans une soci\u00e9t\u00e9 nouvellement cr\u00e9\u00e9e, qui fonctionnera comme un fournisseur autonome de syst\u00e8mes et de composants pour les syst\u00e8mes de propulsion.<\/p>\n<h3>Ne pas d\u00e9pendre des fournisseurs ext\u00e9rieurs<\/h3>\n<p>Dans un premier temps, la nouvelle soci\u00e9t\u00e9 produira et fournira des groupes motopropulseurs hybrides de nouvelle g\u00e9n\u00e9ration \u00e0 des marques telles que Renault, Dacia, Geely, Volvo, Lynk &amp; Co, Proton, Nissan et Mitsubishi. \u00c0 l&#8217;avenir, toutefois, le champ d&#8217;action devrait s&#8217;\u00e9tendre \u00e0 des marques tierces de l&#8217;industrie automobile. La nouvelle soci\u00e9t\u00e9 d\u00e9veloppera \u00e9galement des technologies sans \u00e9missions dans cinq centres de recherche et d\u00e9veloppement dans le monde.<\/p>\n<h3>Cr\u00e9ation de 19\u00a0000 emplois<\/h3>\n<p>Dans le cadre du nouvel accord entre Renault et Geely, la soci\u00e9t\u00e9 nouvellement cr\u00e9\u00e9e emploiera environ 19\u00a0000 personnes dans le monde et exploitera un total de 17 usines de groupes motopropulseurs dans 3 pays. Selon les premi\u00e8res estimations, elle produira plus de 5 millions de moteurs \u00e0 combustion, de groupes motopropulseurs hybrides et hybrides rechargeables et de transmissions et les livrera \u00e0 plus de 130 pays et march\u00e9s. \u00c0 terme, le portefeuille de la coentreprise pourrait couvrir jusqu&#8217;\u00e0 80\u00a0% du march\u00e9 mondial des moteurs \u00e0 combustion interne.<\/p>\n<h3>Un rapprochement entre Renault et Geely<\/h3>\n<p>Geely est actuellement l&#8217;un des plus grands fabricants de l&#8217;industrie automobile, avec des participations majoritaires dans<\/p>\n","protected":false},"excerpt":{"rendered":"<p>Apr\u00e8s la signature d\u2019un accord-cadre, le Groupe Renault et Geely ont annonc\u00e9 officiellement un nouveau partenariat qui portera sur le d\u00e9veloppement de nouvelles cha\u00eenes cin\u00e9matiques hybrides et \u00e0 combustion interne. Le constructeur automobile fran\u00e7ais et le fabricant chinois d\u00e9tiendront chacun 50\u00a0% des parts dans une soci\u00e9t\u00e9 nouvellement cr\u00e9\u00e9e, qui fonctionnera comme un fournisseur autonome de [&hellip;]<\/p>\n","protected":false},"author":8,"featured_media":136288,"comment_status":"close","ping_status":"closed","sticky":false,"template":"","format":"standard","meta":{"_monsterinsights_skip_tracking":false,"_monsterinsights_sitenote_active":false,"_monsterinsights_sitenote_note":"","_monsterinsights_sitenote_category":0,"footnotes":""},"categories":[101],"tags":[],"yoast_head":"<!-- This site is optimized with the Yoast SEO plugin v23.2 - https:\/\/yoast.com\/wordpress\/plugins\/seo\/ -->\n<title>Renault et Geely cr\u00e9ent une nouvelle entreprise pour produire des moteurs \u00e0 combustion interne et hybride - CanadaMotorJobs.com<\/title>\n<meta name=\"description\" content=\"Renault et Geely cr\u00e9ent une nouvelle entreprise pour produire des moteurs \u00e0 combustion interne et hybride - Benoit Charette - Annuel automobile - CanadaMotorJobs.com.\" \/>\n<meta name=\"robots\" content=\"index, follow, max-snippet:-1, max-image-preview:large, max-video-preview:-1\" \/>\n<meta property=\"og:locale\" content=\"fr_CA\" \/>\n<meta property=\"og:type\" content=\"article\" \/>\n<meta property=\"og:title\" content=\"Renault et Geely cr\u00e9ent une nouvelle entreprise pour produire des moteurs \u00e0 combustion interne et hybride - CanadaMotorJobs.com\" \/>\n<meta property=\"og:description\" content=\"Renault et Geely cr\u00e9ent une nouvelle entreprise pour produire des moteurs \u00e0 combustion interne et hybride - Benoit Charette - Annuel automobile - CanadaMotorJobs.com.\" \/>\n<meta property=\"og:url\" content=\"https:\/\/news.canadamotorjobs.com\/fr\/renault-et-geely-creent-une-nouvelle-entreprise-pour-produire-des-moteurs-a-combustion-interne-et-hybride\/\" \/>\n<meta property=\"og:site_name\" content=\"CanadaMotorJobs.com\" \/>\n<meta property=\"article:publisher\" content=\"https:\/\/www.facebook.com\/canadamotorjobs\/\" \/>\n<meta property=\"article:published_time\" content=\"2022-11-08T13:07:47+00:00\" \/>\n<meta property=\"article:modified_time\" content=\"2022-11-09T14:06:59+00:00\" \/>\n<meta property=\"og:image\" content=\"https:\/\/news.canadamotorjobs.com\/wp-content\/uploads\/2022\/11\/Renault-Geely-Joint-Venture-1.jpg\" \/>\n\t<meta property=\"og:image:width\" content=\"1920\" \/>\n\t<meta property=\"og:image:height\" content=\"1040\" \/>\n\t<meta property=\"og:image:type\" content=\"image\/jpeg\" \/>\n<meta name=\"author\" content=\"Benoit Charette\" \/>\n<meta name=\"twitter:card\" content=\"summary_large_image\" \/>\n<meta name=\"twitter:creator\" content=\"@canadamotorjobs\" \/>\n<meta name=\"twitter:site\" content=\"@canadamotorjobs\" \/>\n<meta name=\"twitter:label1\" content=\"\u00c9crit par\" \/>\n\t<meta name=\"twitter:data1\" content=\"Benoit Charette\" \/>\n\t<meta name=\"twitter:label2\" content=\"Estimation du temps de lecture\" \/>\n\t<meta name=\"twitter:data2\" content=\"2 minutes\" \/>\n<!-- \/ Yoast SEO plugin. -->","yoast_head_json":{"title":"Renault et Geely cr\u00e9ent une nouvelle entreprise pour produire des moteurs \u00e0 combustion interne et hybride - CanadaMotorJobs.com","description":"Renault et Geely cr\u00e9ent une nouvelle entreprise pour produire des moteurs \u00e0 combustion interne et hybride - Benoit Charette - Annuel automobile - CanadaMotorJobs.com.","robots":{"index":"index","follow":"follow","max-snippet":"max-snippet:-1","max-image-preview":"max-image-preview:large","max-video-preview":"max-video-preview:-1"},"og_locale":"fr_CA","og_type":"article","og_title":"Renault et Geely cr\u00e9ent une nouvelle entreprise pour produire des moteurs \u00e0 combustion interne et hybride - CanadaMotorJobs.com","og_description":"Renault et Geely cr\u00e9ent une nouvelle entreprise pour produire des moteurs \u00e0 combustion interne et hybride - Benoit Charette - Annuel automobile - CanadaMotorJobs.com.","og_url":"https:\/\/news.canadamotorjobs.com\/fr\/renault-et-geely-creent-une-nouvelle-entreprise-pour-produire-des-moteurs-a-combustion-interne-et-hybride\/","og_site_name":"CanadaMotorJobs.com","article_publisher":"https:\/\/www.facebook.com\/canadamotorjobs\/","article_published_time":"2022-11-08T13:07:47+00:00","article_modified_time":"2022-11-09T14:06:59+00:00","og_image":[{"width":1920,"height":1040,"url":"https:\/\/news.canadamotorjobs.com\/wp-content\/uploads\/2022\/11\/Renault-Geely-Joint-Venture-1.jpg","type":"image\/jpeg"}],"author":"Benoit Charette","twitter_card":"summary_large_image","twitter_creator":"@canadamotorjobs","twitter_site":"@canadamotorjobs","twitter_misc":{"\u00c9crit par":"Benoit Charette","Estimation du temps de lecture":"2 minutes"},"schema":{"@context":"https:\/\/schema.org","@graph":[{"@type":"Article","@id":"https:\/\/news.canadamotorjobs.com\/fr\/renault-et-geely-creent-une-nouvelle-entreprise-pour-produire-des-moteurs-a-combustion-interne-et-hybride\/#article","isPartOf":{"@id":"https:\/\/news.canadamotorjobs.com\/fr\/renault-et-geely-creent-une-nouvelle-entreprise-pour-produire-des-moteurs-a-combustion-interne-et-hybride\/"},"author":{"name":"Benoit Charette","@id":"https:\/\/news.canadamotorjobs.com\/#\/schema\/person\/51793d1f87d44011d7bcc2ed99269a90"},"headline":"Renault et Geely cr\u00e9ent une nouvelle entreprise pour produire des moteurs \u00e0 combustion interne et hybride","datePublished":"2022-11-08T13:07:47+00:00","dateModified":"2022-11-09T14:06:59+00:00","mainEntityOfPage":{"@id":"https:\/\/news.canadamotorjobs.com\/fr\/renault-et-geely-creent-une-nouvelle-entreprise-pour-produire-des-moteurs-a-combustion-interne-et-hybride\/"},"wordCount":280,"publisher":{"@id":"https:\/\/news.canadamotorjobs.com\/#organization"},"image":{"@id":"https:\/\/news.canadamotorjobs.com\/fr\/renault-et-geely-creent-une-nouvelle-entreprise-pour-produire-des-moteurs-a-combustion-interne-et-hybride\/#primaryimage"},"thumbnailUrl":"https:\/\/news.canadamotorjobs.com\/wp-content\/uploads\/2022\/11\/Renault-Geely-Joint-Venture-1.jpg","articleSection":["Annuel automobile"],"inLanguage":"fr-CA"},{"@type":"WebPage","@id":"https:\/\/news.canadamotorjobs.com\/fr\/renault-et-geely-creent-une-nouvelle-entreprise-pour-produire-des-moteurs-a-combustion-interne-et-hybride\/","url":"https:\/\/news.canadamotorjobs.com\/fr\/renault-et-geely-creent-une-nouvelle-entreprise-pour-produire-des-moteurs-a-combustion-interne-et-hybride\/","name":"Renault et Geely cr\u00e9ent une nouvelle entreprise pour produire des moteurs \u00e0 combustion interne et hybride - CanadaMotorJobs.com","isPartOf":{"@id":"https:\/\/news.canadamotorjobs.com\/#website"},"primaryImageOfPage":{"@id":"https:\/\/news.canadamotorjobs.com\/fr\/renault-et-geely-creent-une-nouvelle-entreprise-pour-produire-des-moteurs-a-combustion-interne-et-hybride\/#primaryimage"},"image":{"@id":"https:\/\/news.canadamotorjobs.com\/fr\/renault-et-geely-creent-une-nouvelle-entreprise-pour-produire-des-moteurs-a-combustion-interne-et-hybride\/#primaryimage"},"thumbnailUrl":"https:\/\/news.canadamotorjobs.com\/wp-content\/uploads\/2022\/11\/Renault-Geely-Joint-Venture-1.jpg","datePublished":"2022-11-08T13:07:47+00:00","dateModified":"2022-11-09T14:06:59+00:00","description":"Renault et Geely cr\u00e9ent une nouvelle entreprise pour produire des moteurs \u00e0 combustion interne et hybride - Benoit Charette - Annuel automobile - CanadaMotorJobs.com.","breadcrumb":{"@id":"https:\/\/news.canadamotorjobs.com\/fr\/renault-et-geely-creent-une-nouvelle-entreprise-pour-produire-des-moteurs-a-combustion-interne-et-hybride\/#breadcrumb"},"inLanguage":"fr-CA","potentialAction":[{"@type":"ReadAction","target":["https:\/\/news.canadamotorjobs.com\/fr\/renault-et-geely-creent-une-nouvelle-entreprise-pour-produire-des-moteurs-a-combustion-interne-et-hybride\/"]}]},{"@type":"ImageObject","inLanguage":"fr-CA","@id":"https:\/\/news.canadamotorjobs.com\/fr\/renault-et-geely-creent-une-nouvelle-entreprise-pour-produire-des-moteurs-a-combustion-interne-et-hybride\/#primaryimage","url":"https:\/\/news.canadamotorjobs.com\/wp-content\/uploads\/2022\/11\/Renault-Geely-Joint-Venture-1.jpg","contentUrl":"https:\/\/news.canadamotorjobs.com\/wp-content\/uploads\/2022\/11\/Renault-Geely-Joint-Venture-1.jpg","width":1920,"height":1040},{"@type":"BreadcrumbList","@id":"https:\/\/news.canadamotorjobs.com\/fr\/renault-et-geely-creent-une-nouvelle-entreprise-pour-produire-des-moteurs-a-combustion-interne-et-hybride\/#breadcrumb","itemListElement":[{"@type":"ListItem","position":1,"name":"Home","item":"https:\/\/news.canadamotorjobs.com\/fr\/blog\/"},{"@type":"ListItem","position":2,"name":"Renault et Geely cr\u00e9ent une nouvelle entreprise pour produire des moteurs \u00e0 combustion interne et hybride"}]},{"@type":"WebSite","@id":"https:\/\/news.canadamotorjobs.com\/#website","url":"https:\/\/news.canadamotorjobs.com\/","name":"CanadaMotorJobs.com","description":"Automotive Jobs","publisher":{"@id":"https:\/\/news.canadamotorjobs.com\/#organization"},"potentialAction":[{"@type":"SearchAction","target":{"@type":"EntryPoint","urlTemplate":"https:\/\/news.canadamotorjobs.com\/?s={search_term_string}"},"query-input":"required name=search_term_string"}],"inLanguage":"fr-CA"},{"@type":"Organization","@id":"https:\/\/news.canadamotorjobs.com\/#organization","name":"Canada Motor Jobs","url":"https:\/\/news.canadamotorjobs.com\/","logo":{"@type":"ImageObject","inLanguage":"fr-CA","@id":"https:\/\/news.canadamotorjobs.com\/#\/schema\/logo\/image\/","url":"https:\/\/news.canadamotorjobs.com\/wp-content\/uploads\/2022\/10\/logo-canada-motor-jobs-1.png","contentUrl":"https:\/\/news.canadamotorjobs.com\/wp-content\/uploads\/2022\/10\/logo-canada-motor-jobs-1.png","width":800,"height":400,"caption":"Canada Motor Jobs"},"image":{"@id":"https:\/\/news.canadamotorjobs.com\/#\/schema\/logo\/image\/"},"sameAs":["https:\/\/www.facebook.com\/canadamotorjobs\/","https:\/\/x.com\/canadamotorjobs","https:\/\/www.instagram.com\/canadamotorjobs\/","https:\/\/www.linkedin.com\/company\/canadamotorjobs"]},{"@type":"Person","@id":"https:\/\/news.canadamotorjobs.com\/#\/schema\/person\/51793d1f87d44011d7bcc2ed99269a90","name":"Benoit Charette","image":{"@type":"ImageObject","inLanguage":"fr-CA","@id":"https:\/\/news.canadamotorjobs.com\/#\/schema\/person\/image\/","url":"https:\/\/secure.gravatar.com\/avatar\/45f3d2eebcccd909668d7ce7ea7267b6?s=96&d=mm&r=g","contentUrl":"https:\/\/secure.gravatar.com\/avatar\/45f3d2eebcccd909668d7ce7ea7267b6?s=96&d=mm&r=g","caption":"Benoit Charette"},"description":"Benoit Charette \/ Propri\u00e9taire et r\u00e9dacteur en chef Benoit Charette pratique le journalisme automobile depuis bient\u00f4t 30 ans. Il a fait ses classes au c\u00f4t\u00e9 de Daniel H\u00e9raud et au Carnet de route de 1992 \u00e0 2001. Il est fondateur, copropri\u00e9taire et r\u00e9dacteur en chef de L\u2019Annuel de l\u2019automobile, qu\u2019il publie depuis 2001. Il a anim\u00e9 les \u00e9missions RPM et RPM+ sur V et les L\u00e9gendes de la route sur Historia. \u00c0 la radio depuis 1986, il reprend l\u2019antenne cette ann\u00e9e sur les ondes de Cogeco et participe pour la deuxi\u00e8me ann\u00e9e \u00e0 l\u2019\u00e9mission Passion Auto sur RDS en plus de mettre en ligne le site Web officiel de L\u2019Annuel de l\u2019automobile sur annuelauto.ca.","sameAs":["https:\/\/annuelauto.ca\/"],"url":"https:\/\/news.canadamotorjobs.com\/fr\/author\/benoit-charette\/"}]}},"_links":{"self":[{"href":"https:\/\/news.canadamotorjobs.com\/fr\/wp-json\/wp\/v2\/posts\/136284"}],"collection":[{"href":"https:\/\/news.canadamotorjobs.com\/fr\/wp-json\/wp\/v2\/posts"}],"about":[{"href":"https:\/\/news.canadamotorjobs.com\/fr\/wp-json\/wp\/v2\/types\/post"}],"author":[{"embeddable":true,"href":"https:\/\/news.canadamotorjobs.com\/fr\/wp-json\/wp\/v2\/users\/8"}],"replies":[{"embeddable":true,"href":"https:\/\/news.canadamotorjobs.com\/fr\/wp-json\/wp\/v2\/comments?post=136284"}],"version-history":[{"count":0,"href":"https:\/\/news.canadamotorjobs.com\/fr\/wp-json\/wp\/v2\/posts\/136284\/revisions"}],"wp:featuredmedia":[{"embeddable":true,"href":"https:\/\/news.canadamotorjobs.com\/fr\/wp-json\/wp\/v2\/media\/136288"}],"wp:attachment":[{"href":"https:\/\/news.canadamotorjobs.com\/fr\/wp-json\/wp\/v2\/media?parent=136284"}],"wp:term":[{"taxonomy":"category","embeddable":true,"href":"https:\/\/news.canadamotorjobs.com\/fr\/wp-json\/wp\/v2\/categories?post=136284"},{"taxonomy":"post_tag","embeddable":true,"href":"https:\/\/news.canadamotorjobs.com\/fr\/wp-json\/wp\/v2\/tags?post=136284"}],"curies":[{"name":"wp","href":"https:\/\/api.w.org\/{rel}","templated":true}]}}