{"id":136276,"date":"2022-11-08T07:46:53","date_gmt":"2022-11-08T12:46:53","guid":{"rendered":"https:\/\/news.canadamotorjobs.com\/bmw-va-offrir-1-000-km-dautonomie-en-2025\/"},"modified":"2022-11-08T08:00:49","modified_gmt":"2022-11-08T13:00:49","slug":"bmw-va-offrir-1-000-km-dautonomie-en-2025","status":"publish","type":"post","link":"https:\/\/news.canadamotorjobs.com\/fr\/bmw-va-offrir-1-000-km-dautonomie-en-2025\/","title":{"rendered":"BMW va offrir 1 000\u00a0km d\u2019autonomie en 2025"},"content":{"rendered":"<\/p>\n<p>Tous ceux qui souffrent encore du syndrome de la pile morte seront heureux d\u2019apprendre que BMW travaille sur une nouvelle pile cylindre qui serait pr\u00eate d\u2019ici 2025 et porterait l\u2019autonomie des v\u00e9hicules \u00e9lectriques \u00e0 100\u00a0km.<br \/> Les batteries actuelles<br \/> Actuellement, BMW utilise ses blocs de batterie Gen5. Ces blocs-batteries sont efficaces et offrent une autonomie comp\u00e9titive pour les v\u00e9hicules BMW. Par exemple, la BMW i4 eDrive40 a une autonomie qui tourne autour de 500\u00a0km. Les cellules prismatiques actuelles, qui sont plates, seront remplac\u00e9es par les nouvelles cellules cylindriques qui devraient offrir au moins 1000\u00a0km d&#8217;autonomie. Mais, il y a plus.<br \/> Plus l\u00e9g\u00e8res et plus rapide \u00e0 la recharge<br \/> La nouvelle forme des cellules permet aux prochaines batteries Gen6 d&#8217;\u00eatre 10 \u00e0 20\u00a0% plus l\u00e9g\u00e8res que les batteries Gen5 actuels. Cela permet aux propri\u00e9taires de BMW de disposer d&#8217;un bloc de batteries plus fin qui pourrait faire partie de la structure de la carrosserie du v\u00e9hicule. De plus, les temps de recharge seront am\u00e9lior\u00e9s d\u2019environ 30\u00a0%. BMW promet aussi que la pile va conserver au moins 80\u00a0% de sa charge sur dix ans.<br \/> L\u2019entreprise est d\u00e9j\u00e0 \u00e0 pied d\u2019oeuvre<br \/> BMW est d\u00e9j\u00e0 en pleine offensive pour cette nouvelle g\u00e9n\u00e9ration de piles. La firme de Munich va ouvrir six nouvelles usines de batteries pour fabriquer les nouvelles cellules de batteries Gen6. Cet investissement devrait permettre de r\u00e9duire les co\u00fbts de fabrication. Les pr\u00e9visions actuelles pr\u00e9voient une baisse de pr\u00e8s de 50\u00a0% du co\u00fbt de fabrication de ces nouvelles batteries.<\/p>\n<p> Avec des renseignements<\/p>\n","protected":false},"excerpt":{"rendered":"<p>Tous ceux qui souffrent encore du syndrome de la pile morte seront heureux d\u2019apprendre que BMW travaille sur une nouvelle pile cylindre qui serait pr\u00eate d\u2019ici 2025 et porterait l\u2019autonomie des v\u00e9hicules \u00e9lectriques \u00e0 100\u00a0km. Les batteries actuelles Actuellement, BMW utilise ses blocs de batterie Gen5. Ces blocs-batteries sont efficaces et offrent une autonomie comp\u00e9titive [&hellip;]<\/p>\n","protected":false},"author":8,"featured_media":136280,"comment_status":"close","ping_status":"closed","sticky":false,"template":"","format":"standard","meta":{"_monsterinsights_skip_tracking":false,"_monsterinsights_sitenote_active":false,"_monsterinsights_sitenote_note":"","_monsterinsights_sitenote_category":0,"footnotes":""},"categories":[101],"tags":[],"yoast_head":"<!-- This site is optimized with the Yoast SEO plugin v23.2 - https:\/\/yoast.com\/wordpress\/plugins\/seo\/ -->\n<title>BMW va offrir 1 000\u00a0km d\u2019autonomie en 2025 - CanadaMotorJobs.com<\/title>\n<meta name=\"description\" content=\"BMW va offrir 1 000\u00a0km d\u2019autonomie en 2025 - Benoit Charette - Annuel automobile - CanadaMotorJobs.com.\" \/>\n<meta name=\"robots\" content=\"index, follow, max-snippet:-1, max-image-preview:large, max-video-preview:-1\" \/>\n<meta property=\"og:locale\" content=\"fr_CA\" \/>\n<meta property=\"og:type\" content=\"article\" \/>\n<meta property=\"og:title\" content=\"BMW va offrir 1 000\u00a0km d\u2019autonomie en 2025 - CanadaMotorJobs.com\" \/>\n<meta property=\"og:description\" content=\"BMW va offrir 1 000\u00a0km d\u2019autonomie en 2025 - Benoit Charette - Annuel automobile - CanadaMotorJobs.com.\" \/>\n<meta property=\"og:url\" content=\"https:\/\/news.canadamotorjobs.com\/fr\/bmw-va-offrir-1-000-km-dautonomie-en-2025\/\" \/>\n<meta property=\"og:site_name\" content=\"CanadaMotorJobs.com\" \/>\n<meta property=\"article:publisher\" content=\"https:\/\/www.facebook.com\/canadamotorjobs\/\" \/>\n<meta property=\"article:published_time\" content=\"2022-11-08T12:46:53+00:00\" \/>\n<meta property=\"article:modified_time\" content=\"2022-11-08T13:00:49+00:00\" \/>\n<meta property=\"og:image\" content=\"https:\/\/news.canadamotorjobs.com\/wp-content\/uploads\/2022\/11\/2022-BMW-i4-M50-sedan-blue-1001x565-1-1.jpg\" \/>\n\t<meta property=\"og:image:width\" content=\"1139\" \/>\n\t<meta property=\"og:image:height\" content=\"643\" \/>\n\t<meta property=\"og:image:type\" content=\"image\/jpeg\" \/>\n<meta name=\"author\" content=\"Benoit Charette\" \/>\n<meta name=\"twitter:card\" content=\"summary_large_image\" \/>\n<meta name=\"twitter:creator\" content=\"@canadamotorjobs\" \/>\n<meta name=\"twitter:site\" content=\"@canadamotorjobs\" \/>\n<meta name=\"twitter:label1\" content=\"\u00c9crit par\" \/>\n\t<meta name=\"twitter:data1\" content=\"Benoit Charette\" \/>\n\t<meta name=\"twitter:label2\" content=\"Estimation du temps de lecture\" \/>\n\t<meta name=\"twitter:data2\" content=\"1 minute\" \/>\n<!-- \/ Yoast SEO plugin. -->","yoast_head_json":{"title":"BMW va offrir 1 000\u00a0km d\u2019autonomie en 2025 - CanadaMotorJobs.com","description":"BMW va offrir 1 000\u00a0km d\u2019autonomie en 2025 - Benoit Charette - Annuel automobile - CanadaMotorJobs.com.","robots":{"index":"index","follow":"follow","max-snippet":"max-snippet:-1","max-image-preview":"max-image-preview:large","max-video-preview":"max-video-preview:-1"},"og_locale":"fr_CA","og_type":"article","og_title":"BMW va offrir 1 000\u00a0km d\u2019autonomie en 2025 - CanadaMotorJobs.com","og_description":"BMW va offrir 1 000\u00a0km d\u2019autonomie en 2025 - Benoit Charette - Annuel automobile - CanadaMotorJobs.com.","og_url":"https:\/\/news.canadamotorjobs.com\/fr\/bmw-va-offrir-1-000-km-dautonomie-en-2025\/","og_site_name":"CanadaMotorJobs.com","article_publisher":"https:\/\/www.facebook.com\/canadamotorjobs\/","article_published_time":"2022-11-08T12:46:53+00:00","article_modified_time":"2022-11-08T13:00:49+00:00","og_image":[{"width":1139,"height":643,"url":"https:\/\/news.canadamotorjobs.com\/wp-content\/uploads\/2022\/11\/2022-BMW-i4-M50-sedan-blue-1001x565-1-1.jpg","type":"image\/jpeg"}],"author":"Benoit Charette","twitter_card":"summary_large_image","twitter_creator":"@canadamotorjobs","twitter_site":"@canadamotorjobs","twitter_misc":{"\u00c9crit par":"Benoit Charette","Estimation du temps de lecture":"1 minute"},"schema":{"@context":"https:\/\/schema.org","@graph":[{"@type":"Article","@id":"https:\/\/news.canadamotorjobs.com\/fr\/bmw-va-offrir-1-000-km-dautonomie-en-2025\/#article","isPartOf":{"@id":"https:\/\/news.canadamotorjobs.com\/fr\/bmw-va-offrir-1-000-km-dautonomie-en-2025\/"},"author":{"name":"Benoit Charette","@id":"https:\/\/news.canadamotorjobs.com\/#\/schema\/person\/51793d1f87d44011d7bcc2ed99269a90"},"headline":"BMW va offrir 1 000\u00a0km d\u2019autonomie en 2025","datePublished":"2022-11-08T12:46:53+00:00","dateModified":"2022-11-08T13:00:49+00:00","mainEntityOfPage":{"@id":"https:\/\/news.canadamotorjobs.com\/fr\/bmw-va-offrir-1-000-km-dautonomie-en-2025\/"},"wordCount":278,"publisher":{"@id":"https:\/\/news.canadamotorjobs.com\/#organization"},"image":{"@id":"https:\/\/news.canadamotorjobs.com\/fr\/bmw-va-offrir-1-000-km-dautonomie-en-2025\/#primaryimage"},"thumbnailUrl":"https:\/\/news.canadamotorjobs.com\/wp-content\/uploads\/2022\/11\/2022-BMW-i4-M50-sedan-blue-1001x565-1-1.jpg","articleSection":["Annuel automobile"],"inLanguage":"fr-CA"},{"@type":"WebPage","@id":"https:\/\/news.canadamotorjobs.com\/fr\/bmw-va-offrir-1-000-km-dautonomie-en-2025\/","url":"https:\/\/news.canadamotorjobs.com\/fr\/bmw-va-offrir-1-000-km-dautonomie-en-2025\/","name":"BMW va offrir 1 000\u00a0km d\u2019autonomie en 2025 - CanadaMotorJobs.com","isPartOf":{"@id":"https:\/\/news.canadamotorjobs.com\/#website"},"primaryImageOfPage":{"@id":"https:\/\/news.canadamotorjobs.com\/fr\/bmw-va-offrir-1-000-km-dautonomie-en-2025\/#primaryimage"},"image":{"@id":"https:\/\/news.canadamotorjobs.com\/fr\/bmw-va-offrir-1-000-km-dautonomie-en-2025\/#primaryimage"},"thumbnailUrl":"https:\/\/news.canadamotorjobs.com\/wp-content\/uploads\/2022\/11\/2022-BMW-i4-M50-sedan-blue-1001x565-1-1.jpg","datePublished":"2022-11-08T12:46:53+00:00","dateModified":"2022-11-08T13:00:49+00:00","description":"BMW va offrir 1 000\u00a0km d\u2019autonomie en 2025 - Benoit Charette - Annuel automobile - CanadaMotorJobs.com.","breadcrumb":{"@id":"https:\/\/news.canadamotorjobs.com\/fr\/bmw-va-offrir-1-000-km-dautonomie-en-2025\/#breadcrumb"},"inLanguage":"fr-CA","potentialAction":[{"@type":"ReadAction","target":["https:\/\/news.canadamotorjobs.com\/fr\/bmw-va-offrir-1-000-km-dautonomie-en-2025\/"]}]},{"@type":"ImageObject","inLanguage":"fr-CA","@id":"https:\/\/news.canadamotorjobs.com\/fr\/bmw-va-offrir-1-000-km-dautonomie-en-2025\/#primaryimage","url":"https:\/\/news.canadamotorjobs.com\/wp-content\/uploads\/2022\/11\/2022-BMW-i4-M50-sedan-blue-1001x565-1-1.jpg","contentUrl":"https:\/\/news.canadamotorjobs.com\/wp-content\/uploads\/2022\/11\/2022-BMW-i4-M50-sedan-blue-1001x565-1-1.jpg","width":1139,"height":643},{"@type":"BreadcrumbList","@id":"https:\/\/news.canadamotorjobs.com\/fr\/bmw-va-offrir-1-000-km-dautonomie-en-2025\/#breadcrumb","itemListElement":[{"@type":"ListItem","position":1,"name":"Home","item":"https:\/\/news.canadamotorjobs.com\/fr\/blog\/"},{"@type":"ListItem","position":2,"name":"BMW va offrir 1 000\u00a0km d\u2019autonomie en 2025"}]},{"@type":"WebSite","@id":"https:\/\/news.canadamotorjobs.com\/#website","url":"https:\/\/news.canadamotorjobs.com\/","name":"CanadaMotorJobs.com","description":"Automotive Jobs","publisher":{"@id":"https:\/\/news.canadamotorjobs.com\/#organization"},"potentialAction":[{"@type":"SearchAction","target":{"@type":"EntryPoint","urlTemplate":"https:\/\/news.canadamotorjobs.com\/?s={search_term_string}"},"query-input":"required name=search_term_string"}],"inLanguage":"fr-CA"},{"@type":"Organization","@id":"https:\/\/news.canadamotorjobs.com\/#organization","name":"Canada Motor Jobs","url":"https:\/\/news.canadamotorjobs.com\/","logo":{"@type":"ImageObject","inLanguage":"fr-CA","@id":"https:\/\/news.canadamotorjobs.com\/#\/schema\/logo\/image\/","url":"https:\/\/news.canadamotorjobs.com\/wp-content\/uploads\/2022\/10\/logo-canada-motor-jobs-1.png","contentUrl":"https:\/\/news.canadamotorjobs.com\/wp-content\/uploads\/2022\/10\/logo-canada-motor-jobs-1.png","width":800,"height":400,"caption":"Canada Motor Jobs"},"image":{"@id":"https:\/\/news.canadamotorjobs.com\/#\/schema\/logo\/image\/"},"sameAs":["https:\/\/www.facebook.com\/canadamotorjobs\/","https:\/\/x.com\/canadamotorjobs","https:\/\/www.instagram.com\/canadamotorjobs\/","https:\/\/www.linkedin.com\/company\/canadamotorjobs"]},{"@type":"Person","@id":"https:\/\/news.canadamotorjobs.com\/#\/schema\/person\/51793d1f87d44011d7bcc2ed99269a90","name":"Benoit Charette","image":{"@type":"ImageObject","inLanguage":"fr-CA","@id":"https:\/\/news.canadamotorjobs.com\/#\/schema\/person\/image\/","url":"https:\/\/secure.gravatar.com\/avatar\/45f3d2eebcccd909668d7ce7ea7267b6?s=96&d=mm&r=g","contentUrl":"https:\/\/secure.gravatar.com\/avatar\/45f3d2eebcccd909668d7ce7ea7267b6?s=96&d=mm&r=g","caption":"Benoit Charette"},"description":"Benoit Charette \/ Propri\u00e9taire et r\u00e9dacteur en chef Benoit Charette pratique le journalisme automobile depuis bient\u00f4t 30 ans. Il a fait ses classes au c\u00f4t\u00e9 de Daniel H\u00e9raud et au Carnet de route de 1992 \u00e0 2001. Il est fondateur, copropri\u00e9taire et r\u00e9dacteur en chef de L\u2019Annuel de l\u2019automobile, qu\u2019il publie depuis 2001. Il a anim\u00e9 les \u00e9missions RPM et RPM+ sur V et les L\u00e9gendes de la route sur Historia. \u00c0 la radio depuis 1986, il reprend l\u2019antenne cette ann\u00e9e sur les ondes de Cogeco et participe pour la deuxi\u00e8me ann\u00e9e \u00e0 l\u2019\u00e9mission Passion Auto sur RDS en plus de mettre en ligne le site Web officiel de L\u2019Annuel de l\u2019automobile sur annuelauto.ca.","sameAs":["https:\/\/annuelauto.ca\/"],"url":"https:\/\/news.canadamotorjobs.com\/fr\/author\/benoit-charette\/"}]}},"_links":{"self":[{"href":"https:\/\/news.canadamotorjobs.com\/fr\/wp-json\/wp\/v2\/posts\/136276"}],"collection":[{"href":"https:\/\/news.canadamotorjobs.com\/fr\/wp-json\/wp\/v2\/posts"}],"about":[{"href":"https:\/\/news.canadamotorjobs.com\/fr\/wp-json\/wp\/v2\/types\/post"}],"author":[{"embeddable":true,"href":"https:\/\/news.canadamotorjobs.com\/fr\/wp-json\/wp\/v2\/users\/8"}],"replies":[{"embeddable":true,"href":"https:\/\/news.canadamotorjobs.com\/fr\/wp-json\/wp\/v2\/comments?post=136276"}],"version-history":[{"count":0,"href":"https:\/\/news.canadamotorjobs.com\/fr\/wp-json\/wp\/v2\/posts\/136276\/revisions"}],"wp:featuredmedia":[{"embeddable":true,"href":"https:\/\/news.canadamotorjobs.com\/fr\/wp-json\/wp\/v2\/media\/136280"}],"wp:attachment":[{"href":"https:\/\/news.canadamotorjobs.com\/fr\/wp-json\/wp\/v2\/media?parent=136276"}],"wp:term":[{"taxonomy":"category","embeddable":true,"href":"https:\/\/news.canadamotorjobs.com\/fr\/wp-json\/wp\/v2\/categories?post=136276"},{"taxonomy":"post_tag","embeddable":true,"href":"https:\/\/news.canadamotorjobs.com\/fr\/wp-json\/wp\/v2\/tags?post=136276"}],"curies":[{"name":"wp","href":"https:\/\/api.w.org\/{rel}","templated":true}]}}