{"id":136260,"date":"2022-11-07T07:59:09","date_gmt":"2022-11-07T12:59:09","guid":{"rendered":"https:\/\/news.canadamotorjobs.com\/les-algues-pourraient-rendre-les-vehicules-electriques-moins-chers-et-augmenter-leur-autonomie\/"},"modified":"2022-11-07T08:14:51","modified_gmt":"2022-11-07T13:14:51","slug":"les-algues-pourraient-rendre-les-vehicules-electriques-moins-chers-et-augmenter-leur-autonomie","status":"publish","type":"post","link":"https:\/\/news.canadamotorjobs.com\/fr\/les-algues-pourraient-rendre-les-vehicules-electriques-moins-chers-et-augmenter-leur-autonomie\/","title":{"rendered":"Les algues pourraient rendre les v\u00e9hicules \u00e9lectriques moins chers et augmenter leur autonomie"},"content":{"rendered":"<\/p>\n<p>Ce n\u2019est pas une blague, des chercheurs de l&#8217;universit\u00e9 de Bristol ont r\u00e9cemment d\u00e9couvert que les algues marines pouvaient r\u00e9soudre un des probl\u00e8mes majeurs des batteries au sodium, celui des dendrites. Les scientifiques ont \u00e9tudi\u00e9 diverses alternatives aux batteries au lithium. L&#8217;une d&#8217;entre elles est la batterie au sodium, qui co\u00fbte moins cher que les batteries au lithium (dont le prix a augment\u00e9 de 500\u00a0% dans la derni\u00e8re ann\u00e9e) et a une densit\u00e9 \u00e9nerg\u00e9tique plus \u00e9lev\u00e9e. Le probl\u00e8me des batteries au sodium est toutefois la croissance incontr\u00f4l\u00e9e des dendrites. Ces dendrites peuvent p\u00e9n\u00e9trer dans le s\u00e9parateur de la batterie. Il en r\u00e9sulte un court-circuit dans la batterie, ce qui entra\u00eene sa d\u00e9faillance.<br \/> L\u2019algue comme solution<br \/> Les chercheurs ont d\u00e9couvert que les nanomat\u00e9riaux fabriqu\u00e9s \u00e0 partir d&#8217;algues pouvaient \u00eatre utilis\u00e9s dans une batterie pour cr\u00e9er un s\u00e9parateur plus solide, emp\u00eachant les dendrites de p\u00e9n\u00e9trer et de provoquer un court-circuit. Les batteries au sodium et aux algues sont une alternative moins co\u00fbteuse aux batteries au lithium pour les voitures \u00e9lectriques et plus respectueuses de l\u2019environnement. L&#8217;extraction du lithium est nocive pour l&#8217;environnement. Elle entra\u00eene l&#8217;utilisation de quantit\u00e9s massives d&#8217;eau, ainsi que la pollution de l&#8217;air, du sol et de l&#8217;eau. De plus, comme la majorit\u00e9 du lithium est extrait dans des r\u00e9gions pauvres du monde, il y a des probl\u00e8mes de droits de l&#8217;homme, car de nombreux mineurs de lithium travaillent dans des conditions d\u00e9plorables.<br \/> De l\u2019eau sal\u00e9e et des algues<br \/> M\u00eame si cette technologie est prometteuse, elle n\u2019est pas encore au<\/p>\n","protected":false},"excerpt":{"rendered":"<p>Ce n\u2019est pas une blague, des chercheurs de l&#8217;universit\u00e9 de Bristol ont r\u00e9cemment d\u00e9couvert que les algues marines pouvaient r\u00e9soudre un des probl\u00e8mes majeurs des batteries au sodium, celui des dendrites. Les scientifiques ont \u00e9tudi\u00e9 diverses alternatives aux batteries au lithium. L&#8217;une d&#8217;entre elles est la batterie au sodium, qui co\u00fbte moins cher que les [&hellip;]<\/p>\n","protected":false},"author":8,"featured_media":136264,"comment_status":"close","ping_status":"closed","sticky":false,"template":"","format":"standard","meta":{"_monsterinsights_skip_tracking":false,"_monsterinsights_sitenote_active":false,"_monsterinsights_sitenote_note":"","_monsterinsights_sitenote_category":0,"footnotes":""},"categories":[101],"tags":[],"yoast_head":"<!-- This site is optimized with the Yoast SEO plugin v23.2 - https:\/\/yoast.com\/wordpress\/plugins\/seo\/ -->\n<title>Les algues pourraient rendre les v\u00e9hicules \u00e9lectriques moins chers et augmenter leur autonomie - CanadaMotorJobs.com<\/title>\n<meta name=\"description\" content=\"Les algues pourraient rendre les v\u00e9hicules \u00e9lectriques moins chers et augmenter leur autonomie - Benoit Charette - Annuel automobile - CanadaMotorJobs.com.\" \/>\n<meta name=\"robots\" content=\"index, follow, max-snippet:-1, max-image-preview:large, max-video-preview:-1\" \/>\n<meta property=\"og:locale\" content=\"fr_CA\" \/>\n<meta property=\"og:type\" content=\"article\" \/>\n<meta property=\"og:title\" content=\"Les algues pourraient rendre les v\u00e9hicules \u00e9lectriques moins chers et augmenter leur autonomie - CanadaMotorJobs.com\" \/>\n<meta property=\"og:description\" content=\"Les algues pourraient rendre les v\u00e9hicules \u00e9lectriques moins chers et augmenter leur autonomie - Benoit Charette - Annuel automobile - CanadaMotorJobs.com.\" \/>\n<meta property=\"og:url\" content=\"https:\/\/news.canadamotorjobs.com\/fr\/les-algues-pourraient-rendre-les-vehicules-electriques-moins-chers-et-augmenter-leur-autonomie\/\" \/>\n<meta property=\"og:site_name\" content=\"CanadaMotorJobs.com\" \/>\n<meta property=\"article:publisher\" content=\"https:\/\/www.facebook.com\/canadamotorjobs\/\" \/>\n<meta property=\"article:published_time\" content=\"2022-11-07T12:59:09+00:00\" \/>\n<meta property=\"article:modified_time\" content=\"2022-11-07T13:14:51+00:00\" \/>\n<meta property=\"og:image\" content=\"https:\/\/news.canadamotorjobs.com\/wp-content\/uploads\/2022\/11\/52407216754_42b5097a16_b-1.jpg\" \/>\n\t<meta property=\"og:image:width\" content=\"1024\" \/>\n\t<meta property=\"og:image:height\" content=\"600\" \/>\n\t<meta property=\"og:image:type\" content=\"image\/jpeg\" \/>\n<meta name=\"author\" content=\"Benoit Charette\" \/>\n<meta name=\"twitter:card\" content=\"summary_large_image\" \/>\n<meta name=\"twitter:creator\" content=\"@canadamotorjobs\" \/>\n<meta name=\"twitter:site\" content=\"@canadamotorjobs\" \/>\n<meta name=\"twitter:label1\" content=\"\u00c9crit par\" \/>\n\t<meta name=\"twitter:data1\" content=\"Benoit Charette\" \/>\n\t<meta name=\"twitter:label2\" content=\"Estimation du temps de lecture\" \/>\n\t<meta name=\"twitter:data2\" content=\"1 minute\" \/>\n<!-- \/ Yoast SEO plugin. -->","yoast_head_json":{"title":"Les algues pourraient rendre les v\u00e9hicules \u00e9lectriques moins chers et augmenter leur autonomie - CanadaMotorJobs.com","description":"Les algues pourraient rendre les v\u00e9hicules \u00e9lectriques moins chers et augmenter leur autonomie - Benoit Charette - Annuel automobile - CanadaMotorJobs.com.","robots":{"index":"index","follow":"follow","max-snippet":"max-snippet:-1","max-image-preview":"max-image-preview:large","max-video-preview":"max-video-preview:-1"},"og_locale":"fr_CA","og_type":"article","og_title":"Les algues pourraient rendre les v\u00e9hicules \u00e9lectriques moins chers et augmenter leur autonomie - CanadaMotorJobs.com","og_description":"Les algues pourraient rendre les v\u00e9hicules \u00e9lectriques moins chers et augmenter leur autonomie - Benoit Charette - Annuel automobile - CanadaMotorJobs.com.","og_url":"https:\/\/news.canadamotorjobs.com\/fr\/les-algues-pourraient-rendre-les-vehicules-electriques-moins-chers-et-augmenter-leur-autonomie\/","og_site_name":"CanadaMotorJobs.com","article_publisher":"https:\/\/www.facebook.com\/canadamotorjobs\/","article_published_time":"2022-11-07T12:59:09+00:00","article_modified_time":"2022-11-07T13:14:51+00:00","og_image":[{"width":1024,"height":600,"url":"https:\/\/news.canadamotorjobs.com\/wp-content\/uploads\/2022\/11\/52407216754_42b5097a16_b-1.jpg","type":"image\/jpeg"}],"author":"Benoit Charette","twitter_card":"summary_large_image","twitter_creator":"@canadamotorjobs","twitter_site":"@canadamotorjobs","twitter_misc":{"\u00c9crit par":"Benoit Charette","Estimation du temps de lecture":"1 minute"},"schema":{"@context":"https:\/\/schema.org","@graph":[{"@type":"Article","@id":"https:\/\/news.canadamotorjobs.com\/fr\/les-algues-pourraient-rendre-les-vehicules-electriques-moins-chers-et-augmenter-leur-autonomie\/#article","isPartOf":{"@id":"https:\/\/news.canadamotorjobs.com\/fr\/les-algues-pourraient-rendre-les-vehicules-electriques-moins-chers-et-augmenter-leur-autonomie\/"},"author":{"name":"Benoit Charette","@id":"https:\/\/news.canadamotorjobs.com\/#\/schema\/person\/51793d1f87d44011d7bcc2ed99269a90"},"headline":"Les algues pourraient rendre les v\u00e9hicules \u00e9lectriques moins chers et augmenter leur autonomie","datePublished":"2022-11-07T12:59:09+00:00","dateModified":"2022-11-07T13:14:51+00:00","mainEntityOfPage":{"@id":"https:\/\/news.canadamotorjobs.com\/fr\/les-algues-pourraient-rendre-les-vehicules-electriques-moins-chers-et-augmenter-leur-autonomie\/"},"wordCount":313,"publisher":{"@id":"https:\/\/news.canadamotorjobs.com\/#organization"},"image":{"@id":"https:\/\/news.canadamotorjobs.com\/fr\/les-algues-pourraient-rendre-les-vehicules-electriques-moins-chers-et-augmenter-leur-autonomie\/#primaryimage"},"thumbnailUrl":"https:\/\/news.canadamotorjobs.com\/wp-content\/uploads\/2022\/11\/52407216754_42b5097a16_b-1.jpg","articleSection":["Annuel automobile"],"inLanguage":"fr-CA"},{"@type":"WebPage","@id":"https:\/\/news.canadamotorjobs.com\/fr\/les-algues-pourraient-rendre-les-vehicules-electriques-moins-chers-et-augmenter-leur-autonomie\/","url":"https:\/\/news.canadamotorjobs.com\/fr\/les-algues-pourraient-rendre-les-vehicules-electriques-moins-chers-et-augmenter-leur-autonomie\/","name":"Les algues pourraient rendre les v\u00e9hicules \u00e9lectriques moins chers et augmenter leur autonomie - CanadaMotorJobs.com","isPartOf":{"@id":"https:\/\/news.canadamotorjobs.com\/#website"},"primaryImageOfPage":{"@id":"https:\/\/news.canadamotorjobs.com\/fr\/les-algues-pourraient-rendre-les-vehicules-electriques-moins-chers-et-augmenter-leur-autonomie\/#primaryimage"},"image":{"@id":"https:\/\/news.canadamotorjobs.com\/fr\/les-algues-pourraient-rendre-les-vehicules-electriques-moins-chers-et-augmenter-leur-autonomie\/#primaryimage"},"thumbnailUrl":"https:\/\/news.canadamotorjobs.com\/wp-content\/uploads\/2022\/11\/52407216754_42b5097a16_b-1.jpg","datePublished":"2022-11-07T12:59:09+00:00","dateModified":"2022-11-07T13:14:51+00:00","description":"Les algues pourraient rendre les v\u00e9hicules \u00e9lectriques moins chers et augmenter leur autonomie - Benoit Charette - Annuel automobile - CanadaMotorJobs.com.","breadcrumb":{"@id":"https:\/\/news.canadamotorjobs.com\/fr\/les-algues-pourraient-rendre-les-vehicules-electriques-moins-chers-et-augmenter-leur-autonomie\/#breadcrumb"},"inLanguage":"fr-CA","potentialAction":[{"@type":"ReadAction","target":["https:\/\/news.canadamotorjobs.com\/fr\/les-algues-pourraient-rendre-les-vehicules-electriques-moins-chers-et-augmenter-leur-autonomie\/"]}]},{"@type":"ImageObject","inLanguage":"fr-CA","@id":"https:\/\/news.canadamotorjobs.com\/fr\/les-algues-pourraient-rendre-les-vehicules-electriques-moins-chers-et-augmenter-leur-autonomie\/#primaryimage","url":"https:\/\/news.canadamotorjobs.com\/wp-content\/uploads\/2022\/11\/52407216754_42b5097a16_b-1.jpg","contentUrl":"https:\/\/news.canadamotorjobs.com\/wp-content\/uploads\/2022\/11\/52407216754_42b5097a16_b-1.jpg","width":1024,"height":600},{"@type":"BreadcrumbList","@id":"https:\/\/news.canadamotorjobs.com\/fr\/les-algues-pourraient-rendre-les-vehicules-electriques-moins-chers-et-augmenter-leur-autonomie\/#breadcrumb","itemListElement":[{"@type":"ListItem","position":1,"name":"Home","item":"https:\/\/news.canadamotorjobs.com\/fr\/blog\/"},{"@type":"ListItem","position":2,"name":"Les algues pourraient rendre les v\u00e9hicules \u00e9lectriques moins chers et augmenter leur autonomie"}]},{"@type":"WebSite","@id":"https:\/\/news.canadamotorjobs.com\/#website","url":"https:\/\/news.canadamotorjobs.com\/","name":"CanadaMotorJobs.com","description":"Automotive Jobs","publisher":{"@id":"https:\/\/news.canadamotorjobs.com\/#organization"},"potentialAction":[{"@type":"SearchAction","target":{"@type":"EntryPoint","urlTemplate":"https:\/\/news.canadamotorjobs.com\/?s={search_term_string}"},"query-input":"required name=search_term_string"}],"inLanguage":"fr-CA"},{"@type":"Organization","@id":"https:\/\/news.canadamotorjobs.com\/#organization","name":"Canada Motor Jobs","url":"https:\/\/news.canadamotorjobs.com\/","logo":{"@type":"ImageObject","inLanguage":"fr-CA","@id":"https:\/\/news.canadamotorjobs.com\/#\/schema\/logo\/image\/","url":"https:\/\/news.canadamotorjobs.com\/wp-content\/uploads\/2022\/10\/logo-canada-motor-jobs-1.png","contentUrl":"https:\/\/news.canadamotorjobs.com\/wp-content\/uploads\/2022\/10\/logo-canada-motor-jobs-1.png","width":800,"height":400,"caption":"Canada Motor Jobs"},"image":{"@id":"https:\/\/news.canadamotorjobs.com\/#\/schema\/logo\/image\/"},"sameAs":["https:\/\/www.facebook.com\/canadamotorjobs\/","https:\/\/x.com\/canadamotorjobs","https:\/\/www.instagram.com\/canadamotorjobs\/","https:\/\/www.linkedin.com\/company\/canadamotorjobs"]},{"@type":"Person","@id":"https:\/\/news.canadamotorjobs.com\/#\/schema\/person\/51793d1f87d44011d7bcc2ed99269a90","name":"Benoit Charette","image":{"@type":"ImageObject","inLanguage":"fr-CA","@id":"https:\/\/news.canadamotorjobs.com\/#\/schema\/person\/image\/","url":"https:\/\/secure.gravatar.com\/avatar\/45f3d2eebcccd909668d7ce7ea7267b6?s=96&d=mm&r=g","contentUrl":"https:\/\/secure.gravatar.com\/avatar\/45f3d2eebcccd909668d7ce7ea7267b6?s=96&d=mm&r=g","caption":"Benoit Charette"},"description":"Benoit Charette \/ Propri\u00e9taire et r\u00e9dacteur en chef Benoit Charette pratique le journalisme automobile depuis bient\u00f4t 30 ans. Il a fait ses classes au c\u00f4t\u00e9 de Daniel H\u00e9raud et au Carnet de route de 1992 \u00e0 2001. Il est fondateur, copropri\u00e9taire et r\u00e9dacteur en chef de L\u2019Annuel de l\u2019automobile, qu\u2019il publie depuis 2001. Il a anim\u00e9 les \u00e9missions RPM et RPM+ sur V et les L\u00e9gendes de la route sur Historia. \u00c0 la radio depuis 1986, il reprend l\u2019antenne cette ann\u00e9e sur les ondes de Cogeco et participe pour la deuxi\u00e8me ann\u00e9e \u00e0 l\u2019\u00e9mission Passion Auto sur RDS en plus de mettre en ligne le site Web officiel de L\u2019Annuel de l\u2019automobile sur annuelauto.ca.","sameAs":["https:\/\/annuelauto.ca\/"],"url":"https:\/\/news.canadamotorjobs.com\/fr\/author\/benoit-charette\/"}]}},"_links":{"self":[{"href":"https:\/\/news.canadamotorjobs.com\/fr\/wp-json\/wp\/v2\/posts\/136260"}],"collection":[{"href":"https:\/\/news.canadamotorjobs.com\/fr\/wp-json\/wp\/v2\/posts"}],"about":[{"href":"https:\/\/news.canadamotorjobs.com\/fr\/wp-json\/wp\/v2\/types\/post"}],"author":[{"embeddable":true,"href":"https:\/\/news.canadamotorjobs.com\/fr\/wp-json\/wp\/v2\/users\/8"}],"replies":[{"embeddable":true,"href":"https:\/\/news.canadamotorjobs.com\/fr\/wp-json\/wp\/v2\/comments?post=136260"}],"version-history":[{"count":0,"href":"https:\/\/news.canadamotorjobs.com\/fr\/wp-json\/wp\/v2\/posts\/136260\/revisions"}],"wp:featuredmedia":[{"embeddable":true,"href":"https:\/\/news.canadamotorjobs.com\/fr\/wp-json\/wp\/v2\/media\/136264"}],"wp:attachment":[{"href":"https:\/\/news.canadamotorjobs.com\/fr\/wp-json\/wp\/v2\/media?parent=136260"}],"wp:term":[{"taxonomy":"category","embeddable":true,"href":"https:\/\/news.canadamotorjobs.com\/fr\/wp-json\/wp\/v2\/categories?post=136260"},{"taxonomy":"post_tag","embeddable":true,"href":"https:\/\/news.canadamotorjobs.com\/fr\/wp-json\/wp\/v2\/tags?post=136260"}],"curies":[{"name":"wp","href":"https:\/\/api.w.org\/{rel}","templated":true}]}}