{"id":136244,"date":"2022-11-05T13:09:09","date_gmt":"2022-11-05T17:09:09","guid":{"rendered":"https:\/\/news.canadamotorjobs.com\/la-cadillac-1949-de-neil-young-est-a-vendre-pour-la-2e-fois-en-5-ans\/"},"modified":"2022-11-05T13:14:15","modified_gmt":"2022-11-05T17:14:15","slug":"la-cadillac-1949-de-neil-young-est-a-vendre-pour-la-2e-fois-en-5-ans","status":"publish","type":"post","link":"https:\/\/news.canadamotorjobs.com\/fr\/la-cadillac-1949-de-neil-young-est-a-vendre-pour-la-2e-fois-en-5-ans\/","title":{"rendered":"La Cadillac\u00a01949 de Neil\u00a0Young est \u00e0 vendre pour la 2e\u00a0fois en 5\u00a0ans"},"content":{"rendered":"<\/p>\n<p>La <a href=\"https:\/\/annuelauto.ca\/le-nouveau-vehicule-phare-de-cadillac-se-nomme-celestiq\/\" target=\"_blank\" rel=\"noopener noreferrer\">Cadillac<\/a> S\u00e9rie\u00a062\u00a01949 de Neil Young est \u00e0 vendre. Elle fait partie des quelques 1\u00a0500 instruments, artefacts et souvenirs ayant appartenu \u00e0 diverses l\u00e9gendes de la musique am\u00e9ricaine (<a href=\"https:\/\/annuelauto.ca\/la-dodge-dart-1965-de-kurt-cobain-vaudrait-un-demi-million-de-dollars\/\" target=\"_blank\" rel=\"noopener noreferrer\">Kurt Cobain<\/a>, John Lennon, Bob Dylan, Prince, Michael Jackson, <a href=\"https:\/\/annuelauto.ca\/elvis-est-en-vedette-a-new-york-la-continental-mark-ii-1956-du-king-trone-au-salon-de-lauto\/\" target=\"_blank\" rel=\"noopener noreferrer\">Elvis Presley<\/a>, Bon Jovi, etc.), qui seront offerts lors de la vente aux ench\u00e8res <a href=\"https:\/\/juliensauctions.com\/about-auction?id=426\" target=\"_blank\" rel=\"noopener noreferrer\">Icons &amp; Idols: Rock \u2018N\u2019Roll<\/a> pr\u00e9sent\u00e9e par Julien\u2019s Auctions \u00e0 New York, plus tard ce mois-ci.<\/p>\n<p> Cette voiture revient sur le march\u00e9 des ench\u00e8res une seconde fois en cinq ans. En d\u00e9cembre 2017, l\u2019une d\u2019une vente consacr\u00e9e exclusivement au chanteur et guitariste canadien du groupe Crosby, Stills, Nash and Young, \u00e0 Los\u00a0Angeles, Julien\u2019s Auctions l\u2019avait attribu\u00e9e \u00e0 un acheteur pour la somme de 54\u00a0400\u00a0$US. Aujourd\u2019hui, les sp\u00e9cialistes de cette entreprise estiment qu\u2019elle vaut entre 100\u00a0000\u00a0$US et 150\u00a0000\u00a0$US.<\/p>\n<p> La valeur de cette Cadillac peut-elle avoir doubl\u00e9 ou m\u00eame tripl\u00e9 en si peu de temps\u00a0? Peut-\u00eatre, si l\u2019on se fie aux chiffres publi\u00e9s par Hagerty. Cet assureur \u00e9tatsunien, sp\u00e9cialis\u00e9 en v\u00e9hicules de collection, accorde \u00e0 ce mod\u00e8le d\u00e9capotable une valeur allant de 46\u00a0800\u00a0$US, pour une voiture en \u00e9tat \u00ab\u00a0satisfaisant\u00a0\u00bb, \u00e0 129\u00a0000\u00a0$US, pour un \u00e9tat \u00ab\u00a0concours\u00a0\u00bb.<\/p>\n<p> \u00c0 voir la condition des porti\u00e8res et de la m\u00e9canique sur les photos fournies par l\u2019encanteur, on constate que la voiture de Neil\u00a0Young n\u2019est pas \u00e0 la veille d\u2019obtenir un premier prix \u00e0 Pebble Beach\u00a0! En revanche, son \u00e9tat semble relativement satisfaisant. De plus, la notori\u00e9t\u00e9 de son ancien propri\u00e9taire pourrait contribuer \u00e0 accro\u00eetre sa valeur aux yeux d\u2019acheteurs enthousiastes.<br \/> <strong>Mod\u00e8le relativement rare<\/strong><\/p>\n","protected":false},"excerpt":{"rendered":"<p>La Cadillac S\u00e9rie\u00a062\u00a01949 de Neil Young est \u00e0 vendre. Elle fait partie des quelques 1\u00a0500 instruments, artefacts et souvenirs ayant appartenu \u00e0 diverses l\u00e9gendes de la musique am\u00e9ricaine (Kurt Cobain, John Lennon, Bob Dylan, Prince, Michael Jackson, Elvis Presley, Bon Jovi, etc.), qui seront offerts lors de la vente aux ench\u00e8res Icons &amp; Idols: Rock [&hellip;]<\/p>\n","protected":false},"author":8,"featured_media":136248,"comment_status":"close","ping_status":"closed","sticky":false,"template":"","format":"standard","meta":{"_monsterinsights_skip_tracking":false,"_monsterinsights_sitenote_active":false,"_monsterinsights_sitenote_note":"","_monsterinsights_sitenote_category":0,"footnotes":""},"categories":[101],"tags":[],"yoast_head":"<!-- This site is optimized with the Yoast SEO plugin v23.2 - https:\/\/yoast.com\/wordpress\/plugins\/seo\/ -->\n<title>La Cadillac\u00a01949 de Neil\u00a0Young est \u00e0 vendre pour la 2e\u00a0fois en 5\u00a0ans - CanadaMotorJobs.com<\/title>\n<meta name=\"description\" content=\"La Cadillac\u00a01949 de Neil\u00a0Young est \u00e0 vendre pour la 2e\u00a0fois en 5\u00a0ans - Benoit Charette - Annuel automobile - CanadaMotorJobs.com.\" \/>\n<meta name=\"robots\" content=\"index, follow, max-snippet:-1, max-image-preview:large, max-video-preview:-1\" \/>\n<meta property=\"og:locale\" content=\"fr_CA\" \/>\n<meta property=\"og:type\" content=\"article\" \/>\n<meta property=\"og:title\" content=\"La Cadillac\u00a01949 de Neil\u00a0Young est \u00e0 vendre pour la 2e\u00a0fois en 5\u00a0ans - CanadaMotorJobs.com\" \/>\n<meta property=\"og:description\" content=\"La Cadillac\u00a01949 de Neil\u00a0Young est \u00e0 vendre pour la 2e\u00a0fois en 5\u00a0ans - Benoit Charette - Annuel automobile - CanadaMotorJobs.com.\" \/>\n<meta property=\"og:url\" content=\"https:\/\/news.canadamotorjobs.com\/fr\/la-cadillac-1949-de-neil-young-est-a-vendre-pour-la-2e-fois-en-5-ans\/\" \/>\n<meta property=\"og:site_name\" content=\"CanadaMotorJobs.com\" \/>\n<meta property=\"article:publisher\" content=\"https:\/\/www.facebook.com\/canadamotorjobs\/\" \/>\n<meta property=\"article:published_time\" content=\"2022-11-05T17:09:09+00:00\" \/>\n<meta property=\"article:modified_time\" content=\"2022-11-05T17:14:15+00:00\" \/>\n<meta property=\"og:image\" content=\"https:\/\/news.canadamotorjobs.com\/wp-content\/uploads\/2022\/11\/CadillacSe\u0301rie-62-1949-Neil-Young-2-1.jpg\" \/>\n\t<meta property=\"og:image:width\" content=\"1500\" \/>\n\t<meta property=\"og:image:height\" content=\"1000\" \/>\n\t<meta property=\"og:image:type\" content=\"image\/jpeg\" \/>\n<meta name=\"author\" content=\"Benoit Charette\" \/>\n<meta name=\"twitter:card\" content=\"summary_large_image\" \/>\n<meta name=\"twitter:creator\" content=\"@canadamotorjobs\" \/>\n<meta name=\"twitter:site\" content=\"@canadamotorjobs\" \/>\n<meta name=\"twitter:label1\" content=\"\u00c9crit par\" \/>\n\t<meta name=\"twitter:data1\" content=\"Benoit Charette\" \/>\n\t<meta name=\"twitter:label2\" content=\"Estimation du temps de lecture\" \/>\n\t<meta name=\"twitter:data2\" content=\"1 minute\" \/>\n<!-- \/ Yoast SEO plugin. -->","yoast_head_json":{"title":"La Cadillac\u00a01949 de Neil\u00a0Young est \u00e0 vendre pour la 2e\u00a0fois en 5\u00a0ans - CanadaMotorJobs.com","description":"La Cadillac\u00a01949 de Neil\u00a0Young est \u00e0 vendre pour la 2e\u00a0fois en 5\u00a0ans - Benoit Charette - Annuel automobile - CanadaMotorJobs.com.","robots":{"index":"index","follow":"follow","max-snippet":"max-snippet:-1","max-image-preview":"max-image-preview:large","max-video-preview":"max-video-preview:-1"},"og_locale":"fr_CA","og_type":"article","og_title":"La Cadillac\u00a01949 de Neil\u00a0Young est \u00e0 vendre pour la 2e\u00a0fois en 5\u00a0ans - CanadaMotorJobs.com","og_description":"La Cadillac\u00a01949 de Neil\u00a0Young est \u00e0 vendre pour la 2e\u00a0fois en 5\u00a0ans - Benoit Charette - Annuel automobile - CanadaMotorJobs.com.","og_url":"https:\/\/news.canadamotorjobs.com\/fr\/la-cadillac-1949-de-neil-young-est-a-vendre-pour-la-2e-fois-en-5-ans\/","og_site_name":"CanadaMotorJobs.com","article_publisher":"https:\/\/www.facebook.com\/canadamotorjobs\/","article_published_time":"2022-11-05T17:09:09+00:00","article_modified_time":"2022-11-05T17:14:15+00:00","og_image":[{"width":1500,"height":1000,"url":"https:\/\/news.canadamotorjobs.com\/wp-content\/uploads\/2022\/11\/CadillacSe\u0301rie-62-1949-Neil-Young-2-1.jpg","type":"image\/jpeg"}],"author":"Benoit Charette","twitter_card":"summary_large_image","twitter_creator":"@canadamotorjobs","twitter_site":"@canadamotorjobs","twitter_misc":{"\u00c9crit par":"Benoit Charette","Estimation du temps de lecture":"1 minute"},"schema":{"@context":"https:\/\/schema.org","@graph":[{"@type":"Article","@id":"https:\/\/news.canadamotorjobs.com\/fr\/la-cadillac-1949-de-neil-young-est-a-vendre-pour-la-2e-fois-en-5-ans\/#article","isPartOf":{"@id":"https:\/\/news.canadamotorjobs.com\/fr\/la-cadillac-1949-de-neil-young-est-a-vendre-pour-la-2e-fois-en-5-ans\/"},"author":{"name":"Benoit Charette","@id":"https:\/\/news.canadamotorjobs.com\/#\/schema\/person\/51793d1f87d44011d7bcc2ed99269a90"},"headline":"La Cadillac\u00a01949 de Neil\u00a0Young est \u00e0 vendre pour la 2e\u00a0fois en 5\u00a0ans","datePublished":"2022-11-05T17:09:09+00:00","dateModified":"2022-11-05T17:14:15+00:00","mainEntityOfPage":{"@id":"https:\/\/news.canadamotorjobs.com\/fr\/la-cadillac-1949-de-neil-young-est-a-vendre-pour-la-2e-fois-en-5-ans\/"},"wordCount":286,"publisher":{"@id":"https:\/\/news.canadamotorjobs.com\/#organization"},"image":{"@id":"https:\/\/news.canadamotorjobs.com\/fr\/la-cadillac-1949-de-neil-young-est-a-vendre-pour-la-2e-fois-en-5-ans\/#primaryimage"},"thumbnailUrl":"https:\/\/news.canadamotorjobs.com\/wp-content\/uploads\/2022\/11\/CadillacSe\u0301rie-62-1949-Neil-Young-2-1.jpg","articleSection":["Annuel automobile"],"inLanguage":"fr-CA"},{"@type":"WebPage","@id":"https:\/\/news.canadamotorjobs.com\/fr\/la-cadillac-1949-de-neil-young-est-a-vendre-pour-la-2e-fois-en-5-ans\/","url":"https:\/\/news.canadamotorjobs.com\/fr\/la-cadillac-1949-de-neil-young-est-a-vendre-pour-la-2e-fois-en-5-ans\/","name":"La Cadillac\u00a01949 de Neil\u00a0Young est \u00e0 vendre pour la 2e\u00a0fois en 5\u00a0ans - CanadaMotorJobs.com","isPartOf":{"@id":"https:\/\/news.canadamotorjobs.com\/#website"},"primaryImageOfPage":{"@id":"https:\/\/news.canadamotorjobs.com\/fr\/la-cadillac-1949-de-neil-young-est-a-vendre-pour-la-2e-fois-en-5-ans\/#primaryimage"},"image":{"@id":"https:\/\/news.canadamotorjobs.com\/fr\/la-cadillac-1949-de-neil-young-est-a-vendre-pour-la-2e-fois-en-5-ans\/#primaryimage"},"thumbnailUrl":"https:\/\/news.canadamotorjobs.com\/wp-content\/uploads\/2022\/11\/CadillacSe\u0301rie-62-1949-Neil-Young-2-1.jpg","datePublished":"2022-11-05T17:09:09+00:00","dateModified":"2022-11-05T17:14:15+00:00","description":"La Cadillac\u00a01949 de Neil\u00a0Young est \u00e0 vendre pour la 2e\u00a0fois en 5\u00a0ans - Benoit Charette - Annuel automobile - CanadaMotorJobs.com.","breadcrumb":{"@id":"https:\/\/news.canadamotorjobs.com\/fr\/la-cadillac-1949-de-neil-young-est-a-vendre-pour-la-2e-fois-en-5-ans\/#breadcrumb"},"inLanguage":"fr-CA","potentialAction":[{"@type":"ReadAction","target":["https:\/\/news.canadamotorjobs.com\/fr\/la-cadillac-1949-de-neil-young-est-a-vendre-pour-la-2e-fois-en-5-ans\/"]}]},{"@type":"ImageObject","inLanguage":"fr-CA","@id":"https:\/\/news.canadamotorjobs.com\/fr\/la-cadillac-1949-de-neil-young-est-a-vendre-pour-la-2e-fois-en-5-ans\/#primaryimage","url":"https:\/\/news.canadamotorjobs.com\/wp-content\/uploads\/2022\/11\/CadillacSe\u0301rie-62-1949-Neil-Young-2-1.jpg","contentUrl":"https:\/\/news.canadamotorjobs.com\/wp-content\/uploads\/2022\/11\/CadillacSe\u0301rie-62-1949-Neil-Young-2-1.jpg","width":1500,"height":1000},{"@type":"BreadcrumbList","@id":"https:\/\/news.canadamotorjobs.com\/fr\/la-cadillac-1949-de-neil-young-est-a-vendre-pour-la-2e-fois-en-5-ans\/#breadcrumb","itemListElement":[{"@type":"ListItem","position":1,"name":"Home","item":"https:\/\/news.canadamotorjobs.com\/fr\/blog\/"},{"@type":"ListItem","position":2,"name":"La Cadillac\u00a01949 de Neil\u00a0Young est \u00e0 vendre pour la 2e\u00a0fois en 5\u00a0ans"}]},{"@type":"WebSite","@id":"https:\/\/news.canadamotorjobs.com\/#website","url":"https:\/\/news.canadamotorjobs.com\/","name":"CanadaMotorJobs.com","description":"Automotive Jobs","publisher":{"@id":"https:\/\/news.canadamotorjobs.com\/#organization"},"potentialAction":[{"@type":"SearchAction","target":{"@type":"EntryPoint","urlTemplate":"https:\/\/news.canadamotorjobs.com\/?s={search_term_string}"},"query-input":"required name=search_term_string"}],"inLanguage":"fr-CA"},{"@type":"Organization","@id":"https:\/\/news.canadamotorjobs.com\/#organization","name":"Canada Motor Jobs","url":"https:\/\/news.canadamotorjobs.com\/","logo":{"@type":"ImageObject","inLanguage":"fr-CA","@id":"https:\/\/news.canadamotorjobs.com\/#\/schema\/logo\/image\/","url":"https:\/\/news.canadamotorjobs.com\/wp-content\/uploads\/2022\/10\/logo-canada-motor-jobs-1.png","contentUrl":"https:\/\/news.canadamotorjobs.com\/wp-content\/uploads\/2022\/10\/logo-canada-motor-jobs-1.png","width":800,"height":400,"caption":"Canada Motor Jobs"},"image":{"@id":"https:\/\/news.canadamotorjobs.com\/#\/schema\/logo\/image\/"},"sameAs":["https:\/\/www.facebook.com\/canadamotorjobs\/","https:\/\/x.com\/canadamotorjobs","https:\/\/www.instagram.com\/canadamotorjobs\/","https:\/\/www.linkedin.com\/company\/canadamotorjobs"]},{"@type":"Person","@id":"https:\/\/news.canadamotorjobs.com\/#\/schema\/person\/51793d1f87d44011d7bcc2ed99269a90","name":"Benoit Charette","image":{"@type":"ImageObject","inLanguage":"fr-CA","@id":"https:\/\/news.canadamotorjobs.com\/#\/schema\/person\/image\/","url":"https:\/\/secure.gravatar.com\/avatar\/45f3d2eebcccd909668d7ce7ea7267b6?s=96&d=mm&r=g","contentUrl":"https:\/\/secure.gravatar.com\/avatar\/45f3d2eebcccd909668d7ce7ea7267b6?s=96&d=mm&r=g","caption":"Benoit Charette"},"description":"Benoit Charette \/ Propri\u00e9taire et r\u00e9dacteur en chef Benoit Charette pratique le journalisme automobile depuis bient\u00f4t 30 ans. Il a fait ses classes au c\u00f4t\u00e9 de Daniel H\u00e9raud et au Carnet de route de 1992 \u00e0 2001. Il est fondateur, copropri\u00e9taire et r\u00e9dacteur en chef de L\u2019Annuel de l\u2019automobile, qu\u2019il publie depuis 2001. Il a anim\u00e9 les \u00e9missions RPM et RPM+ sur V et les L\u00e9gendes de la route sur Historia. \u00c0 la radio depuis 1986, il reprend l\u2019antenne cette ann\u00e9e sur les ondes de Cogeco et participe pour la deuxi\u00e8me ann\u00e9e \u00e0 l\u2019\u00e9mission Passion Auto sur RDS en plus de mettre en ligne le site Web officiel de L\u2019Annuel de l\u2019automobile sur annuelauto.ca.","sameAs":["https:\/\/annuelauto.ca\/"],"url":"https:\/\/news.canadamotorjobs.com\/fr\/author\/benoit-charette\/"}]}},"_links":{"self":[{"href":"https:\/\/news.canadamotorjobs.com\/fr\/wp-json\/wp\/v2\/posts\/136244"}],"collection":[{"href":"https:\/\/news.canadamotorjobs.com\/fr\/wp-json\/wp\/v2\/posts"}],"about":[{"href":"https:\/\/news.canadamotorjobs.com\/fr\/wp-json\/wp\/v2\/types\/post"}],"author":[{"embeddable":true,"href":"https:\/\/news.canadamotorjobs.com\/fr\/wp-json\/wp\/v2\/users\/8"}],"replies":[{"embeddable":true,"href":"https:\/\/news.canadamotorjobs.com\/fr\/wp-json\/wp\/v2\/comments?post=136244"}],"version-history":[{"count":0,"href":"https:\/\/news.canadamotorjobs.com\/fr\/wp-json\/wp\/v2\/posts\/136244\/revisions"}],"wp:featuredmedia":[{"embeddable":true,"href":"https:\/\/news.canadamotorjobs.com\/fr\/wp-json\/wp\/v2\/media\/136248"}],"wp:attachment":[{"href":"https:\/\/news.canadamotorjobs.com\/fr\/wp-json\/wp\/v2\/media?parent=136244"}],"wp:term":[{"taxonomy":"category","embeddable":true,"href":"https:\/\/news.canadamotorjobs.com\/fr\/wp-json\/wp\/v2\/categories?post=136244"},{"taxonomy":"post_tag","embeddable":true,"href":"https:\/\/news.canadamotorjobs.com\/fr\/wp-json\/wp\/v2\/tags?post=136244"}],"curies":[{"name":"wp","href":"https:\/\/api.w.org\/{rel}","templated":true}]}}