{"id":136236,"date":"2022-11-05T10:31:40","date_gmt":"2022-11-05T14:31:40","guid":{"rendered":"https:\/\/news.canadamotorjobs.com\/transporter-des-vehicules-outremer-en-voilier\/"},"modified":"2022-11-05T10:45:32","modified_gmt":"2022-11-05T14:45:32","slug":"transporter-des-vehicules-outremer-en-voilier","status":"publish","type":"post","link":"https:\/\/news.canadamotorjobs.com\/fr\/transporter-des-vehicules-outremer-en-voilier\/","title":{"rendered":"Transporter des v\u00e9hicules outremer en voilier"},"content":{"rendered":"<\/p>\n<p>Ce n\u2019est pas une blague, c\u2019est ce que la compagnie Renault vise \u00e0 faire dans environ deux ans. Le g\u00e9ant fran\u00e7ais s\u2019est associ\u00e9 a Neoline, une autre entreprise fran\u00e7aise pour la conception de transporteur plus \u00e9cologique.<br \/> Une r\u00e9duction de 90\u00a0% des GES<br \/> Les oc\u00e9ans ont bien besoin de bateaux plus \u00e9cologiques. Renault devrait charger des automobiles \u00e0 bord de navires \u00e0 \u00e9nergie \u00e9olienne pour les livrer dans le monde entier en \u00e9liminant une grande partie des \u00e9missions des cargos traditionnels fonctionnant au carburant. Les responsables de Neoline ont d\u00e9clar\u00e9 que, lorsqu&#8217;ils sont propuls\u00e9s uniquement par le vent, les \u00e9missions totales de leurs voiliers diminuent de 90\u00a0%. Les navires utiliseront des voiles solides de 50 m\u00e8tres de haut.<br \/> Un programme qui d\u00e9bute en 2024<br \/> L&#8217;entreprise indique qu&#8217;elle commencera \u00e0 tester le programme en 2024 en transportant des v\u00e9hicules vers l&#8217;Am\u00e9rique du Nord et d&#8217;autres endroits depuis Saint-Nazaire, dans l&#8217;ouest de la France. Renault s&#8217;est engag\u00e9 \u00e0 atteindre l&#8217;objectif \u00ab\u00a0z\u00e9ro carbone\u00a0\u00bb en Europe d&#8217;ici 2030 et dans le monde entier d&#8217;ici 2050.<br \/> Un retour chez nous\u2009?<br \/> Renault, membre de l\u2019alliance avec Nissan et Mitsubishi, n&#8217;a pas vendu de voitures sur le march\u00e9 nord-am\u00e9ricain sous sa propre marque depuis 1987. Un retour aux chez nous est envisag\u00e9 depuis des ann\u00e9es, et les partenaires sont actuellement en pourparlers pour remodeler l&#8217;alliance depuis le coup d\u2019\u00e9clat sur l\u2019ancien PDG Carlos Ghosn. L&#8217;intention de l&#8217;exp\u00e9diteur de livrer des v\u00e9hicules en Am\u00e9rique du Nord est un \u00e9l\u00e9ment intriguant dans ces discussions.<br \/> 300 \u00e0 400 v\u00e9hicules par cargaison<\/p>\n","protected":false},"excerpt":{"rendered":"<p>Ce n\u2019est pas une blague, c\u2019est ce que la compagnie Renault vise \u00e0 faire dans environ deux ans. Le g\u00e9ant fran\u00e7ais s\u2019est associ\u00e9 a Neoline, une autre entreprise fran\u00e7aise pour la conception de transporteur plus \u00e9cologique. Une r\u00e9duction de 90\u00a0% des GES Les oc\u00e9ans ont bien besoin de bateaux plus \u00e9cologiques. Renault devrait charger des [&hellip;]<\/p>\n","protected":false},"author":8,"featured_media":136240,"comment_status":"close","ping_status":"closed","sticky":false,"template":"","format":"standard","meta":{"_monsterinsights_skip_tracking":false,"_monsterinsights_sitenote_active":false,"_monsterinsights_sitenote_note":"","_monsterinsights_sitenote_category":0,"footnotes":""},"categories":[101],"tags":[],"yoast_head":"<!-- This site is optimized with the Yoast SEO plugin v23.2 - https:\/\/yoast.com\/wordpress\/plugins\/seo\/ -->\n<title>Transporter des v\u00e9hicules outremer en voilier - CanadaMotorJobs.com<\/title>\n<meta name=\"description\" content=\"Transporter des v\u00e9hicules outremer en voilier - Benoit Charette - Annuel automobile - CanadaMotorJobs.com.\" \/>\n<meta name=\"robots\" content=\"index, follow, max-snippet:-1, max-image-preview:large, max-video-preview:-1\" \/>\n<meta property=\"og:locale\" content=\"fr_CA\" \/>\n<meta property=\"og:type\" content=\"article\" \/>\n<meta property=\"og:title\" content=\"Transporter des v\u00e9hicules outremer en voilier - CanadaMotorJobs.com\" \/>\n<meta property=\"og:description\" content=\"Transporter des v\u00e9hicules outremer en voilier - Benoit Charette - Annuel automobile - CanadaMotorJobs.com.\" \/>\n<meta property=\"og:url\" content=\"https:\/\/news.canadamotorjobs.com\/fr\/transporter-des-vehicules-outremer-en-voilier\/\" \/>\n<meta property=\"og:site_name\" content=\"CanadaMotorJobs.com\" \/>\n<meta property=\"article:publisher\" content=\"https:\/\/www.facebook.com\/canadamotorjobs\/\" \/>\n<meta property=\"article:published_time\" content=\"2022-11-05T14:31:40+00:00\" \/>\n<meta property=\"article:modified_time\" content=\"2022-11-05T14:45:32+00:00\" \/>\n<meta property=\"og:image\" content=\"https:\/\/news.canadamotorjobs.com\/wp-content\/uploads\/2022\/11\/5f7b7ff2d4aa6d5b757f2d6c-1.jpg\" \/>\n\t<meta property=\"og:image:width\" content=\"1920\" \/>\n\t<meta property=\"og:image:height\" content=\"1080\" \/>\n\t<meta property=\"og:image:type\" content=\"image\/jpeg\" \/>\n<meta name=\"author\" content=\"Benoit Charette\" \/>\n<meta name=\"twitter:card\" content=\"summary_large_image\" \/>\n<meta name=\"twitter:creator\" content=\"@canadamotorjobs\" \/>\n<meta name=\"twitter:site\" content=\"@canadamotorjobs\" \/>\n<meta name=\"twitter:label1\" content=\"\u00c9crit par\" \/>\n\t<meta name=\"twitter:data1\" content=\"Benoit Charette\" \/>\n\t<meta name=\"twitter:label2\" content=\"Estimation du temps de lecture\" \/>\n\t<meta name=\"twitter:data2\" content=\"1 minute\" \/>\n<!-- \/ Yoast SEO plugin. -->","yoast_head_json":{"title":"Transporter des v\u00e9hicules outremer en voilier - CanadaMotorJobs.com","description":"Transporter des v\u00e9hicules outremer en voilier - Benoit Charette - Annuel automobile - CanadaMotorJobs.com.","robots":{"index":"index","follow":"follow","max-snippet":"max-snippet:-1","max-image-preview":"max-image-preview:large","max-video-preview":"max-video-preview:-1"},"og_locale":"fr_CA","og_type":"article","og_title":"Transporter des v\u00e9hicules outremer en voilier - CanadaMotorJobs.com","og_description":"Transporter des v\u00e9hicules outremer en voilier - Benoit Charette - Annuel automobile - CanadaMotorJobs.com.","og_url":"https:\/\/news.canadamotorjobs.com\/fr\/transporter-des-vehicules-outremer-en-voilier\/","og_site_name":"CanadaMotorJobs.com","article_publisher":"https:\/\/www.facebook.com\/canadamotorjobs\/","article_published_time":"2022-11-05T14:31:40+00:00","article_modified_time":"2022-11-05T14:45:32+00:00","og_image":[{"width":1920,"height":1080,"url":"https:\/\/news.canadamotorjobs.com\/wp-content\/uploads\/2022\/11\/5f7b7ff2d4aa6d5b757f2d6c-1.jpg","type":"image\/jpeg"}],"author":"Benoit Charette","twitter_card":"summary_large_image","twitter_creator":"@canadamotorjobs","twitter_site":"@canadamotorjobs","twitter_misc":{"\u00c9crit par":"Benoit Charette","Estimation du temps de lecture":"1 minute"},"schema":{"@context":"https:\/\/schema.org","@graph":[{"@type":"Article","@id":"https:\/\/news.canadamotorjobs.com\/fr\/transporter-des-vehicules-outremer-en-voilier\/#article","isPartOf":{"@id":"https:\/\/news.canadamotorjobs.com\/fr\/transporter-des-vehicules-outremer-en-voilier\/"},"author":{"name":"Benoit Charette","@id":"https:\/\/news.canadamotorjobs.com\/#\/schema\/person\/51793d1f87d44011d7bcc2ed99269a90"},"headline":"Transporter des v\u00e9hicules outremer en voilier","datePublished":"2022-11-05T14:31:40+00:00","dateModified":"2022-11-05T14:45:32+00:00","mainEntityOfPage":{"@id":"https:\/\/news.canadamotorjobs.com\/fr\/transporter-des-vehicules-outremer-en-voilier\/"},"wordCount":280,"publisher":{"@id":"https:\/\/news.canadamotorjobs.com\/#organization"},"image":{"@id":"https:\/\/news.canadamotorjobs.com\/fr\/transporter-des-vehicules-outremer-en-voilier\/#primaryimage"},"thumbnailUrl":"https:\/\/news.canadamotorjobs.com\/wp-content\/uploads\/2022\/11\/5f7b7ff2d4aa6d5b757f2d6c-1.jpg","articleSection":["Annuel automobile"],"inLanguage":"fr-CA"},{"@type":"WebPage","@id":"https:\/\/news.canadamotorjobs.com\/fr\/transporter-des-vehicules-outremer-en-voilier\/","url":"https:\/\/news.canadamotorjobs.com\/fr\/transporter-des-vehicules-outremer-en-voilier\/","name":"Transporter des v\u00e9hicules outremer en voilier - CanadaMotorJobs.com","isPartOf":{"@id":"https:\/\/news.canadamotorjobs.com\/#website"},"primaryImageOfPage":{"@id":"https:\/\/news.canadamotorjobs.com\/fr\/transporter-des-vehicules-outremer-en-voilier\/#primaryimage"},"image":{"@id":"https:\/\/news.canadamotorjobs.com\/fr\/transporter-des-vehicules-outremer-en-voilier\/#primaryimage"},"thumbnailUrl":"https:\/\/news.canadamotorjobs.com\/wp-content\/uploads\/2022\/11\/5f7b7ff2d4aa6d5b757f2d6c-1.jpg","datePublished":"2022-11-05T14:31:40+00:00","dateModified":"2022-11-05T14:45:32+00:00","description":"Transporter des v\u00e9hicules outremer en voilier - Benoit Charette - Annuel automobile - CanadaMotorJobs.com.","breadcrumb":{"@id":"https:\/\/news.canadamotorjobs.com\/fr\/transporter-des-vehicules-outremer-en-voilier\/#breadcrumb"},"inLanguage":"fr-CA","potentialAction":[{"@type":"ReadAction","target":["https:\/\/news.canadamotorjobs.com\/fr\/transporter-des-vehicules-outremer-en-voilier\/"]}]},{"@type":"ImageObject","inLanguage":"fr-CA","@id":"https:\/\/news.canadamotorjobs.com\/fr\/transporter-des-vehicules-outremer-en-voilier\/#primaryimage","url":"https:\/\/news.canadamotorjobs.com\/wp-content\/uploads\/2022\/11\/5f7b7ff2d4aa6d5b757f2d6c-1.jpg","contentUrl":"https:\/\/news.canadamotorjobs.com\/wp-content\/uploads\/2022\/11\/5f7b7ff2d4aa6d5b757f2d6c-1.jpg","width":1920,"height":1080},{"@type":"BreadcrumbList","@id":"https:\/\/news.canadamotorjobs.com\/fr\/transporter-des-vehicules-outremer-en-voilier\/#breadcrumb","itemListElement":[{"@type":"ListItem","position":1,"name":"Home","item":"https:\/\/news.canadamotorjobs.com\/fr\/blog\/"},{"@type":"ListItem","position":2,"name":"Transporter des v\u00e9hicules outremer en voilier"}]},{"@type":"WebSite","@id":"https:\/\/news.canadamotorjobs.com\/#website","url":"https:\/\/news.canadamotorjobs.com\/","name":"CanadaMotorJobs.com","description":"Automotive Jobs","publisher":{"@id":"https:\/\/news.canadamotorjobs.com\/#organization"},"potentialAction":[{"@type":"SearchAction","target":{"@type":"EntryPoint","urlTemplate":"https:\/\/news.canadamotorjobs.com\/?s={search_term_string}"},"query-input":"required name=search_term_string"}],"inLanguage":"fr-CA"},{"@type":"Organization","@id":"https:\/\/news.canadamotorjobs.com\/#organization","name":"Canada Motor Jobs","url":"https:\/\/news.canadamotorjobs.com\/","logo":{"@type":"ImageObject","inLanguage":"fr-CA","@id":"https:\/\/news.canadamotorjobs.com\/#\/schema\/logo\/image\/","url":"https:\/\/news.canadamotorjobs.com\/wp-content\/uploads\/2022\/10\/logo-canada-motor-jobs-1.png","contentUrl":"https:\/\/news.canadamotorjobs.com\/wp-content\/uploads\/2022\/10\/logo-canada-motor-jobs-1.png","width":800,"height":400,"caption":"Canada Motor Jobs"},"image":{"@id":"https:\/\/news.canadamotorjobs.com\/#\/schema\/logo\/image\/"},"sameAs":["https:\/\/www.facebook.com\/canadamotorjobs\/","https:\/\/x.com\/canadamotorjobs","https:\/\/www.instagram.com\/canadamotorjobs\/","https:\/\/www.linkedin.com\/company\/canadamotorjobs"]},{"@type":"Person","@id":"https:\/\/news.canadamotorjobs.com\/#\/schema\/person\/51793d1f87d44011d7bcc2ed99269a90","name":"Benoit Charette","image":{"@type":"ImageObject","inLanguage":"fr-CA","@id":"https:\/\/news.canadamotorjobs.com\/#\/schema\/person\/image\/","url":"https:\/\/secure.gravatar.com\/avatar\/45f3d2eebcccd909668d7ce7ea7267b6?s=96&d=mm&r=g","contentUrl":"https:\/\/secure.gravatar.com\/avatar\/45f3d2eebcccd909668d7ce7ea7267b6?s=96&d=mm&r=g","caption":"Benoit Charette"},"description":"Benoit Charette \/ Propri\u00e9taire et r\u00e9dacteur en chef Benoit Charette pratique le journalisme automobile depuis bient\u00f4t 30 ans. Il a fait ses classes au c\u00f4t\u00e9 de Daniel H\u00e9raud et au Carnet de route de 1992 \u00e0 2001. Il est fondateur, copropri\u00e9taire et r\u00e9dacteur en chef de L\u2019Annuel de l\u2019automobile, qu\u2019il publie depuis 2001. Il a anim\u00e9 les \u00e9missions RPM et RPM+ sur V et les L\u00e9gendes de la route sur Historia. \u00c0 la radio depuis 1986, il reprend l\u2019antenne cette ann\u00e9e sur les ondes de Cogeco et participe pour la deuxi\u00e8me ann\u00e9e \u00e0 l\u2019\u00e9mission Passion Auto sur RDS en plus de mettre en ligne le site Web officiel de L\u2019Annuel de l\u2019automobile sur annuelauto.ca.","sameAs":["https:\/\/annuelauto.ca\/"],"url":"https:\/\/news.canadamotorjobs.com\/fr\/author\/benoit-charette\/"}]}},"_links":{"self":[{"href":"https:\/\/news.canadamotorjobs.com\/fr\/wp-json\/wp\/v2\/posts\/136236"}],"collection":[{"href":"https:\/\/news.canadamotorjobs.com\/fr\/wp-json\/wp\/v2\/posts"}],"about":[{"href":"https:\/\/news.canadamotorjobs.com\/fr\/wp-json\/wp\/v2\/types\/post"}],"author":[{"embeddable":true,"href":"https:\/\/news.canadamotorjobs.com\/fr\/wp-json\/wp\/v2\/users\/8"}],"replies":[{"embeddable":true,"href":"https:\/\/news.canadamotorjobs.com\/fr\/wp-json\/wp\/v2\/comments?post=136236"}],"version-history":[{"count":0,"href":"https:\/\/news.canadamotorjobs.com\/fr\/wp-json\/wp\/v2\/posts\/136236\/revisions"}],"wp:featuredmedia":[{"embeddable":true,"href":"https:\/\/news.canadamotorjobs.com\/fr\/wp-json\/wp\/v2\/media\/136240"}],"wp:attachment":[{"href":"https:\/\/news.canadamotorjobs.com\/fr\/wp-json\/wp\/v2\/media?parent=136236"}],"wp:term":[{"taxonomy":"category","embeddable":true,"href":"https:\/\/news.canadamotorjobs.com\/fr\/wp-json\/wp\/v2\/categories?post=136236"},{"taxonomy":"post_tag","embeddable":true,"href":"https:\/\/news.canadamotorjobs.com\/fr\/wp-json\/wp\/v2\/tags?post=136236"}],"curies":[{"name":"wp","href":"https:\/\/api.w.org\/{rel}","templated":true}]}}