{"id":136220,"date":"2022-11-05T09:01:10","date_gmt":"2022-11-05T13:01:10","guid":{"rendered":"https:\/\/news.canadamotorjobs.com\/mercedes-c300\/"},"modified":"2022-11-05T09:13:50","modified_gmt":"2022-11-05T13:13:50","slug":"mercedes-c300","status":"publish","type":"post","link":"https:\/\/news.canadamotorjobs.com\/fr\/mercedes-c300\/","title":{"rendered":"Mercedes C300"},"content":{"rendered":"<\/p>\n<p>La Classe C a longtemps \u00e9t\u00e9 la \u00ab\u00a0baby Benz\u00a0\u00bb pour les acheteurs canadiens. Une berline d\u2019entr\u00e9e de gamme, sorte de version r\u00e9duite de la Classe S beaucoup plus confortable et luxueuse, dont le mandat \u00e9tait d\u2019attirer des nouveaux clients chez les concessionnaires pour qu\u2019ils migrent ensuite lentement mais s\u00fbrement de ce mod\u00e8le plus compact \u00e0 une Classe E plus dynamique, puis \u00e0 une Classe S plus sophistiqu\u00e9e.<\/p>\n<p> Ouf, comme les choses ont chang\u00e9 chez Mercedes-Benz ces derni\u00e8res ann\u00e9es. Je n\u2019irai m\u00eame pas vous parler des CLA et GLA, et de l\u2019explosion de l\u2019offre des VUS. Je suis encore tout m\u00eal\u00e9 avec les nouveaux noms. GLC, GLE, je comprends la logique derri\u00e8re ces appellations, mais je trouve que \u00e7a manque cruellement de charme. Pour une marque dont le nom est \u00ab\u00a0Mercedes-Benz\u00a0\u00bb, \u00e7a ne devrait m\u00eame pas \u00eatre une option.<\/p>\n<p> En tout cas. Avec tout \u00e7a, on dirait que la Classe C se cherche un peu. La C300 illustre bien la position inconfortable dans laquelle se trouve ce mod\u00e8le. Cette berline se veut \u00e0 la fois luxueuse, moderne, sportive, raffin\u00e9e, accueillante et exotique, diff\u00e9rente, mais famili\u00e8re, et tout \u00e7a dans un cr\u00e9neau o\u00f9 la concurrence est peut-\u00eatre la plus f\u00e9roce de tout le march\u00e9 automobile.<\/p>\n<p> Sous le capot, elle a droit \u00e0 un 4 cylindres turbo de 2 litres auquel on a greff\u00e9 un groupe \u00e9lectrique extr\u00eamement modeste de 48 volts. \u00c7a permet d\u2019\u00e9teindre le moteur quand le v\u00e9hicule est immobilis\u00e9. Disons que \u00e7a ne change pas grand-chose \u00e0<\/p>\n","protected":false},"excerpt":{"rendered":"<p>La Classe C a longtemps \u00e9t\u00e9 la \u00ab\u00a0baby Benz\u00a0\u00bb pour les acheteurs canadiens. Une berline d\u2019entr\u00e9e de gamme, sorte de version r\u00e9duite de la Classe S beaucoup plus confortable et luxueuse, dont le mandat \u00e9tait d\u2019attirer des nouveaux clients chez les concessionnaires pour qu\u2019ils migrent ensuite lentement mais s\u00fbrement de ce mod\u00e8le plus compact \u00e0 [&hellip;]<\/p>\n","protected":false},"author":8,"featured_media":136224,"comment_status":"close","ping_status":"closed","sticky":false,"template":"","format":"standard","meta":{"_monsterinsights_skip_tracking":false,"_monsterinsights_sitenote_active":false,"_monsterinsights_sitenote_note":"","_monsterinsights_sitenote_category":0,"footnotes":""},"categories":[101],"tags":[],"yoast_head":"<!-- This site is optimized with the Yoast SEO plugin v23.2 - https:\/\/yoast.com\/wordpress\/plugins\/seo\/ -->\n<title>Mercedes C300 - CanadaMotorJobs.com<\/title>\n<meta name=\"description\" content=\"Mercedes C300 - Benoit Charette - Annuel automobile - CanadaMotorJobs.com.\" \/>\n<meta name=\"robots\" content=\"index, follow, max-snippet:-1, max-image-preview:large, max-video-preview:-1\" \/>\n<meta property=\"og:locale\" content=\"fr_CA\" \/>\n<meta property=\"og:type\" content=\"article\" \/>\n<meta property=\"og:title\" content=\"Mercedes C300 - CanadaMotorJobs.com\" \/>\n<meta property=\"og:description\" content=\"Mercedes C300 - Benoit Charette - Annuel automobile - CanadaMotorJobs.com.\" \/>\n<meta property=\"og:url\" content=\"https:\/\/news.canadamotorjobs.com\/fr\/mercedes-c300\/\" \/>\n<meta property=\"og:site_name\" content=\"CanadaMotorJobs.com\" \/>\n<meta property=\"article:publisher\" content=\"https:\/\/www.facebook.com\/canadamotorjobs\/\" \/>\n<meta property=\"article:published_time\" content=\"2022-11-05T13:01:10+00:00\" \/>\n<meta property=\"article:modified_time\" content=\"2022-11-05T13:13:50+00:00\" \/>\n<meta property=\"og:image\" content=\"https:\/\/news.canadamotorjobs.com\/wp-content\/uploads\/2022\/11\/Mercedes-Classe-C-5-1.jpg\" \/>\n\t<meta property=\"og:image:width\" content=\"1499\" \/>\n\t<meta property=\"og:image:height\" content=\"1000\" \/>\n\t<meta property=\"og:image:type\" content=\"image\/jpeg\" \/>\n<meta name=\"author\" content=\"Benoit Charette\" \/>\n<meta name=\"twitter:card\" content=\"summary_large_image\" \/>\n<meta name=\"twitter:creator\" content=\"@canadamotorjobs\" \/>\n<meta name=\"twitter:site\" content=\"@canadamotorjobs\" \/>\n<meta name=\"twitter:label1\" content=\"\u00c9crit par\" \/>\n\t<meta name=\"twitter:data1\" content=\"Benoit Charette\" \/>\n\t<meta name=\"twitter:label2\" content=\"Estimation du temps de lecture\" \/>\n\t<meta name=\"twitter:data2\" content=\"1 minute\" \/>\n<!-- \/ Yoast SEO plugin. -->","yoast_head_json":{"title":"Mercedes C300 - CanadaMotorJobs.com","description":"Mercedes C300 - Benoit Charette - Annuel automobile - CanadaMotorJobs.com.","robots":{"index":"index","follow":"follow","max-snippet":"max-snippet:-1","max-image-preview":"max-image-preview:large","max-video-preview":"max-video-preview:-1"},"og_locale":"fr_CA","og_type":"article","og_title":"Mercedes C300 - CanadaMotorJobs.com","og_description":"Mercedes C300 - Benoit Charette - Annuel automobile - CanadaMotorJobs.com.","og_url":"https:\/\/news.canadamotorjobs.com\/fr\/mercedes-c300\/","og_site_name":"CanadaMotorJobs.com","article_publisher":"https:\/\/www.facebook.com\/canadamotorjobs\/","article_published_time":"2022-11-05T13:01:10+00:00","article_modified_time":"2022-11-05T13:13:50+00:00","og_image":[{"width":1499,"height":1000,"url":"https:\/\/news.canadamotorjobs.com\/wp-content\/uploads\/2022\/11\/Mercedes-Classe-C-5-1.jpg","type":"image\/jpeg"}],"author":"Benoit Charette","twitter_card":"summary_large_image","twitter_creator":"@canadamotorjobs","twitter_site":"@canadamotorjobs","twitter_misc":{"\u00c9crit par":"Benoit Charette","Estimation du temps de lecture":"1 minute"},"schema":{"@context":"https:\/\/schema.org","@graph":[{"@type":"Article","@id":"https:\/\/news.canadamotorjobs.com\/fr\/mercedes-c300\/#article","isPartOf":{"@id":"https:\/\/news.canadamotorjobs.com\/fr\/mercedes-c300\/"},"author":{"name":"Benoit Charette","@id":"https:\/\/news.canadamotorjobs.com\/#\/schema\/person\/51793d1f87d44011d7bcc2ed99269a90"},"headline":"Mercedes C300","datePublished":"2022-11-05T13:01:10+00:00","dateModified":"2022-11-05T13:13:50+00:00","mainEntityOfPage":{"@id":"https:\/\/news.canadamotorjobs.com\/fr\/mercedes-c300\/"},"wordCount":268,"publisher":{"@id":"https:\/\/news.canadamotorjobs.com\/#organization"},"image":{"@id":"https:\/\/news.canadamotorjobs.com\/fr\/mercedes-c300\/#primaryimage"},"thumbnailUrl":"https:\/\/news.canadamotorjobs.com\/wp-content\/uploads\/2022\/11\/Mercedes-Classe-C-5-1.jpg","articleSection":["Annuel automobile"],"inLanguage":"fr-CA"},{"@type":"WebPage","@id":"https:\/\/news.canadamotorjobs.com\/fr\/mercedes-c300\/","url":"https:\/\/news.canadamotorjobs.com\/fr\/mercedes-c300\/","name":"Mercedes C300 - CanadaMotorJobs.com","isPartOf":{"@id":"https:\/\/news.canadamotorjobs.com\/#website"},"primaryImageOfPage":{"@id":"https:\/\/news.canadamotorjobs.com\/fr\/mercedes-c300\/#primaryimage"},"image":{"@id":"https:\/\/news.canadamotorjobs.com\/fr\/mercedes-c300\/#primaryimage"},"thumbnailUrl":"https:\/\/news.canadamotorjobs.com\/wp-content\/uploads\/2022\/11\/Mercedes-Classe-C-5-1.jpg","datePublished":"2022-11-05T13:01:10+00:00","dateModified":"2022-11-05T13:13:50+00:00","description":"Mercedes C300 - Benoit Charette - Annuel automobile - CanadaMotorJobs.com.","breadcrumb":{"@id":"https:\/\/news.canadamotorjobs.com\/fr\/mercedes-c300\/#breadcrumb"},"inLanguage":"fr-CA","potentialAction":[{"@type":"ReadAction","target":["https:\/\/news.canadamotorjobs.com\/fr\/mercedes-c300\/"]}]},{"@type":"ImageObject","inLanguage":"fr-CA","@id":"https:\/\/news.canadamotorjobs.com\/fr\/mercedes-c300\/#primaryimage","url":"https:\/\/news.canadamotorjobs.com\/wp-content\/uploads\/2022\/11\/Mercedes-Classe-C-5-1.jpg","contentUrl":"https:\/\/news.canadamotorjobs.com\/wp-content\/uploads\/2022\/11\/Mercedes-Classe-C-5-1.jpg","width":1499,"height":1000},{"@type":"BreadcrumbList","@id":"https:\/\/news.canadamotorjobs.com\/fr\/mercedes-c300\/#breadcrumb","itemListElement":[{"@type":"ListItem","position":1,"name":"Home","item":"https:\/\/news.canadamotorjobs.com\/fr\/blog\/"},{"@type":"ListItem","position":2,"name":"Mercedes C300"}]},{"@type":"WebSite","@id":"https:\/\/news.canadamotorjobs.com\/#website","url":"https:\/\/news.canadamotorjobs.com\/","name":"CanadaMotorJobs.com","description":"Automotive Jobs","publisher":{"@id":"https:\/\/news.canadamotorjobs.com\/#organization"},"potentialAction":[{"@type":"SearchAction","target":{"@type":"EntryPoint","urlTemplate":"https:\/\/news.canadamotorjobs.com\/?s={search_term_string}"},"query-input":"required name=search_term_string"}],"inLanguage":"fr-CA"},{"@type":"Organization","@id":"https:\/\/news.canadamotorjobs.com\/#organization","name":"Canada Motor Jobs","url":"https:\/\/news.canadamotorjobs.com\/","logo":{"@type":"ImageObject","inLanguage":"fr-CA","@id":"https:\/\/news.canadamotorjobs.com\/#\/schema\/logo\/image\/","url":"https:\/\/news.canadamotorjobs.com\/wp-content\/uploads\/2022\/10\/logo-canada-motor-jobs-1.png","contentUrl":"https:\/\/news.canadamotorjobs.com\/wp-content\/uploads\/2022\/10\/logo-canada-motor-jobs-1.png","width":800,"height":400,"caption":"Canada Motor Jobs"},"image":{"@id":"https:\/\/news.canadamotorjobs.com\/#\/schema\/logo\/image\/"},"sameAs":["https:\/\/www.facebook.com\/canadamotorjobs\/","https:\/\/x.com\/canadamotorjobs","https:\/\/www.instagram.com\/canadamotorjobs\/","https:\/\/www.linkedin.com\/company\/canadamotorjobs"]},{"@type":"Person","@id":"https:\/\/news.canadamotorjobs.com\/#\/schema\/person\/51793d1f87d44011d7bcc2ed99269a90","name":"Benoit Charette","image":{"@type":"ImageObject","inLanguage":"fr-CA","@id":"https:\/\/news.canadamotorjobs.com\/#\/schema\/person\/image\/","url":"https:\/\/secure.gravatar.com\/avatar\/45f3d2eebcccd909668d7ce7ea7267b6?s=96&d=mm&r=g","contentUrl":"https:\/\/secure.gravatar.com\/avatar\/45f3d2eebcccd909668d7ce7ea7267b6?s=96&d=mm&r=g","caption":"Benoit Charette"},"description":"Benoit Charette \/ Propri\u00e9taire et r\u00e9dacteur en chef Benoit Charette pratique le journalisme automobile depuis bient\u00f4t 30 ans. Il a fait ses classes au c\u00f4t\u00e9 de Daniel H\u00e9raud et au Carnet de route de 1992 \u00e0 2001. Il est fondateur, copropri\u00e9taire et r\u00e9dacteur en chef de L\u2019Annuel de l\u2019automobile, qu\u2019il publie depuis 2001. Il a anim\u00e9 les \u00e9missions RPM et RPM+ sur V et les L\u00e9gendes de la route sur Historia. \u00c0 la radio depuis 1986, il reprend l\u2019antenne cette ann\u00e9e sur les ondes de Cogeco et participe pour la deuxi\u00e8me ann\u00e9e \u00e0 l\u2019\u00e9mission Passion Auto sur RDS en plus de mettre en ligne le site Web officiel de L\u2019Annuel de l\u2019automobile sur annuelauto.ca.","sameAs":["https:\/\/annuelauto.ca\/"],"url":"https:\/\/news.canadamotorjobs.com\/fr\/author\/benoit-charette\/"}]}},"_links":{"self":[{"href":"https:\/\/news.canadamotorjobs.com\/fr\/wp-json\/wp\/v2\/posts\/136220"}],"collection":[{"href":"https:\/\/news.canadamotorjobs.com\/fr\/wp-json\/wp\/v2\/posts"}],"about":[{"href":"https:\/\/news.canadamotorjobs.com\/fr\/wp-json\/wp\/v2\/types\/post"}],"author":[{"embeddable":true,"href":"https:\/\/news.canadamotorjobs.com\/fr\/wp-json\/wp\/v2\/users\/8"}],"replies":[{"embeddable":true,"href":"https:\/\/news.canadamotorjobs.com\/fr\/wp-json\/wp\/v2\/comments?post=136220"}],"version-history":[{"count":0,"href":"https:\/\/news.canadamotorjobs.com\/fr\/wp-json\/wp\/v2\/posts\/136220\/revisions"}],"wp:featuredmedia":[{"embeddable":true,"href":"https:\/\/news.canadamotorjobs.com\/fr\/wp-json\/wp\/v2\/media\/136224"}],"wp:attachment":[{"href":"https:\/\/news.canadamotorjobs.com\/fr\/wp-json\/wp\/v2\/media?parent=136220"}],"wp:term":[{"taxonomy":"category","embeddable":true,"href":"https:\/\/news.canadamotorjobs.com\/fr\/wp-json\/wp\/v2\/categories?post=136220"},{"taxonomy":"post_tag","embeddable":true,"href":"https:\/\/news.canadamotorjobs.com\/fr\/wp-json\/wp\/v2\/tags?post=136220"}],"curies":[{"name":"wp","href":"https:\/\/api.w.org\/{rel}","templated":true}]}}