{"id":136212,"date":"2022-11-04T11:28:11","date_gmt":"2022-11-04T15:28:11","guid":{"rendered":"https:\/\/news.canadamotorjobs.com\/au-tour-du-groupe-volkswagen-de-prendre-un-conge-de-publicite-sur-twitter\/"},"modified":"2022-11-04T11:29:37","modified_gmt":"2022-11-04T15:29:37","slug":"au-tour-du-groupe-volkswagen-de-prendre-un-conge-de-publicite-sur-twitter","status":"publish","type":"post","link":"https:\/\/news.canadamotorjobs.com\/fr\/au-tour-du-groupe-volkswagen-de-prendre-un-conge-de-publicite-sur-twitter\/","title":{"rendered":"Au tour du groupe Volkswagen de prendre un cong\u00e9 de publicit\u00e9 sur Twitter"},"content":{"rendered":"<\/p>\n<p>Apr\u00e8s GM, c\u2019est maintenant au groupe Volkswagen de prendre une pause de publicit\u00e9 sur la plateforme Twitter. &#8220;Nous suivons de pr\u00e8s la situation et d\u00e9ciderons des prochaines \u00e9tapes en fonction de son \u00e9volution&#8221;, a d\u00e9clar\u00e9 Volkswagen dans un communiqu\u00e9, selon Reuters. Le constructeur automobile poss\u00e8de la marque Volkswagen, Seat, Cupra, Ducati, Skoda, Lamborghini, Bentley, Audi et Porsche.<br \/> Les employ\u00e9s craignent pour le pire<br \/> Alors que les employ\u00e9s de Twitter craignent pour leur gagne-pain &#8211; le New York Times rapporte que les licenciements ont commenc\u00e9 aujourd&#8217;hui &#8211; les utilisateurs craignent pour l&#8217;avenir de la plateforme de m\u00e9dias sociaux. Musk, qui se d\u00e9crit comme un &#8220;absolutiste de la libert\u00e9 d&#8217;expression&#8221;, a aliment\u00e9 la crainte que le site ne rel\u00e2che ses normes de mod\u00e9ration et ne soit envahi par les trolls et les discours haineux qui sont presque devenu la norme aux \u00c9tats-Unis.<br \/> Une d\u00e9cision qui n\u2019est pas d\u00e9finitive<br \/> Bien que VW n&#8217;ait pas pr\u00e9cis\u00e9 les raisons qui l&#8217;ont pouss\u00e9 \u00e0 interrompre les publicit\u00e9s payantes sur le site, cette d\u00e9cision intervient apr\u00e8s que M. Musk a tent\u00e9 d&#8217;apaiser les craintes des annonceurs et a promis de ne pas transformer Twitter en un &#8220;paysage infernal o\u00f9 tout est permis&#8221;. Henrik Fisker, propri\u00e9taire de Fisker Inc. a d\u00e9clar\u00e9 plus t\u00f4t cette ann\u00e9e qu&#8217;il ne souhaitait pas utiliser un site g\u00e9r\u00e9 par Musk, qui poss\u00e8de \u00e9galement Tesla, l&#8217;un de ses concurrents. Ce sentiment a \u00e9t\u00e9 repris par Citro\u00ebn, dans un message sur la plateforme.<\/p>\n<p> Chez Twitter, pendant ce temps, on ne sait toujours pas comment<\/p>\n","protected":false},"excerpt":{"rendered":"<p>Apr\u00e8s GM, c\u2019est maintenant au groupe Volkswagen de prendre une pause de publicit\u00e9 sur la plateforme Twitter. &#8220;Nous suivons de pr\u00e8s la situation et d\u00e9ciderons des prochaines \u00e9tapes en fonction de son \u00e9volution&#8221;, a d\u00e9clar\u00e9 Volkswagen dans un communiqu\u00e9, selon Reuters. Le constructeur automobile poss\u00e8de la marque Volkswagen, Seat, Cupra, Ducati, Skoda, Lamborghini, Bentley, Audi [&hellip;]<\/p>\n","protected":false},"author":8,"featured_media":136216,"comment_status":"close","ping_status":"closed","sticky":false,"template":"","format":"standard","meta":{"_monsterinsights_skip_tracking":false,"_monsterinsights_sitenote_active":false,"_monsterinsights_sitenote_note":"","_monsterinsights_sitenote_category":0,"footnotes":""},"categories":[101],"tags":[],"yoast_head":"<!-- This site is optimized with the Yoast SEO plugin v23.2 - https:\/\/yoast.com\/wordpress\/plugins\/seo\/ -->\n<title>Au tour du groupe Volkswagen de prendre un cong\u00e9 de publicit\u00e9 sur Twitter - CanadaMotorJobs.com<\/title>\n<meta name=\"description\" content=\"Au tour du groupe Volkswagen de prendre un cong\u00e9 de publicit\u00e9 sur Twitter - Benoit Charette - Annuel automobile - CanadaMotorJobs.com.\" \/>\n<meta name=\"robots\" content=\"index, follow, max-snippet:-1, max-image-preview:large, max-video-preview:-1\" \/>\n<meta property=\"og:locale\" content=\"fr_CA\" \/>\n<meta property=\"og:type\" content=\"article\" \/>\n<meta property=\"og:title\" content=\"Au tour du groupe Volkswagen de prendre un cong\u00e9 de publicit\u00e9 sur Twitter - CanadaMotorJobs.com\" \/>\n<meta property=\"og:description\" content=\"Au tour du groupe Volkswagen de prendre un cong\u00e9 de publicit\u00e9 sur Twitter - Benoit Charette - Annuel automobile - CanadaMotorJobs.com.\" \/>\n<meta property=\"og:url\" content=\"https:\/\/news.canadamotorjobs.com\/fr\/au-tour-du-groupe-volkswagen-de-prendre-un-conge-de-publicite-sur-twitter\/\" \/>\n<meta property=\"og:site_name\" content=\"CanadaMotorJobs.com\" \/>\n<meta property=\"article:publisher\" content=\"https:\/\/www.facebook.com\/canadamotorjobs\/\" \/>\n<meta property=\"article:published_time\" content=\"2022-11-04T15:28:11+00:00\" \/>\n<meta property=\"article:modified_time\" content=\"2022-11-04T15:29:37+00:00\" \/>\n<meta property=\"og:image\" content=\"https:\/\/news.canadamotorjobs.com\/wp-content\/uploads\/2022\/11\/VW-hq-new-logo-web_0-1.jpg\" \/>\n\t<meta property=\"og:image:width\" content=\"900\" \/>\n\t<meta property=\"og:image:height\" content=\"540\" \/>\n\t<meta property=\"og:image:type\" content=\"image\/jpeg\" \/>\n<meta name=\"author\" content=\"Benoit Charette\" \/>\n<meta name=\"twitter:card\" content=\"summary_large_image\" \/>\n<meta name=\"twitter:creator\" content=\"@canadamotorjobs\" \/>\n<meta name=\"twitter:site\" content=\"@canadamotorjobs\" \/>\n<meta name=\"twitter:label1\" content=\"\u00c9crit par\" \/>\n\t<meta name=\"twitter:data1\" content=\"Benoit Charette\" \/>\n\t<meta name=\"twitter:label2\" content=\"Estimation du temps de lecture\" \/>\n\t<meta name=\"twitter:data2\" content=\"1 minute\" \/>\n<!-- \/ Yoast SEO plugin. -->","yoast_head_json":{"title":"Au tour du groupe Volkswagen de prendre un cong\u00e9 de publicit\u00e9 sur Twitter - CanadaMotorJobs.com","description":"Au tour du groupe Volkswagen de prendre un cong\u00e9 de publicit\u00e9 sur Twitter - Benoit Charette - Annuel automobile - CanadaMotorJobs.com.","robots":{"index":"index","follow":"follow","max-snippet":"max-snippet:-1","max-image-preview":"max-image-preview:large","max-video-preview":"max-video-preview:-1"},"og_locale":"fr_CA","og_type":"article","og_title":"Au tour du groupe Volkswagen de prendre un cong\u00e9 de publicit\u00e9 sur Twitter - CanadaMotorJobs.com","og_description":"Au tour du groupe Volkswagen de prendre un cong\u00e9 de publicit\u00e9 sur Twitter - Benoit Charette - Annuel automobile - CanadaMotorJobs.com.","og_url":"https:\/\/news.canadamotorjobs.com\/fr\/au-tour-du-groupe-volkswagen-de-prendre-un-conge-de-publicite-sur-twitter\/","og_site_name":"CanadaMotorJobs.com","article_publisher":"https:\/\/www.facebook.com\/canadamotorjobs\/","article_published_time":"2022-11-04T15:28:11+00:00","article_modified_time":"2022-11-04T15:29:37+00:00","og_image":[{"width":900,"height":540,"url":"https:\/\/news.canadamotorjobs.com\/wp-content\/uploads\/2022\/11\/VW-hq-new-logo-web_0-1.jpg","type":"image\/jpeg"}],"author":"Benoit Charette","twitter_card":"summary_large_image","twitter_creator":"@canadamotorjobs","twitter_site":"@canadamotorjobs","twitter_misc":{"\u00c9crit par":"Benoit Charette","Estimation du temps de lecture":"1 minute"},"schema":{"@context":"https:\/\/schema.org","@graph":[{"@type":"Article","@id":"https:\/\/news.canadamotorjobs.com\/fr\/au-tour-du-groupe-volkswagen-de-prendre-un-conge-de-publicite-sur-twitter\/#article","isPartOf":{"@id":"https:\/\/news.canadamotorjobs.com\/fr\/au-tour-du-groupe-volkswagen-de-prendre-un-conge-de-publicite-sur-twitter\/"},"author":{"name":"Benoit Charette","@id":"https:\/\/news.canadamotorjobs.com\/#\/schema\/person\/51793d1f87d44011d7bcc2ed99269a90"},"headline":"Au tour du groupe Volkswagen de prendre un cong\u00e9 de publicit\u00e9 sur Twitter","datePublished":"2022-11-04T15:28:11+00:00","dateModified":"2022-11-04T15:29:37+00:00","mainEntityOfPage":{"@id":"https:\/\/news.canadamotorjobs.com\/fr\/au-tour-du-groupe-volkswagen-de-prendre-un-conge-de-publicite-sur-twitter\/"},"wordCount":295,"publisher":{"@id":"https:\/\/news.canadamotorjobs.com\/#organization"},"image":{"@id":"https:\/\/news.canadamotorjobs.com\/fr\/au-tour-du-groupe-volkswagen-de-prendre-un-conge-de-publicite-sur-twitter\/#primaryimage"},"thumbnailUrl":"https:\/\/news.canadamotorjobs.com\/wp-content\/uploads\/2022\/11\/VW-hq-new-logo-web_0-1.jpg","articleSection":["Annuel automobile"],"inLanguage":"fr-CA"},{"@type":"WebPage","@id":"https:\/\/news.canadamotorjobs.com\/fr\/au-tour-du-groupe-volkswagen-de-prendre-un-conge-de-publicite-sur-twitter\/","url":"https:\/\/news.canadamotorjobs.com\/fr\/au-tour-du-groupe-volkswagen-de-prendre-un-conge-de-publicite-sur-twitter\/","name":"Au tour du groupe Volkswagen de prendre un cong\u00e9 de publicit\u00e9 sur Twitter - CanadaMotorJobs.com","isPartOf":{"@id":"https:\/\/news.canadamotorjobs.com\/#website"},"primaryImageOfPage":{"@id":"https:\/\/news.canadamotorjobs.com\/fr\/au-tour-du-groupe-volkswagen-de-prendre-un-conge-de-publicite-sur-twitter\/#primaryimage"},"image":{"@id":"https:\/\/news.canadamotorjobs.com\/fr\/au-tour-du-groupe-volkswagen-de-prendre-un-conge-de-publicite-sur-twitter\/#primaryimage"},"thumbnailUrl":"https:\/\/news.canadamotorjobs.com\/wp-content\/uploads\/2022\/11\/VW-hq-new-logo-web_0-1.jpg","datePublished":"2022-11-04T15:28:11+00:00","dateModified":"2022-11-04T15:29:37+00:00","description":"Au tour du groupe Volkswagen de prendre un cong\u00e9 de publicit\u00e9 sur Twitter - Benoit Charette - Annuel automobile - CanadaMotorJobs.com.","breadcrumb":{"@id":"https:\/\/news.canadamotorjobs.com\/fr\/au-tour-du-groupe-volkswagen-de-prendre-un-conge-de-publicite-sur-twitter\/#breadcrumb"},"inLanguage":"fr-CA","potentialAction":[{"@type":"ReadAction","target":["https:\/\/news.canadamotorjobs.com\/fr\/au-tour-du-groupe-volkswagen-de-prendre-un-conge-de-publicite-sur-twitter\/"]}]},{"@type":"ImageObject","inLanguage":"fr-CA","@id":"https:\/\/news.canadamotorjobs.com\/fr\/au-tour-du-groupe-volkswagen-de-prendre-un-conge-de-publicite-sur-twitter\/#primaryimage","url":"https:\/\/news.canadamotorjobs.com\/wp-content\/uploads\/2022\/11\/VW-hq-new-logo-web_0-1.jpg","contentUrl":"https:\/\/news.canadamotorjobs.com\/wp-content\/uploads\/2022\/11\/VW-hq-new-logo-web_0-1.jpg","width":900,"height":540},{"@type":"BreadcrumbList","@id":"https:\/\/news.canadamotorjobs.com\/fr\/au-tour-du-groupe-volkswagen-de-prendre-un-conge-de-publicite-sur-twitter\/#breadcrumb","itemListElement":[{"@type":"ListItem","position":1,"name":"Home","item":"https:\/\/news.canadamotorjobs.com\/fr\/blog\/"},{"@type":"ListItem","position":2,"name":"Au tour du groupe Volkswagen de prendre un cong\u00e9 de publicit\u00e9 sur Twitter"}]},{"@type":"WebSite","@id":"https:\/\/news.canadamotorjobs.com\/#website","url":"https:\/\/news.canadamotorjobs.com\/","name":"CanadaMotorJobs.com","description":"Automotive Jobs","publisher":{"@id":"https:\/\/news.canadamotorjobs.com\/#organization"},"potentialAction":[{"@type":"SearchAction","target":{"@type":"EntryPoint","urlTemplate":"https:\/\/news.canadamotorjobs.com\/?s={search_term_string}"},"query-input":"required name=search_term_string"}],"inLanguage":"fr-CA"},{"@type":"Organization","@id":"https:\/\/news.canadamotorjobs.com\/#organization","name":"Canada Motor Jobs","url":"https:\/\/news.canadamotorjobs.com\/","logo":{"@type":"ImageObject","inLanguage":"fr-CA","@id":"https:\/\/news.canadamotorjobs.com\/#\/schema\/logo\/image\/","url":"https:\/\/news.canadamotorjobs.com\/wp-content\/uploads\/2022\/10\/logo-canada-motor-jobs-1.png","contentUrl":"https:\/\/news.canadamotorjobs.com\/wp-content\/uploads\/2022\/10\/logo-canada-motor-jobs-1.png","width":800,"height":400,"caption":"Canada Motor Jobs"},"image":{"@id":"https:\/\/news.canadamotorjobs.com\/#\/schema\/logo\/image\/"},"sameAs":["https:\/\/www.facebook.com\/canadamotorjobs\/","https:\/\/x.com\/canadamotorjobs","https:\/\/www.instagram.com\/canadamotorjobs\/","https:\/\/www.linkedin.com\/company\/canadamotorjobs"]},{"@type":"Person","@id":"https:\/\/news.canadamotorjobs.com\/#\/schema\/person\/51793d1f87d44011d7bcc2ed99269a90","name":"Benoit Charette","image":{"@type":"ImageObject","inLanguage":"fr-CA","@id":"https:\/\/news.canadamotorjobs.com\/#\/schema\/person\/image\/","url":"https:\/\/secure.gravatar.com\/avatar\/45f3d2eebcccd909668d7ce7ea7267b6?s=96&d=mm&r=g","contentUrl":"https:\/\/secure.gravatar.com\/avatar\/45f3d2eebcccd909668d7ce7ea7267b6?s=96&d=mm&r=g","caption":"Benoit Charette"},"description":"Benoit Charette \/ Propri\u00e9taire et r\u00e9dacteur en chef Benoit Charette pratique le journalisme automobile depuis bient\u00f4t 30 ans. Il a fait ses classes au c\u00f4t\u00e9 de Daniel H\u00e9raud et au Carnet de route de 1992 \u00e0 2001. Il est fondateur, copropri\u00e9taire et r\u00e9dacteur en chef de L\u2019Annuel de l\u2019automobile, qu\u2019il publie depuis 2001. Il a anim\u00e9 les \u00e9missions RPM et RPM+ sur V et les L\u00e9gendes de la route sur Historia. \u00c0 la radio depuis 1986, il reprend l\u2019antenne cette ann\u00e9e sur les ondes de Cogeco et participe pour la deuxi\u00e8me ann\u00e9e \u00e0 l\u2019\u00e9mission Passion Auto sur RDS en plus de mettre en ligne le site Web officiel de L\u2019Annuel de l\u2019automobile sur annuelauto.ca.","sameAs":["https:\/\/annuelauto.ca\/"],"url":"https:\/\/news.canadamotorjobs.com\/fr\/author\/benoit-charette\/"}]}},"_links":{"self":[{"href":"https:\/\/news.canadamotorjobs.com\/fr\/wp-json\/wp\/v2\/posts\/136212"}],"collection":[{"href":"https:\/\/news.canadamotorjobs.com\/fr\/wp-json\/wp\/v2\/posts"}],"about":[{"href":"https:\/\/news.canadamotorjobs.com\/fr\/wp-json\/wp\/v2\/types\/post"}],"author":[{"embeddable":true,"href":"https:\/\/news.canadamotorjobs.com\/fr\/wp-json\/wp\/v2\/users\/8"}],"replies":[{"embeddable":true,"href":"https:\/\/news.canadamotorjobs.com\/fr\/wp-json\/wp\/v2\/comments?post=136212"}],"version-history":[{"count":0,"href":"https:\/\/news.canadamotorjobs.com\/fr\/wp-json\/wp\/v2\/posts\/136212\/revisions"}],"wp:featuredmedia":[{"embeddable":true,"href":"https:\/\/news.canadamotorjobs.com\/fr\/wp-json\/wp\/v2\/media\/136216"}],"wp:attachment":[{"href":"https:\/\/news.canadamotorjobs.com\/fr\/wp-json\/wp\/v2\/media?parent=136212"}],"wp:term":[{"taxonomy":"category","embeddable":true,"href":"https:\/\/news.canadamotorjobs.com\/fr\/wp-json\/wp\/v2\/categories?post=136212"},{"taxonomy":"post_tag","embeddable":true,"href":"https:\/\/news.canadamotorjobs.com\/fr\/wp-json\/wp\/v2\/tags?post=136212"}],"curies":[{"name":"wp","href":"https:\/\/api.w.org\/{rel}","templated":true}]}}