{"id":136196,"date":"2022-11-04T08:35:23","date_gmt":"2022-11-04T12:35:23","guid":{"rendered":"https:\/\/news.canadamotorjobs.com\/le-changement-dheure-coute-cher-en-vie-humaine-et-animale\/"},"modified":"2022-11-04T08:43:54","modified_gmt":"2022-11-04T12:43:54","slug":"le-changement-dheure-coute-cher-en-vie-humaine-et-animale","status":"publish","type":"post","link":"https:\/\/news.canadamotorjobs.com\/fr\/le-changement-dheure-coute-cher-en-vie-humaine-et-animale\/","title":{"rendered":"Le changement d\u2019heure co\u00fbte cher en vie humaine et animale"},"content":{"rendered":"<\/p>\n<p>C\u2019est demain soir que nous allons revenir \u00e0 l\u2019heure normale. Outre les d\u00e9sagr\u00e9ments li\u00e9s au passage \u00e0 l&#8217;heure normale et \u00e0 l&#8217;heure d&#8217;\u00e9t\u00e9 qui affectent nos habitudes de sommeil, cette transition semestrielle a des cons\u00e9quences plus graves : selon une nouvelle \u00e9tude, le changement d&#8217;heure contribue \u00e0 37\u00a0000 collisions entre v\u00e9hicules et cerfs sur les routes am\u00e9ricaines. Il faut sans doute diviser ce chiffre par 10 pour le Canada.<br \/> Des d\u00e9c\u00e8s aussi reli\u00e9s au changement d\u2019heure<br \/> Ce rapport publi\u00e9 dans la revue Current Biology, indique que le passage \u00e0 l&#8217;heure d&#8217;\u00e9t\u00e9 tout au long de l&#8217;ann\u00e9e r\u00e9duirait la dur\u00e9e de la circulation dans l&#8217;obscurit\u00e9 aux heures de pointe du soir chaque ann\u00e9e, ce qui permettrait d&#8217;\u00e9viter 33 d\u00e9c\u00e8s humains, 2 000 blessures et d&#8217;\u00e9conomiser environ 1,2 milliard de dollars en co\u00fbts de r\u00e9paration li\u00e9s aux accidents. Ces chiffres sont toujours applicables aux \u00c9tats-Unis. L\u2019\u00e9tude stipule que le simple fait de plus changer l\u2019heure r\u00e9glerait le probl\u00e8me. L\u2019\u00e9tude pr\u00e9cise par exemple que le passage \u00e0 l&#8217;heure normale permanente, quant \u00e0 lui, co\u00fbterait 66 vies humaines suppl\u00e9mentaires par an et 2 milliards de dollars de dommages dus \u00e0 74\u00a0000 collisions suppl\u00e9mentaires.<br \/> Des donn\u00e9es document\u00e9es<br \/> Pour comprendre l&#8217;effet des changements d&#8217;heure saisonniers, les chercheurs ont recueilli des donn\u00e9es sur les collisions entre la faune et les v\u00e9hicules \u00e0 partir de plus d&#8217;un million d&#8217;accidents dans 23 \u00c9tats afin d&#8217;en estimer l&#8217;impact. Les cerfs sont plus actifs \u00e0 l&#8217;aube et au cr\u00e9puscule, quelque 2,1 millions de collisions entre des cerfs et des v\u00e9hicules se<\/p>\n","protected":false},"excerpt":{"rendered":"<p>C\u2019est demain soir que nous allons revenir \u00e0 l\u2019heure normale. Outre les d\u00e9sagr\u00e9ments li\u00e9s au passage \u00e0 l&#8217;heure normale et \u00e0 l&#8217;heure d&#8217;\u00e9t\u00e9 qui affectent nos habitudes de sommeil, cette transition semestrielle a des cons\u00e9quences plus graves : selon une nouvelle \u00e9tude, le changement d&#8217;heure contribue \u00e0 37\u00a0000 collisions entre v\u00e9hicules et cerfs sur les [&hellip;]<\/p>\n","protected":false},"author":8,"featured_media":136200,"comment_status":"close","ping_status":"closed","sticky":false,"template":"","format":"standard","meta":{"_monsterinsights_skip_tracking":false,"_monsterinsights_sitenote_active":false,"_monsterinsights_sitenote_note":"","_monsterinsights_sitenote_category":0,"footnotes":""},"categories":[101],"tags":[],"yoast_head":"<!-- This site is optimized with the Yoast SEO plugin v23.2 - https:\/\/yoast.com\/wordpress\/plugins\/seo\/ -->\n<title>Le changement d\u2019heure co\u00fbte cher en vie humaine et animale - CanadaMotorJobs.com<\/title>\n<meta name=\"description\" content=\"Le changement d\u2019heure co\u00fbte cher en vie humaine et animale - Benoit Charette - Annuel automobile - CanadaMotorJobs.com.\" \/>\n<meta name=\"robots\" content=\"index, follow, max-snippet:-1, max-image-preview:large, max-video-preview:-1\" \/>\n<meta property=\"og:locale\" content=\"fr_CA\" \/>\n<meta property=\"og:type\" content=\"article\" \/>\n<meta property=\"og:title\" content=\"Le changement d\u2019heure co\u00fbte cher en vie humaine et animale - CanadaMotorJobs.com\" \/>\n<meta property=\"og:description\" content=\"Le changement d\u2019heure co\u00fbte cher en vie humaine et animale - Benoit Charette - Annuel automobile - CanadaMotorJobs.com.\" \/>\n<meta property=\"og:url\" content=\"https:\/\/news.canadamotorjobs.com\/fr\/le-changement-dheure-coute-cher-en-vie-humaine-et-animale\/\" \/>\n<meta property=\"og:site_name\" content=\"CanadaMotorJobs.com\" \/>\n<meta property=\"article:publisher\" content=\"https:\/\/www.facebook.com\/canadamotorjobs\/\" \/>\n<meta property=\"article:published_time\" content=\"2022-11-04T12:35:23+00:00\" \/>\n<meta property=\"article:modified_time\" content=\"2022-11-04T12:43:54+00:00\" \/>\n<meta property=\"og:image\" content=\"https:\/\/news.canadamotorjobs.com\/wp-content\/uploads\/2022\/11\/p_deer_car_522021227-1.jpg\" \/>\n\t<meta property=\"og:image:width\" content=\"962\" \/>\n\t<meta property=\"og:image:height\" content=\"480\" \/>\n\t<meta property=\"og:image:type\" content=\"image\/jpeg\" \/>\n<meta name=\"author\" content=\"Benoit Charette\" \/>\n<meta name=\"twitter:card\" content=\"summary_large_image\" \/>\n<meta name=\"twitter:creator\" content=\"@canadamotorjobs\" \/>\n<meta name=\"twitter:site\" content=\"@canadamotorjobs\" \/>\n<meta name=\"twitter:label1\" content=\"\u00c9crit par\" \/>\n\t<meta name=\"twitter:data1\" content=\"Benoit Charette\" \/>\n\t<meta name=\"twitter:label2\" content=\"Estimation du temps de lecture\" \/>\n\t<meta name=\"twitter:data2\" content=\"1 minute\" \/>\n<!-- \/ Yoast SEO plugin. -->","yoast_head_json":{"title":"Le changement d\u2019heure co\u00fbte cher en vie humaine et animale - CanadaMotorJobs.com","description":"Le changement d\u2019heure co\u00fbte cher en vie humaine et animale - Benoit Charette - Annuel automobile - CanadaMotorJobs.com.","robots":{"index":"index","follow":"follow","max-snippet":"max-snippet:-1","max-image-preview":"max-image-preview:large","max-video-preview":"max-video-preview:-1"},"og_locale":"fr_CA","og_type":"article","og_title":"Le changement d\u2019heure co\u00fbte cher en vie humaine et animale - CanadaMotorJobs.com","og_description":"Le changement d\u2019heure co\u00fbte cher en vie humaine et animale - Benoit Charette - Annuel automobile - CanadaMotorJobs.com.","og_url":"https:\/\/news.canadamotorjobs.com\/fr\/le-changement-dheure-coute-cher-en-vie-humaine-et-animale\/","og_site_name":"CanadaMotorJobs.com","article_publisher":"https:\/\/www.facebook.com\/canadamotorjobs\/","article_published_time":"2022-11-04T12:35:23+00:00","article_modified_time":"2022-11-04T12:43:54+00:00","og_image":[{"width":962,"height":480,"url":"https:\/\/news.canadamotorjobs.com\/wp-content\/uploads\/2022\/11\/p_deer_car_522021227-1.jpg","type":"image\/jpeg"}],"author":"Benoit Charette","twitter_card":"summary_large_image","twitter_creator":"@canadamotorjobs","twitter_site":"@canadamotorjobs","twitter_misc":{"\u00c9crit par":"Benoit Charette","Estimation du temps de lecture":"1 minute"},"schema":{"@context":"https:\/\/schema.org","@graph":[{"@type":"Article","@id":"https:\/\/news.canadamotorjobs.com\/fr\/le-changement-dheure-coute-cher-en-vie-humaine-et-animale\/#article","isPartOf":{"@id":"https:\/\/news.canadamotorjobs.com\/fr\/le-changement-dheure-coute-cher-en-vie-humaine-et-animale\/"},"author":{"name":"Benoit Charette","@id":"https:\/\/news.canadamotorjobs.com\/#\/schema\/person\/51793d1f87d44011d7bcc2ed99269a90"},"headline":"Le changement d\u2019heure co\u00fbte cher en vie humaine et animale","datePublished":"2022-11-04T12:35:23+00:00","dateModified":"2022-11-04T12:43:54+00:00","mainEntityOfPage":{"@id":"https:\/\/news.canadamotorjobs.com\/fr\/le-changement-dheure-coute-cher-en-vie-humaine-et-animale\/"},"wordCount":294,"publisher":{"@id":"https:\/\/news.canadamotorjobs.com\/#organization"},"image":{"@id":"https:\/\/news.canadamotorjobs.com\/fr\/le-changement-dheure-coute-cher-en-vie-humaine-et-animale\/#primaryimage"},"thumbnailUrl":"https:\/\/news.canadamotorjobs.com\/wp-content\/uploads\/2022\/11\/p_deer_car_522021227-1.jpg","articleSection":["Annuel automobile"],"inLanguage":"fr-CA"},{"@type":"WebPage","@id":"https:\/\/news.canadamotorjobs.com\/fr\/le-changement-dheure-coute-cher-en-vie-humaine-et-animale\/","url":"https:\/\/news.canadamotorjobs.com\/fr\/le-changement-dheure-coute-cher-en-vie-humaine-et-animale\/","name":"Le changement d\u2019heure co\u00fbte cher en vie humaine et animale - CanadaMotorJobs.com","isPartOf":{"@id":"https:\/\/news.canadamotorjobs.com\/#website"},"primaryImageOfPage":{"@id":"https:\/\/news.canadamotorjobs.com\/fr\/le-changement-dheure-coute-cher-en-vie-humaine-et-animale\/#primaryimage"},"image":{"@id":"https:\/\/news.canadamotorjobs.com\/fr\/le-changement-dheure-coute-cher-en-vie-humaine-et-animale\/#primaryimage"},"thumbnailUrl":"https:\/\/news.canadamotorjobs.com\/wp-content\/uploads\/2022\/11\/p_deer_car_522021227-1.jpg","datePublished":"2022-11-04T12:35:23+00:00","dateModified":"2022-11-04T12:43:54+00:00","description":"Le changement d\u2019heure co\u00fbte cher en vie humaine et animale - Benoit Charette - Annuel automobile - CanadaMotorJobs.com.","breadcrumb":{"@id":"https:\/\/news.canadamotorjobs.com\/fr\/le-changement-dheure-coute-cher-en-vie-humaine-et-animale\/#breadcrumb"},"inLanguage":"fr-CA","potentialAction":[{"@type":"ReadAction","target":["https:\/\/news.canadamotorjobs.com\/fr\/le-changement-dheure-coute-cher-en-vie-humaine-et-animale\/"]}]},{"@type":"ImageObject","inLanguage":"fr-CA","@id":"https:\/\/news.canadamotorjobs.com\/fr\/le-changement-dheure-coute-cher-en-vie-humaine-et-animale\/#primaryimage","url":"https:\/\/news.canadamotorjobs.com\/wp-content\/uploads\/2022\/11\/p_deer_car_522021227-1.jpg","contentUrl":"https:\/\/news.canadamotorjobs.com\/wp-content\/uploads\/2022\/11\/p_deer_car_522021227-1.jpg","width":962,"height":480},{"@type":"BreadcrumbList","@id":"https:\/\/news.canadamotorjobs.com\/fr\/le-changement-dheure-coute-cher-en-vie-humaine-et-animale\/#breadcrumb","itemListElement":[{"@type":"ListItem","position":1,"name":"Home","item":"https:\/\/news.canadamotorjobs.com\/fr\/blog\/"},{"@type":"ListItem","position":2,"name":"Le changement d\u2019heure co\u00fbte cher en vie humaine et animale"}]},{"@type":"WebSite","@id":"https:\/\/news.canadamotorjobs.com\/#website","url":"https:\/\/news.canadamotorjobs.com\/","name":"CanadaMotorJobs.com","description":"Automotive Jobs","publisher":{"@id":"https:\/\/news.canadamotorjobs.com\/#organization"},"potentialAction":[{"@type":"SearchAction","target":{"@type":"EntryPoint","urlTemplate":"https:\/\/news.canadamotorjobs.com\/?s={search_term_string}"},"query-input":"required name=search_term_string"}],"inLanguage":"fr-CA"},{"@type":"Organization","@id":"https:\/\/news.canadamotorjobs.com\/#organization","name":"Canada Motor Jobs","url":"https:\/\/news.canadamotorjobs.com\/","logo":{"@type":"ImageObject","inLanguage":"fr-CA","@id":"https:\/\/news.canadamotorjobs.com\/#\/schema\/logo\/image\/","url":"https:\/\/news.canadamotorjobs.com\/wp-content\/uploads\/2022\/10\/logo-canada-motor-jobs-1.png","contentUrl":"https:\/\/news.canadamotorjobs.com\/wp-content\/uploads\/2022\/10\/logo-canada-motor-jobs-1.png","width":800,"height":400,"caption":"Canada Motor Jobs"},"image":{"@id":"https:\/\/news.canadamotorjobs.com\/#\/schema\/logo\/image\/"},"sameAs":["https:\/\/www.facebook.com\/canadamotorjobs\/","https:\/\/x.com\/canadamotorjobs","https:\/\/www.instagram.com\/canadamotorjobs\/","https:\/\/www.linkedin.com\/company\/canadamotorjobs"]},{"@type":"Person","@id":"https:\/\/news.canadamotorjobs.com\/#\/schema\/person\/51793d1f87d44011d7bcc2ed99269a90","name":"Benoit Charette","image":{"@type":"ImageObject","inLanguage":"fr-CA","@id":"https:\/\/news.canadamotorjobs.com\/#\/schema\/person\/image\/","url":"https:\/\/secure.gravatar.com\/avatar\/45f3d2eebcccd909668d7ce7ea7267b6?s=96&d=mm&r=g","contentUrl":"https:\/\/secure.gravatar.com\/avatar\/45f3d2eebcccd909668d7ce7ea7267b6?s=96&d=mm&r=g","caption":"Benoit Charette"},"description":"Benoit Charette \/ Propri\u00e9taire et r\u00e9dacteur en chef Benoit Charette pratique le journalisme automobile depuis bient\u00f4t 30 ans. Il a fait ses classes au c\u00f4t\u00e9 de Daniel H\u00e9raud et au Carnet de route de 1992 \u00e0 2001. Il est fondateur, copropri\u00e9taire et r\u00e9dacteur en chef de L\u2019Annuel de l\u2019automobile, qu\u2019il publie depuis 2001. Il a anim\u00e9 les \u00e9missions RPM et RPM+ sur V et les L\u00e9gendes de la route sur Historia. \u00c0 la radio depuis 1986, il reprend l\u2019antenne cette ann\u00e9e sur les ondes de Cogeco et participe pour la deuxi\u00e8me ann\u00e9e \u00e0 l\u2019\u00e9mission Passion Auto sur RDS en plus de mettre en ligne le site Web officiel de L\u2019Annuel de l\u2019automobile sur annuelauto.ca.","sameAs":["https:\/\/annuelauto.ca\/"],"url":"https:\/\/news.canadamotorjobs.com\/fr\/author\/benoit-charette\/"}]}},"_links":{"self":[{"href":"https:\/\/news.canadamotorjobs.com\/fr\/wp-json\/wp\/v2\/posts\/136196"}],"collection":[{"href":"https:\/\/news.canadamotorjobs.com\/fr\/wp-json\/wp\/v2\/posts"}],"about":[{"href":"https:\/\/news.canadamotorjobs.com\/fr\/wp-json\/wp\/v2\/types\/post"}],"author":[{"embeddable":true,"href":"https:\/\/news.canadamotorjobs.com\/fr\/wp-json\/wp\/v2\/users\/8"}],"replies":[{"embeddable":true,"href":"https:\/\/news.canadamotorjobs.com\/fr\/wp-json\/wp\/v2\/comments?post=136196"}],"version-history":[{"count":0,"href":"https:\/\/news.canadamotorjobs.com\/fr\/wp-json\/wp\/v2\/posts\/136196\/revisions"}],"wp:featuredmedia":[{"embeddable":true,"href":"https:\/\/news.canadamotorjobs.com\/fr\/wp-json\/wp\/v2\/media\/136200"}],"wp:attachment":[{"href":"https:\/\/news.canadamotorjobs.com\/fr\/wp-json\/wp\/v2\/media?parent=136196"}],"wp:term":[{"taxonomy":"category","embeddable":true,"href":"https:\/\/news.canadamotorjobs.com\/fr\/wp-json\/wp\/v2\/categories?post=136196"},{"taxonomy":"post_tag","embeddable":true,"href":"https:\/\/news.canadamotorjobs.com\/fr\/wp-json\/wp\/v2\/tags?post=136196"}],"curies":[{"name":"wp","href":"https:\/\/api.w.org\/{rel}","templated":true}]}}