{"id":136164,"date":"2022-11-03T08:06:41","date_gmt":"2022-11-03T12:06:41","guid":{"rendered":"https:\/\/news.canadamotorjobs.com\/henry-ford\/"},"modified":"2022-11-03T08:14:53","modified_gmt":"2022-11-03T12:14:53","slug":"henry-ford","status":"publish","type":"post","link":"https:\/\/news.canadamotorjobs.com\/fr\/henry-ford\/","title":{"rendered":"Henry Ford"},"content":{"rendered":"<\/p>\n<p>Henry Ford na\u00eet le 30 juillet 1863 \u00e0 Dearborn, au Michigan. Il est le plus vieux des six enfants d&#8217;une famille de fermiers. Il a pass\u00e9 son enfance entre la petite \u00e9cole de rang et les nombreuses t\u00e2ches \u00e0 la ferme qu\u2019ils d\u00e9testaient. Ford \u00e9tait passionn\u00e9e par la r\u00e9volution industrielle que vivait la ville de D\u00e9troit, non loin de chez lui. Il adorait r\u00e9parer toutes sortes de choses, surtout les outils de la ferme et il construisait ses propres instruments de travail pour r\u00e9parer la machinerie agricole, fabriqu\u00e9 \u00e0 partir des aiguilles \u00e0 raccomoder et des supports \u00e0 corset que sa m\u00e8re lui fournissait.<\/p>\n<p> Bien qu&#8217;il aspirait aller \u00e0 D\u00e9troit et travailler dans les usines, Henry resta sur la ferme pour aider la famille jusqu&#8217;\u00e0 17 ans. Ensuite, avec la b\u00e9n\u00e9diction de son p\u00e8re, il d\u00e9m\u00e9nagea \u00e0 D\u00e9troit et commen\u00e7a \u00e0 travailler \u00e0 la Michigan Car pour 1.10$ par jour. Il a \u00e9t\u00e9 cong\u00e9di\u00e9 quelque temps apr\u00e8s, parce qu&#8217;il \u00e9tait furieux envers les employ\u00e9es plus \u00e2g\u00e9es qui faisaient les r\u00e9parations en cinq heures, alors que lui, le faisait en une demi-heure.<\/p>\n<p> En 1882, Henry quitta D\u00e9troit et utilisa la ferme de la famille, pour son adresse domiciliaire, pendant qu&#8217;il voyagea, dans les alentours, d&#8217;un emploi \u00e0 l&#8217;autre. \u00c0 une soir\u00e9e, en 1885, il rencontra Clara Jane Bryant. Ils se mari\u00e8rent le 11 avril 1888 et ont eu un enfant du nom de Edsel. En 1891, le couple d\u00e9m\u00e9nage \u00e0 D\u00e9troit et Henry commen\u00e7a \u00e0 travailler pour la compagnie<\/p>\n","protected":false},"excerpt":{"rendered":"<p>Henry Ford na\u00eet le 30 juillet 1863 \u00e0 Dearborn, au Michigan. Il est le plus vieux des six enfants d&#8217;une famille de fermiers. Il a pass\u00e9 son enfance entre la petite \u00e9cole de rang et les nombreuses t\u00e2ches \u00e0 la ferme qu\u2019ils d\u00e9testaient. Ford \u00e9tait passionn\u00e9e par la r\u00e9volution industrielle que vivait la ville de [&hellip;]<\/p>\n","protected":false},"author":8,"featured_media":136168,"comment_status":"close","ping_status":"closed","sticky":false,"template":"","format":"standard","meta":{"_monsterinsights_skip_tracking":false,"_monsterinsights_sitenote_active":false,"_monsterinsights_sitenote_note":"","_monsterinsights_sitenote_category":0,"footnotes":""},"categories":[101],"tags":[],"yoast_head":"<!-- This site is optimized with the Yoast SEO plugin v23.2 - https:\/\/yoast.com\/wordpress\/plugins\/seo\/ -->\n<title>Henry Ford - CanadaMotorJobs.com<\/title>\n<meta name=\"description\" content=\"Henry Ford - Benoit Charette - Annuel automobile - CanadaMotorJobs.com.\" \/>\n<meta name=\"robots\" content=\"index, follow, max-snippet:-1, max-image-preview:large, max-video-preview:-1\" \/>\n<meta property=\"og:locale\" content=\"fr_CA\" \/>\n<meta property=\"og:type\" content=\"article\" \/>\n<meta property=\"og:title\" content=\"Henry Ford - CanadaMotorJobs.com\" \/>\n<meta property=\"og:description\" content=\"Henry Ford - Benoit Charette - Annuel automobile - CanadaMotorJobs.com.\" \/>\n<meta property=\"og:url\" content=\"https:\/\/news.canadamotorjobs.com\/fr\/henry-ford\/\" \/>\n<meta property=\"og:site_name\" content=\"CanadaMotorJobs.com\" \/>\n<meta property=\"article:publisher\" content=\"https:\/\/www.facebook.com\/canadamotorjobs\/\" \/>\n<meta property=\"article:published_time\" content=\"2022-11-03T12:06:41+00:00\" \/>\n<meta property=\"article:modified_time\" content=\"2022-11-03T12:14:53+00:00\" \/>\n<meta property=\"og:image\" content=\"https:\/\/news.canadamotorjobs.com\/wp-content\/uploads\/2022\/11\/Henry_ford_1919-1-807x1030.jpg\" \/>\n\t<meta property=\"og:image:width\" content=\"807\" \/>\n\t<meta property=\"og:image:height\" content=\"1030\" \/>\n\t<meta property=\"og:image:type\" content=\"image\/jpeg\" \/>\n<meta name=\"author\" content=\"Benoit Charette\" \/>\n<meta name=\"twitter:card\" content=\"summary_large_image\" \/>\n<meta name=\"twitter:creator\" content=\"@canadamotorjobs\" \/>\n<meta name=\"twitter:site\" content=\"@canadamotorjobs\" \/>\n<meta name=\"twitter:label1\" content=\"\u00c9crit par\" \/>\n\t<meta name=\"twitter:data1\" content=\"Benoit Charette\" \/>\n\t<meta name=\"twitter:label2\" content=\"Estimation du temps de lecture\" \/>\n\t<meta name=\"twitter:data2\" content=\"1 minute\" \/>\n<!-- \/ Yoast SEO plugin. -->","yoast_head_json":{"title":"Henry Ford - CanadaMotorJobs.com","description":"Henry Ford - Benoit Charette - Annuel automobile - CanadaMotorJobs.com.","robots":{"index":"index","follow":"follow","max-snippet":"max-snippet:-1","max-image-preview":"max-image-preview:large","max-video-preview":"max-video-preview:-1"},"og_locale":"fr_CA","og_type":"article","og_title":"Henry Ford - CanadaMotorJobs.com","og_description":"Henry Ford - Benoit Charette - Annuel automobile - CanadaMotorJobs.com.","og_url":"https:\/\/news.canadamotorjobs.com\/fr\/henry-ford\/","og_site_name":"CanadaMotorJobs.com","article_publisher":"https:\/\/www.facebook.com\/canadamotorjobs\/","article_published_time":"2022-11-03T12:06:41+00:00","article_modified_time":"2022-11-03T12:14:53+00:00","og_image":[{"width":807,"height":1030,"url":"https:\/\/news.canadamotorjobs.com\/wp-content\/uploads\/2022\/11\/Henry_ford_1919-1-807x1030.jpg","type":"image\/jpeg"}],"author":"Benoit Charette","twitter_card":"summary_large_image","twitter_creator":"@canadamotorjobs","twitter_site":"@canadamotorjobs","twitter_misc":{"\u00c9crit par":"Benoit Charette","Estimation du temps de lecture":"1 minute"},"schema":{"@context":"https:\/\/schema.org","@graph":[{"@type":"Article","@id":"https:\/\/news.canadamotorjobs.com\/fr\/henry-ford\/#article","isPartOf":{"@id":"https:\/\/news.canadamotorjobs.com\/fr\/henry-ford\/"},"author":{"name":"Benoit Charette","@id":"https:\/\/news.canadamotorjobs.com\/#\/schema\/person\/51793d1f87d44011d7bcc2ed99269a90"},"headline":"Henry Ford","datePublished":"2022-11-03T12:06:41+00:00","dateModified":"2022-11-03T12:14:53+00:00","mainEntityOfPage":{"@id":"https:\/\/news.canadamotorjobs.com\/fr\/henry-ford\/"},"wordCount":264,"publisher":{"@id":"https:\/\/news.canadamotorjobs.com\/#organization"},"image":{"@id":"https:\/\/news.canadamotorjobs.com\/fr\/henry-ford\/#primaryimage"},"thumbnailUrl":"https:\/\/news.canadamotorjobs.com\/wp-content\/uploads\/2022\/11\/Henry_ford_1919-1.jpg","articleSection":["Annuel automobile"],"inLanguage":"fr-CA"},{"@type":"WebPage","@id":"https:\/\/news.canadamotorjobs.com\/fr\/henry-ford\/","url":"https:\/\/news.canadamotorjobs.com\/fr\/henry-ford\/","name":"Henry Ford - CanadaMotorJobs.com","isPartOf":{"@id":"https:\/\/news.canadamotorjobs.com\/#website"},"primaryImageOfPage":{"@id":"https:\/\/news.canadamotorjobs.com\/fr\/henry-ford\/#primaryimage"},"image":{"@id":"https:\/\/news.canadamotorjobs.com\/fr\/henry-ford\/#primaryimage"},"thumbnailUrl":"https:\/\/news.canadamotorjobs.com\/wp-content\/uploads\/2022\/11\/Henry_ford_1919-1.jpg","datePublished":"2022-11-03T12:06:41+00:00","dateModified":"2022-11-03T12:14:53+00:00","description":"Henry Ford - Benoit Charette - Annuel automobile - CanadaMotorJobs.com.","breadcrumb":{"@id":"https:\/\/news.canadamotorjobs.com\/fr\/henry-ford\/#breadcrumb"},"inLanguage":"fr-CA","potentialAction":[{"@type":"ReadAction","target":["https:\/\/news.canadamotorjobs.com\/fr\/henry-ford\/"]}]},{"@type":"ImageObject","inLanguage":"fr-CA","@id":"https:\/\/news.canadamotorjobs.com\/fr\/henry-ford\/#primaryimage","url":"https:\/\/news.canadamotorjobs.com\/wp-content\/uploads\/2022\/11\/Henry_ford_1919-1.jpg","contentUrl":"https:\/\/news.canadamotorjobs.com\/wp-content\/uploads\/2022\/11\/Henry_ford_1919-1.jpg","width":1744,"height":2226},{"@type":"BreadcrumbList","@id":"https:\/\/news.canadamotorjobs.com\/fr\/henry-ford\/#breadcrumb","itemListElement":[{"@type":"ListItem","position":1,"name":"Home","item":"https:\/\/news.canadamotorjobs.com\/fr\/blog\/"},{"@type":"ListItem","position":2,"name":"Henry Ford"}]},{"@type":"WebSite","@id":"https:\/\/news.canadamotorjobs.com\/#website","url":"https:\/\/news.canadamotorjobs.com\/","name":"CanadaMotorJobs.com","description":"Automotive Jobs","publisher":{"@id":"https:\/\/news.canadamotorjobs.com\/#organization"},"potentialAction":[{"@type":"SearchAction","target":{"@type":"EntryPoint","urlTemplate":"https:\/\/news.canadamotorjobs.com\/?s={search_term_string}"},"query-input":"required name=search_term_string"}],"inLanguage":"fr-CA"},{"@type":"Organization","@id":"https:\/\/news.canadamotorjobs.com\/#organization","name":"Canada Motor Jobs","url":"https:\/\/news.canadamotorjobs.com\/","logo":{"@type":"ImageObject","inLanguage":"fr-CA","@id":"https:\/\/news.canadamotorjobs.com\/#\/schema\/logo\/image\/","url":"https:\/\/news.canadamotorjobs.com\/wp-content\/uploads\/2022\/10\/logo-canada-motor-jobs-1.png","contentUrl":"https:\/\/news.canadamotorjobs.com\/wp-content\/uploads\/2022\/10\/logo-canada-motor-jobs-1.png","width":800,"height":400,"caption":"Canada Motor Jobs"},"image":{"@id":"https:\/\/news.canadamotorjobs.com\/#\/schema\/logo\/image\/"},"sameAs":["https:\/\/www.facebook.com\/canadamotorjobs\/","https:\/\/x.com\/canadamotorjobs","https:\/\/www.instagram.com\/canadamotorjobs\/","https:\/\/www.linkedin.com\/company\/canadamotorjobs"]},{"@type":"Person","@id":"https:\/\/news.canadamotorjobs.com\/#\/schema\/person\/51793d1f87d44011d7bcc2ed99269a90","name":"Benoit Charette","image":{"@type":"ImageObject","inLanguage":"fr-CA","@id":"https:\/\/news.canadamotorjobs.com\/#\/schema\/person\/image\/","url":"https:\/\/secure.gravatar.com\/avatar\/45f3d2eebcccd909668d7ce7ea7267b6?s=96&d=mm&r=g","contentUrl":"https:\/\/secure.gravatar.com\/avatar\/45f3d2eebcccd909668d7ce7ea7267b6?s=96&d=mm&r=g","caption":"Benoit Charette"},"description":"Benoit Charette \/ Propri\u00e9taire et r\u00e9dacteur en chef Benoit Charette pratique le journalisme automobile depuis bient\u00f4t 30 ans. Il a fait ses classes au c\u00f4t\u00e9 de Daniel H\u00e9raud et au Carnet de route de 1992 \u00e0 2001. Il est fondateur, copropri\u00e9taire et r\u00e9dacteur en chef de L\u2019Annuel de l\u2019automobile, qu\u2019il publie depuis 2001. Il a anim\u00e9 les \u00e9missions RPM et RPM+ sur V et les L\u00e9gendes de la route sur Historia. \u00c0 la radio depuis 1986, il reprend l\u2019antenne cette ann\u00e9e sur les ondes de Cogeco et participe pour la deuxi\u00e8me ann\u00e9e \u00e0 l\u2019\u00e9mission Passion Auto sur RDS en plus de mettre en ligne le site Web officiel de L\u2019Annuel de l\u2019automobile sur annuelauto.ca.","sameAs":["https:\/\/annuelauto.ca\/"],"url":"https:\/\/news.canadamotorjobs.com\/fr\/author\/benoit-charette\/"}]}},"_links":{"self":[{"href":"https:\/\/news.canadamotorjobs.com\/fr\/wp-json\/wp\/v2\/posts\/136164"}],"collection":[{"href":"https:\/\/news.canadamotorjobs.com\/fr\/wp-json\/wp\/v2\/posts"}],"about":[{"href":"https:\/\/news.canadamotorjobs.com\/fr\/wp-json\/wp\/v2\/types\/post"}],"author":[{"embeddable":true,"href":"https:\/\/news.canadamotorjobs.com\/fr\/wp-json\/wp\/v2\/users\/8"}],"replies":[{"embeddable":true,"href":"https:\/\/news.canadamotorjobs.com\/fr\/wp-json\/wp\/v2\/comments?post=136164"}],"version-history":[{"count":0,"href":"https:\/\/news.canadamotorjobs.com\/fr\/wp-json\/wp\/v2\/posts\/136164\/revisions"}],"wp:featuredmedia":[{"embeddable":true,"href":"https:\/\/news.canadamotorjobs.com\/fr\/wp-json\/wp\/v2\/media\/136168"}],"wp:attachment":[{"href":"https:\/\/news.canadamotorjobs.com\/fr\/wp-json\/wp\/v2\/media?parent=136164"}],"wp:term":[{"taxonomy":"category","embeddable":true,"href":"https:\/\/news.canadamotorjobs.com\/fr\/wp-json\/wp\/v2\/categories?post=136164"},{"taxonomy":"post_tag","embeddable":true,"href":"https:\/\/news.canadamotorjobs.com\/fr\/wp-json\/wp\/v2\/tags?post=136164"}],"curies":[{"name":"wp","href":"https:\/\/api.w.org\/{rel}","templated":true}]}}