{"id":136156,"date":"2022-11-03T07:30:40","date_gmt":"2022-11-03T11:30:40","guid":{"rendered":"https:\/\/news.canadamotorjobs.com\/kia-prepare-un-pick-up-electrique\/"},"modified":"2022-11-03T07:43:55","modified_gmt":"2022-11-03T11:43:55","slug":"kia-prepare-un-pick-up-electrique","status":"publish","type":"post","link":"https:\/\/news.canadamotorjobs.com\/fr\/kia-prepare-un-pick-up-electrique\/","title":{"rendered":"Kia pr\u00e9pare un \u00abpick-up \u00bb \u00e9lectrique"},"content":{"rendered":"<\/p>\n<p>Le 3 mars 2022, lors de la journ\u00e9e des investisseurs du PDG de Kia, le constructeur automobile sud-cor\u00e9en a d\u00e9clar\u00e9 qu&#8217;il pr\u00e9voyait de lancer &#8220;au moins deux mod\u00e8les \u00e9lectriques par ann\u00e9e&#8221; afin de constituer une gamme de 14 v\u00e9hicules \u00e9lectriques \u00e0 batterie d&#8217;ici 2027.<br \/> Des camions pour l\u2019Am\u00e9rique<br \/> Les camionnettes sont les mod\u00e8les les plus populaires chez nous, il est donc normal de vouloir y figurer. C\u2019est ce que semble nous dire ce prototype. La partie avant est directement inspir\u00e9e du mod\u00e8le Mohave, un VUS qui roule avec un V6 turbodiesel.<br \/> Rep\u00e9r\u00e9 en Cor\u00e9e du Sud, le prototype pr\u00e9sente des plaques temporaires qui ne donnent aucun indice sur ce qui se cache sous le capot. Provenant de @kia_club_official sur Instagram, les photos basse r\u00e9solution partag\u00e9es sur bobaedream.co.kr ne r\u00e9v\u00e8lent pas grand-chose non plus \u00e0 cet \u00e9gard. Il est difficile de dire si un radiateur se cache derri\u00e8re la gigantesque calandre avant et l&#8217;\u00e9chappement n&#8217;est nulle part visible.<br \/> Pas de date de mise en march\u00e9<br \/> Pourrait-il s&#8217;agir d&#8217;une mule d&#8217;essai pour le futur camion ? Ce n\u2019est s\u00fbrement pas un v\u00e9hicule pour un march\u00e9 \u00e9mergeant. Ces photos d\u00e9montrent que le projet est assez avanc\u00e9, mais aucun mot de la part de Kia et pas de date de mise en march\u00e9. Sachat toutefois que bon nombre de camions \u00e9lectriques vont se pointer dans les deux prochaines ann\u00e9es, ce d\u00e9lai serait raisonnable.<\/p>\n<p> Avec des renseignements d\u2019Auto Evolution<\/p>\n<p>Le texte <a rel=\"nofollow\" href=\"https:\/\/annuelauto.ca\/kia-prepare-un-pick-up-electrique\/\">Kia pr\u00e9pare un \u00abpick-up \u00bb \u00e9lectrique<\/a> provient de <a rel=\"nofollow\" href=\"https:\/\/annuelauto.ca\">L&#039;annuel de l&#039;automobile &#8211; Actualit\u00e9 automobile<\/p>\n<p><\/a><\/p>\n","protected":false},"excerpt":{"rendered":"<p>Le 3 mars 2022, lors de la journ\u00e9e des investisseurs du PDG de Kia, le constructeur automobile sud-cor\u00e9en a d\u00e9clar\u00e9 qu&#8217;il pr\u00e9voyait de lancer &#8220;au moins deux mod\u00e8les \u00e9lectriques par ann\u00e9e&#8221; afin de constituer une gamme de 14 v\u00e9hicules \u00e9lectriques \u00e0 batterie d&#8217;ici 2027. Des camions pour l\u2019Am\u00e9rique Les camionnettes sont les mod\u00e8les les plus [&hellip;]<\/p>\n","protected":false},"author":8,"featured_media":136160,"comment_status":"close","ping_status":"closed","sticky":false,"template":"","format":"standard","meta":{"_monsterinsights_skip_tracking":false,"_monsterinsights_sitenote_active":false,"_monsterinsights_sitenote_note":"","_monsterinsights_sitenote_category":0,"footnotes":""},"categories":[101],"tags":[],"yoast_head":"<!-- This site is optimized with the Yoast SEO plugin v23.2 - https:\/\/yoast.com\/wordpress\/plugins\/seo\/ -->\n<title>Kia pr\u00e9pare un \u00abpick-up \u00bb \u00e9lectrique - CanadaMotorJobs.com<\/title>\n<meta name=\"description\" content=\"Kia pr\u00e9pare un \u00abpick-up \u00bb \u00e9lectrique - Benoit Charette - Annuel automobile - CanadaMotorJobs.com.\" \/>\n<meta name=\"robots\" content=\"index, follow, max-snippet:-1, max-image-preview:large, max-video-preview:-1\" \/>\n<meta property=\"og:locale\" content=\"fr_CA\" \/>\n<meta property=\"og:type\" content=\"article\" \/>\n<meta property=\"og:title\" content=\"Kia pr\u00e9pare un \u00abpick-up \u00bb \u00e9lectrique - CanadaMotorJobs.com\" \/>\n<meta property=\"og:description\" content=\"Kia pr\u00e9pare un \u00abpick-up \u00bb \u00e9lectrique - Benoit Charette - Annuel automobile - CanadaMotorJobs.com.\" \/>\n<meta property=\"og:url\" content=\"https:\/\/news.canadamotorjobs.com\/fr\/kia-prepare-un-pick-up-electrique\/\" \/>\n<meta property=\"og:site_name\" content=\"CanadaMotorJobs.com\" \/>\n<meta property=\"article:publisher\" content=\"https:\/\/www.facebook.com\/canadamotorjobs\/\" \/>\n<meta property=\"article:published_time\" content=\"2022-11-03T11:30:40+00:00\" \/>\n<meta property=\"article:modified_time\" content=\"2022-11-03T11:43:55+00:00\" \/>\n<meta property=\"og:image\" content=\"https:\/\/news.canadamotorjobs.com\/wp-content\/uploads\/2022\/11\/kia-pickup-truck-spied-for-the-first-time-it-could-be-one-of-two-upcoming-electric-trucks_4-1.jpg\" \/>\n\t<meta property=\"og:image:width\" content=\"800\" \/>\n\t<meta property=\"og:image:height\" content=\"753\" \/>\n\t<meta property=\"og:image:type\" content=\"image\/jpeg\" \/>\n<meta name=\"author\" content=\"Benoit Charette\" \/>\n<meta name=\"twitter:card\" content=\"summary_large_image\" \/>\n<meta name=\"twitter:creator\" content=\"@canadamotorjobs\" \/>\n<meta name=\"twitter:site\" content=\"@canadamotorjobs\" \/>\n<meta name=\"twitter:label1\" content=\"\u00c9crit par\" \/>\n\t<meta name=\"twitter:data1\" content=\"Benoit Charette\" \/>\n\t<meta name=\"twitter:label2\" content=\"Estimation du temps de lecture\" \/>\n\t<meta name=\"twitter:data2\" content=\"1 minute\" \/>\n<!-- \/ Yoast SEO plugin. -->","yoast_head_json":{"title":"Kia pr\u00e9pare un \u00abpick-up \u00bb \u00e9lectrique - CanadaMotorJobs.com","description":"Kia pr\u00e9pare un \u00abpick-up \u00bb \u00e9lectrique - Benoit Charette - Annuel automobile - CanadaMotorJobs.com.","robots":{"index":"index","follow":"follow","max-snippet":"max-snippet:-1","max-image-preview":"max-image-preview:large","max-video-preview":"max-video-preview:-1"},"og_locale":"fr_CA","og_type":"article","og_title":"Kia pr\u00e9pare un \u00abpick-up \u00bb \u00e9lectrique - CanadaMotorJobs.com","og_description":"Kia pr\u00e9pare un \u00abpick-up \u00bb \u00e9lectrique - Benoit Charette - Annuel automobile - CanadaMotorJobs.com.","og_url":"https:\/\/news.canadamotorjobs.com\/fr\/kia-prepare-un-pick-up-electrique\/","og_site_name":"CanadaMotorJobs.com","article_publisher":"https:\/\/www.facebook.com\/canadamotorjobs\/","article_published_time":"2022-11-03T11:30:40+00:00","article_modified_time":"2022-11-03T11:43:55+00:00","og_image":[{"width":800,"height":753,"url":"https:\/\/news.canadamotorjobs.com\/wp-content\/uploads\/2022\/11\/kia-pickup-truck-spied-for-the-first-time-it-could-be-one-of-two-upcoming-electric-trucks_4-1.jpg","type":"image\/jpeg"}],"author":"Benoit Charette","twitter_card":"summary_large_image","twitter_creator":"@canadamotorjobs","twitter_site":"@canadamotorjobs","twitter_misc":{"\u00c9crit par":"Benoit Charette","Estimation du temps de lecture":"1 minute"},"schema":{"@context":"https:\/\/schema.org","@graph":[{"@type":"Article","@id":"https:\/\/news.canadamotorjobs.com\/fr\/kia-prepare-un-pick-up-electrique\/#article","isPartOf":{"@id":"https:\/\/news.canadamotorjobs.com\/fr\/kia-prepare-un-pick-up-electrique\/"},"author":{"name":"Benoit Charette","@id":"https:\/\/news.canadamotorjobs.com\/#\/schema\/person\/51793d1f87d44011d7bcc2ed99269a90"},"headline":"Kia pr\u00e9pare un \u00abpick-up \u00bb \u00e9lectrique","datePublished":"2022-11-03T11:30:40+00:00","dateModified":"2022-11-03T11:43:55+00:00","mainEntityOfPage":{"@id":"https:\/\/news.canadamotorjobs.com\/fr\/kia-prepare-un-pick-up-electrique\/"},"wordCount":289,"publisher":{"@id":"https:\/\/news.canadamotorjobs.com\/#organization"},"image":{"@id":"https:\/\/news.canadamotorjobs.com\/fr\/kia-prepare-un-pick-up-electrique\/#primaryimage"},"thumbnailUrl":"https:\/\/news.canadamotorjobs.com\/wp-content\/uploads\/2022\/11\/kia-pickup-truck-spied-for-the-first-time-it-could-be-one-of-two-upcoming-electric-trucks_4-1.jpg","articleSection":["Annuel automobile"],"inLanguage":"fr-CA"},{"@type":"WebPage","@id":"https:\/\/news.canadamotorjobs.com\/fr\/kia-prepare-un-pick-up-electrique\/","url":"https:\/\/news.canadamotorjobs.com\/fr\/kia-prepare-un-pick-up-electrique\/","name":"Kia pr\u00e9pare un \u00abpick-up \u00bb \u00e9lectrique - CanadaMotorJobs.com","isPartOf":{"@id":"https:\/\/news.canadamotorjobs.com\/#website"},"primaryImageOfPage":{"@id":"https:\/\/news.canadamotorjobs.com\/fr\/kia-prepare-un-pick-up-electrique\/#primaryimage"},"image":{"@id":"https:\/\/news.canadamotorjobs.com\/fr\/kia-prepare-un-pick-up-electrique\/#primaryimage"},"thumbnailUrl":"https:\/\/news.canadamotorjobs.com\/wp-content\/uploads\/2022\/11\/kia-pickup-truck-spied-for-the-first-time-it-could-be-one-of-two-upcoming-electric-trucks_4-1.jpg","datePublished":"2022-11-03T11:30:40+00:00","dateModified":"2022-11-03T11:43:55+00:00","description":"Kia pr\u00e9pare un \u00abpick-up \u00bb \u00e9lectrique - Benoit Charette - Annuel automobile - CanadaMotorJobs.com.","breadcrumb":{"@id":"https:\/\/news.canadamotorjobs.com\/fr\/kia-prepare-un-pick-up-electrique\/#breadcrumb"},"inLanguage":"fr-CA","potentialAction":[{"@type":"ReadAction","target":["https:\/\/news.canadamotorjobs.com\/fr\/kia-prepare-un-pick-up-electrique\/"]}]},{"@type":"ImageObject","inLanguage":"fr-CA","@id":"https:\/\/news.canadamotorjobs.com\/fr\/kia-prepare-un-pick-up-electrique\/#primaryimage","url":"https:\/\/news.canadamotorjobs.com\/wp-content\/uploads\/2022\/11\/kia-pickup-truck-spied-for-the-first-time-it-could-be-one-of-two-upcoming-electric-trucks_4-1.jpg","contentUrl":"https:\/\/news.canadamotorjobs.com\/wp-content\/uploads\/2022\/11\/kia-pickup-truck-spied-for-the-first-time-it-could-be-one-of-two-upcoming-electric-trucks_4-1.jpg","width":800,"height":753},{"@type":"BreadcrumbList","@id":"https:\/\/news.canadamotorjobs.com\/fr\/kia-prepare-un-pick-up-electrique\/#breadcrumb","itemListElement":[{"@type":"ListItem","position":1,"name":"Home","item":"https:\/\/news.canadamotorjobs.com\/fr\/blog\/"},{"@type":"ListItem","position":2,"name":"Kia pr\u00e9pare un \u00abpick-up \u00bb \u00e9lectrique"}]},{"@type":"WebSite","@id":"https:\/\/news.canadamotorjobs.com\/#website","url":"https:\/\/news.canadamotorjobs.com\/","name":"CanadaMotorJobs.com","description":"Automotive Jobs","publisher":{"@id":"https:\/\/news.canadamotorjobs.com\/#organization"},"potentialAction":[{"@type":"SearchAction","target":{"@type":"EntryPoint","urlTemplate":"https:\/\/news.canadamotorjobs.com\/?s={search_term_string}"},"query-input":"required name=search_term_string"}],"inLanguage":"fr-CA"},{"@type":"Organization","@id":"https:\/\/news.canadamotorjobs.com\/#organization","name":"Canada Motor Jobs","url":"https:\/\/news.canadamotorjobs.com\/","logo":{"@type":"ImageObject","inLanguage":"fr-CA","@id":"https:\/\/news.canadamotorjobs.com\/#\/schema\/logo\/image\/","url":"https:\/\/news.canadamotorjobs.com\/wp-content\/uploads\/2022\/10\/logo-canada-motor-jobs-1.png","contentUrl":"https:\/\/news.canadamotorjobs.com\/wp-content\/uploads\/2022\/10\/logo-canada-motor-jobs-1.png","width":800,"height":400,"caption":"Canada Motor Jobs"},"image":{"@id":"https:\/\/news.canadamotorjobs.com\/#\/schema\/logo\/image\/"},"sameAs":["https:\/\/www.facebook.com\/canadamotorjobs\/","https:\/\/x.com\/canadamotorjobs","https:\/\/www.instagram.com\/canadamotorjobs\/","https:\/\/www.linkedin.com\/company\/canadamotorjobs"]},{"@type":"Person","@id":"https:\/\/news.canadamotorjobs.com\/#\/schema\/person\/51793d1f87d44011d7bcc2ed99269a90","name":"Benoit Charette","image":{"@type":"ImageObject","inLanguage":"fr-CA","@id":"https:\/\/news.canadamotorjobs.com\/#\/schema\/person\/image\/","url":"https:\/\/secure.gravatar.com\/avatar\/45f3d2eebcccd909668d7ce7ea7267b6?s=96&d=mm&r=g","contentUrl":"https:\/\/secure.gravatar.com\/avatar\/45f3d2eebcccd909668d7ce7ea7267b6?s=96&d=mm&r=g","caption":"Benoit Charette"},"description":"Benoit Charette \/ Propri\u00e9taire et r\u00e9dacteur en chef Benoit Charette pratique le journalisme automobile depuis bient\u00f4t 30 ans. Il a fait ses classes au c\u00f4t\u00e9 de Daniel H\u00e9raud et au Carnet de route de 1992 \u00e0 2001. Il est fondateur, copropri\u00e9taire et r\u00e9dacteur en chef de L\u2019Annuel de l\u2019automobile, qu\u2019il publie depuis 2001. Il a anim\u00e9 les \u00e9missions RPM et RPM+ sur V et les L\u00e9gendes de la route sur Historia. \u00c0 la radio depuis 1986, il reprend l\u2019antenne cette ann\u00e9e sur les ondes de Cogeco et participe pour la deuxi\u00e8me ann\u00e9e \u00e0 l\u2019\u00e9mission Passion Auto sur RDS en plus de mettre en ligne le site Web officiel de L\u2019Annuel de l\u2019automobile sur annuelauto.ca.","sameAs":["https:\/\/annuelauto.ca\/"],"url":"https:\/\/news.canadamotorjobs.com\/fr\/author\/benoit-charette\/"}]}},"_links":{"self":[{"href":"https:\/\/news.canadamotorjobs.com\/fr\/wp-json\/wp\/v2\/posts\/136156"}],"collection":[{"href":"https:\/\/news.canadamotorjobs.com\/fr\/wp-json\/wp\/v2\/posts"}],"about":[{"href":"https:\/\/news.canadamotorjobs.com\/fr\/wp-json\/wp\/v2\/types\/post"}],"author":[{"embeddable":true,"href":"https:\/\/news.canadamotorjobs.com\/fr\/wp-json\/wp\/v2\/users\/8"}],"replies":[{"embeddable":true,"href":"https:\/\/news.canadamotorjobs.com\/fr\/wp-json\/wp\/v2\/comments?post=136156"}],"version-history":[{"count":0,"href":"https:\/\/news.canadamotorjobs.com\/fr\/wp-json\/wp\/v2\/posts\/136156\/revisions"}],"wp:featuredmedia":[{"embeddable":true,"href":"https:\/\/news.canadamotorjobs.com\/fr\/wp-json\/wp\/v2\/media\/136160"}],"wp:attachment":[{"href":"https:\/\/news.canadamotorjobs.com\/fr\/wp-json\/wp\/v2\/media?parent=136156"}],"wp:term":[{"taxonomy":"category","embeddable":true,"href":"https:\/\/news.canadamotorjobs.com\/fr\/wp-json\/wp\/v2\/categories?post=136156"},{"taxonomy":"post_tag","embeddable":true,"href":"https:\/\/news.canadamotorjobs.com\/fr\/wp-json\/wp\/v2\/tags?post=136156"}],"curies":[{"name":"wp","href":"https:\/\/api.w.org\/{rel}","templated":true}]}}