{"id":136128,"date":"2022-11-02T07:40:26","date_gmt":"2022-11-02T11:40:26","guid":{"rendered":"https:\/\/news.canadamotorjobs.com\/volkswagen-leve-le-voile-sur-son-plan-delectrification\/"},"modified":"2022-11-02T09:06:54","modified_gmt":"2022-11-02T13:06:54","slug":"volkswagen-leve-le-voile-sur-son-plan-delectrification","status":"publish","type":"post","link":"https:\/\/news.canadamotorjobs.com\/fr\/volkswagen-leve-le-voile-sur-son-plan-delectrification\/","title":{"rendered":"Volkswagen l\u00e8ve le voile sur son plan d\u2019\u00e9lectrification"},"content":{"rendered":"<p>Le virage \u00e9lectrique semble bien amorc\u00e9 chez Volkswagen. La popularit\u00e9 de l\u2019ID4 en Am\u00e9rique du Nord n\u2019est probablement pas \u00e9trang\u00e8re \u00e0 cette situation, si bien que le groupe allemand vient de confirmer son intention de mettre en march\u00e9 dix nouveaux mod\u00e8les de v\u00e9hicules exclusivement \u00e9lectriques au plus tard en 2026.<\/p>\n<h3>Du ID.2 au ID. Buzz<\/h3>\n<p>\u00c9videmment, il reste \u00e0 voir ce qui de tout \u00e7a fera le saut jusqu\u2019en Am\u00e9rique du Nord, mais on sait entre autres choses que quelques-unes des quatre nouvelles variantes de l\u2019ID Buzz qui sont incluses dans ce plan seront mises en vente chez nous au plus tard en 2024. Une berline ID.6 de bon format devrait aussi s\u2019ajouter au catalogue dans les prochains mois. Une berline compacte \u00e0 hayon appel\u00e9e ID.2 verra aussi le jour quelque part en 2025. Volkswagen en d\u00e9rivera un petit VUS appel\u00e9 ID.2X, et ajoutera un second VUS compact appel\u00e9 ID.3X dans la foul\u00e9e.<\/p>\n<h3>Le prix fera la diff\u00e9rence<\/h3>\n<p>La petite ID.2 pourrait \u00eatre quelque chose de tr\u00e8s int\u00e9ressant \u00e9tant donn\u00e9 que Volkswagen pr\u00e9voit la commercialiser \u00e0 un prix de d\u00e9tail de 25 000 euros, soit 33 000 dollars canadiens. \u00c7a en ferait un mod\u00e8le particuli\u00e8rement abordable et probablement tr\u00e8s populaire, peu importe dans quel pays il sera vendu. Cette derni\u00e8re affirmation est assez importante, car on sait que Volkswagen Canada a tr\u00e8s peu d\u2019influence sur les mod\u00e8les qu\u2019elle vend chez nous. \u00c7a se d\u00e9cide en Allemagne, avant tout en fonction de ce dont VW America a besoin, puis ce qui<\/p>\n","protected":false},"excerpt":{"rendered":"<p>Le virage \u00e9lectrique semble bien amorc\u00e9 chez Volkswagen. La popularit\u00e9 de l\u2019ID4 en Am\u00e9rique du Nord n\u2019est probablement pas \u00e9trang\u00e8re \u00e0 cette situation, si bien que le groupe allemand vient de confirmer son intention de mettre en march\u00e9 dix nouveaux mod\u00e8les de v\u00e9hicules exclusivement \u00e9lectriques au plus tard en 2026. Du ID.2 au ID. Buzz [&hellip;]<\/p>\n","protected":false},"author":8,"featured_media":136132,"comment_status":"close","ping_status":"closed","sticky":false,"template":"","format":"standard","meta":{"_monsterinsights_skip_tracking":false,"_monsterinsights_sitenote_active":false,"_monsterinsights_sitenote_note":"","_monsterinsights_sitenote_category":0,"footnotes":""},"categories":[101],"tags":[131],"yoast_head":"<!-- This site is optimized with the Yoast SEO plugin v23.2 - https:\/\/yoast.com\/wordpress\/plugins\/seo\/ -->\n<title>Volkswagen l\u00e8ve le voile sur son plan d\u2019\u00e9lectrification - CanadaMotorJobs.com<\/title>\n<meta name=\"description\" content=\"Volkswagen l\u00e8ve le voile sur son plan d\u2019\u00e9lectrification - Benoit Charette - Annuel automobile - CanadaMotorJobs.com.\" \/>\n<meta name=\"robots\" content=\"index, follow, max-snippet:-1, max-image-preview:large, max-video-preview:-1\" \/>\n<meta property=\"og:locale\" content=\"fr_CA\" \/>\n<meta property=\"og:type\" content=\"article\" \/>\n<meta property=\"og:title\" content=\"Volkswagen l\u00e8ve le voile sur son plan d\u2019\u00e9lectrification - CanadaMotorJobs.com\" \/>\n<meta property=\"og:description\" content=\"Volkswagen l\u00e8ve le voile sur son plan d\u2019\u00e9lectrification - Benoit Charette - Annuel automobile - CanadaMotorJobs.com.\" \/>\n<meta property=\"og:url\" content=\"https:\/\/news.canadamotorjobs.com\/fr\/volkswagen-leve-le-voile-sur-son-plan-delectrification\/\" \/>\n<meta property=\"og:site_name\" content=\"CanadaMotorJobs.com\" \/>\n<meta property=\"article:publisher\" content=\"https:\/\/www.facebook.com\/canadamotorjobs\/\" \/>\n<meta property=\"article:published_time\" content=\"2022-11-02T11:40:26+00:00\" \/>\n<meta property=\"article:modified_time\" content=\"2022-11-02T13:06:54+00:00\" \/>\n<meta property=\"og:image\" content=\"https:\/\/news.canadamotorjobs.com\/wp-content\/uploads\/2022\/11\/2021-volkswagen-id3-108-1596728440-scaled-1-1.jpg\" \/>\n\t<meta property=\"og:image:width\" content=\"2560\" \/>\n\t<meta property=\"og:image:height\" content=\"1575\" \/>\n\t<meta property=\"og:image:type\" content=\"image\/jpeg\" \/>\n<meta name=\"author\" content=\"Benoit Charette\" \/>\n<meta name=\"twitter:card\" content=\"summary_large_image\" \/>\n<meta name=\"twitter:creator\" content=\"@canadamotorjobs\" \/>\n<meta name=\"twitter:site\" content=\"@canadamotorjobs\" \/>\n<meta name=\"twitter:label1\" content=\"\u00c9crit par\" \/>\n\t<meta name=\"twitter:data1\" content=\"Benoit Charette\" \/>\n\t<meta name=\"twitter:label2\" content=\"Estimation du temps de lecture\" \/>\n\t<meta name=\"twitter:data2\" content=\"2 minutes\" \/>\n<!-- \/ Yoast SEO plugin. -->","yoast_head_json":{"title":"Volkswagen l\u00e8ve le voile sur son plan d\u2019\u00e9lectrification - CanadaMotorJobs.com","description":"Volkswagen l\u00e8ve le voile sur son plan d\u2019\u00e9lectrification - Benoit Charette - Annuel automobile - CanadaMotorJobs.com.","robots":{"index":"index","follow":"follow","max-snippet":"max-snippet:-1","max-image-preview":"max-image-preview:large","max-video-preview":"max-video-preview:-1"},"og_locale":"fr_CA","og_type":"article","og_title":"Volkswagen l\u00e8ve le voile sur son plan d\u2019\u00e9lectrification - CanadaMotorJobs.com","og_description":"Volkswagen l\u00e8ve le voile sur son plan d\u2019\u00e9lectrification - Benoit Charette - Annuel automobile - CanadaMotorJobs.com.","og_url":"https:\/\/news.canadamotorjobs.com\/fr\/volkswagen-leve-le-voile-sur-son-plan-delectrification\/","og_site_name":"CanadaMotorJobs.com","article_publisher":"https:\/\/www.facebook.com\/canadamotorjobs\/","article_published_time":"2022-11-02T11:40:26+00:00","article_modified_time":"2022-11-02T13:06:54+00:00","og_image":[{"width":2560,"height":1575,"url":"https:\/\/news.canadamotorjobs.com\/wp-content\/uploads\/2022\/11\/2021-volkswagen-id3-108-1596728440-scaled-1-1.jpg","type":"image\/jpeg"}],"author":"Benoit Charette","twitter_card":"summary_large_image","twitter_creator":"@canadamotorjobs","twitter_site":"@canadamotorjobs","twitter_misc":{"\u00c9crit par":"Benoit Charette","Estimation du temps de lecture":"2 minutes"},"schema":{"@context":"https:\/\/schema.org","@graph":[{"@type":"Article","@id":"https:\/\/news.canadamotorjobs.com\/fr\/volkswagen-leve-le-voile-sur-son-plan-delectrification\/#article","isPartOf":{"@id":"https:\/\/news.canadamotorjobs.com\/fr\/volkswagen-leve-le-voile-sur-son-plan-delectrification\/"},"author":{"name":"Benoit Charette","@id":"https:\/\/news.canadamotorjobs.com\/#\/schema\/person\/51793d1f87d44011d7bcc2ed99269a90"},"headline":"Volkswagen l\u00e8ve le voile sur son plan d\u2019\u00e9lectrification","datePublished":"2022-11-02T11:40:26+00:00","dateModified":"2022-11-02T13:06:54+00:00","mainEntityOfPage":{"@id":"https:\/\/news.canadamotorjobs.com\/fr\/volkswagen-leve-le-voile-sur-son-plan-delectrification\/"},"wordCount":278,"publisher":{"@id":"https:\/\/news.canadamotorjobs.com\/#organization"},"image":{"@id":"https:\/\/news.canadamotorjobs.com\/fr\/volkswagen-leve-le-voile-sur-son-plan-delectrification\/#primaryimage"},"thumbnailUrl":"https:\/\/news.canadamotorjobs.com\/wp-content\/uploads\/2022\/11\/2021-volkswagen-id3-108-1596728440-scaled-1-1.jpg","keywords":["Newsletter"],"articleSection":["Annuel automobile"],"inLanguage":"fr-CA"},{"@type":"WebPage","@id":"https:\/\/news.canadamotorjobs.com\/fr\/volkswagen-leve-le-voile-sur-son-plan-delectrification\/","url":"https:\/\/news.canadamotorjobs.com\/fr\/volkswagen-leve-le-voile-sur-son-plan-delectrification\/","name":"Volkswagen l\u00e8ve le voile sur son plan d\u2019\u00e9lectrification - CanadaMotorJobs.com","isPartOf":{"@id":"https:\/\/news.canadamotorjobs.com\/#website"},"primaryImageOfPage":{"@id":"https:\/\/news.canadamotorjobs.com\/fr\/volkswagen-leve-le-voile-sur-son-plan-delectrification\/#primaryimage"},"image":{"@id":"https:\/\/news.canadamotorjobs.com\/fr\/volkswagen-leve-le-voile-sur-son-plan-delectrification\/#primaryimage"},"thumbnailUrl":"https:\/\/news.canadamotorjobs.com\/wp-content\/uploads\/2022\/11\/2021-volkswagen-id3-108-1596728440-scaled-1-1.jpg","datePublished":"2022-11-02T11:40:26+00:00","dateModified":"2022-11-02T13:06:54+00:00","description":"Volkswagen l\u00e8ve le voile sur son plan d\u2019\u00e9lectrification - Benoit Charette - Annuel automobile - CanadaMotorJobs.com.","breadcrumb":{"@id":"https:\/\/news.canadamotorjobs.com\/fr\/volkswagen-leve-le-voile-sur-son-plan-delectrification\/#breadcrumb"},"inLanguage":"fr-CA","potentialAction":[{"@type":"ReadAction","target":["https:\/\/news.canadamotorjobs.com\/fr\/volkswagen-leve-le-voile-sur-son-plan-delectrification\/"]}]},{"@type":"ImageObject","inLanguage":"fr-CA","@id":"https:\/\/news.canadamotorjobs.com\/fr\/volkswagen-leve-le-voile-sur-son-plan-delectrification\/#primaryimage","url":"https:\/\/news.canadamotorjobs.com\/wp-content\/uploads\/2022\/11\/2021-volkswagen-id3-108-1596728440-scaled-1-1.jpg","contentUrl":"https:\/\/news.canadamotorjobs.com\/wp-content\/uploads\/2022\/11\/2021-volkswagen-id3-108-1596728440-scaled-1-1.jpg","width":2560,"height":1575},{"@type":"BreadcrumbList","@id":"https:\/\/news.canadamotorjobs.com\/fr\/volkswagen-leve-le-voile-sur-son-plan-delectrification\/#breadcrumb","itemListElement":[{"@type":"ListItem","position":1,"name":"Home","item":"https:\/\/news.canadamotorjobs.com\/fr\/blog\/"},{"@type":"ListItem","position":2,"name":"Volkswagen l\u00e8ve le voile sur son plan d\u2019\u00e9lectrification"}]},{"@type":"WebSite","@id":"https:\/\/news.canadamotorjobs.com\/#website","url":"https:\/\/news.canadamotorjobs.com\/","name":"CanadaMotorJobs.com","description":"Automotive Jobs","publisher":{"@id":"https:\/\/news.canadamotorjobs.com\/#organization"},"potentialAction":[{"@type":"SearchAction","target":{"@type":"EntryPoint","urlTemplate":"https:\/\/news.canadamotorjobs.com\/?s={search_term_string}"},"query-input":"required name=search_term_string"}],"inLanguage":"fr-CA"},{"@type":"Organization","@id":"https:\/\/news.canadamotorjobs.com\/#organization","name":"Canada Motor Jobs","url":"https:\/\/news.canadamotorjobs.com\/","logo":{"@type":"ImageObject","inLanguage":"fr-CA","@id":"https:\/\/news.canadamotorjobs.com\/#\/schema\/logo\/image\/","url":"https:\/\/news.canadamotorjobs.com\/wp-content\/uploads\/2022\/10\/logo-canada-motor-jobs-1.png","contentUrl":"https:\/\/news.canadamotorjobs.com\/wp-content\/uploads\/2022\/10\/logo-canada-motor-jobs-1.png","width":800,"height":400,"caption":"Canada Motor Jobs"},"image":{"@id":"https:\/\/news.canadamotorjobs.com\/#\/schema\/logo\/image\/"},"sameAs":["https:\/\/www.facebook.com\/canadamotorjobs\/","https:\/\/x.com\/canadamotorjobs","https:\/\/www.instagram.com\/canadamotorjobs\/","https:\/\/www.linkedin.com\/company\/canadamotorjobs"]},{"@type":"Person","@id":"https:\/\/news.canadamotorjobs.com\/#\/schema\/person\/51793d1f87d44011d7bcc2ed99269a90","name":"Benoit Charette","image":{"@type":"ImageObject","inLanguage":"fr-CA","@id":"https:\/\/news.canadamotorjobs.com\/#\/schema\/person\/image\/","url":"https:\/\/secure.gravatar.com\/avatar\/45f3d2eebcccd909668d7ce7ea7267b6?s=96&d=mm&r=g","contentUrl":"https:\/\/secure.gravatar.com\/avatar\/45f3d2eebcccd909668d7ce7ea7267b6?s=96&d=mm&r=g","caption":"Benoit Charette"},"description":"Benoit Charette \/ Propri\u00e9taire et r\u00e9dacteur en chef Benoit Charette pratique le journalisme automobile depuis bient\u00f4t 30 ans. Il a fait ses classes au c\u00f4t\u00e9 de Daniel H\u00e9raud et au Carnet de route de 1992 \u00e0 2001. Il est fondateur, copropri\u00e9taire et r\u00e9dacteur en chef de L\u2019Annuel de l\u2019automobile, qu\u2019il publie depuis 2001. Il a anim\u00e9 les \u00e9missions RPM et RPM+ sur V et les L\u00e9gendes de la route sur Historia. \u00c0 la radio depuis 1986, il reprend l\u2019antenne cette ann\u00e9e sur les ondes de Cogeco et participe pour la deuxi\u00e8me ann\u00e9e \u00e0 l\u2019\u00e9mission Passion Auto sur RDS en plus de mettre en ligne le site Web officiel de L\u2019Annuel de l\u2019automobile sur annuelauto.ca.","sameAs":["https:\/\/annuelauto.ca\/"],"url":"https:\/\/news.canadamotorjobs.com\/fr\/author\/benoit-charette\/"}]}},"_links":{"self":[{"href":"https:\/\/news.canadamotorjobs.com\/fr\/wp-json\/wp\/v2\/posts\/136128"}],"collection":[{"href":"https:\/\/news.canadamotorjobs.com\/fr\/wp-json\/wp\/v2\/posts"}],"about":[{"href":"https:\/\/news.canadamotorjobs.com\/fr\/wp-json\/wp\/v2\/types\/post"}],"author":[{"embeddable":true,"href":"https:\/\/news.canadamotorjobs.com\/fr\/wp-json\/wp\/v2\/users\/8"}],"replies":[{"embeddable":true,"href":"https:\/\/news.canadamotorjobs.com\/fr\/wp-json\/wp\/v2\/comments?post=136128"}],"version-history":[{"count":0,"href":"https:\/\/news.canadamotorjobs.com\/fr\/wp-json\/wp\/v2\/posts\/136128\/revisions"}],"wp:featuredmedia":[{"embeddable":true,"href":"https:\/\/news.canadamotorjobs.com\/fr\/wp-json\/wp\/v2\/media\/136132"}],"wp:attachment":[{"href":"https:\/\/news.canadamotorjobs.com\/fr\/wp-json\/wp\/v2\/media?parent=136128"}],"wp:term":[{"taxonomy":"category","embeddable":true,"href":"https:\/\/news.canadamotorjobs.com\/fr\/wp-json\/wp\/v2\/categories?post=136128"},{"taxonomy":"post_tag","embeddable":true,"href":"https:\/\/news.canadamotorjobs.com\/fr\/wp-json\/wp\/v2\/tags?post=136128"}],"curies":[{"name":"wp","href":"https:\/\/api.w.org\/{rel}","templated":true}]}}