{"id":136092,"date":"2022-11-01T11:24:23","date_gmt":"2022-11-01T15:24:23","guid":{"rendered":"https:\/\/news.canadamotorjobs.com\/une-production-automobile-encore-a-la-baisse-en-2023\/"},"modified":"2022-11-01T11:54:07","modified_gmt":"2022-11-01T15:54:07","slug":"une-production-automobile-encore-a-la-baisse-en-2023","status":"publish","type":"post","link":"https:\/\/news.canadamotorjobs.com\/fr\/une-production-automobile-encore-a-la-baisse-en-2023\/","title":{"rendered":"Une production automobile encore \u00e0 la baisse en 2023"},"content":{"rendered":"<p>Il faudra faire preuve de patience pour au moins une autre ann\u00e9e, et ce m\u00eame si une production suppl\u00e9mentaire de 20 % est pr\u00e9vue pour la fabrication de puces \u00e9lectroniques.<\/p>\n<h3>Une situation qui s\u2019am\u00e9liore, mais une demande tr\u00e8s forte<\/h3>\n<p>Jusqu&#8217;\u00e0 pr\u00e9sent, en 2022, plus de 3,6 millions de v\u00e9hicules n&#8217;ont pas \u00e9t\u00e9 assembl\u00e9s en raison de la cha\u00eene d\u2019approvisionnement d\u00e9ficiente et du manque de micropouces. Jusqu\u2019\u00e0 tout r\u00e9cemment, de nombreux constructeurs automobiles avaient bon espoir pour 2023. L\u2019annonce de la hausse de production de puces \u00e9lectroniques de 20\u00a0% a fait dire \u00e0 plusieurs que le rythme normal de production allait reprendre. Il y a quelques nuances \u00e0 faire. D\u2019une part, ce 20\u00a0% d\u2019augmentation va se faire graduellement ce qui rend difficile une augmentation soudaine. D\u2019autre part, la demande est plus forte que la capacit\u00e9 de production de bien des usines. Il n\u2019y a pas assez de pi\u00e8ces et de puces pour compenser cette hausse.<\/p>\n<h3>2023 va donc \u00eatre \u00e0 l\u2019image de 2022<\/h3>\n<p>\u00c9tant donn\u00e9 que les constructeurs automobiles se sont tourn\u00e9s vers des mod\u00e8les plus haut de gamme et plus lucratifs au cours de l&#8217;ann\u00e9e derni\u00e8re et qu&#8217;ils ont besoin de plus de puces que jamais, l&#8217;industrie ne sera pas \u00e0 court de puces l&#8217;ann\u00e9e prochaine, selon Automotive News. Cela signifie que la production de voitures et de VUS \u00e0 faible co\u00fbt et \u00e0 volume plus \u00e9lev\u00e9 n&#8217;augmentera pas de mani\u00e8re significative en 2023. Ajoutez \u00e0 cela le spectre de la r\u00e9cession qui se pointe \u00e0 l\u2019horizon et<\/p>\n","protected":false},"excerpt":{"rendered":"<p>Il faudra faire preuve de patience pour au moins une autre ann\u00e9e, et ce m\u00eame si une production suppl\u00e9mentaire de 20 % est pr\u00e9vue pour la fabrication de puces \u00e9lectroniques. Une situation qui s\u2019am\u00e9liore, mais une demande tr\u00e8s forte Jusqu&#8217;\u00e0 pr\u00e9sent, en 2022, plus de 3,6 millions de v\u00e9hicules n&#8217;ont pas \u00e9t\u00e9 assembl\u00e9s en raison [&hellip;]<\/p>\n","protected":false},"author":8,"featured_media":136096,"comment_status":"close","ping_status":"closed","sticky":false,"template":"","format":"standard","meta":{"_monsterinsights_skip_tracking":false,"_monsterinsights_sitenote_active":false,"_monsterinsights_sitenote_note":"","_monsterinsights_sitenote_category":0,"footnotes":""},"categories":[101],"tags":[],"yoast_head":"<!-- This site is optimized with the Yoast SEO plugin v23.2 - https:\/\/yoast.com\/wordpress\/plugins\/seo\/ -->\n<title>Une production automobile encore \u00e0 la baisse en 2023 - CanadaMotorJobs.com<\/title>\n<meta name=\"description\" content=\"Une production automobile encore \u00e0 la baisse en 2023 - Benoit Charette - Annuel automobile - CanadaMotorJobs.com.\" \/>\n<meta name=\"robots\" content=\"index, follow, max-snippet:-1, max-image-preview:large, max-video-preview:-1\" \/>\n<meta property=\"og:locale\" content=\"fr_CA\" \/>\n<meta property=\"og:type\" content=\"article\" \/>\n<meta property=\"og:title\" content=\"Une production automobile encore \u00e0 la baisse en 2023 - CanadaMotorJobs.com\" \/>\n<meta property=\"og:description\" content=\"Une production automobile encore \u00e0 la baisse en 2023 - Benoit Charette - Annuel automobile - CanadaMotorJobs.com.\" \/>\n<meta property=\"og:url\" content=\"https:\/\/news.canadamotorjobs.com\/fr\/une-production-automobile-encore-a-la-baisse-en-2023\/\" \/>\n<meta property=\"og:site_name\" content=\"CanadaMotorJobs.com\" \/>\n<meta property=\"article:publisher\" content=\"https:\/\/www.facebook.com\/canadamotorjobs\/\" \/>\n<meta property=\"article:published_time\" content=\"2022-11-01T15:24:23+00:00\" \/>\n<meta property=\"article:modified_time\" content=\"2022-11-01T15:54:07+00:00\" \/>\n<meta property=\"og:image\" content=\"https:\/\/news.canadamotorjobs.com\/wp-content\/uploads\/2022\/11\/1637428928_General-Motors-opens-electric-car-plant-in-Detroit-1.jpg\" \/>\n\t<meta property=\"og:image:width\" content=\"1280\" \/>\n\t<meta property=\"og:image:height\" content=\"853\" \/>\n\t<meta property=\"og:image:type\" content=\"image\/jpeg\" \/>\n<meta name=\"author\" content=\"Benoit Charette\" \/>\n<meta name=\"twitter:card\" content=\"summary_large_image\" \/>\n<meta name=\"twitter:creator\" content=\"@canadamotorjobs\" \/>\n<meta name=\"twitter:site\" content=\"@canadamotorjobs\" \/>\n<meta name=\"twitter:label1\" content=\"\u00c9crit par\" \/>\n\t<meta name=\"twitter:data1\" content=\"Benoit Charette\" \/>\n\t<meta name=\"twitter:label2\" content=\"Estimation du temps de lecture\" \/>\n\t<meta name=\"twitter:data2\" content=\"2 minutes\" \/>\n<!-- \/ Yoast SEO plugin. -->","yoast_head_json":{"title":"Une production automobile encore \u00e0 la baisse en 2023 - CanadaMotorJobs.com","description":"Une production automobile encore \u00e0 la baisse en 2023 - Benoit Charette - Annuel automobile - CanadaMotorJobs.com.","robots":{"index":"index","follow":"follow","max-snippet":"max-snippet:-1","max-image-preview":"max-image-preview:large","max-video-preview":"max-video-preview:-1"},"og_locale":"fr_CA","og_type":"article","og_title":"Une production automobile encore \u00e0 la baisse en 2023 - CanadaMotorJobs.com","og_description":"Une production automobile encore \u00e0 la baisse en 2023 - Benoit Charette - Annuel automobile - CanadaMotorJobs.com.","og_url":"https:\/\/news.canadamotorjobs.com\/fr\/une-production-automobile-encore-a-la-baisse-en-2023\/","og_site_name":"CanadaMotorJobs.com","article_publisher":"https:\/\/www.facebook.com\/canadamotorjobs\/","article_published_time":"2022-11-01T15:24:23+00:00","article_modified_time":"2022-11-01T15:54:07+00:00","og_image":[{"width":1280,"height":853,"url":"https:\/\/news.canadamotorjobs.com\/wp-content\/uploads\/2022\/11\/1637428928_General-Motors-opens-electric-car-plant-in-Detroit-1.jpg","type":"image\/jpeg"}],"author":"Benoit Charette","twitter_card":"summary_large_image","twitter_creator":"@canadamotorjobs","twitter_site":"@canadamotorjobs","twitter_misc":{"\u00c9crit par":"Benoit Charette","Estimation du temps de lecture":"2 minutes"},"schema":{"@context":"https:\/\/schema.org","@graph":[{"@type":"Article","@id":"https:\/\/news.canadamotorjobs.com\/fr\/une-production-automobile-encore-a-la-baisse-en-2023\/#article","isPartOf":{"@id":"https:\/\/news.canadamotorjobs.com\/fr\/une-production-automobile-encore-a-la-baisse-en-2023\/"},"author":{"name":"Benoit Charette","@id":"https:\/\/news.canadamotorjobs.com\/#\/schema\/person\/51793d1f87d44011d7bcc2ed99269a90"},"headline":"Une production automobile encore \u00e0 la baisse en 2023","datePublished":"2022-11-01T15:24:23+00:00","dateModified":"2022-11-01T15:54:07+00:00","mainEntityOfPage":{"@id":"https:\/\/news.canadamotorjobs.com\/fr\/une-production-automobile-encore-a-la-baisse-en-2023\/"},"wordCount":273,"publisher":{"@id":"https:\/\/news.canadamotorjobs.com\/#organization"},"image":{"@id":"https:\/\/news.canadamotorjobs.com\/fr\/une-production-automobile-encore-a-la-baisse-en-2023\/#primaryimage"},"thumbnailUrl":"https:\/\/news.canadamotorjobs.com\/wp-content\/uploads\/2022\/11\/1637428928_General-Motors-opens-electric-car-plant-in-Detroit-1.jpg","articleSection":["Annuel automobile"],"inLanguage":"fr-CA"},{"@type":"WebPage","@id":"https:\/\/news.canadamotorjobs.com\/fr\/une-production-automobile-encore-a-la-baisse-en-2023\/","url":"https:\/\/news.canadamotorjobs.com\/fr\/une-production-automobile-encore-a-la-baisse-en-2023\/","name":"Une production automobile encore \u00e0 la baisse en 2023 - CanadaMotorJobs.com","isPartOf":{"@id":"https:\/\/news.canadamotorjobs.com\/#website"},"primaryImageOfPage":{"@id":"https:\/\/news.canadamotorjobs.com\/fr\/une-production-automobile-encore-a-la-baisse-en-2023\/#primaryimage"},"image":{"@id":"https:\/\/news.canadamotorjobs.com\/fr\/une-production-automobile-encore-a-la-baisse-en-2023\/#primaryimage"},"thumbnailUrl":"https:\/\/news.canadamotorjobs.com\/wp-content\/uploads\/2022\/11\/1637428928_General-Motors-opens-electric-car-plant-in-Detroit-1.jpg","datePublished":"2022-11-01T15:24:23+00:00","dateModified":"2022-11-01T15:54:07+00:00","description":"Une production automobile encore \u00e0 la baisse en 2023 - Benoit Charette - Annuel automobile - CanadaMotorJobs.com.","breadcrumb":{"@id":"https:\/\/news.canadamotorjobs.com\/fr\/une-production-automobile-encore-a-la-baisse-en-2023\/#breadcrumb"},"inLanguage":"fr-CA","potentialAction":[{"@type":"ReadAction","target":["https:\/\/news.canadamotorjobs.com\/fr\/une-production-automobile-encore-a-la-baisse-en-2023\/"]}]},{"@type":"ImageObject","inLanguage":"fr-CA","@id":"https:\/\/news.canadamotorjobs.com\/fr\/une-production-automobile-encore-a-la-baisse-en-2023\/#primaryimage","url":"https:\/\/news.canadamotorjobs.com\/wp-content\/uploads\/2022\/11\/1637428928_General-Motors-opens-electric-car-plant-in-Detroit-1.jpg","contentUrl":"https:\/\/news.canadamotorjobs.com\/wp-content\/uploads\/2022\/11\/1637428928_General-Motors-opens-electric-car-plant-in-Detroit-1.jpg","width":1280,"height":853},{"@type":"BreadcrumbList","@id":"https:\/\/news.canadamotorjobs.com\/fr\/une-production-automobile-encore-a-la-baisse-en-2023\/#breadcrumb","itemListElement":[{"@type":"ListItem","position":1,"name":"Home","item":"https:\/\/news.canadamotorjobs.com\/fr\/blog\/"},{"@type":"ListItem","position":2,"name":"Une production automobile encore \u00e0 la baisse en 2023"}]},{"@type":"WebSite","@id":"https:\/\/news.canadamotorjobs.com\/#website","url":"https:\/\/news.canadamotorjobs.com\/","name":"CanadaMotorJobs.com","description":"Automotive Jobs","publisher":{"@id":"https:\/\/news.canadamotorjobs.com\/#organization"},"potentialAction":[{"@type":"SearchAction","target":{"@type":"EntryPoint","urlTemplate":"https:\/\/news.canadamotorjobs.com\/?s={search_term_string}"},"query-input":"required name=search_term_string"}],"inLanguage":"fr-CA"},{"@type":"Organization","@id":"https:\/\/news.canadamotorjobs.com\/#organization","name":"Canada Motor Jobs","url":"https:\/\/news.canadamotorjobs.com\/","logo":{"@type":"ImageObject","inLanguage":"fr-CA","@id":"https:\/\/news.canadamotorjobs.com\/#\/schema\/logo\/image\/","url":"https:\/\/news.canadamotorjobs.com\/wp-content\/uploads\/2022\/10\/logo-canada-motor-jobs-1.png","contentUrl":"https:\/\/news.canadamotorjobs.com\/wp-content\/uploads\/2022\/10\/logo-canada-motor-jobs-1.png","width":800,"height":400,"caption":"Canada Motor Jobs"},"image":{"@id":"https:\/\/news.canadamotorjobs.com\/#\/schema\/logo\/image\/"},"sameAs":["https:\/\/www.facebook.com\/canadamotorjobs\/","https:\/\/x.com\/canadamotorjobs","https:\/\/www.instagram.com\/canadamotorjobs\/","https:\/\/www.linkedin.com\/company\/canadamotorjobs"]},{"@type":"Person","@id":"https:\/\/news.canadamotorjobs.com\/#\/schema\/person\/51793d1f87d44011d7bcc2ed99269a90","name":"Benoit Charette","image":{"@type":"ImageObject","inLanguage":"fr-CA","@id":"https:\/\/news.canadamotorjobs.com\/#\/schema\/person\/image\/","url":"https:\/\/secure.gravatar.com\/avatar\/45f3d2eebcccd909668d7ce7ea7267b6?s=96&d=mm&r=g","contentUrl":"https:\/\/secure.gravatar.com\/avatar\/45f3d2eebcccd909668d7ce7ea7267b6?s=96&d=mm&r=g","caption":"Benoit Charette"},"description":"Benoit Charette \/ Propri\u00e9taire et r\u00e9dacteur en chef Benoit Charette pratique le journalisme automobile depuis bient\u00f4t 30 ans. Il a fait ses classes au c\u00f4t\u00e9 de Daniel H\u00e9raud et au Carnet de route de 1992 \u00e0 2001. Il est fondateur, copropri\u00e9taire et r\u00e9dacteur en chef de L\u2019Annuel de l\u2019automobile, qu\u2019il publie depuis 2001. Il a anim\u00e9 les \u00e9missions RPM et RPM+ sur V et les L\u00e9gendes de la route sur Historia. \u00c0 la radio depuis 1986, il reprend l\u2019antenne cette ann\u00e9e sur les ondes de Cogeco et participe pour la deuxi\u00e8me ann\u00e9e \u00e0 l\u2019\u00e9mission Passion Auto sur RDS en plus de mettre en ligne le site Web officiel de L\u2019Annuel de l\u2019automobile sur annuelauto.ca.","sameAs":["https:\/\/annuelauto.ca\/"],"url":"https:\/\/news.canadamotorjobs.com\/fr\/author\/benoit-charette\/"}]}},"_links":{"self":[{"href":"https:\/\/news.canadamotorjobs.com\/fr\/wp-json\/wp\/v2\/posts\/136092"}],"collection":[{"href":"https:\/\/news.canadamotorjobs.com\/fr\/wp-json\/wp\/v2\/posts"}],"about":[{"href":"https:\/\/news.canadamotorjobs.com\/fr\/wp-json\/wp\/v2\/types\/post"}],"author":[{"embeddable":true,"href":"https:\/\/news.canadamotorjobs.com\/fr\/wp-json\/wp\/v2\/users\/8"}],"replies":[{"embeddable":true,"href":"https:\/\/news.canadamotorjobs.com\/fr\/wp-json\/wp\/v2\/comments?post=136092"}],"version-history":[{"count":0,"href":"https:\/\/news.canadamotorjobs.com\/fr\/wp-json\/wp\/v2\/posts\/136092\/revisions"}],"wp:featuredmedia":[{"embeddable":true,"href":"https:\/\/news.canadamotorjobs.com\/fr\/wp-json\/wp\/v2\/media\/136096"}],"wp:attachment":[{"href":"https:\/\/news.canadamotorjobs.com\/fr\/wp-json\/wp\/v2\/media?parent=136092"}],"wp:term":[{"taxonomy":"category","embeddable":true,"href":"https:\/\/news.canadamotorjobs.com\/fr\/wp-json\/wp\/v2\/categories?post=136092"},{"taxonomy":"post_tag","embeddable":true,"href":"https:\/\/news.canadamotorjobs.com\/fr\/wp-json\/wp\/v2\/tags?post=136092"}],"curies":[{"name":"wp","href":"https:\/\/api.w.org\/{rel}","templated":true}]}}