{"id":136076,"date":"2022-11-01T07:16:49","date_gmt":"2022-11-01T11:16:49","guid":{"rendered":"https:\/\/news.canadamotorjobs.com\/1er-novembre-1972-lamborghini-presente-lurraco\/"},"modified":"2022-11-01T07:29:04","modified_gmt":"2022-11-01T11:29:04","slug":"1er-novembre-1972-lamborghini-presente-lurraco","status":"publish","type":"post","link":"https:\/\/news.canadamotorjobs.com\/fr\/1er-novembre-1972-lamborghini-presente-lurraco\/","title":{"rendered":"1er novembre 1972\u00a0: Lamborghini pr\u00e9sente l\u2019Urraco"},"content":{"rendered":"<\/p>\n<p>Il y a 50 ans aujourd\u2019hui, Lamborghini pr\u00e9sentait son mod\u00e8le Urraco au Salon de l\u2019auto de Turin. Elle \u00e9tait vue comme un mod\u00e8le sport innovant avec ses deux portes et ses 4 places. Urraco qui signifie petit taureau en espagnol \u00e9tait l\u2019\u0153uvre du designer Marcello Gandini.<\/p>\n<p> 1\u00a0110 kg et un V8<br \/> Lamborghini avait plac\u00e9 un moteur V8 compact de 2,5 litres dans la version de base qui produisait 220 chevaux pour un poids qui d\u00e9passait \u00e0 peine les 1\u00a0100 kg. L&#8217;Urraco sera produite en quatre mod\u00e8les\u00a0: P250, P250 Tipo 111, P200 et P300. La d\u00e9signation \u00ab\u00a0P\u00a0\u00bb, qui signifie \u00ab\u00a0Posteriore\u00a0\u00bb (position arri\u00e8re), est suivie de la cylindr\u00e9e du moteur. La P 300 offrait un moteur V8 3,0 litres de 260 chevaux capables de tourner \u00e0 7\u00a0800 tours. Le plus petit mod\u00e8le la P 200 produite \u00e0 80 exemplaires avait un moteur V8 de 1994 cc et a seulement \u00e9t\u00e9 vendu sur le march\u00e9 italien.<\/p>\n<p> Une carri\u00e8re difficile<br \/> L\u2019Urraco arrive au moment o\u00f9 Lamborghini est en difficult\u00e9 financi\u00e8re avec ses tracteurs et doit vendre 51 % des actions \u00e0 des investisseurs, ce qui retarde la mise en march\u00e9 de l\u2019Urraco qui arrivera en 1973 en plein choc p\u00e9trolier. Lamborghi a vendu 205 unit\u00e9s de la P300 et 520 unit\u00e9s de la P250. La voiture disposait d\u2019une bo\u00eete de vitesse manuelle \u00e0 5 rapports. Le ch\u00e2ssis en acier constitue avec la carrosserie une structure monocoque. L&#8217;Urraco \u00e9tait \u00e9galement dot\u00e9e de suspensions ind\u00e9pendantes sur les quatre roues, de freins ventil\u00e9s et de<\/p>\n","protected":false},"excerpt":{"rendered":"<p>Il y a 50 ans aujourd\u2019hui, Lamborghini pr\u00e9sentait son mod\u00e8le Urraco au Salon de l\u2019auto de Turin. Elle \u00e9tait vue comme un mod\u00e8le sport innovant avec ses deux portes et ses 4 places. Urraco qui signifie petit taureau en espagnol \u00e9tait l\u2019\u0153uvre du designer Marcello Gandini. 1\u00a0110 kg et un V8 Lamborghini avait plac\u00e9 un [&hellip;]<\/p>\n","protected":false},"author":8,"featured_media":136080,"comment_status":"close","ping_status":"closed","sticky":false,"template":"","format":"standard","meta":{"_monsterinsights_skip_tracking":false,"_monsterinsights_sitenote_active":false,"_monsterinsights_sitenote_note":"","_monsterinsights_sitenote_category":0,"footnotes":""},"categories":[101],"tags":[],"yoast_head":"<!-- This site is optimized with the Yoast SEO plugin v23.2 - https:\/\/yoast.com\/wordpress\/plugins\/seo\/ -->\n<title>1er novembre 1972\u00a0: Lamborghini pr\u00e9sente l\u2019Urraco - CanadaMotorJobs.com<\/title>\n<meta name=\"description\" content=\"1er novembre 1972\u00a0: Lamborghini pr\u00e9sente l\u2019Urraco - Benoit Charette - Annuel automobile - CanadaMotorJobs.com.\" \/>\n<meta name=\"robots\" content=\"index, follow, max-snippet:-1, max-image-preview:large, max-video-preview:-1\" \/>\n<meta property=\"og:locale\" content=\"fr_CA\" \/>\n<meta property=\"og:type\" content=\"article\" \/>\n<meta property=\"og:title\" content=\"1er novembre 1972\u00a0: Lamborghini pr\u00e9sente l\u2019Urraco - CanadaMotorJobs.com\" \/>\n<meta property=\"og:description\" content=\"1er novembre 1972\u00a0: Lamborghini pr\u00e9sente l\u2019Urraco - Benoit Charette - Annuel automobile - CanadaMotorJobs.com.\" \/>\n<meta property=\"og:url\" content=\"https:\/\/news.canadamotorjobs.com\/fr\/1er-novembre-1972-lamborghini-presente-lurraco\/\" \/>\n<meta property=\"og:site_name\" content=\"CanadaMotorJobs.com\" \/>\n<meta property=\"article:publisher\" content=\"https:\/\/www.facebook.com\/canadamotorjobs\/\" \/>\n<meta property=\"article:published_time\" content=\"2022-11-01T11:16:49+00:00\" \/>\n<meta property=\"article:modified_time\" content=\"2022-11-01T11:29:04+00:00\" \/>\n<meta property=\"og:image\" content=\"https:\/\/news.canadamotorjobs.com\/wp-content\/uploads\/2022\/11\/197274-1601848315867-4645-1.jpg\" \/>\n\t<meta property=\"og:image:width\" content=\"2048\" \/>\n\t<meta property=\"og:image:height\" content=\"1536\" \/>\n\t<meta property=\"og:image:type\" content=\"image\/jpeg\" \/>\n<meta name=\"author\" content=\"Benoit Charette\" \/>\n<meta name=\"twitter:card\" content=\"summary_large_image\" \/>\n<meta name=\"twitter:creator\" content=\"@canadamotorjobs\" \/>\n<meta name=\"twitter:site\" content=\"@canadamotorjobs\" \/>\n<meta name=\"twitter:label1\" content=\"\u00c9crit par\" \/>\n\t<meta name=\"twitter:data1\" content=\"Benoit Charette\" \/>\n\t<meta name=\"twitter:label2\" content=\"Estimation du temps de lecture\" \/>\n\t<meta name=\"twitter:data2\" content=\"1 minute\" \/>\n<!-- \/ Yoast SEO plugin. -->","yoast_head_json":{"title":"1er novembre 1972\u00a0: Lamborghini pr\u00e9sente l\u2019Urraco - CanadaMotorJobs.com","description":"1er novembre 1972\u00a0: Lamborghini pr\u00e9sente l\u2019Urraco - Benoit Charette - Annuel automobile - CanadaMotorJobs.com.","robots":{"index":"index","follow":"follow","max-snippet":"max-snippet:-1","max-image-preview":"max-image-preview:large","max-video-preview":"max-video-preview:-1"},"og_locale":"fr_CA","og_type":"article","og_title":"1er novembre 1972\u00a0: Lamborghini pr\u00e9sente l\u2019Urraco - CanadaMotorJobs.com","og_description":"1er novembre 1972\u00a0: Lamborghini pr\u00e9sente l\u2019Urraco - Benoit Charette - Annuel automobile - CanadaMotorJobs.com.","og_url":"https:\/\/news.canadamotorjobs.com\/fr\/1er-novembre-1972-lamborghini-presente-lurraco\/","og_site_name":"CanadaMotorJobs.com","article_publisher":"https:\/\/www.facebook.com\/canadamotorjobs\/","article_published_time":"2022-11-01T11:16:49+00:00","article_modified_time":"2022-11-01T11:29:04+00:00","og_image":[{"width":2048,"height":1536,"url":"https:\/\/news.canadamotorjobs.com\/wp-content\/uploads\/2022\/11\/197274-1601848315867-4645-1.jpg","type":"image\/jpeg"}],"author":"Benoit Charette","twitter_card":"summary_large_image","twitter_creator":"@canadamotorjobs","twitter_site":"@canadamotorjobs","twitter_misc":{"\u00c9crit par":"Benoit Charette","Estimation du temps de lecture":"1 minute"},"schema":{"@context":"https:\/\/schema.org","@graph":[{"@type":"Article","@id":"https:\/\/news.canadamotorjobs.com\/fr\/1er-novembre-1972-lamborghini-presente-lurraco\/#article","isPartOf":{"@id":"https:\/\/news.canadamotorjobs.com\/fr\/1er-novembre-1972-lamborghini-presente-lurraco\/"},"author":{"name":"Benoit Charette","@id":"https:\/\/news.canadamotorjobs.com\/#\/schema\/person\/51793d1f87d44011d7bcc2ed99269a90"},"headline":"1er novembre 1972\u00a0: Lamborghini pr\u00e9sente l\u2019Urraco","datePublished":"2022-11-01T11:16:49+00:00","dateModified":"2022-11-01T11:29:04+00:00","mainEntityOfPage":{"@id":"https:\/\/news.canadamotorjobs.com\/fr\/1er-novembre-1972-lamborghini-presente-lurraco\/"},"wordCount":257,"publisher":{"@id":"https:\/\/news.canadamotorjobs.com\/#organization"},"image":{"@id":"https:\/\/news.canadamotorjobs.com\/fr\/1er-novembre-1972-lamborghini-presente-lurraco\/#primaryimage"},"thumbnailUrl":"https:\/\/news.canadamotorjobs.com\/wp-content\/uploads\/2022\/11\/197274-1601848315867-4645-1.jpg","articleSection":["Annuel automobile"],"inLanguage":"fr-CA"},{"@type":"WebPage","@id":"https:\/\/news.canadamotorjobs.com\/fr\/1er-novembre-1972-lamborghini-presente-lurraco\/","url":"https:\/\/news.canadamotorjobs.com\/fr\/1er-novembre-1972-lamborghini-presente-lurraco\/","name":"1er novembre 1972\u00a0: Lamborghini pr\u00e9sente l\u2019Urraco - CanadaMotorJobs.com","isPartOf":{"@id":"https:\/\/news.canadamotorjobs.com\/#website"},"primaryImageOfPage":{"@id":"https:\/\/news.canadamotorjobs.com\/fr\/1er-novembre-1972-lamborghini-presente-lurraco\/#primaryimage"},"image":{"@id":"https:\/\/news.canadamotorjobs.com\/fr\/1er-novembre-1972-lamborghini-presente-lurraco\/#primaryimage"},"thumbnailUrl":"https:\/\/news.canadamotorjobs.com\/wp-content\/uploads\/2022\/11\/197274-1601848315867-4645-1.jpg","datePublished":"2022-11-01T11:16:49+00:00","dateModified":"2022-11-01T11:29:04+00:00","description":"1er novembre 1972\u00a0: Lamborghini pr\u00e9sente l\u2019Urraco - Benoit Charette - Annuel automobile - CanadaMotorJobs.com.","breadcrumb":{"@id":"https:\/\/news.canadamotorjobs.com\/fr\/1er-novembre-1972-lamborghini-presente-lurraco\/#breadcrumb"},"inLanguage":"fr-CA","potentialAction":[{"@type":"ReadAction","target":["https:\/\/news.canadamotorjobs.com\/fr\/1er-novembre-1972-lamborghini-presente-lurraco\/"]}]},{"@type":"ImageObject","inLanguage":"fr-CA","@id":"https:\/\/news.canadamotorjobs.com\/fr\/1er-novembre-1972-lamborghini-presente-lurraco\/#primaryimage","url":"https:\/\/news.canadamotorjobs.com\/wp-content\/uploads\/2022\/11\/197274-1601848315867-4645-1.jpg","contentUrl":"https:\/\/news.canadamotorjobs.com\/wp-content\/uploads\/2022\/11\/197274-1601848315867-4645-1.jpg","width":2048,"height":1536},{"@type":"BreadcrumbList","@id":"https:\/\/news.canadamotorjobs.com\/fr\/1er-novembre-1972-lamborghini-presente-lurraco\/#breadcrumb","itemListElement":[{"@type":"ListItem","position":1,"name":"Home","item":"https:\/\/news.canadamotorjobs.com\/fr\/blog\/"},{"@type":"ListItem","position":2,"name":"1er novembre 1972\u00a0: Lamborghini pr\u00e9sente l\u2019Urraco"}]},{"@type":"WebSite","@id":"https:\/\/news.canadamotorjobs.com\/#website","url":"https:\/\/news.canadamotorjobs.com\/","name":"CanadaMotorJobs.com","description":"Automotive Jobs","publisher":{"@id":"https:\/\/news.canadamotorjobs.com\/#organization"},"potentialAction":[{"@type":"SearchAction","target":{"@type":"EntryPoint","urlTemplate":"https:\/\/news.canadamotorjobs.com\/?s={search_term_string}"},"query-input":"required name=search_term_string"}],"inLanguage":"fr-CA"},{"@type":"Organization","@id":"https:\/\/news.canadamotorjobs.com\/#organization","name":"Canada Motor Jobs","url":"https:\/\/news.canadamotorjobs.com\/","logo":{"@type":"ImageObject","inLanguage":"fr-CA","@id":"https:\/\/news.canadamotorjobs.com\/#\/schema\/logo\/image\/","url":"https:\/\/news.canadamotorjobs.com\/wp-content\/uploads\/2022\/10\/logo-canada-motor-jobs-1.png","contentUrl":"https:\/\/news.canadamotorjobs.com\/wp-content\/uploads\/2022\/10\/logo-canada-motor-jobs-1.png","width":800,"height":400,"caption":"Canada Motor Jobs"},"image":{"@id":"https:\/\/news.canadamotorjobs.com\/#\/schema\/logo\/image\/"},"sameAs":["https:\/\/www.facebook.com\/canadamotorjobs\/","https:\/\/x.com\/canadamotorjobs","https:\/\/www.instagram.com\/canadamotorjobs\/","https:\/\/www.linkedin.com\/company\/canadamotorjobs"]},{"@type":"Person","@id":"https:\/\/news.canadamotorjobs.com\/#\/schema\/person\/51793d1f87d44011d7bcc2ed99269a90","name":"Benoit Charette","image":{"@type":"ImageObject","inLanguage":"fr-CA","@id":"https:\/\/news.canadamotorjobs.com\/#\/schema\/person\/image\/","url":"https:\/\/secure.gravatar.com\/avatar\/45f3d2eebcccd909668d7ce7ea7267b6?s=96&d=mm&r=g","contentUrl":"https:\/\/secure.gravatar.com\/avatar\/45f3d2eebcccd909668d7ce7ea7267b6?s=96&d=mm&r=g","caption":"Benoit Charette"},"description":"Benoit Charette \/ Propri\u00e9taire et r\u00e9dacteur en chef Benoit Charette pratique le journalisme automobile depuis bient\u00f4t 30 ans. Il a fait ses classes au c\u00f4t\u00e9 de Daniel H\u00e9raud et au Carnet de route de 1992 \u00e0 2001. Il est fondateur, copropri\u00e9taire et r\u00e9dacteur en chef de L\u2019Annuel de l\u2019automobile, qu\u2019il publie depuis 2001. Il a anim\u00e9 les \u00e9missions RPM et RPM+ sur V et les L\u00e9gendes de la route sur Historia. \u00c0 la radio depuis 1986, il reprend l\u2019antenne cette ann\u00e9e sur les ondes de Cogeco et participe pour la deuxi\u00e8me ann\u00e9e \u00e0 l\u2019\u00e9mission Passion Auto sur RDS en plus de mettre en ligne le site Web officiel de L\u2019Annuel de l\u2019automobile sur annuelauto.ca.","sameAs":["https:\/\/annuelauto.ca\/"],"url":"https:\/\/news.canadamotorjobs.com\/fr\/author\/benoit-charette\/"}]}},"_links":{"self":[{"href":"https:\/\/news.canadamotorjobs.com\/fr\/wp-json\/wp\/v2\/posts\/136076"}],"collection":[{"href":"https:\/\/news.canadamotorjobs.com\/fr\/wp-json\/wp\/v2\/posts"}],"about":[{"href":"https:\/\/news.canadamotorjobs.com\/fr\/wp-json\/wp\/v2\/types\/post"}],"author":[{"embeddable":true,"href":"https:\/\/news.canadamotorjobs.com\/fr\/wp-json\/wp\/v2\/users\/8"}],"replies":[{"embeddable":true,"href":"https:\/\/news.canadamotorjobs.com\/fr\/wp-json\/wp\/v2\/comments?post=136076"}],"version-history":[{"count":0,"href":"https:\/\/news.canadamotorjobs.com\/fr\/wp-json\/wp\/v2\/posts\/136076\/revisions"}],"wp:featuredmedia":[{"embeddable":true,"href":"https:\/\/news.canadamotorjobs.com\/fr\/wp-json\/wp\/v2\/media\/136080"}],"wp:attachment":[{"href":"https:\/\/news.canadamotorjobs.com\/fr\/wp-json\/wp\/v2\/media?parent=136076"}],"wp:term":[{"taxonomy":"category","embeddable":true,"href":"https:\/\/news.canadamotorjobs.com\/fr\/wp-json\/wp\/v2\/categories?post=136076"},{"taxonomy":"post_tag","embeddable":true,"href":"https:\/\/news.canadamotorjobs.com\/fr\/wp-json\/wp\/v2\/tags?post=136076"}],"curies":[{"name":"wp","href":"https:\/\/api.w.org\/{rel}","templated":true}]}}