{"id":136058,"date":"2022-10-31T15:56:08","date_gmt":"2022-10-31T19:56:08","guid":{"rendered":"https:\/\/news.canadamotorjobs.com\/gm-retarde-la-construction-de-400-000-vehicules-electriques-en-amerique-du-nord\/"},"modified":"2022-11-01T17:30:46","modified_gmt":"2022-11-01T21:30:46","slug":"gm-retarde-la-construction-de-400-000-vehicules-electriques-en-amerique-du-nord","status":"publish","type":"post","link":"https:\/\/news.canadamotorjobs.com\/fr\/gm-retarde-la-construction-de-400-000-vehicules-electriques-en-amerique-du-nord\/","title":{"rendered":"GM retarde la construction de 400\u00a0000 v\u00e9hicules \u00e9lectriques en Am\u00e9rique du Nord"},"content":{"rendered":"<p>GM doit revoir ses plans de construction de v\u00e9hicules \u00e9lectriques en sol nord-am\u00e9ricain en raison d\u2019une p\u00e9nurie de batteries.Le constructeur automobile avait initialement pr\u00e9vu de produire 400 000 V\u00c9 en Am\u00e9rique du Nord en 2022 et 2023, mais lors d&#8217;une conf\u00e9rence t\u00e9l\u00e9phonique annon\u00e7ant les r\u00e9sultats du troisi\u00e8me trimestre de l&#8217;entreprise, la directrice g\u00e9n\u00e9rale Mary Barra a d\u00e9clar\u00e9 que ses plans avaient \u00e9t\u00e9 retard\u00e9s de six mois.<\/p>\n<h3>Manque d\u2019approvisionnement<\/h3>\n<p>La grande patronne de GM est rest\u00e9e positive en confirmant que les projets avancent bien. Cependant, en raison d\u2019un d\u00e9bit plus lent que pr\u00e9vu pour la production de batteries, on doit repousser notre objectif de six mois. Cela va dire que GM va construire 400\u00a0000 V\u00c9 d\u2019ici \u00e0 la mi-2024.\u00e0<\/p>\n<h3>Une machine difficile \u00e0 bouger<\/h3>\n<p>Mary Barra a not\u00e9 qu&#8217;il avait fallu &#8220;plus de temps que pr\u00e9vu&#8221; pour embaucher et former plus de 1 000 travailleurs qui occuperont l\u2019usine de production de batteries \u00e0 Warran, dans l&#8217;Ohio, rapporte Business Insider. Malgr\u00e9 ce retard, les autres aspects de l&#8217;introduction des v\u00e9hicules \u00e9lectriques par GM progressent bien. GM a \u00e9galement annonc\u00e9 r\u00e9cemment un accord d&#8217;approvisionnement strat\u00e9gique avec la soci\u00e9t\u00e9 australienne Queensland Pacific Metals, qui garantira son approvisionnement en nickel et en cobalt dans les ann\u00e9es \u00e0 venir, ce qui est vital pour sa production de batteries.<\/p>\n<p>Avec des renseignements de Carscoops<\/p>\n<p>Le texte <a href=\"https:\/\/annuelauto.ca\/gm-retarde-la-construction-de-400-000-vehicules-electriques-en-amerique-du-nord\/\" rel=\"nofollow\">GM retarde la construction de 400\u00a0000 v\u00e9hicules \u00e9lectriques en Am\u00e9rique du Nord<\/a> provient de <a href=\"https:\/\/annuelauto.ca\" rel=\"nofollow\">L&#8217;annuel de l&#8217;automobile &#8211; Actualit\u00e9 automobile<\/a><\/p>\n","protected":false},"excerpt":{"rendered":"<p>GM doit revoir ses plans de construction de v\u00e9hicules \u00e9lectriques en sol nord-am\u00e9ricain en raison d\u2019une p\u00e9nurie de batteries.Le constructeur automobile avait initialement pr\u00e9vu de produire 400 000 V\u00c9 en Am\u00e9rique du Nord en 2022 et 2023, mais lors d&#8217;une conf\u00e9rence t\u00e9l\u00e9phonique annon\u00e7ant les r\u00e9sultats du troisi\u00e8me trimestre de l&#8217;entreprise, la directrice g\u00e9n\u00e9rale Mary Barra [&hellip;]<\/p>\n","protected":false},"author":8,"featured_media":136062,"comment_status":"close","ping_status":"closed","sticky":false,"template":"","format":"standard","meta":{"_monsterinsights_skip_tracking":false,"_monsterinsights_sitenote_active":false,"_monsterinsights_sitenote_note":"","_monsterinsights_sitenote_category":0,"footnotes":""},"categories":[101],"tags":[],"yoast_head":"<!-- This site is optimized with the Yoast SEO plugin v23.2 - https:\/\/yoast.com\/wordpress\/plugins\/seo\/ -->\n<title>GM retarde la construction de 400\u00a0000 v\u00e9hicules \u00e9lectriques en Am\u00e9rique du Nord - CanadaMotorJobs.com<\/title>\n<meta name=\"description\" content=\"GM retarde la construction de 400\u00a0000 v\u00e9hicules \u00e9lectriques en Am\u00e9rique du Nord - Benoit Charette - Annuel automobile - CanadaMotorJobs.com.\" \/>\n<meta name=\"robots\" content=\"index, follow, max-snippet:-1, max-image-preview:large, max-video-preview:-1\" \/>\n<meta property=\"og:locale\" content=\"fr_CA\" \/>\n<meta property=\"og:type\" content=\"article\" \/>\n<meta property=\"og:title\" content=\"GM retarde la construction de 400\u00a0000 v\u00e9hicules \u00e9lectriques en Am\u00e9rique du Nord - CanadaMotorJobs.com\" \/>\n<meta property=\"og:description\" content=\"GM retarde la construction de 400\u00a0000 v\u00e9hicules \u00e9lectriques en Am\u00e9rique du Nord - Benoit Charette - Annuel automobile - CanadaMotorJobs.com.\" \/>\n<meta property=\"og:url\" content=\"https:\/\/news.canadamotorjobs.com\/fr\/gm-retarde-la-construction-de-400-000-vehicules-electriques-en-amerique-du-nord\/\" \/>\n<meta property=\"og:site_name\" content=\"CanadaMotorJobs.com\" \/>\n<meta property=\"article:publisher\" content=\"https:\/\/www.facebook.com\/canadamotorjobs\/\" \/>\n<meta property=\"article:published_time\" content=\"2022-10-31T19:56:08+00:00\" \/>\n<meta property=\"article:modified_time\" content=\"2022-11-01T21:30:46+00:00\" \/>\n<meta property=\"og:image\" content=\"https:\/\/news.canadamotorjobs.com\/wp-content\/uploads\/2022\/10\/GMBattery-800-1.jpg\" \/>\n\t<meta property=\"og:image:width\" content=\"800\" \/>\n\t<meta property=\"og:image:height\" content=\"449\" \/>\n\t<meta property=\"og:image:type\" content=\"image\/jpeg\" \/>\n<meta name=\"author\" content=\"Benoit Charette\" \/>\n<meta name=\"twitter:card\" content=\"summary_large_image\" \/>\n<meta name=\"twitter:creator\" content=\"@canadamotorjobs\" \/>\n<meta name=\"twitter:site\" content=\"@canadamotorjobs\" \/>\n<meta name=\"twitter:label1\" content=\"\u00c9crit par\" \/>\n\t<meta name=\"twitter:data1\" content=\"Benoit Charette\" \/>\n\t<meta name=\"twitter:label2\" content=\"Estimation du temps de lecture\" \/>\n\t<meta name=\"twitter:data2\" content=\"2 minutes\" \/>\n<!-- \/ Yoast SEO plugin. -->","yoast_head_json":{"title":"GM retarde la construction de 400\u00a0000 v\u00e9hicules \u00e9lectriques en Am\u00e9rique du Nord - CanadaMotorJobs.com","description":"GM retarde la construction de 400\u00a0000 v\u00e9hicules \u00e9lectriques en Am\u00e9rique du Nord - Benoit Charette - Annuel automobile - CanadaMotorJobs.com.","robots":{"index":"index","follow":"follow","max-snippet":"max-snippet:-1","max-image-preview":"max-image-preview:large","max-video-preview":"max-video-preview:-1"},"og_locale":"fr_CA","og_type":"article","og_title":"GM retarde la construction de 400\u00a0000 v\u00e9hicules \u00e9lectriques en Am\u00e9rique du Nord - CanadaMotorJobs.com","og_description":"GM retarde la construction de 400\u00a0000 v\u00e9hicules \u00e9lectriques en Am\u00e9rique du Nord - Benoit Charette - Annuel automobile - CanadaMotorJobs.com.","og_url":"https:\/\/news.canadamotorjobs.com\/fr\/gm-retarde-la-construction-de-400-000-vehicules-electriques-en-amerique-du-nord\/","og_site_name":"CanadaMotorJobs.com","article_publisher":"https:\/\/www.facebook.com\/canadamotorjobs\/","article_published_time":"2022-10-31T19:56:08+00:00","article_modified_time":"2022-11-01T21:30:46+00:00","og_image":[{"width":800,"height":449,"url":"https:\/\/news.canadamotorjobs.com\/wp-content\/uploads\/2022\/10\/GMBattery-800-1.jpg","type":"image\/jpeg"}],"author":"Benoit Charette","twitter_card":"summary_large_image","twitter_creator":"@canadamotorjobs","twitter_site":"@canadamotorjobs","twitter_misc":{"\u00c9crit par":"Benoit Charette","Estimation du temps de lecture":"2 minutes"},"schema":{"@context":"https:\/\/schema.org","@graph":[{"@type":"Article","@id":"https:\/\/news.canadamotorjobs.com\/fr\/gm-retarde-la-construction-de-400-000-vehicules-electriques-en-amerique-du-nord\/#article","isPartOf":{"@id":"https:\/\/news.canadamotorjobs.com\/fr\/gm-retarde-la-construction-de-400-000-vehicules-electriques-en-amerique-du-nord\/"},"author":{"name":"Benoit Charette","@id":"https:\/\/news.canadamotorjobs.com\/#\/schema\/person\/51793d1f87d44011d7bcc2ed99269a90"},"headline":"GM retarde la construction de 400\u00a0000 v\u00e9hicules \u00e9lectriques en Am\u00e9rique du Nord","datePublished":"2022-10-31T19:56:08+00:00","dateModified":"2022-11-01T21:30:46+00:00","mainEntityOfPage":{"@id":"https:\/\/news.canadamotorjobs.com\/fr\/gm-retarde-la-construction-de-400-000-vehicules-electriques-en-amerique-du-nord\/"},"wordCount":280,"publisher":{"@id":"https:\/\/news.canadamotorjobs.com\/#organization"},"image":{"@id":"https:\/\/news.canadamotorjobs.com\/fr\/gm-retarde-la-construction-de-400-000-vehicules-electriques-en-amerique-du-nord\/#primaryimage"},"thumbnailUrl":"https:\/\/news.canadamotorjobs.com\/wp-content\/uploads\/2022\/10\/GMBattery-800-1.jpg","articleSection":["Annuel automobile"],"inLanguage":"fr-CA"},{"@type":"WebPage","@id":"https:\/\/news.canadamotorjobs.com\/fr\/gm-retarde-la-construction-de-400-000-vehicules-electriques-en-amerique-du-nord\/","url":"https:\/\/news.canadamotorjobs.com\/fr\/gm-retarde-la-construction-de-400-000-vehicules-electriques-en-amerique-du-nord\/","name":"GM retarde la construction de 400\u00a0000 v\u00e9hicules \u00e9lectriques en Am\u00e9rique du Nord - CanadaMotorJobs.com","isPartOf":{"@id":"https:\/\/news.canadamotorjobs.com\/#website"},"primaryImageOfPage":{"@id":"https:\/\/news.canadamotorjobs.com\/fr\/gm-retarde-la-construction-de-400-000-vehicules-electriques-en-amerique-du-nord\/#primaryimage"},"image":{"@id":"https:\/\/news.canadamotorjobs.com\/fr\/gm-retarde-la-construction-de-400-000-vehicules-electriques-en-amerique-du-nord\/#primaryimage"},"thumbnailUrl":"https:\/\/news.canadamotorjobs.com\/wp-content\/uploads\/2022\/10\/GMBattery-800-1.jpg","datePublished":"2022-10-31T19:56:08+00:00","dateModified":"2022-11-01T21:30:46+00:00","description":"GM retarde la construction de 400\u00a0000 v\u00e9hicules \u00e9lectriques en Am\u00e9rique du Nord - Benoit Charette - Annuel automobile - CanadaMotorJobs.com.","breadcrumb":{"@id":"https:\/\/news.canadamotorjobs.com\/fr\/gm-retarde-la-construction-de-400-000-vehicules-electriques-en-amerique-du-nord\/#breadcrumb"},"inLanguage":"fr-CA","potentialAction":[{"@type":"ReadAction","target":["https:\/\/news.canadamotorjobs.com\/fr\/gm-retarde-la-construction-de-400-000-vehicules-electriques-en-amerique-du-nord\/"]}]},{"@type":"ImageObject","inLanguage":"fr-CA","@id":"https:\/\/news.canadamotorjobs.com\/fr\/gm-retarde-la-construction-de-400-000-vehicules-electriques-en-amerique-du-nord\/#primaryimage","url":"https:\/\/news.canadamotorjobs.com\/wp-content\/uploads\/2022\/10\/GMBattery-800-1.jpg","contentUrl":"https:\/\/news.canadamotorjobs.com\/wp-content\/uploads\/2022\/10\/GMBattery-800-1.jpg","width":800,"height":449},{"@type":"BreadcrumbList","@id":"https:\/\/news.canadamotorjobs.com\/fr\/gm-retarde-la-construction-de-400-000-vehicules-electriques-en-amerique-du-nord\/#breadcrumb","itemListElement":[{"@type":"ListItem","position":1,"name":"Home","item":"https:\/\/news.canadamotorjobs.com\/fr\/blog\/"},{"@type":"ListItem","position":2,"name":"GM retarde la construction de 400\u00a0000 v\u00e9hicules \u00e9lectriques en Am\u00e9rique du Nord"}]},{"@type":"WebSite","@id":"https:\/\/news.canadamotorjobs.com\/#website","url":"https:\/\/news.canadamotorjobs.com\/","name":"CanadaMotorJobs.com","description":"Automotive Jobs","publisher":{"@id":"https:\/\/news.canadamotorjobs.com\/#organization"},"potentialAction":[{"@type":"SearchAction","target":{"@type":"EntryPoint","urlTemplate":"https:\/\/news.canadamotorjobs.com\/?s={search_term_string}"},"query-input":"required name=search_term_string"}],"inLanguage":"fr-CA"},{"@type":"Organization","@id":"https:\/\/news.canadamotorjobs.com\/#organization","name":"Canada Motor Jobs","url":"https:\/\/news.canadamotorjobs.com\/","logo":{"@type":"ImageObject","inLanguage":"fr-CA","@id":"https:\/\/news.canadamotorjobs.com\/#\/schema\/logo\/image\/","url":"https:\/\/news.canadamotorjobs.com\/wp-content\/uploads\/2022\/10\/logo-canada-motor-jobs-1.png","contentUrl":"https:\/\/news.canadamotorjobs.com\/wp-content\/uploads\/2022\/10\/logo-canada-motor-jobs-1.png","width":800,"height":400,"caption":"Canada Motor Jobs"},"image":{"@id":"https:\/\/news.canadamotorjobs.com\/#\/schema\/logo\/image\/"},"sameAs":["https:\/\/www.facebook.com\/canadamotorjobs\/","https:\/\/x.com\/canadamotorjobs","https:\/\/www.instagram.com\/canadamotorjobs\/","https:\/\/www.linkedin.com\/company\/canadamotorjobs"]},{"@type":"Person","@id":"https:\/\/news.canadamotorjobs.com\/#\/schema\/person\/51793d1f87d44011d7bcc2ed99269a90","name":"Benoit Charette","image":{"@type":"ImageObject","inLanguage":"fr-CA","@id":"https:\/\/news.canadamotorjobs.com\/#\/schema\/person\/image\/","url":"https:\/\/secure.gravatar.com\/avatar\/45f3d2eebcccd909668d7ce7ea7267b6?s=96&d=mm&r=g","contentUrl":"https:\/\/secure.gravatar.com\/avatar\/45f3d2eebcccd909668d7ce7ea7267b6?s=96&d=mm&r=g","caption":"Benoit Charette"},"description":"Benoit Charette \/ Propri\u00e9taire et r\u00e9dacteur en chef Benoit Charette pratique le journalisme automobile depuis bient\u00f4t 30 ans. Il a fait ses classes au c\u00f4t\u00e9 de Daniel H\u00e9raud et au Carnet de route de 1992 \u00e0 2001. Il est fondateur, copropri\u00e9taire et r\u00e9dacteur en chef de L\u2019Annuel de l\u2019automobile, qu\u2019il publie depuis 2001. Il a anim\u00e9 les \u00e9missions RPM et RPM+ sur V et les L\u00e9gendes de la route sur Historia. \u00c0 la radio depuis 1986, il reprend l\u2019antenne cette ann\u00e9e sur les ondes de Cogeco et participe pour la deuxi\u00e8me ann\u00e9e \u00e0 l\u2019\u00e9mission Passion Auto sur RDS en plus de mettre en ligne le site Web officiel de L\u2019Annuel de l\u2019automobile sur annuelauto.ca.","sameAs":["https:\/\/annuelauto.ca\/"],"url":"https:\/\/news.canadamotorjobs.com\/fr\/author\/benoit-charette\/"}]}},"_links":{"self":[{"href":"https:\/\/news.canadamotorjobs.com\/fr\/wp-json\/wp\/v2\/posts\/136058"}],"collection":[{"href":"https:\/\/news.canadamotorjobs.com\/fr\/wp-json\/wp\/v2\/posts"}],"about":[{"href":"https:\/\/news.canadamotorjobs.com\/fr\/wp-json\/wp\/v2\/types\/post"}],"author":[{"embeddable":true,"href":"https:\/\/news.canadamotorjobs.com\/fr\/wp-json\/wp\/v2\/users\/8"}],"replies":[{"embeddable":true,"href":"https:\/\/news.canadamotorjobs.com\/fr\/wp-json\/wp\/v2\/comments?post=136058"}],"version-history":[{"count":0,"href":"https:\/\/news.canadamotorjobs.com\/fr\/wp-json\/wp\/v2\/posts\/136058\/revisions"}],"wp:featuredmedia":[{"embeddable":true,"href":"https:\/\/news.canadamotorjobs.com\/fr\/wp-json\/wp\/v2\/media\/136062"}],"wp:attachment":[{"href":"https:\/\/news.canadamotorjobs.com\/fr\/wp-json\/wp\/v2\/media?parent=136058"}],"wp:term":[{"taxonomy":"category","embeddable":true,"href":"https:\/\/news.canadamotorjobs.com\/fr\/wp-json\/wp\/v2\/categories?post=136058"},{"taxonomy":"post_tag","embeddable":true,"href":"https:\/\/news.canadamotorjobs.com\/fr\/wp-json\/wp\/v2\/tags?post=136058"}],"curies":[{"name":"wp","href":"https:\/\/api.w.org\/{rel}","templated":true}]}}